{"id":60854,"date":"2021-08-23T11:53:58","date_gmt":"2021-08-23T16:53:58","guid":{"rendered":"https:\/\/www.aliados17.com\/?p=60854"},"modified":"2021-08-23T11:53:58","modified_gmt":"2021-08-23T16:53:58","slug":"trabajo-infantil-en-mexico-un-gran-trecho-entre-la-ley-y-la-realidad","status":"publish","type":"post","link":"https:\/\/www.aliadospuebla.com\/?p=60854","title":{"rendered":"Trabajo Infantil en M\u00e9xico, un gran trecho entre la ley y la realidad"},"content":{"rendered":"<p>La imagen de unos ni\u00f1os trabajando en condiciones peligrosas en una f\u00e1brica,<\/p>\n<p>una ni\u00f1a cargando pesadas canastas de hortalizas bajo el sol,<\/p>\n<p>un joven en un crucero haciendo malabares,<\/p>\n<p>un ni\u00f1o limpiando parabrisas,<\/p>\n<p>una muchachita vendiendo dulces o un infante mendigando junto a su mam\u00e1,<\/p>\n<p>aulas vac\u00edas\u2026<\/p>\n<p>son escenas que no deber\u00edan existir en un pa\u00eds<\/p>\n<p>que ostenta a\u00fan ser una de las veinte principales econom\u00edas del mundo,<\/p>\n<p>signatario de m\u00e1s tratados de libre comercio que cualquier otro pa\u00eds en el mundo<\/p>\n<p>y siendo parte de organizaciones de derechos humanos<\/p>\n<p>y dem\u00e1s acuerdos internacionales, entre otros;<\/p>\n<p>sin embargo, la realidad del trabajo y explotaci\u00f3n infantil<\/p>\n<p>siguen siendo una herida en la sociedad mexicana y,<\/p>\n<p>lamentablemente, en la mayor\u00eda del mundo.<\/p>\n<p>Usualmente los ni\u00f1os que son sometidos a situaciones similares<\/p>\n<p>en pa\u00edses avanzados son inmediatamente rescatados por parte del Estado,<\/p>\n<p>quien asegura el bienestar de todos los ciudadanos,<\/p>\n<p>especialmente de los m\u00e1s vulnerables, sin embargo,<\/p>\n<p>eso es una tarea que en M\u00e9xico se da a cuenta gotas.<\/p>\n<p>Contra nuestros mejores deseos,<\/p>\n<p>la Comisi\u00f3n Econ\u00f3mica para Am\u00e9rica Latina y el Caribe (CEPAL),<\/p>\n<p>establece que a la fecha, M\u00e9xico es el segundo pa\u00eds de Am\u00e9rica Latina<\/p>\n<p>con mayores \u00edndices de trabajo infantil, superado s\u00f3lo por Brasil.<\/p>\n<p>En nuestro pa\u00eds,<\/p>\n<p>la legislaci\u00f3n sobre el trabajo infantil est\u00e1 zanjada de una manera muy clara<\/p>\n<p>en su art\u00edculo 123, numeral III:<\/p>\n<p>\u201cQueda prohibida la utilizacio\u0301n del trabajo de los menores de quince an\u0303os.<\/p>\n<p>Los mayores de esta edad y menores de diecise\u0301is<\/p>\n<p>tendra\u0301n como jornada ma\u0301xima la de seis horas.\u201d<\/p>\n<p>De este art\u00edculo se desprenden diversas legislaciones<\/p>\n<p>y acuerdos internacionales en los cuales hemos sido pa\u00edses signatarios,<\/p>\n<p>por ejemplo, la Organizaci\u00f3n Internacional del Trabajo,<\/p>\n<p>que ha promovido la firma del Convenio 182<\/p>\n<p>sobre las peores formas de trabajo infantil y del Convenio 138,<\/p>\n<p>que versa sobre la edad m\u00ednima de admisi\u00f3n al empleo,<\/p>\n<p>adoptado en Ginebra, Suiza, el 26 de junio de 1973 y ratificado por M\u00e9xico hasta el a\u00f1o 2015,<\/p>\n<p>manteni\u00e9ndose por d\u00e9cadas por ser el \u00fanico pa\u00eds que no hab\u00eda ratificado este acuerdo.<\/p>\n<p>Por otra parte, el Art\u00edculo 2 de la Convenci\u00f3n sobre los Derechos del Ni\u00f1o,<\/p>\n<p>nos dice que \u201cel trabajo infantil constituye una violaci\u00f3n de los derechos humanos,<\/p>\n<p>los ni\u00f1os y ni\u00f1as ocupadas sufren accidentes o enfermedades laborales,<\/p>\n<p>se emplean en lugares no apropiados o no permitidos, tales como minas,<\/p>\n<p>lugares sin ventilaci\u00f3n o luz, alturas, calles o avenidas, bares y cantinas o, incluso,<\/p>\n<p>est\u00e1n expuestos a alguna clase de riesgo en su trabajo.\u201d<\/p>\n<p>Claramente hemos tomado consciencia como sociedad<\/p>\n<p>que obligar a los ni\u00f1os a trabajar o no proveer las condiciones<\/p>\n<p>necesarias para que estos ni\u00f1os sean rescatados por el Estado<\/p>\n<p>es violar sus derechos humanos,<\/p>\n<p>arrancar sus derechos a seres humanos que no cuentan<\/p>\n<p>con las condiciones para defenderse ante estos abusos.<\/p>\n<p>Contrario a lo que establece la Constituci\u00f3n,<\/p>\n<p>alrededor de 2,536,693 menores de 14 a\u00f1os trabaja,<\/p>\n<p>dicho en otras palabras, uno de cada seis ni\u00f1os, ni\u00f1as y adolescentes de M\u00e9xico<\/p>\n<p>menores de 14 a\u00f1os est\u00e1n en los escalafones m\u00e1s bajos el mundo laboral,<\/p>\n<p>en lugar de jugar y aprender en las aulas.<\/p>\n<p>800 mil ni\u00f1os, ni\u00f1as y adolescentes (29.3% de todas las personas menores que laboran en el pa\u00eds)<\/p>\n<p>trabajan m\u00e1s de 35 horas semanales.<\/p>\n<p>La mitad de estas personas no pueden dedicar tiempo al estudio, por lo tanto,<\/p>\n<p>sus posibilidades de salir del c\u00edrculo de la pobreza son muy reducidas,<\/p>\n<p>por no decir, casi inexistentes.<\/p>\n<p>La mayor\u00eda de estas personas trabajan en el comercio y en servicios,<\/p>\n<p>pero algunos trabajan a\u00fan en cosas tan riesgosas como construcci\u00f3n (4%),<\/p>\n<p>industria manufacturera (15%) y otras,<\/p>\n<p>sin olvidar a las personas menores que sirven al crimen organizado.<\/p>\n<p>El 47% de las personas menores de edad que trabajan no reciben un sueldo,<\/p>\n<p>sino que trabajan para colaborar con la familia.<\/p>\n<p>La peor situaci\u00f3n la viven los menores de edad de las zonas rurales,<\/p>\n<p>ya que trabajan seis d\u00edas a la semana,<\/p>\n<p>incluso todos los d\u00edas, entre 8 y 10 horas diarias,<\/p>\n<p>cuando La OIT y la normatividad mexicana establecen que los menores de 15 an\u0303os<\/p>\n<p>no deben trabajar del todo, mientras que los de 16 a 18 an\u0303os<\/p>\n<p>so\u0301lo pueden hacerlo en periodos ma\u0301ximos de seis horas,<\/p>\n<p>en condiciones que no pongan en riesgo su salud f\u00edsica, mental y emocional.<\/p>\n<p>Incluso, en muchos lugares los mayores de 16 a\u00f1os trabajan seis horas consecutivas,<\/p>\n<p>cuando la legislaci\u00f3n establece que debe haber descansos cada tres horas.<\/p>\n<p>Actualmente, la pandemia mezclada con la austeridad<\/p>\n<p>y un manejo de la Salud P\u00fablica y la Econom\u00eda que han llegado a extremos seriamente cuestionables,<\/p>\n<p>han empujado a m\u00e1s de 12 millones de nuevos mexicanos a la pobreza.<\/p>\n<p>Los datos proporcionados por CONEVAL en este alto 2021,<\/p>\n<p>mismos que el Gobierno Federal desestim\u00f3,<\/p>\n<p>dicen que 3.8 millones de mexicanos pasaron al rango de la pobreza,<\/p>\n<p>mientras que 2.1 millones de personas pasaron a la pobreza extrema.<\/p>\n<p>Me preocupa que ante esos resultados, el se\u00f1or Presidente afirm\u00f3<\/p>\n<p>que no habr\u00e1 cambios en su pol\u00edtica social,<\/p>\n<p>porque \u00e9l considera que el pa\u00eds va bien y que no hemos perdido la fe.<\/p>\n<p>Por otra parte, personajes como la Senadora Josefina V\u00e1zquez Mota<\/p>\n<p>se\u00f1ala que m\u00e1s de dos millones de menores de edad se sumar\u00edan al trabajo infantil,<\/p>\n<p>debido a la crisis econ\u00f3mica, fruto del estancamiento econ\u00f3mico registrado<\/p>\n<p>desde diciembre de 2018 y la pandemia del COVID-19.<\/p>\n<p>El problema ha golpeado con gran fuerza a toda Am\u00e9rica Latina<\/p>\n<p>desde la primera ola, por ello, caravanas de migrantes y refugiados<\/p>\n<p>est\u00e1n lanzando a las personas menores de edad a trabajar en otros pa\u00edses.<\/p>\n<p>En nuestro caso, 2017 a 2019, cerca de 100 mil ni\u00f1as y ni\u00f1os hab\u00edan ingresado<\/p>\n<p>de otros pa\u00edses a trabajar en M\u00e9xico.<\/p>\n<p>La pandemia ha exacerbado la migraci\u00f3n en este a\u00f1o especialmente,<\/p>\n<p>por lo tanto es de esperar un alza en este n\u00famero de ni\u00f1os,<\/p>\n<p>ni\u00f1as y adolescentes extranjeros que laboran en nuestro pa\u00eds.<\/p>\n<p>Las causas del trabajo infantil son m\u00faltiples,<\/p>\n<p>pero podr\u00edamos definir que son la pobreza,<\/p>\n<p>la falta de salarios justos, las carencias en protecci\u00f3n social y la falta o las deficiencias de educaci\u00f3n formal.<\/p>\n<p>En primer lugar la pobreza, una situaci\u00f3n de la que no hemos salido,<\/p>\n<p>sino que, por el contrario, se ha experimentado un descenso del PIB desde el a\u00f1o 2019<\/p>\n<p>y un aumento de las que pasan a la pobreza, como lo inform\u00f3 CONEVAL.<\/p>\n<p>Los empresarios sin conciencia de justicia social,<\/p>\n<p>de liderazgo para el futuro y limitados por el cortoplacismo<\/p>\n<p>sin escr\u00fapulos han tenido una gran responsabilidad en que en M\u00e9xico<\/p>\n<p>los salarios sean tan bajos y que los empleados sientan<\/p>\n<p>que no vale la pena esforzarse porque aqu\u00ed no se crece laboralmente;<\/p>\n<p>pero el Estado tambi\u00e9n ha tenido una gran responsabilidad<\/p>\n<p>al no ser un fiel garante de que se cumpla con la legislaci\u00f3n<\/p>\n<p>en materia laboral y en actualizar al pa\u00eds en esta materia.<\/p>\n<p>Los \u00faltimos cambios surgieron por las obligaciones contra\u00eddas por el T-MEC,<\/p>\n<p>pero de no ser por la presi\u00f3n externa,<\/p>\n<p>pareciera como que estamos tomados por un acuerdo en lo oscuro<\/p>\n<p>entre el poder pol\u00edtico y el poder empresarial.<\/p>\n<p>Menores de edad que no cuentan con escuelas y colegios,<\/p>\n<p>pueden caer presas del vicio y la marginaci\u00f3n,<\/p>\n<p>por ello, muchos padres deciden que sus hijos trabajen<\/p>\n<p>para aprender al menos un oficio,<\/p>\n<p>pero hay tambi\u00e9n muchos menores de edad<\/p>\n<p>que dejan los estudios por las deficiencias en la educaci\u00f3n,<\/p>\n<p>lo que hace que esta no sea significativa.<\/p>\n<p>Una experiencia de la educaci\u00f3n que no sea significativa,<\/p>\n<p>ni atractiva, ni actualizada para las nuevas generaciones<\/p>\n<p>hace que aumente el fen\u00f3meno de la deserci\u00f3n y con ello,<\/p>\n<p>un incremento en el trabajo infantil.<\/p>\n<p>Pero no solo eso, debido a la pandemia los centros de estudio<\/p>\n<p>tuvieron que cerrar y millones de ni\u00f1os, ni\u00f1as y adolescentes<\/p>\n<p>quedaron fuera del mundo educativo debido a que no contaban<\/p>\n<p>con medios electr\u00f3nicos para poder continuar con sus estudios,<\/p>\n<p>as\u00ed que tuvieron que dedicarse a trabajar.<\/p>\n<p>Por lo tanto, es un problema muy complejo<\/p>\n<p>que requiere realizar reformas en cada uno de estos aspectos.<\/p>\n<p>Las cifras que tenemos actualmente no son nada alentadoras<\/p>\n<p>y las cifras que tendremos pr\u00f3ximamente sobre lo que ha pasado durante la pandemia ser\u00e1n m\u00e1s retadoras.<\/p>\n<p>Debemos tomar cartas sobre el asunto en este mismo momento y como ciudadanos<\/p>\n<p>presionar a nuestros legisladores y legisladoras para que dejen el partidismo y se unan<\/p>\n<p>en una legislatura que realice los cambios necesarios para que se dedique m\u00e1s recursos<\/p>\n<p>y esfuerzos al cuidado y bienestar de nuestros ni\u00f1os, ni\u00f1as y adolescentes.<\/p>\n<p>Debemos presionar a nuestros legisladores para que establezcan leyes y procedimientos<\/p>\n<p>que hagan que todas las ayudas sean transparentes<\/p>\n<p>y que no consistan en entrega de dinero solamente,<\/p>\n<p>sino que adem\u00e1s de que toda ayuda sea auditable,<\/p>\n<p>debe supeditada a participar en programas para el desarrollo<\/p>\n<p>de las competencias de las personas.<\/p>\n<p>Se debe nutrir el presupuesto para la salud y la educaci\u00f3n,<\/p>\n<p>no asfixiarlo hasta que no sea posible hacer ni lo m\u00ednimo necesario.<\/p>\n<p>Toda la legislaci\u00f3n laboral debe considerar el bienestar de las familias<\/p>\n<p>y que todo lo que beneficie a las familias, beneficiar\u00e1 a los menores de edad.<\/p>\n<p>Tambi\u00e9n debemos presionar a nuestros legisladores y legisladoras<\/p>\n<p>para que se realice una Reforma Educativa que ponga a M\u00e9xico<\/p>\n<p>al nivel al que se espera en esta nueva era.<\/p>\n<p>La educaci\u00f3n debe ser significativa, grata, \u00fatil y actual<\/p>\n<p>para que nuestros menores de edad no cambien las escuelas por la calle o los lugares de trabajo.<\/p>\n<p>La situaci\u00f3n del trabajo infantil en M\u00e9xico y su legislaci\u00f3n sobre el tema nos demuestra que \u201centre el dicho y el hecho hay un trecho\u201d.<\/p>\n","protected":false},"excerpt":{"rendered":"<p>La imagen de unos ni\u00f1os trabajando en condiciones peligrosas en una f\u00e1brica, una ni\u00f1a cargando pesadas canastas de hortalizas bajo el sol, un joven en un crucero haciendo malabares, un ni\u00f1o limpiando parabrisas, una muchachita vendiendo dulces o un infante mendigando junto a su mam\u00e1, aulas vac\u00edas\u2026 son escenas que no deber\u00edan existir en un pa\u00eds que ostenta a\u00fan ser una de las veinte principales econom\u00edas del mundo, signatario de m\u00e1s tratados de libre comercio que cualquier otro pa\u00eds en el mundo y siendo parte de organizaciones de derechos humanos y dem\u00e1s acuerdos internacionales, entre otros; sin embargo, la realidad del trabajo y explotaci\u00f3n infantil siguen siendo una herida en la sociedad mexicana y, lamentablemente, en la mayor\u00eda del mundo. Usualmente los ni\u00f1os que son&hellip;<\/p>\n<p class=\"excerpt-more\"><a class=\"blog-excerpt button\" href=\"https:\/\/www.aliadospuebla.com\/?p=60854\">Leer m\u00e1s&#8230;<\/a><\/p>\n","protected":false},"author":2,"featured_media":60855,"comment_status":"open","ping_status":"open","sticky":false,"template":"","format":"standard","meta":{"_monsterinsights_skip_tracking":false,"footnotes":""},"categories":[9],"tags":[16227,355,1470,702,980,10964],"class_list":["post-60854","post","type-post","status-publish","format-standard","has-post-thumbnail","hentry","category-columnas","tag-conciencia-social","tag-coneval","tag-derechos-humanos","tag-mexico","tag-pobreza","tag-trabajo-infantil"],"yoast_head":"<!-- This site is optimized with the Yoast SEO plugin v28.4 - https:\/\/yoast.com\/product\/yoast-seo-wordpress\/ -->\n<title>Trabajo Infantil en M\u00e9xico, un gran trecho entre la ley y la realidad - AliadosPuebla<\/title>\n<meta name=\"robots\" content=\"index, follow, max-snippet:-1, max-image-preview:large, max-video-preview:-1\" \/>\n<link rel=\"canonical\" href=\"https:\/\/www.aliadospuebla.com\/?p=60854\" \/>\n<meta property=\"og:locale\" content=\"es_ES\" \/>\n<meta property=\"og:type\" content=\"article\" \/>\n<meta property=\"og:title\" content=\"Trabajo Infantil en M\u00e9xico, un gran trecho entre la ley y la realidad - AliadosPuebla\" \/>\n<meta property=\"og:description\" content=\"La imagen de unos ni\u00f1os trabajando en condiciones peligrosas en una f\u00e1brica, una ni\u00f1a cargando pesadas canastas de hortalizas bajo el sol, un joven en un crucero haciendo malabares, un ni\u00f1o limpiando parabrisas, una muchachita vendiendo dulces o un infante mendigando junto a su mam\u00e1, aulas vac\u00edas\u2026 son escenas que no deber\u00edan existir en un pa\u00eds que ostenta a\u00fan ser una de las veinte principales econom\u00edas del mundo, signatario de m\u00e1s tratados de libre comercio que cualquier otro pa\u00eds en el mundo y siendo parte de organizaciones de derechos humanos y dem\u00e1s acuerdos internacionales, entre otros; sin embargo, la realidad del trabajo y explotaci\u00f3n infantil siguen siendo una herida en la sociedad mexicana y, lamentablemente, en la mayor\u00eda del mundo. Usualmente los ni\u00f1os que son&hellip;Leer m\u00e1s...\" \/>\n<meta property=\"og:url\" content=\"https:\/\/www.aliadospuebla.com\/?p=60854\" \/>\n<meta property=\"og:site_name\" content=\"AliadosPuebla\" \/>\n<meta property=\"article:author\" content=\"https:\/\/www.facebook.com\/Aliados17Pue\" \/>\n<meta property=\"article:published_time\" content=\"2021-08-23T16:53:58+00:00\" \/>\n<meta property=\"og:image\" content=\"https:\/\/www.aliadospuebla.com\/web2017\/wp-content\/uploads\/2021\/08\/031-Monica-Roldan.jpg\" \/>\n\t<meta property=\"og:image:width\" content=\"600\" \/>\n\t<meta property=\"og:image:height\" content=\"450\" \/>\n\t<meta property=\"og:image:type\" content=\"image\/jpeg\" \/>\n<meta name=\"author\" content=\"Aliados17\" \/>\n<meta name=\"twitter:card\" content=\"summary_large_image\" \/>\n<meta name=\"twitter:creator\" content=\"@AliadosPuebla\" \/>\n<meta name=\"twitter:label1\" content=\"Escrito por\" \/>\n\t<meta name=\"twitter:data1\" content=\"Aliados17\" \/>\n\t<meta name=\"twitter:label2\" content=\"Tiempo de lectura\" \/>\n\t<meta name=\"twitter:data2\" content=\"7 minutos\" \/>\n<script type=\"application\/ld+json\" class=\"yoast-schema-graph\">{\"@context\":\"https:\\\/\\\/schema.org\",\"@graph\":[{\"@type\":\"Article\",\"@id\":\"https:\\\/\\\/www.aliadospuebla.com\\\/?p=60854#article\",\"isPartOf\":{\"@id\":\"https:\\\/\\\/www.aliadospuebla.com\\\/?p=60854\"},\"author\":{\"name\":\"Aliados17\",\"@id\":\"https:\\\/\\\/www.aliadospuebla.com\\\/#\\\/schema\\\/person\\\/5da7dd09320bd4f392b710017ed5f8ad\"},\"headline\":\"Trabajo Infantil en M\u00e9xico, un gran trecho entre la ley y la realidad\",\"datePublished\":\"2021-08-23T16:53:58+00:00\",\"mainEntityOfPage\":{\"@id\":\"https:\\\/\\\/www.aliadospuebla.com\\\/?p=60854\"},\"wordCount\":1717,\"commentCount\":0,\"image\":{\"@id\":\"https:\\\/\\\/www.aliadospuebla.com\\\/?p=60854#primaryimage\"},\"thumbnailUrl\":\"https:\\\/\\\/www.aliadospuebla.com\\\/web2017\\\/wp-content\\\/uploads\\\/2021\\\/08\\\/031-Monica-Roldan.jpg\",\"keywords\":[\"conciencia social\",\"CONEVAL\",\"DERECHOS HUMANOS\",\"M\u00c9XICO\",\"POBREZA\",\"TRABAJO INFANTIL\"],\"articleSection\":[\"Columnas\"],\"inLanguage\":\"es\",\"potentialAction\":[{\"@type\":\"CommentAction\",\"name\":\"Comment\",\"target\":[\"https:\\\/\\\/www.aliadospuebla.com\\\/?p=60854#respond\"]}]},{\"@type\":\"WebPage\",\"@id\":\"https:\\\/\\\/www.aliadospuebla.com\\\/?p=60854\",\"url\":\"https:\\\/\\\/www.aliadospuebla.com\\\/?p=60854\",\"name\":\"Trabajo Infantil en M\u00e9xico, un gran trecho entre la ley y la realidad - AliadosPuebla\",\"isPartOf\":{\"@id\":\"https:\\\/\\\/www.aliadospuebla.com\\\/#website\"},\"primaryImageOfPage\":{\"@id\":\"https:\\\/\\\/www.aliadospuebla.com\\\/?p=60854#primaryimage\"},\"image\":{\"@id\":\"https:\\\/\\\/www.aliadospuebla.com\\\/?p=60854#primaryimage\"},\"thumbnailUrl\":\"https:\\\/\\\/www.aliadospuebla.com\\\/web2017\\\/wp-content\\\/uploads\\\/2021\\\/08\\\/031-Monica-Roldan.jpg\",\"datePublished\":\"2021-08-23T16:53:58+00:00\",\"author\":{\"@id\":\"https:\\\/\\\/www.aliadospuebla.com\\\/#\\\/schema\\\/person\\\/5da7dd09320bd4f392b710017ed5f8ad\"},\"breadcrumb\":{\"@id\":\"https:\\\/\\\/www.aliadospuebla.com\\\/?p=60854#breadcrumb\"},\"inLanguage\":\"es\",\"potentialAction\":[{\"@type\":\"ReadAction\",\"target\":[\"https:\\\/\\\/www.aliadospuebla.com\\\/?p=60854\"]}]},{\"@type\":\"ImageObject\",\"inLanguage\":\"es\",\"@id\":\"https:\\\/\\\/www.aliadospuebla.com\\\/?p=60854#primaryimage\",\"url\":\"https:\\\/\\\/www.aliadospuebla.com\\\/web2017\\\/wp-content\\\/uploads\\\/2021\\\/08\\\/031-Monica-Roldan.jpg\",\"contentUrl\":\"https:\\\/\\\/www.aliadospuebla.com\\\/web2017\\\/wp-content\\\/uploads\\\/2021\\\/08\\\/031-Monica-Roldan.jpg\",\"width\":600,\"height\":450},{\"@type\":\"BreadcrumbList\",\"@id\":\"https:\\\/\\\/www.aliadospuebla.com\\\/?p=60854#breadcrumb\",\"itemListElement\":[{\"@type\":\"ListItem\",\"position\":1,\"name\":\"Portada\",\"item\":\"https:\\\/\\\/www.aliadospuebla.com\\\/\"},{\"@type\":\"ListItem\",\"position\":2,\"name\":\"Trabajo Infantil en M\u00e9xico, un gran trecho entre la ley y la realidad\"}]},{\"@type\":\"WebSite\",\"@id\":\"https:\\\/\\\/www.aliadospuebla.com\\\/#website\",\"url\":\"https:\\\/\\\/www.aliadospuebla.com\\\/\",\"name\":\"AliadosPuebla\",\"description\":\"La informaci\u00f3n en tus manos\",\"potentialAction\":[{\"@type\":\"SearchAction\",\"target\":{\"@type\":\"EntryPoint\",\"urlTemplate\":\"https:\\\/\\\/www.aliadospuebla.com\\\/?s={search_term_string}\"},\"query-input\":{\"@type\":\"PropertyValueSpecification\",\"valueRequired\":true,\"valueName\":\"search_term_string\"}}],\"inLanguage\":\"es\"},{\"@type\":\"Person\",\"@id\":\"https:\\\/\\\/www.aliadospuebla.com\\\/#\\\/schema\\\/person\\\/5da7dd09320bd4f392b710017ed5f8ad\",\"name\":\"Aliados17\",\"image\":{\"@type\":\"ImageObject\",\"inLanguage\":\"es\",\"@id\":\"https:\\\/\\\/www.aliadospuebla.com\\\/web2017\\\/wp-content\\\/uploads\\\/2025\\\/03\\\/cropped-para-perfil-8-anos-1-96x96.jpg\",\"url\":\"https:\\\/\\\/www.aliadospuebla.com\\\/web2017\\\/wp-content\\\/uploads\\\/2025\\\/03\\\/cropped-para-perfil-8-anos-1-96x96.jpg\",\"contentUrl\":\"https:\\\/\\\/www.aliadospuebla.com\\\/web2017\\\/wp-content\\\/uploads\\\/2025\\\/03\\\/cropped-para-perfil-8-anos-1-96x96.jpg\",\"caption\":\"Aliados17\"},\"sameAs\":[\"https:\\\/\\\/www.aliados17.com\",\"https:\\\/\\\/www.facebook.com\\\/Aliados17Pue\",\"https:\\\/\\\/x.com\\\/AliadosPuebla\"],\"url\":\"https:\\\/\\\/www.aliadospuebla.com\\\/?author=2\"}]}<\/script>\n<!-- \/ Yoast SEO plugin. -->","yoast_head_json":{"title":"Trabajo Infantil en M\u00e9xico, un gran trecho entre la ley y la realidad - AliadosPuebla","robots":{"index":"index","follow":"follow","max-snippet":"max-snippet:-1","max-image-preview":"max-image-preview:large","max-video-preview":"max-video-preview:-1"},"canonical":"https:\/\/www.aliadospuebla.com\/?p=60854","og_locale":"es_ES","og_type":"article","og_title":"Trabajo Infantil en M\u00e9xico, un gran trecho entre la ley y la realidad - AliadosPuebla","og_description":"La imagen de unos ni\u00f1os trabajando en condiciones peligrosas en una f\u00e1brica, una ni\u00f1a cargando pesadas canastas de hortalizas bajo el sol, un joven en un crucero haciendo malabares, un ni\u00f1o limpiando parabrisas, una muchachita vendiendo dulces o un infante mendigando junto a su mam\u00e1, aulas vac\u00edas\u2026 son escenas que no deber\u00edan existir en un pa\u00eds que ostenta a\u00fan ser una de las veinte principales econom\u00edas del mundo, signatario de m\u00e1s tratados de libre comercio que cualquier otro pa\u00eds en el mundo y siendo parte de organizaciones de derechos humanos y dem\u00e1s acuerdos internacionales, entre otros; sin embargo, la realidad del trabajo y explotaci\u00f3n infantil siguen siendo una herida en la sociedad mexicana y, lamentablemente, en la mayor\u00eda del mundo. Usualmente los ni\u00f1os que son&hellip;Leer m\u00e1s...","og_url":"https:\/\/www.aliadospuebla.com\/?p=60854","og_site_name":"AliadosPuebla","article_author":"https:\/\/www.facebook.com\/Aliados17Pue","article_published_time":"2021-08-23T16:53:58+00:00","og_image":[{"width":600,"height":450,"url":"https:\/\/www.aliadospuebla.com\/web2017\/wp-content\/uploads\/2021\/08\/031-Monica-Roldan.jpg","type":"image\/jpeg"}],"author":"Aliados17","twitter_card":"summary_large_image","twitter_creator":"@AliadosPuebla","twitter_misc":{"Escrito por":"Aliados17","Tiempo de lectura":"7 minutos"},"schema":{"@context":"https:\/\/schema.org","@graph":[{"@type":"Article","@id":"https:\/\/www.aliadospuebla.com\/?p=60854#article","isPartOf":{"@id":"https:\/\/www.aliadospuebla.com\/?p=60854"},"author":{"name":"Aliados17","@id":"https:\/\/www.aliadospuebla.com\/#\/schema\/person\/5da7dd09320bd4f392b710017ed5f8ad"},"headline":"Trabajo Infantil en M\u00e9xico, un gran trecho entre la ley y la realidad","datePublished":"2021-08-23T16:53:58+00:00","mainEntityOfPage":{"@id":"https:\/\/www.aliadospuebla.com\/?p=60854"},"wordCount":1717,"commentCount":0,"image":{"@id":"https:\/\/www.aliadospuebla.com\/?p=60854#primaryimage"},"thumbnailUrl":"https:\/\/www.aliadospuebla.com\/web2017\/wp-content\/uploads\/2021\/08\/031-Monica-Roldan.jpg","keywords":["conciencia social","CONEVAL","DERECHOS HUMANOS","M\u00c9XICO","POBREZA","TRABAJO INFANTIL"],"articleSection":["Columnas"],"inLanguage":"es","potentialAction":[{"@type":"CommentAction","name":"Comment","target":["https:\/\/www.aliadospuebla.com\/?p=60854#respond"]}]},{"@type":"WebPage","@id":"https:\/\/www.aliadospuebla.com\/?p=60854","url":"https:\/\/www.aliadospuebla.com\/?p=60854","name":"Trabajo Infantil en M\u00e9xico, un gran trecho entre la ley y la realidad - AliadosPuebla","isPartOf":{"@id":"https:\/\/www.aliadospuebla.com\/#website"},"primaryImageOfPage":{"@id":"https:\/\/www.aliadospuebla.com\/?p=60854#primaryimage"},"image":{"@id":"https:\/\/www.aliadospuebla.com\/?p=60854#primaryimage"},"thumbnailUrl":"https:\/\/www.aliadospuebla.com\/web2017\/wp-content\/uploads\/2021\/08\/031-Monica-Roldan.jpg","datePublished":"2021-08-23T16:53:58+00:00","author":{"@id":"https:\/\/www.aliadospuebla.com\/#\/schema\/person\/5da7dd09320bd4f392b710017ed5f8ad"},"breadcrumb":{"@id":"https:\/\/www.aliadospuebla.com\/?p=60854#breadcrumb"},"inLanguage":"es","potentialAction":[{"@type":"ReadAction","target":["https:\/\/www.aliadospuebla.com\/?p=60854"]}]},{"@type":"ImageObject","inLanguage":"es","@id":"https:\/\/www.aliadospuebla.com\/?p=60854#primaryimage","url":"https:\/\/www.aliadospuebla.com\/web2017\/wp-content\/uploads\/2021\/08\/031-Monica-Roldan.jpg","contentUrl":"https:\/\/www.aliadospuebla.com\/web2017\/wp-content\/uploads\/2021\/08\/031-Monica-Roldan.jpg","width":600,"height":450},{"@type":"BreadcrumbList","@id":"https:\/\/www.aliadospuebla.com\/?p=60854#breadcrumb","itemListElement":[{"@type":"ListItem","position":1,"name":"Portada","item":"https:\/\/www.aliadospuebla.com\/"},{"@type":"ListItem","position":2,"name":"Trabajo Infantil en M\u00e9xico, un gran trecho entre la ley y la realidad"}]},{"@type":"WebSite","@id":"https:\/\/www.aliadospuebla.com\/#website","url":"https:\/\/www.aliadospuebla.com\/","name":"AliadosPuebla","description":"La informaci\u00f3n en tus manos","potentialAction":[{"@type":"SearchAction","target":{"@type":"EntryPoint","urlTemplate":"https:\/\/www.aliadospuebla.com\/?s={search_term_string}"},"query-input":{"@type":"PropertyValueSpecification","valueRequired":true,"valueName":"search_term_string"}}],"inLanguage":"es"},{"@type":"Person","@id":"https:\/\/www.aliadospuebla.com\/#\/schema\/person\/5da7dd09320bd4f392b710017ed5f8ad","name":"Aliados17","image":{"@type":"ImageObject","inLanguage":"es","@id":"https:\/\/www.aliadospuebla.com\/web2017\/wp-content\/uploads\/2025\/03\/cropped-para-perfil-8-anos-1-96x96.jpg","url":"https:\/\/www.aliadospuebla.com\/web2017\/wp-content\/uploads\/2025\/03\/cropped-para-perfil-8-anos-1-96x96.jpg","contentUrl":"https:\/\/www.aliadospuebla.com\/web2017\/wp-content\/uploads\/2025\/03\/cropped-para-perfil-8-anos-1-96x96.jpg","caption":"Aliados17"},"sameAs":["https:\/\/www.aliados17.com","https:\/\/www.facebook.com\/Aliados17Pue","https:\/\/x.com\/AliadosPuebla"],"url":"https:\/\/www.aliadospuebla.com\/?author=2"}]}},"views":9,"_links":{"self":[{"href":"https:\/\/www.aliadospuebla.com\/index.php?rest_route=\/wp\/v2\/posts\/60854","targetHints":{"allow":["GET"]}}],"collection":[{"href":"https:\/\/www.aliadospuebla.com\/index.php?rest_route=\/wp\/v2\/posts"}],"about":[{"href":"https:\/\/www.aliadospuebla.com\/index.php?rest_route=\/wp\/v2\/types\/post"}],"author":[{"embeddable":true,"href":"https:\/\/www.aliadospuebla.com\/index.php?rest_route=\/wp\/v2\/users\/2"}],"replies":[{"embeddable":true,"href":"https:\/\/www.aliadospuebla.com\/index.php?rest_route=%2Fwp%2Fv2%2Fcomments&post=60854"}],"version-history":[{"count":1,"href":"https:\/\/www.aliadospuebla.com\/index.php?rest_route=\/wp\/v2\/posts\/60854\/revisions"}],"predecessor-version":[{"id":60856,"href":"https:\/\/www.aliadospuebla.com\/index.php?rest_route=\/wp\/v2\/posts\/60854\/revisions\/60856"}],"wp:featuredmedia":[{"embeddable":true,"href":"https:\/\/www.aliadospuebla.com\/index.php?rest_route=\/wp\/v2\/media\/60855"}],"wp:attachment":[{"href":"https:\/\/www.aliadospuebla.com\/index.php?rest_route=%2Fwp%2Fv2%2Fmedia&parent=60854"}],"wp:term":[{"taxonomy":"category","embeddable":true,"href":"https:\/\/www.aliadospuebla.com\/index.php?rest_route=%2Fwp%2Fv2%2Fcategories&post=60854"},{"taxonomy":"post_tag","embeddable":true,"href":"https:\/\/www.aliadospuebla.com\/index.php?rest_route=%2Fwp%2Fv2%2Ftags&post=60854"}],"curies":[{"name":"wp","href":"https:\/\/api.w.org\/{rel}","templated":true}]}}