{"id":60814,"date":"2021-08-22T18:04:51","date_gmt":"2021-08-22T23:04:51","guid":{"rendered":"https:\/\/www.aliados17.com\/?p=60814"},"modified":"2021-08-22T18:04:51","modified_gmt":"2021-08-22T23:04:51","slug":"confirma-sesa-37-personas-recuperadas-3-defunciones-y-129-casos-positivos-en-tlaxcala-de-covid-19","status":"publish","type":"post","link":"https:\/\/www.aliadospuebla.com\/?p=60814","title":{"rendered":"CONFIRMA SESA 37 PERSONAS RECUPERADAS, 3 DEFUNCIONES  Y 129 CASOS POSITIVOS EN TLAXCALA DE COVID-19"},"content":{"rendered":"<p>De acuerdo con el reporte del 21 de agosto, la Secretar\u00eda de Salud del<\/p>\n<p>Estado (SESA) confirm\u00f3 37 personas recuperadas, tres fallecimientos<\/p>\n<p>y 129 casos positivos de Covid-19 de tlaxcaltecas identificados en<\/p>\n<p>el estado y seis en otras entidades.<\/p>\n<p>&nbsp;<\/p>\n<p>De esta manera, el estado registra 13 mil 625 personas recuperadas,<\/p>\n<p>20 mil 888 casos positivos y dos mil 581 fallecimientos.<\/p>\n<p>&nbsp;<\/p>\n<p>La dependencia inform\u00f3 que de las defunciones dos se registraron en el<\/p>\n<p>IMSS y corresponden a una mujer de 101 a\u00f1os con diabetes<\/p>\n<p>mellitus y una mujer de 88 a\u00f1os con enfermedad pulmonar obstructiva cr\u00f3nica.<\/p>\n<p>&nbsp;<\/p>\n<p>En la SESA falleci\u00f3 un masculino de 55 a\u00f1os sin ninguna comorbilidad.<\/p>\n<p>&nbsp;<\/p>\n<p>El estado registra, hasta este momento, 50 mil 138<\/p>\n<p>casos negativos y tres mil 814 se encuentran en espera de resultado.<\/p>\n<p>&nbsp;<\/p>\n<p>Del total de casos positivos, ocho mil 145 se han registrado<\/p>\n<p>en la SESA, ocho mil 897 en el IMSS, dos mil 69 en el<\/p>\n<p>Issste y mil 777 en otros espacios m\u00e9dicos.<\/p>\n<p>&nbsp;<\/p>\n<p>Mientras, del total de fallecimientos, 925 se han registrado<\/p>\n<p>en la SESA, mil 152 en el IMSS, 442 en el Issste, 20 en otras<\/p>\n<p>instituciones, uno en domicilio particular y 41 en hospital privado.<\/p>\n<p>&nbsp;<\/p>\n<p>Hasta este momento, Tlaxcala registra tres mil 788 casos,<\/p>\n<p>Apizaco dos mil 460, Chiautempan mil 355, Huamantla mil<\/p>\n<p>66, Zacatelco 984, Yauhquemehcan 699, San Pablo del Monte<\/p>\n<p>655, Contla 556, Ixtacuixtla 521, Papalotla 497, Calpulalpan 491,<\/p>\n<p>Totolac 489, Tetla 484, Panotla y Tlaxco 439, Teolocholco 388.<\/p>\n<p>&nbsp;<\/p>\n<p>Apetatitl\u00e1n 385, Santa Cruz Tlaxcala 351, Xaloztoc 342,<\/p>\n<p>Tzompantepec 339, Tepeyanco 272, Nativitas 255, Amaxac 231,<\/p>\n<p>Xicohtzinco 226, Tepetitla 224, Tlaltelulco 203, Xaltocan 160, Tenancingo 159.<\/p>\n<p>&nbsp;<\/p>\n<p>Tetlatlahuca 143, Nanacamilpa 138, Ayometla 135,<\/p>\n<p>Terrenate 119, Tetlanohcan 117, Hueyotlipan 109, Ixtenco 108,<\/p>\n<p>Acuamanala 101, Axocomanitla 98, Tequexquitla 96,<\/p>\n<p>Nopalucan 92, Cuaxomulco y Tocatl\u00e1n 89, Cuapiaxtla 87,<\/p>\n<p>Huactzinco 85, Zacualpan 69, Atltzayanca 67, Xiloxoxtla 63.<\/p>\n<p>&nbsp;<\/p>\n<p>Zitlaltepec 60, San Jos\u00e9 Teacalco 57, Texoloc 56, Atlangatepec<\/p>\n<p>55, Sanct\u00f3rum 52; L\u00e1zaro C\u00e1rdenas, Mu\u00f1oz de Domingo<\/p>\n<p>Arenas y Santa Apolonia Teacalco 47, Mazatecochco 45,<\/p>\n<p>Quilehtla 44, Espa\u00f1ita 43, Tecopilco 32, Benito<\/p>\n<p>Ju\u00e1rez 24 y Emiliano Zapata 16.<\/p>\n","protected":false},"excerpt":{"rendered":"<p>De acuerdo con el reporte del 21 de agosto, la Secretar\u00eda de Salud del Estado (SESA) confirm\u00f3 37 personas recuperadas, tres fallecimientos y 129 casos positivos de Covid-19 de tlaxcaltecas identificados en el estado y seis en otras entidades. &nbsp; De esta manera, el estado registra 13 mil 625 personas recuperadas, 20 mil 888 casos positivos y dos mil 581 fallecimientos. &nbsp; La dependencia inform\u00f3 que de las defunciones dos se registraron en el IMSS y corresponden a una mujer de 101 a\u00f1os con diabetes mellitus y una mujer de 88 a\u00f1os con enfermedad pulmonar obstructiva cr\u00f3nica. &nbsp; En la SESA falleci\u00f3 un masculino de 55 a\u00f1os sin ninguna comorbilidad. &nbsp; El estado registra, hasta este momento, 50 mil 138 casos negativos y tres mil&hellip;<\/p>\n<p class=\"excerpt-more\"><a class=\"blog-excerpt button\" href=\"https:\/\/www.aliadospuebla.com\/?p=60814\">Leer m\u00e1s&#8230;<\/a><\/p>\n","protected":false},"author":3,"featured_media":60815,"comment_status":"open","ping_status":"open","sticky":false,"template":"","format":"standard","meta":{"_monsterinsights_skip_tracking":false,"footnotes":""},"categories":[8304],"tags":[11738,1398,8367,365,8355,319],"class_list":["post-60814","post","type-post","status-publish","format-standard","has-post-thumbnail","hentry","category-nacional","tag-covid-19","tag-issste","tag-marco-mena","tag-salud","tag-sesa","tag-tlaxcala"],"yoast_head":"<!-- This site is optimized with the Yoast SEO plugin v28.4 - https:\/\/yoast.com\/product\/yoast-seo-wordpress\/ -->\n<title>CONFIRMA SESA 37 PERSONAS RECUPERADAS, 3 DEFUNCIONES Y 129 CASOS POSITIVOS EN TLAXCALA DE COVID-19 - AliadosPuebla<\/title>\n<meta name=\"robots\" content=\"index, follow, max-snippet:-1, max-image-preview:large, max-video-preview:-1\" \/>\n<link rel=\"canonical\" href=\"https:\/\/www.aliadospuebla.com\/?p=60814\" \/>\n<meta property=\"og:locale\" content=\"es_ES\" \/>\n<meta property=\"og:type\" content=\"article\" \/>\n<meta property=\"og:title\" content=\"CONFIRMA SESA 37 PERSONAS RECUPERADAS, 3 DEFUNCIONES Y 129 CASOS POSITIVOS EN TLAXCALA DE COVID-19 - AliadosPuebla\" \/>\n<meta property=\"og:description\" content=\"De acuerdo con el reporte del 21 de agosto, la Secretar\u00eda de Salud del Estado (SESA) confirm\u00f3 37 personas recuperadas, tres fallecimientos y 129 casos positivos de Covid-19 de tlaxcaltecas identificados en el estado y seis en otras entidades. &nbsp; De esta manera, el estado registra 13 mil 625 personas recuperadas, 20 mil 888 casos positivos y dos mil 581 fallecimientos. &nbsp; La dependencia inform\u00f3 que de las defunciones dos se registraron en el IMSS y corresponden a una mujer de 101 a\u00f1os con diabetes mellitus y una mujer de 88 a\u00f1os con enfermedad pulmonar obstructiva cr\u00f3nica. &nbsp; En la SESA falleci\u00f3 un masculino de 55 a\u00f1os sin ninguna comorbilidad. &nbsp; El estado registra, hasta este momento, 50 mil 138 casos negativos y tres mil&hellip;Leer m\u00e1s...\" \/>\n<meta property=\"og:url\" content=\"https:\/\/www.aliadospuebla.com\/?p=60814\" \/>\n<meta property=\"og:site_name\" content=\"AliadosPuebla\" \/>\n<meta property=\"article:published_time\" content=\"2021-08-22T23:04:51+00:00\" \/>\n<meta property=\"og:image\" content=\"https:\/\/www.aliadospuebla.com\/web2017\/wp-content\/uploads\/2021\/08\/TLAXCALA-2.jpg\" \/>\n\t<meta property=\"og:image:width\" content=\"600\" \/>\n\t<meta property=\"og:image:height\" content=\"450\" \/>\n\t<meta property=\"og:image:type\" content=\"image\/jpeg\" \/>\n<meta name=\"author\" content=\"Aliados Videos\" \/>\n<meta name=\"twitter:card\" content=\"summary_large_image\" \/>\n<meta name=\"twitter:label1\" content=\"Escrito por\" \/>\n\t<meta name=\"twitter:data1\" content=\"Aliados Videos\" \/>\n\t<meta name=\"twitter:label2\" content=\"Tiempo de lectura\" \/>\n\t<meta name=\"twitter:data2\" content=\"2 minutos\" \/>\n<script type=\"application\/ld+json\" class=\"yoast-schema-graph\">{\"@context\":\"https:\\\/\\\/schema.org\",\"@graph\":[{\"@type\":\"Article\",\"@id\":\"https:\\\/\\\/www.aliadospuebla.com\\\/?p=60814#article\",\"isPartOf\":{\"@id\":\"https:\\\/\\\/www.aliadospuebla.com\\\/?p=60814\"},\"author\":{\"name\":\"Aliados Videos\",\"@id\":\"https:\\\/\\\/www.aliadospuebla.com\\\/#\\\/schema\\\/person\\\/0fd017f23cc5c3f7988d5d58850eec8e\"},\"headline\":\"CONFIRMA SESA 37 PERSONAS RECUPERADAS, 3 DEFUNCIONES Y 129 CASOS POSITIVOS EN TLAXCALA DE COVID-19\",\"datePublished\":\"2021-08-22T23:04:51+00:00\",\"mainEntityOfPage\":{\"@id\":\"https:\\\/\\\/www.aliadospuebla.com\\\/?p=60814\"},\"wordCount\":298,\"commentCount\":0,\"image\":{\"@id\":\"https:\\\/\\\/www.aliadospuebla.com\\\/?p=60814#primaryimage\"},\"thumbnailUrl\":\"https:\\\/\\\/www.aliadospuebla.com\\\/web2017\\\/wp-content\\\/uploads\\\/2021\\\/08\\\/TLAXCALA-2.jpg\",\"keywords\":[\"COVID-19\",\"ISSSTE\",\"MARCO MENA\",\"SALUD\",\"SESA\",\"TLAXCALA\"],\"articleSection\":[\"Nacional\"],\"inLanguage\":\"es\",\"potentialAction\":[{\"@type\":\"CommentAction\",\"name\":\"Comment\",\"target\":[\"https:\\\/\\\/www.aliadospuebla.com\\\/?p=60814#respond\"]}]},{\"@type\":\"WebPage\",\"@id\":\"https:\\\/\\\/www.aliadospuebla.com\\\/?p=60814\",\"url\":\"https:\\\/\\\/www.aliadospuebla.com\\\/?p=60814\",\"name\":\"CONFIRMA SESA 37 PERSONAS RECUPERADAS, 3 DEFUNCIONES Y 129 CASOS POSITIVOS EN TLAXCALA DE COVID-19 - AliadosPuebla\",\"isPartOf\":{\"@id\":\"https:\\\/\\\/www.aliadospuebla.com\\\/#website\"},\"primaryImageOfPage\":{\"@id\":\"https:\\\/\\\/www.aliadospuebla.com\\\/?p=60814#primaryimage\"},\"image\":{\"@id\":\"https:\\\/\\\/www.aliadospuebla.com\\\/?p=60814#primaryimage\"},\"thumbnailUrl\":\"https:\\\/\\\/www.aliadospuebla.com\\\/web2017\\\/wp-content\\\/uploads\\\/2021\\\/08\\\/TLAXCALA-2.jpg\",\"datePublished\":\"2021-08-22T23:04:51+00:00\",\"author\":{\"@id\":\"https:\\\/\\\/www.aliadospuebla.com\\\/#\\\/schema\\\/person\\\/0fd017f23cc5c3f7988d5d58850eec8e\"},\"breadcrumb\":{\"@id\":\"https:\\\/\\\/www.aliadospuebla.com\\\/?p=60814#breadcrumb\"},\"inLanguage\":\"es\",\"potentialAction\":[{\"@type\":\"ReadAction\",\"target\":[\"https:\\\/\\\/www.aliadospuebla.com\\\/?p=60814\"]}]},{\"@type\":\"ImageObject\",\"inLanguage\":\"es\",\"@id\":\"https:\\\/\\\/www.aliadospuebla.com\\\/?p=60814#primaryimage\",\"url\":\"https:\\\/\\\/www.aliadospuebla.com\\\/web2017\\\/wp-content\\\/uploads\\\/2021\\\/08\\\/TLAXCALA-2.jpg\",\"contentUrl\":\"https:\\\/\\\/www.aliadospuebla.com\\\/web2017\\\/wp-content\\\/uploads\\\/2021\\\/08\\\/TLAXCALA-2.jpg\",\"width\":600,\"height\":450},{\"@type\":\"BreadcrumbList\",\"@id\":\"https:\\\/\\\/www.aliadospuebla.com\\\/?p=60814#breadcrumb\",\"itemListElement\":[{\"@type\":\"ListItem\",\"position\":1,\"name\":\"Portada\",\"item\":\"https:\\\/\\\/www.aliadospuebla.com\\\/\"},{\"@type\":\"ListItem\",\"position\":2,\"name\":\"CONFIRMA SESA 37 PERSONAS RECUPERADAS, 3 DEFUNCIONES Y 129 CASOS POSITIVOS EN TLAXCALA DE COVID-19\"}]},{\"@type\":\"WebSite\",\"@id\":\"https:\\\/\\\/www.aliadospuebla.com\\\/#website\",\"url\":\"https:\\\/\\\/www.aliadospuebla.com\\\/\",\"name\":\"AliadosPuebla\",\"description\":\"La informaci\u00f3n en tus manos\",\"potentialAction\":[{\"@type\":\"SearchAction\",\"target\":{\"@type\":\"EntryPoint\",\"urlTemplate\":\"https:\\\/\\\/www.aliadospuebla.com\\\/?s={search_term_string}\"},\"query-input\":{\"@type\":\"PropertyValueSpecification\",\"valueRequired\":true,\"valueName\":\"search_term_string\"}}],\"inLanguage\":\"es\"},{\"@type\":\"Person\",\"@id\":\"https:\\\/\\\/www.aliadospuebla.com\\\/#\\\/schema\\\/person\\\/0fd017f23cc5c3f7988d5d58850eec8e\",\"name\":\"Aliados Videos\",\"image\":{\"@type\":\"ImageObject\",\"inLanguage\":\"es\",\"@id\":\"https:\\\/\\\/secure.gravatar.com\\\/avatar\\\/42b92de8b2d8339e1e824f3a73ab023a0bec0ee2e3920248085eb1f3160b4083?s=96&d=mm&r=g\",\"url\":\"https:\\\/\\\/secure.gravatar.com\\\/avatar\\\/42b92de8b2d8339e1e824f3a73ab023a0bec0ee2e3920248085eb1f3160b4083?s=96&d=mm&r=g\",\"contentUrl\":\"https:\\\/\\\/secure.gravatar.com\\\/avatar\\\/42b92de8b2d8339e1e824f3a73ab023a0bec0ee2e3920248085eb1f3160b4083?s=96&d=mm&r=g\",\"caption\":\"Aliados Videos\"},\"url\":\"https:\\\/\\\/www.aliadospuebla.com\\\/?author=3\"}]}<\/script>\n<!-- \/ Yoast SEO plugin. -->","yoast_head_json":{"title":"CONFIRMA SESA 37 PERSONAS RECUPERADAS, 3 DEFUNCIONES Y 129 CASOS POSITIVOS EN TLAXCALA DE COVID-19 - AliadosPuebla","robots":{"index":"index","follow":"follow","max-snippet":"max-snippet:-1","max-image-preview":"max-image-preview:large","max-video-preview":"max-video-preview:-1"},"canonical":"https:\/\/www.aliadospuebla.com\/?p=60814","og_locale":"es_ES","og_type":"article","og_title":"CONFIRMA SESA 37 PERSONAS RECUPERADAS, 3 DEFUNCIONES Y 129 CASOS POSITIVOS EN TLAXCALA DE COVID-19 - AliadosPuebla","og_description":"De acuerdo con el reporte del 21 de agosto, la Secretar\u00eda de Salud del Estado (SESA) confirm\u00f3 37 personas recuperadas, tres fallecimientos y 129 casos positivos de Covid-19 de tlaxcaltecas identificados en el estado y seis en otras entidades. &nbsp; De esta manera, el estado registra 13 mil 625 personas recuperadas, 20 mil 888 casos positivos y dos mil 581 fallecimientos. &nbsp; La dependencia inform\u00f3 que de las defunciones dos se registraron en el IMSS y corresponden a una mujer de 101 a\u00f1os con diabetes mellitus y una mujer de 88 a\u00f1os con enfermedad pulmonar obstructiva cr\u00f3nica. &nbsp; En la SESA falleci\u00f3 un masculino de 55 a\u00f1os sin ninguna comorbilidad. &nbsp; El estado registra, hasta este momento, 50 mil 138 casos negativos y tres mil&hellip;Leer m\u00e1s...","og_url":"https:\/\/www.aliadospuebla.com\/?p=60814","og_site_name":"AliadosPuebla","article_published_time":"2021-08-22T23:04:51+00:00","og_image":[{"width":600,"height":450,"url":"https:\/\/www.aliadospuebla.com\/web2017\/wp-content\/uploads\/2021\/08\/TLAXCALA-2.jpg","type":"image\/jpeg"}],"author":"Aliados Videos","twitter_card":"summary_large_image","twitter_misc":{"Escrito por":"Aliados Videos","Tiempo de lectura":"2 minutos"},"schema":{"@context":"https:\/\/schema.org","@graph":[{"@type":"Article","@id":"https:\/\/www.aliadospuebla.com\/?p=60814#article","isPartOf":{"@id":"https:\/\/www.aliadospuebla.com\/?p=60814"},"author":{"name":"Aliados Videos","@id":"https:\/\/www.aliadospuebla.com\/#\/schema\/person\/0fd017f23cc5c3f7988d5d58850eec8e"},"headline":"CONFIRMA SESA 37 PERSONAS RECUPERADAS, 3 DEFUNCIONES Y 129 CASOS POSITIVOS EN TLAXCALA DE COVID-19","datePublished":"2021-08-22T23:04:51+00:00","mainEntityOfPage":{"@id":"https:\/\/www.aliadospuebla.com\/?p=60814"},"wordCount":298,"commentCount":0,"image":{"@id":"https:\/\/www.aliadospuebla.com\/?p=60814#primaryimage"},"thumbnailUrl":"https:\/\/www.aliadospuebla.com\/web2017\/wp-content\/uploads\/2021\/08\/TLAXCALA-2.jpg","keywords":["COVID-19","ISSSTE","MARCO MENA","SALUD","SESA","TLAXCALA"],"articleSection":["Nacional"],"inLanguage":"es","potentialAction":[{"@type":"CommentAction","name":"Comment","target":["https:\/\/www.aliadospuebla.com\/?p=60814#respond"]}]},{"@type":"WebPage","@id":"https:\/\/www.aliadospuebla.com\/?p=60814","url":"https:\/\/www.aliadospuebla.com\/?p=60814","name":"CONFIRMA SESA 37 PERSONAS RECUPERADAS, 3 DEFUNCIONES Y 129 CASOS POSITIVOS EN TLAXCALA DE COVID-19 - AliadosPuebla","isPartOf":{"@id":"https:\/\/www.aliadospuebla.com\/#website"},"primaryImageOfPage":{"@id":"https:\/\/www.aliadospuebla.com\/?p=60814#primaryimage"},"image":{"@id":"https:\/\/www.aliadospuebla.com\/?p=60814#primaryimage"},"thumbnailUrl":"https:\/\/www.aliadospuebla.com\/web2017\/wp-content\/uploads\/2021\/08\/TLAXCALA-2.jpg","datePublished":"2021-08-22T23:04:51+00:00","author":{"@id":"https:\/\/www.aliadospuebla.com\/#\/schema\/person\/0fd017f23cc5c3f7988d5d58850eec8e"},"breadcrumb":{"@id":"https:\/\/www.aliadospuebla.com\/?p=60814#breadcrumb"},"inLanguage":"es","potentialAction":[{"@type":"ReadAction","target":["https:\/\/www.aliadospuebla.com\/?p=60814"]}]},{"@type":"ImageObject","inLanguage":"es","@id":"https:\/\/www.aliadospuebla.com\/?p=60814#primaryimage","url":"https:\/\/www.aliadospuebla.com\/web2017\/wp-content\/uploads\/2021\/08\/TLAXCALA-2.jpg","contentUrl":"https:\/\/www.aliadospuebla.com\/web2017\/wp-content\/uploads\/2021\/08\/TLAXCALA-2.jpg","width":600,"height":450},{"@type":"BreadcrumbList","@id":"https:\/\/www.aliadospuebla.com\/?p=60814#breadcrumb","itemListElement":[{"@type":"ListItem","position":1,"name":"Portada","item":"https:\/\/www.aliadospuebla.com\/"},{"@type":"ListItem","position":2,"name":"CONFIRMA SESA 37 PERSONAS RECUPERADAS, 3 DEFUNCIONES Y 129 CASOS POSITIVOS EN TLAXCALA DE COVID-19"}]},{"@type":"WebSite","@id":"https:\/\/www.aliadospuebla.com\/#website","url":"https:\/\/www.aliadospuebla.com\/","name":"AliadosPuebla","description":"La informaci\u00f3n en tus manos","potentialAction":[{"@type":"SearchAction","target":{"@type":"EntryPoint","urlTemplate":"https:\/\/www.aliadospuebla.com\/?s={search_term_string}"},"query-input":{"@type":"PropertyValueSpecification","valueRequired":true,"valueName":"search_term_string"}}],"inLanguage":"es"},{"@type":"Person","@id":"https:\/\/www.aliadospuebla.com\/#\/schema\/person\/0fd017f23cc5c3f7988d5d58850eec8e","name":"Aliados Videos","image":{"@type":"ImageObject","inLanguage":"es","@id":"https:\/\/secure.gravatar.com\/avatar\/42b92de8b2d8339e1e824f3a73ab023a0bec0ee2e3920248085eb1f3160b4083?s=96&d=mm&r=g","url":"https:\/\/secure.gravatar.com\/avatar\/42b92de8b2d8339e1e824f3a73ab023a0bec0ee2e3920248085eb1f3160b4083?s=96&d=mm&r=g","contentUrl":"https:\/\/secure.gravatar.com\/avatar\/42b92de8b2d8339e1e824f3a73ab023a0bec0ee2e3920248085eb1f3160b4083?s=96&d=mm&r=g","caption":"Aliados Videos"},"url":"https:\/\/www.aliadospuebla.com\/?author=3"}]}},"views":10,"_links":{"self":[{"href":"https:\/\/www.aliadospuebla.com\/index.php?rest_route=\/wp\/v2\/posts\/60814","targetHints":{"allow":["GET"]}}],"collection":[{"href":"https:\/\/www.aliadospuebla.com\/index.php?rest_route=\/wp\/v2\/posts"}],"about":[{"href":"https:\/\/www.aliadospuebla.com\/index.php?rest_route=\/wp\/v2\/types\/post"}],"author":[{"embeddable":true,"href":"https:\/\/www.aliadospuebla.com\/index.php?rest_route=\/wp\/v2\/users\/3"}],"replies":[{"embeddable":true,"href":"https:\/\/www.aliadospuebla.com\/index.php?rest_route=%2Fwp%2Fv2%2Fcomments&post=60814"}],"version-history":[{"count":1,"href":"https:\/\/www.aliadospuebla.com\/index.php?rest_route=\/wp\/v2\/posts\/60814\/revisions"}],"predecessor-version":[{"id":60816,"href":"https:\/\/www.aliadospuebla.com\/index.php?rest_route=\/wp\/v2\/posts\/60814\/revisions\/60816"}],"wp:featuredmedia":[{"embeddable":true,"href":"https:\/\/www.aliadospuebla.com\/index.php?rest_route=\/wp\/v2\/media\/60815"}],"wp:attachment":[{"href":"https:\/\/www.aliadospuebla.com\/index.php?rest_route=%2Fwp%2Fv2%2Fmedia&parent=60814"}],"wp:term":[{"taxonomy":"category","embeddable":true,"href":"https:\/\/www.aliadospuebla.com\/index.php?rest_route=%2Fwp%2Fv2%2Fcategories&post=60814"},{"taxonomy":"post_tag","embeddable":true,"href":"https:\/\/www.aliadospuebla.com\/index.php?rest_route=%2Fwp%2Fv2%2Ftags&post=60814"}],"curies":[{"name":"wp","href":"https:\/\/api.w.org\/{rel}","templated":true}]}}