{"id":60480,"date":"2021-08-14T16:45:14","date_gmt":"2021-08-14T21:45:14","guid":{"rendered":"https:\/\/www.aliados17.com\/?p=60480"},"modified":"2021-08-14T16:45:14","modified_gmt":"2021-08-14T21:45:14","slug":"confirma-sesa-26-personas-recuperadas-6-defunciones-y-96-casos-positivos-en-tlaxcala-de-covid-19","status":"publish","type":"post","link":"https:\/\/www.aliadospuebla.com\/?p=60480","title":{"rendered":"CONFIRMA SESA 26 PERSONAS RECUPERADAS, 6 DEFUNCIONES  Y 96 CASOS POSITIVOS EN TLAXCALA DE COVID-19"},"content":{"rendered":"<p>De acuerdo con el reporte del 13 de agosto, la Secretar\u00eda de Salud del Estado (SESA) confirm\u00f3 26 personas recuperadas, seis fallecimientos y 96 casos positivos de Covid-19 de tlaxcaltecas identificados en el estado y dos en otras entidades.<\/p>\n<p>&nbsp;<\/p>\n<p>De esta manera, el estado registra 13 mil 359 personas recuperadas, 20 mil 08 casos positivos y dos mil 551 fallecimientos.<\/p>\n<p>&nbsp;<\/p>\n<p>La dependencia inform\u00f3 que de las defunciones cuatro se registraron en la SESA y corresponden a una mujer de 36 a\u00f1os y dos masculinos de 52 y 40 a\u00f1os, los tres sin ninguna comorbilidad, as\u00ed como una mujer de 55 a\u00f1os con diabetes mellitus e hipertensi\u00f3n arterial sist\u00e9mica.<\/p>\n<p>&nbsp;<\/p>\n<p>En otra instituci\u00f3n falleci\u00f3 un masculino de 59 a\u00f1os con diabetes mellitus e hipertensi\u00f3n arterial sist\u00e9mica, mientras que en un hospital privado perdi\u00f3 la vida una mujer de 58 a\u00f1os con diabetes mellitus, hipertensi\u00f3n arterial sist\u00e9mica y obesidad.<\/p>\n<p>&nbsp;<\/p>\n<p>El estado registra, hasta este momento, 50 mil 130 casos negativos y tres mil 798 se encuentran en espera de resultado.<\/p>\n<p>&nbsp;<\/p>\n<p>Del total de casos positivos, siete mil 995 se han registrado en la SESA, ocho mil 214 en el IMSS, dos mil 36 en el Issste y mil 763 en otros espacios m\u00e9dicos.<\/p>\n<p>&nbsp;<\/p>\n<p>Mientras, del total de fallecimientos, 914 se han registrado en la SESA, mil 138 en el IMSS, 441 en el Issste, 17 en otras instituciones, uno en domicilio particular y 40 en hospital privado.<\/p>\n<p>&nbsp;<\/p>\n<p>Hasta este momento, Tlaxcala registra tres mil 641 casos, Apizaco dos mil 377, Chiautempan mil 305, Huamantla mil 16, Zacatelco 940, Yauhquemehcan 658, San Pablo del Monte 605, Contla 547, Ixtacuixtla 503, Totolac 474, Calpulalpan 470, Tetla 455, Papalotla 453, Panotla 432, Tlaxco 419, Apetatitl\u00e1n 366.<\/p>\n<p>&nbsp;<\/p>\n<p>Teolocholco 349, Santa Cruz Tlaxcala 345, Tzompantepec 332, Xaloztoc 322, Tepeyanco 260, Nativitas 252, Amaxac 227, Xicohtzinco y Tepetitla 215 Tlaltelulco 191, Xaltocan y Tenancingo 154.<\/p>\n<p>&nbsp;<\/p>\n<p>Tetlatlahuca 132, Nanacamilpa 129, Ayometla 125, Terrenate 119, Tetlanohcan 113, Hueyotlipan 107, Ixtenco 105, Axocomanitla 95, Acuamanala 93, Tequexquitla 92, Nopalucan 89, Cuapiaxtla 87, Cuaxomulco 86, Tocatl\u00e1n y Huactzinco 83, Zacualpan 68, Atltzayanca y Xiloxoxtla 62.<\/p>\n<p>&nbsp;<\/p>\n<p>San Jos\u00e9 Teacalco y Zitlaltepec 55, Texoloc 54, Atlangatepec y Sanct\u00f3rum 50, L\u00e1zaro C\u00e1rdenas 46, Santa Apolonia Teacalco y Mu\u00f1oz de Domingo Arenas 45, Mazatecochco 44, Quilehtla 43, Espa\u00f1ita 42, Tecopilco 32, Benito Ju\u00e1rez 24 y Emiliano Zapata 16.<\/p>\n","protected":false},"excerpt":{"rendered":"<p>De acuerdo con el reporte del 13 de agosto, la Secretar\u00eda de Salud del Estado (SESA) confirm\u00f3 26 personas recuperadas, seis fallecimientos y 96 casos positivos de Covid-19 de tlaxcaltecas identificados en el estado y dos en otras entidades. &nbsp; De esta manera, el estado registra 13 mil 359 personas recuperadas, 20 mil 08 casos positivos y dos mil 551 fallecimientos. &nbsp; La dependencia inform\u00f3 que de las defunciones cuatro se registraron en la SESA y corresponden a una mujer de 36 a\u00f1os y dos masculinos de 52 y 40 a\u00f1os, los tres sin ninguna comorbilidad, as\u00ed como una mujer de 55 a\u00f1os con diabetes mellitus e hipertensi\u00f3n arterial sist\u00e9mica. &nbsp; En otra instituci\u00f3n falleci\u00f3 un masculino de 59 a\u00f1os con diabetes mellitus e hipertensi\u00f3n&hellip;<\/p>\n<p class=\"excerpt-more\"><a class=\"blog-excerpt button\" href=\"https:\/\/www.aliadospuebla.com\/?p=60480\">Leer m\u00e1s&#8230;<\/a><\/p>\n","protected":false},"author":3,"featured_media":60481,"comment_status":"open","ping_status":"open","sticky":false,"template":"","format":"standard","meta":{"_monsterinsights_skip_tracking":false,"footnotes":""},"categories":[8304],"tags":[56,77,3002,365,8355,319],"class_list":["post-60480","post","type-post","status-publish","format-standard","has-post-thumbnail","hentry","category-nacional","tag-capital","tag-municipios","tag-regidores","tag-salud","tag-sesa","tag-tlaxcala"],"yoast_head":"<!-- This site is optimized with the Yoast SEO plugin v28.4 - https:\/\/yoast.com\/product\/yoast-seo-wordpress\/ -->\n<title>CONFIRMA SESA 26 PERSONAS RECUPERADAS, 6 DEFUNCIONES Y 96 CASOS POSITIVOS EN TLAXCALA DE COVID-19 - AliadosPuebla<\/title>\n<meta name=\"robots\" content=\"index, follow, max-snippet:-1, max-image-preview:large, max-video-preview:-1\" \/>\n<link rel=\"canonical\" href=\"https:\/\/www.aliadospuebla.com\/?p=60480\" \/>\n<meta property=\"og:locale\" content=\"es_ES\" \/>\n<meta property=\"og:type\" content=\"article\" \/>\n<meta property=\"og:title\" content=\"CONFIRMA SESA 26 PERSONAS RECUPERADAS, 6 DEFUNCIONES Y 96 CASOS POSITIVOS EN TLAXCALA DE COVID-19 - AliadosPuebla\" \/>\n<meta property=\"og:description\" content=\"De acuerdo con el reporte del 13 de agosto, la Secretar\u00eda de Salud del Estado (SESA) confirm\u00f3 26 personas recuperadas, seis fallecimientos y 96 casos positivos de Covid-19 de tlaxcaltecas identificados en el estado y dos en otras entidades. &nbsp; De esta manera, el estado registra 13 mil 359 personas recuperadas, 20 mil 08 casos positivos y dos mil 551 fallecimientos. &nbsp; La dependencia inform\u00f3 que de las defunciones cuatro se registraron en la SESA y corresponden a una mujer de 36 a\u00f1os y dos masculinos de 52 y 40 a\u00f1os, los tres sin ninguna comorbilidad, as\u00ed como una mujer de 55 a\u00f1os con diabetes mellitus e hipertensi\u00f3n arterial sist\u00e9mica. &nbsp; En otra instituci\u00f3n falleci\u00f3 un masculino de 59 a\u00f1os con diabetes mellitus e hipertensi\u00f3n&hellip;Leer m\u00e1s...\" \/>\n<meta property=\"og:url\" content=\"https:\/\/www.aliadospuebla.com\/?p=60480\" \/>\n<meta property=\"og:site_name\" content=\"AliadosPuebla\" \/>\n<meta property=\"article:published_time\" content=\"2021-08-14T21:45:14+00:00\" \/>\n<meta property=\"og:image\" content=\"https:\/\/www.aliadospuebla.com\/web2017\/wp-content\/uploads\/2021\/08\/TLAX-19.jpg\" \/>\n\t<meta property=\"og:image:width\" content=\"600\" \/>\n\t<meta property=\"og:image:height\" content=\"450\" \/>\n\t<meta property=\"og:image:type\" content=\"image\/jpeg\" \/>\n<meta name=\"author\" content=\"Aliados Videos\" \/>\n<meta name=\"twitter:card\" content=\"summary_large_image\" \/>\n<meta name=\"twitter:label1\" content=\"Escrito por\" \/>\n\t<meta name=\"twitter:data1\" content=\"Aliados Videos\" \/>\n\t<meta name=\"twitter:label2\" content=\"Tiempo de lectura\" \/>\n\t<meta name=\"twitter:data2\" content=\"2 minutos\" \/>\n<script type=\"application\/ld+json\" class=\"yoast-schema-graph\">{\"@context\":\"https:\\\/\\\/schema.org\",\"@graph\":[{\"@type\":\"Article\",\"@id\":\"https:\\\/\\\/www.aliadospuebla.com\\\/?p=60480#article\",\"isPartOf\":{\"@id\":\"https:\\\/\\\/www.aliadospuebla.com\\\/?p=60480\"},\"author\":{\"name\":\"Aliados Videos\",\"@id\":\"https:\\\/\\\/www.aliadospuebla.com\\\/#\\\/schema\\\/person\\\/0fd017f23cc5c3f7988d5d58850eec8e\"},\"headline\":\"CONFIRMA SESA 26 PERSONAS RECUPERADAS, 6 DEFUNCIONES Y 96 CASOS POSITIVOS EN TLAXCALA DE COVID-19\",\"datePublished\":\"2021-08-14T21:45:14+00:00\",\"mainEntityOfPage\":{\"@id\":\"https:\\\/\\\/www.aliadospuebla.com\\\/?p=60480\"},\"wordCount\":346,\"commentCount\":0,\"image\":{\"@id\":\"https:\\\/\\\/www.aliadospuebla.com\\\/?p=60480#primaryimage\"},\"thumbnailUrl\":\"https:\\\/\\\/www.aliadospuebla.com\\\/web2017\\\/wp-content\\\/uploads\\\/2021\\\/08\\\/TLAX-19.jpg\",\"keywords\":[\"capital\",\"Municipios\",\"REGIDORES\",\"SALUD\",\"SESA\",\"TLAXCALA\"],\"articleSection\":[\"Nacional\"],\"inLanguage\":\"es\",\"potentialAction\":[{\"@type\":\"CommentAction\",\"name\":\"Comment\",\"target\":[\"https:\\\/\\\/www.aliadospuebla.com\\\/?p=60480#respond\"]}]},{\"@type\":\"WebPage\",\"@id\":\"https:\\\/\\\/www.aliadospuebla.com\\\/?p=60480\",\"url\":\"https:\\\/\\\/www.aliadospuebla.com\\\/?p=60480\",\"name\":\"CONFIRMA SESA 26 PERSONAS RECUPERADAS, 6 DEFUNCIONES Y 96 CASOS POSITIVOS EN TLAXCALA DE COVID-19 - AliadosPuebla\",\"isPartOf\":{\"@id\":\"https:\\\/\\\/www.aliadospuebla.com\\\/#website\"},\"primaryImageOfPage\":{\"@id\":\"https:\\\/\\\/www.aliadospuebla.com\\\/?p=60480#primaryimage\"},\"image\":{\"@id\":\"https:\\\/\\\/www.aliadospuebla.com\\\/?p=60480#primaryimage\"},\"thumbnailUrl\":\"https:\\\/\\\/www.aliadospuebla.com\\\/web2017\\\/wp-content\\\/uploads\\\/2021\\\/08\\\/TLAX-19.jpg\",\"datePublished\":\"2021-08-14T21:45:14+00:00\",\"author\":{\"@id\":\"https:\\\/\\\/www.aliadospuebla.com\\\/#\\\/schema\\\/person\\\/0fd017f23cc5c3f7988d5d58850eec8e\"},\"breadcrumb\":{\"@id\":\"https:\\\/\\\/www.aliadospuebla.com\\\/?p=60480#breadcrumb\"},\"inLanguage\":\"es\",\"potentialAction\":[{\"@type\":\"ReadAction\",\"target\":[\"https:\\\/\\\/www.aliadospuebla.com\\\/?p=60480\"]}]},{\"@type\":\"ImageObject\",\"inLanguage\":\"es\",\"@id\":\"https:\\\/\\\/www.aliadospuebla.com\\\/?p=60480#primaryimage\",\"url\":\"https:\\\/\\\/www.aliadospuebla.com\\\/web2017\\\/wp-content\\\/uploads\\\/2021\\\/08\\\/TLAX-19.jpg\",\"contentUrl\":\"https:\\\/\\\/www.aliadospuebla.com\\\/web2017\\\/wp-content\\\/uploads\\\/2021\\\/08\\\/TLAX-19.jpg\",\"width\":600,\"height\":450},{\"@type\":\"BreadcrumbList\",\"@id\":\"https:\\\/\\\/www.aliadospuebla.com\\\/?p=60480#breadcrumb\",\"itemListElement\":[{\"@type\":\"ListItem\",\"position\":1,\"name\":\"Portada\",\"item\":\"https:\\\/\\\/www.aliadospuebla.com\\\/\"},{\"@type\":\"ListItem\",\"position\":2,\"name\":\"CONFIRMA SESA 26 PERSONAS RECUPERADAS, 6 DEFUNCIONES Y 96 CASOS POSITIVOS EN TLAXCALA DE COVID-19\"}]},{\"@type\":\"WebSite\",\"@id\":\"https:\\\/\\\/www.aliadospuebla.com\\\/#website\",\"url\":\"https:\\\/\\\/www.aliadospuebla.com\\\/\",\"name\":\"AliadosPuebla\",\"description\":\"La informaci\u00f3n en tus manos\",\"potentialAction\":[{\"@type\":\"SearchAction\",\"target\":{\"@type\":\"EntryPoint\",\"urlTemplate\":\"https:\\\/\\\/www.aliadospuebla.com\\\/?s={search_term_string}\"},\"query-input\":{\"@type\":\"PropertyValueSpecification\",\"valueRequired\":true,\"valueName\":\"search_term_string\"}}],\"inLanguage\":\"es\"},{\"@type\":\"Person\",\"@id\":\"https:\\\/\\\/www.aliadospuebla.com\\\/#\\\/schema\\\/person\\\/0fd017f23cc5c3f7988d5d58850eec8e\",\"name\":\"Aliados Videos\",\"image\":{\"@type\":\"ImageObject\",\"inLanguage\":\"es\",\"@id\":\"https:\\\/\\\/secure.gravatar.com\\\/avatar\\\/42b92de8b2d8339e1e824f3a73ab023a0bec0ee2e3920248085eb1f3160b4083?s=96&d=mm&r=g\",\"url\":\"https:\\\/\\\/secure.gravatar.com\\\/avatar\\\/42b92de8b2d8339e1e824f3a73ab023a0bec0ee2e3920248085eb1f3160b4083?s=96&d=mm&r=g\",\"contentUrl\":\"https:\\\/\\\/secure.gravatar.com\\\/avatar\\\/42b92de8b2d8339e1e824f3a73ab023a0bec0ee2e3920248085eb1f3160b4083?s=96&d=mm&r=g\",\"caption\":\"Aliados Videos\"},\"url\":\"https:\\\/\\\/www.aliadospuebla.com\\\/?author=3\"}]}<\/script>\n<!-- \/ Yoast SEO plugin. -->","yoast_head_json":{"title":"CONFIRMA SESA 26 PERSONAS RECUPERADAS, 6 DEFUNCIONES Y 96 CASOS POSITIVOS EN TLAXCALA DE COVID-19 - AliadosPuebla","robots":{"index":"index","follow":"follow","max-snippet":"max-snippet:-1","max-image-preview":"max-image-preview:large","max-video-preview":"max-video-preview:-1"},"canonical":"https:\/\/www.aliadospuebla.com\/?p=60480","og_locale":"es_ES","og_type":"article","og_title":"CONFIRMA SESA 26 PERSONAS RECUPERADAS, 6 DEFUNCIONES Y 96 CASOS POSITIVOS EN TLAXCALA DE COVID-19 - AliadosPuebla","og_description":"De acuerdo con el reporte del 13 de agosto, la Secretar\u00eda de Salud del Estado (SESA) confirm\u00f3 26 personas recuperadas, seis fallecimientos y 96 casos positivos de Covid-19 de tlaxcaltecas identificados en el estado y dos en otras entidades. &nbsp; De esta manera, el estado registra 13 mil 359 personas recuperadas, 20 mil 08 casos positivos y dos mil 551 fallecimientos. &nbsp; La dependencia inform\u00f3 que de las defunciones cuatro se registraron en la SESA y corresponden a una mujer de 36 a\u00f1os y dos masculinos de 52 y 40 a\u00f1os, los tres sin ninguna comorbilidad, as\u00ed como una mujer de 55 a\u00f1os con diabetes mellitus e hipertensi\u00f3n arterial sist\u00e9mica. &nbsp; En otra instituci\u00f3n falleci\u00f3 un masculino de 59 a\u00f1os con diabetes mellitus e hipertensi\u00f3n&hellip;Leer m\u00e1s...","og_url":"https:\/\/www.aliadospuebla.com\/?p=60480","og_site_name":"AliadosPuebla","article_published_time":"2021-08-14T21:45:14+00:00","og_image":[{"width":600,"height":450,"url":"https:\/\/www.aliadospuebla.com\/web2017\/wp-content\/uploads\/2021\/08\/TLAX-19.jpg","type":"image\/jpeg"}],"author":"Aliados Videos","twitter_card":"summary_large_image","twitter_misc":{"Escrito por":"Aliados Videos","Tiempo de lectura":"2 minutos"},"schema":{"@context":"https:\/\/schema.org","@graph":[{"@type":"Article","@id":"https:\/\/www.aliadospuebla.com\/?p=60480#article","isPartOf":{"@id":"https:\/\/www.aliadospuebla.com\/?p=60480"},"author":{"name":"Aliados Videos","@id":"https:\/\/www.aliadospuebla.com\/#\/schema\/person\/0fd017f23cc5c3f7988d5d58850eec8e"},"headline":"CONFIRMA SESA 26 PERSONAS RECUPERADAS, 6 DEFUNCIONES Y 96 CASOS POSITIVOS EN TLAXCALA DE COVID-19","datePublished":"2021-08-14T21:45:14+00:00","mainEntityOfPage":{"@id":"https:\/\/www.aliadospuebla.com\/?p=60480"},"wordCount":346,"commentCount":0,"image":{"@id":"https:\/\/www.aliadospuebla.com\/?p=60480#primaryimage"},"thumbnailUrl":"https:\/\/www.aliadospuebla.com\/web2017\/wp-content\/uploads\/2021\/08\/TLAX-19.jpg","keywords":["capital","Municipios","REGIDORES","SALUD","SESA","TLAXCALA"],"articleSection":["Nacional"],"inLanguage":"es","potentialAction":[{"@type":"CommentAction","name":"Comment","target":["https:\/\/www.aliadospuebla.com\/?p=60480#respond"]}]},{"@type":"WebPage","@id":"https:\/\/www.aliadospuebla.com\/?p=60480","url":"https:\/\/www.aliadospuebla.com\/?p=60480","name":"CONFIRMA SESA 26 PERSONAS RECUPERADAS, 6 DEFUNCIONES Y 96 CASOS POSITIVOS EN TLAXCALA DE COVID-19 - AliadosPuebla","isPartOf":{"@id":"https:\/\/www.aliadospuebla.com\/#website"},"primaryImageOfPage":{"@id":"https:\/\/www.aliadospuebla.com\/?p=60480#primaryimage"},"image":{"@id":"https:\/\/www.aliadospuebla.com\/?p=60480#primaryimage"},"thumbnailUrl":"https:\/\/www.aliadospuebla.com\/web2017\/wp-content\/uploads\/2021\/08\/TLAX-19.jpg","datePublished":"2021-08-14T21:45:14+00:00","author":{"@id":"https:\/\/www.aliadospuebla.com\/#\/schema\/person\/0fd017f23cc5c3f7988d5d58850eec8e"},"breadcrumb":{"@id":"https:\/\/www.aliadospuebla.com\/?p=60480#breadcrumb"},"inLanguage":"es","potentialAction":[{"@type":"ReadAction","target":["https:\/\/www.aliadospuebla.com\/?p=60480"]}]},{"@type":"ImageObject","inLanguage":"es","@id":"https:\/\/www.aliadospuebla.com\/?p=60480#primaryimage","url":"https:\/\/www.aliadospuebla.com\/web2017\/wp-content\/uploads\/2021\/08\/TLAX-19.jpg","contentUrl":"https:\/\/www.aliadospuebla.com\/web2017\/wp-content\/uploads\/2021\/08\/TLAX-19.jpg","width":600,"height":450},{"@type":"BreadcrumbList","@id":"https:\/\/www.aliadospuebla.com\/?p=60480#breadcrumb","itemListElement":[{"@type":"ListItem","position":1,"name":"Portada","item":"https:\/\/www.aliadospuebla.com\/"},{"@type":"ListItem","position":2,"name":"CONFIRMA SESA 26 PERSONAS RECUPERADAS, 6 DEFUNCIONES Y 96 CASOS POSITIVOS EN TLAXCALA DE COVID-19"}]},{"@type":"WebSite","@id":"https:\/\/www.aliadospuebla.com\/#website","url":"https:\/\/www.aliadospuebla.com\/","name":"AliadosPuebla","description":"La informaci\u00f3n en tus manos","potentialAction":[{"@type":"SearchAction","target":{"@type":"EntryPoint","urlTemplate":"https:\/\/www.aliadospuebla.com\/?s={search_term_string}"},"query-input":{"@type":"PropertyValueSpecification","valueRequired":true,"valueName":"search_term_string"}}],"inLanguage":"es"},{"@type":"Person","@id":"https:\/\/www.aliadospuebla.com\/#\/schema\/person\/0fd017f23cc5c3f7988d5d58850eec8e","name":"Aliados Videos","image":{"@type":"ImageObject","inLanguage":"es","@id":"https:\/\/secure.gravatar.com\/avatar\/42b92de8b2d8339e1e824f3a73ab023a0bec0ee2e3920248085eb1f3160b4083?s=96&d=mm&r=g","url":"https:\/\/secure.gravatar.com\/avatar\/42b92de8b2d8339e1e824f3a73ab023a0bec0ee2e3920248085eb1f3160b4083?s=96&d=mm&r=g","contentUrl":"https:\/\/secure.gravatar.com\/avatar\/42b92de8b2d8339e1e824f3a73ab023a0bec0ee2e3920248085eb1f3160b4083?s=96&d=mm&r=g","caption":"Aliados Videos"},"url":"https:\/\/www.aliadospuebla.com\/?author=3"}]}},"views":12,"_links":{"self":[{"href":"https:\/\/www.aliadospuebla.com\/index.php?rest_route=\/wp\/v2\/posts\/60480","targetHints":{"allow":["GET"]}}],"collection":[{"href":"https:\/\/www.aliadospuebla.com\/index.php?rest_route=\/wp\/v2\/posts"}],"about":[{"href":"https:\/\/www.aliadospuebla.com\/index.php?rest_route=\/wp\/v2\/types\/post"}],"author":[{"embeddable":true,"href":"https:\/\/www.aliadospuebla.com\/index.php?rest_route=\/wp\/v2\/users\/3"}],"replies":[{"embeddable":true,"href":"https:\/\/www.aliadospuebla.com\/index.php?rest_route=%2Fwp%2Fv2%2Fcomments&post=60480"}],"version-history":[{"count":1,"href":"https:\/\/www.aliadospuebla.com\/index.php?rest_route=\/wp\/v2\/posts\/60480\/revisions"}],"predecessor-version":[{"id":60482,"href":"https:\/\/www.aliadospuebla.com\/index.php?rest_route=\/wp\/v2\/posts\/60480\/revisions\/60482"}],"wp:featuredmedia":[{"embeddable":true,"href":"https:\/\/www.aliadospuebla.com\/index.php?rest_route=\/wp\/v2\/media\/60481"}],"wp:attachment":[{"href":"https:\/\/www.aliadospuebla.com\/index.php?rest_route=%2Fwp%2Fv2%2Fmedia&parent=60480"}],"wp:term":[{"taxonomy":"category","embeddable":true,"href":"https:\/\/www.aliadospuebla.com\/index.php?rest_route=%2Fwp%2Fv2%2Fcategories&post=60480"},{"taxonomy":"post_tag","embeddable":true,"href":"https:\/\/www.aliadospuebla.com\/index.php?rest_route=%2Fwp%2Fv2%2Ftags&post=60480"}],"curies":[{"name":"wp","href":"https:\/\/api.w.org\/{rel}","templated":true}]}}