{"id":60358,"date":"2021-08-11T13:51:11","date_gmt":"2021-08-11T18:51:11","guid":{"rendered":"https:\/\/www.aliados17.com\/?p=60358"},"modified":"2021-08-11T13:51:11","modified_gmt":"2021-08-11T18:51:11","slug":"confirma-sesa-33-personas-recuperadas-6-defunciones-y-90-casos-positivos-en-tlaxcala-de-covid-19","status":"publish","type":"post","link":"https:\/\/www.aliadospuebla.com\/?p=60358","title":{"rendered":"CONFIRMA SESA 33 PERSONAS RECUPERADAS, 6 DEFUNCIONES  Y 90 CASOS POSITIVOS EN TLAXCALA DE COVID-19"},"content":{"rendered":"<p>De acuerdo con el reporte del 10 de agosto, la Secretar\u00eda de Salud del Estado (SESA) confirm\u00f3 33 personas recuperadas, seis fallecimientos y 90 casos positivos de Covid-19 de tlaxcaltecas identificados en el estado.<\/p>\n<p>&nbsp;<\/p>\n<p>De esta manera, el estado registra 13 mil 266 personas recuperadas, 19 mil 726 casos positivos y dos mil 534 fallecimientos.<\/p>\n<p>&nbsp;<\/p>\n<p>La dependencia inform\u00f3 que las defunciones se registraron en la SESA y corresponden a un masculino de 26 a\u00f1os con insuficiencia renal cr\u00f3nica, una mujer de 77 a\u00f1os sin ninguna comorbilidad, y un hombre de 50 a\u00f1os con hipertensi\u00f3n arterial sist\u00e9mica y cardiopat\u00eda.<\/p>\n<p>&nbsp;<\/p>\n<p>Adem\u00e1s de una mujer de 57 a\u00f1os sin ninguna comorbilidad, una mujer de 67 a\u00f1os con diabetes mellitus, enfermedad pulmonar obstructiva cr\u00f3nica e hipertensi\u00f3n arterial sist\u00e9mica, y un masculino de 75 a\u00f1os con hipertensi\u00f3n arterial sist\u00e9mica.<\/p>\n<p>&nbsp;<\/p>\n<p>El estado registra, hasta este momento, 50 mil 127 casos negativos y tres mil 792 se encuentran en espera de resultado.<\/p>\n<p>&nbsp;<\/p>\n<p>Del total de casos positivos, siete mil 946 se han registrado en la SESA, siete mil 993 en el IMSS, dos mil 27 en el Issste y mil 760 en otros espacios m\u00e9dicos.<\/p>\n<p>&nbsp;<\/p>\n<p>Mientras, del total de fallecimientos, 899 se han registrado en la SESA, mil 138 en el IMSS, 441 en el Issste, 16 en otras instituciones, uno en domicilio particular y 39 en hospital privado.<\/p>\n<p>&nbsp;<\/p>\n<p>Hasta este momento, Tlaxcala registra tres mil 589 casos, Apizaco dos mil 347, Chiautempan mil 285, Huamantla mil 08, Zacatelco 924, Yauhquemehcan 650, San Pablo del Monte 594, Contla 540, Ixtacuixtla 492, Calpulalpan 470, Totolac 464, Tetla 448, Papalotla 443, Panotla 426, Tlaxco 416, Apetatitl\u00e1n 356.<\/p>\n<p>&nbsp;<\/p>\n<p>Santa Cruz Tlaxcala y Teolocholco 339, Tzompantepec 326, Xaloztoc 316, Tepeyanco 258, Nativitas 251, Amaxac 226, Tepetitla 214, Xicohtzinco 213, Tlaltelulco 189, Xaltocan 153, Tenancingo 150.<\/p>\n<p>&nbsp;<\/p>\n<p>Tetlatlahuca 129, Nanacamilpa 126, Ayometla 121, Terrenate 118, Tetlanohcan 112, Hueyotlipan 107, Ixtenco 105, Tequexquitla y Acuamanala 92, Nopalucan y Axocomanitla 89, Cuaxomulco 86, Cuapiaxtla 85, Tocatl\u00e1n 83, Huactzinco 82, Zacualpan 68, Atltzayanca 62, Xiloxoxtla 61.<\/p>\n<p>&nbsp;<\/p>\n<p>Texoloc, San Jos\u00e9 Teacalco y Zitlaltepec 54, Atlangatepec 50, Sanct\u00f3rum 49, L\u00e1zaro C\u00e1rdenas 46, Santa Apolonia Teacalco y Mu\u00f1oz de Domingo Arenas 45, Mazatecochco 44, Espa\u00f1ita 42, Quilehtla 40, Tecopilco 30, Benito Ju\u00e1rez 24 y Emiliano Zapata 16.<\/p>\n","protected":false},"excerpt":{"rendered":"<p>De acuerdo con el reporte del 10 de agosto, la Secretar\u00eda de Salud del Estado (SESA) confirm\u00f3 33 personas recuperadas, seis fallecimientos y 90 casos positivos de Covid-19 de tlaxcaltecas identificados en el estado. &nbsp; De esta manera, el estado registra 13 mil 266 personas recuperadas, 19 mil 726 casos positivos y dos mil 534 fallecimientos. &nbsp; La dependencia inform\u00f3 que las defunciones se registraron en la SESA y corresponden a un masculino de 26 a\u00f1os con insuficiencia renal cr\u00f3nica, una mujer de 77 a\u00f1os sin ninguna comorbilidad, y un hombre de 50 a\u00f1os con hipertensi\u00f3n arterial sist\u00e9mica y cardiopat\u00eda. &nbsp; Adem\u00e1s de una mujer de 57 a\u00f1os sin ninguna comorbilidad, una mujer de 67 a\u00f1os con diabetes mellitus, enfermedad pulmonar obstructiva cr\u00f3nica e hipertensi\u00f3n&hellip;<\/p>\n<p class=\"excerpt-more\"><a class=\"blog-excerpt button\" href=\"https:\/\/www.aliadospuebla.com\/?p=60358\">Leer m\u00e1s&#8230;<\/a><\/p>\n","protected":false},"author":3,"featured_media":60359,"comment_status":"open","ping_status":"open","sticky":false,"template":"","format":"standard","meta":{"_monsterinsights_skip_tracking":false,"footnotes":""},"categories":[8304],"tags":[11738,8367,3002,365,8355,319],"class_list":["post-60358","post","type-post","status-publish","format-standard","has-post-thumbnail","hentry","category-nacional","tag-covid-19","tag-marco-mena","tag-regidores","tag-salud","tag-sesa","tag-tlaxcala"],"yoast_head":"<!-- This site is optimized with the Yoast SEO plugin v28.4 - https:\/\/yoast.com\/product\/yoast-seo-wordpress\/ -->\n<title>CONFIRMA SESA 33 PERSONAS RECUPERADAS, 6 DEFUNCIONES Y 90 CASOS POSITIVOS EN TLAXCALA DE COVID-19 - AliadosPuebla<\/title>\n<meta name=\"robots\" content=\"index, follow, max-snippet:-1, max-image-preview:large, max-video-preview:-1\" \/>\n<link rel=\"canonical\" href=\"https:\/\/www.aliadospuebla.com\/?p=60358\" \/>\n<meta property=\"og:locale\" content=\"es_ES\" \/>\n<meta property=\"og:type\" content=\"article\" \/>\n<meta property=\"og:title\" content=\"CONFIRMA SESA 33 PERSONAS RECUPERADAS, 6 DEFUNCIONES Y 90 CASOS POSITIVOS EN TLAXCALA DE COVID-19 - AliadosPuebla\" \/>\n<meta property=\"og:description\" content=\"De acuerdo con el reporte del 10 de agosto, la Secretar\u00eda de Salud del Estado (SESA) confirm\u00f3 33 personas recuperadas, seis fallecimientos y 90 casos positivos de Covid-19 de tlaxcaltecas identificados en el estado. &nbsp; De esta manera, el estado registra 13 mil 266 personas recuperadas, 19 mil 726 casos positivos y dos mil 534 fallecimientos. &nbsp; La dependencia inform\u00f3 que las defunciones se registraron en la SESA y corresponden a un masculino de 26 a\u00f1os con insuficiencia renal cr\u00f3nica, una mujer de 77 a\u00f1os sin ninguna comorbilidad, y un hombre de 50 a\u00f1os con hipertensi\u00f3n arterial sist\u00e9mica y cardiopat\u00eda. &nbsp; Adem\u00e1s de una mujer de 57 a\u00f1os sin ninguna comorbilidad, una mujer de 67 a\u00f1os con diabetes mellitus, enfermedad pulmonar obstructiva cr\u00f3nica e hipertensi\u00f3n&hellip;Leer m\u00e1s...\" \/>\n<meta property=\"og:url\" content=\"https:\/\/www.aliadospuebla.com\/?p=60358\" \/>\n<meta property=\"og:site_name\" content=\"AliadosPuebla\" \/>\n<meta property=\"article:published_time\" content=\"2021-08-11T18:51:11+00:00\" \/>\n<meta property=\"og:image\" content=\"https:\/\/www.aliadospuebla.com\/web2017\/wp-content\/uploads\/2021\/08\/TLAX-15.jpg\" \/>\n\t<meta property=\"og:image:width\" content=\"600\" \/>\n\t<meta property=\"og:image:height\" content=\"450\" \/>\n\t<meta property=\"og:image:type\" content=\"image\/jpeg\" \/>\n<meta name=\"author\" content=\"Aliados Videos\" \/>\n<meta name=\"twitter:card\" content=\"summary_large_image\" \/>\n<meta name=\"twitter:label1\" content=\"Escrito por\" \/>\n\t<meta name=\"twitter:data1\" content=\"Aliados Videos\" \/>\n\t<meta name=\"twitter:label2\" content=\"Tiempo de lectura\" \/>\n\t<meta name=\"twitter:data2\" content=\"2 minutos\" \/>\n<script type=\"application\/ld+json\" class=\"yoast-schema-graph\">{\"@context\":\"https:\\\/\\\/schema.org\",\"@graph\":[{\"@type\":\"Article\",\"@id\":\"https:\\\/\\\/www.aliadospuebla.com\\\/?p=60358#article\",\"isPartOf\":{\"@id\":\"https:\\\/\\\/www.aliadospuebla.com\\\/?p=60358\"},\"author\":{\"name\":\"Aliados Videos\",\"@id\":\"https:\\\/\\\/www.aliadospuebla.com\\\/#\\\/schema\\\/person\\\/0fd017f23cc5c3f7988d5d58850eec8e\"},\"headline\":\"CONFIRMA SESA 33 PERSONAS RECUPERADAS, 6 DEFUNCIONES Y 90 CASOS POSITIVOS EN TLAXCALA DE COVID-19\",\"datePublished\":\"2021-08-11T18:51:11+00:00\",\"mainEntityOfPage\":{\"@id\":\"https:\\\/\\\/www.aliadospuebla.com\\\/?p=60358\"},\"wordCount\":336,\"commentCount\":0,\"image\":{\"@id\":\"https:\\\/\\\/www.aliadospuebla.com\\\/?p=60358#primaryimage\"},\"thumbnailUrl\":\"https:\\\/\\\/www.aliadospuebla.com\\\/web2017\\\/wp-content\\\/uploads\\\/2021\\\/08\\\/TLAX-15.jpg\",\"keywords\":[\"COVID-19\",\"MARCO MENA\",\"REGIDORES\",\"SALUD\",\"SESA\",\"TLAXCALA\"],\"articleSection\":[\"Nacional\"],\"inLanguage\":\"es\",\"potentialAction\":[{\"@type\":\"CommentAction\",\"name\":\"Comment\",\"target\":[\"https:\\\/\\\/www.aliadospuebla.com\\\/?p=60358#respond\"]}]},{\"@type\":\"WebPage\",\"@id\":\"https:\\\/\\\/www.aliadospuebla.com\\\/?p=60358\",\"url\":\"https:\\\/\\\/www.aliadospuebla.com\\\/?p=60358\",\"name\":\"CONFIRMA SESA 33 PERSONAS RECUPERADAS, 6 DEFUNCIONES Y 90 CASOS POSITIVOS EN TLAXCALA DE COVID-19 - AliadosPuebla\",\"isPartOf\":{\"@id\":\"https:\\\/\\\/www.aliadospuebla.com\\\/#website\"},\"primaryImageOfPage\":{\"@id\":\"https:\\\/\\\/www.aliadospuebla.com\\\/?p=60358#primaryimage\"},\"image\":{\"@id\":\"https:\\\/\\\/www.aliadospuebla.com\\\/?p=60358#primaryimage\"},\"thumbnailUrl\":\"https:\\\/\\\/www.aliadospuebla.com\\\/web2017\\\/wp-content\\\/uploads\\\/2021\\\/08\\\/TLAX-15.jpg\",\"datePublished\":\"2021-08-11T18:51:11+00:00\",\"author\":{\"@id\":\"https:\\\/\\\/www.aliadospuebla.com\\\/#\\\/schema\\\/person\\\/0fd017f23cc5c3f7988d5d58850eec8e\"},\"breadcrumb\":{\"@id\":\"https:\\\/\\\/www.aliadospuebla.com\\\/?p=60358#breadcrumb\"},\"inLanguage\":\"es\",\"potentialAction\":[{\"@type\":\"ReadAction\",\"target\":[\"https:\\\/\\\/www.aliadospuebla.com\\\/?p=60358\"]}]},{\"@type\":\"ImageObject\",\"inLanguage\":\"es\",\"@id\":\"https:\\\/\\\/www.aliadospuebla.com\\\/?p=60358#primaryimage\",\"url\":\"https:\\\/\\\/www.aliadospuebla.com\\\/web2017\\\/wp-content\\\/uploads\\\/2021\\\/08\\\/TLAX-15.jpg\",\"contentUrl\":\"https:\\\/\\\/www.aliadospuebla.com\\\/web2017\\\/wp-content\\\/uploads\\\/2021\\\/08\\\/TLAX-15.jpg\",\"width\":600,\"height\":450},{\"@type\":\"BreadcrumbList\",\"@id\":\"https:\\\/\\\/www.aliadospuebla.com\\\/?p=60358#breadcrumb\",\"itemListElement\":[{\"@type\":\"ListItem\",\"position\":1,\"name\":\"Portada\",\"item\":\"https:\\\/\\\/www.aliadospuebla.com\\\/\"},{\"@type\":\"ListItem\",\"position\":2,\"name\":\"CONFIRMA SESA 33 PERSONAS RECUPERADAS, 6 DEFUNCIONES Y 90 CASOS POSITIVOS EN TLAXCALA DE COVID-19\"}]},{\"@type\":\"WebSite\",\"@id\":\"https:\\\/\\\/www.aliadospuebla.com\\\/#website\",\"url\":\"https:\\\/\\\/www.aliadospuebla.com\\\/\",\"name\":\"AliadosPuebla\",\"description\":\"La informaci\u00f3n en tus manos\",\"potentialAction\":[{\"@type\":\"SearchAction\",\"target\":{\"@type\":\"EntryPoint\",\"urlTemplate\":\"https:\\\/\\\/www.aliadospuebla.com\\\/?s={search_term_string}\"},\"query-input\":{\"@type\":\"PropertyValueSpecification\",\"valueRequired\":true,\"valueName\":\"search_term_string\"}}],\"inLanguage\":\"es\"},{\"@type\":\"Person\",\"@id\":\"https:\\\/\\\/www.aliadospuebla.com\\\/#\\\/schema\\\/person\\\/0fd017f23cc5c3f7988d5d58850eec8e\",\"name\":\"Aliados Videos\",\"image\":{\"@type\":\"ImageObject\",\"inLanguage\":\"es\",\"@id\":\"https:\\\/\\\/secure.gravatar.com\\\/avatar\\\/42b92de8b2d8339e1e824f3a73ab023a0bec0ee2e3920248085eb1f3160b4083?s=96&d=mm&r=g\",\"url\":\"https:\\\/\\\/secure.gravatar.com\\\/avatar\\\/42b92de8b2d8339e1e824f3a73ab023a0bec0ee2e3920248085eb1f3160b4083?s=96&d=mm&r=g\",\"contentUrl\":\"https:\\\/\\\/secure.gravatar.com\\\/avatar\\\/42b92de8b2d8339e1e824f3a73ab023a0bec0ee2e3920248085eb1f3160b4083?s=96&d=mm&r=g\",\"caption\":\"Aliados Videos\"},\"url\":\"https:\\\/\\\/www.aliadospuebla.com\\\/?author=3\"}]}<\/script>\n<!-- \/ Yoast SEO plugin. -->","yoast_head_json":{"title":"CONFIRMA SESA 33 PERSONAS RECUPERADAS, 6 DEFUNCIONES Y 90 CASOS POSITIVOS EN TLAXCALA DE COVID-19 - AliadosPuebla","robots":{"index":"index","follow":"follow","max-snippet":"max-snippet:-1","max-image-preview":"max-image-preview:large","max-video-preview":"max-video-preview:-1"},"canonical":"https:\/\/www.aliadospuebla.com\/?p=60358","og_locale":"es_ES","og_type":"article","og_title":"CONFIRMA SESA 33 PERSONAS RECUPERADAS, 6 DEFUNCIONES Y 90 CASOS POSITIVOS EN TLAXCALA DE COVID-19 - AliadosPuebla","og_description":"De acuerdo con el reporte del 10 de agosto, la Secretar\u00eda de Salud del Estado (SESA) confirm\u00f3 33 personas recuperadas, seis fallecimientos y 90 casos positivos de Covid-19 de tlaxcaltecas identificados en el estado. &nbsp; De esta manera, el estado registra 13 mil 266 personas recuperadas, 19 mil 726 casos positivos y dos mil 534 fallecimientos. &nbsp; La dependencia inform\u00f3 que las defunciones se registraron en la SESA y corresponden a un masculino de 26 a\u00f1os con insuficiencia renal cr\u00f3nica, una mujer de 77 a\u00f1os sin ninguna comorbilidad, y un hombre de 50 a\u00f1os con hipertensi\u00f3n arterial sist\u00e9mica y cardiopat\u00eda. &nbsp; Adem\u00e1s de una mujer de 57 a\u00f1os sin ninguna comorbilidad, una mujer de 67 a\u00f1os con diabetes mellitus, enfermedad pulmonar obstructiva cr\u00f3nica e hipertensi\u00f3n&hellip;Leer m\u00e1s...","og_url":"https:\/\/www.aliadospuebla.com\/?p=60358","og_site_name":"AliadosPuebla","article_published_time":"2021-08-11T18:51:11+00:00","og_image":[{"width":600,"height":450,"url":"https:\/\/www.aliadospuebla.com\/web2017\/wp-content\/uploads\/2021\/08\/TLAX-15.jpg","type":"image\/jpeg"}],"author":"Aliados Videos","twitter_card":"summary_large_image","twitter_misc":{"Escrito por":"Aliados Videos","Tiempo de lectura":"2 minutos"},"schema":{"@context":"https:\/\/schema.org","@graph":[{"@type":"Article","@id":"https:\/\/www.aliadospuebla.com\/?p=60358#article","isPartOf":{"@id":"https:\/\/www.aliadospuebla.com\/?p=60358"},"author":{"name":"Aliados Videos","@id":"https:\/\/www.aliadospuebla.com\/#\/schema\/person\/0fd017f23cc5c3f7988d5d58850eec8e"},"headline":"CONFIRMA SESA 33 PERSONAS RECUPERADAS, 6 DEFUNCIONES Y 90 CASOS POSITIVOS EN TLAXCALA DE COVID-19","datePublished":"2021-08-11T18:51:11+00:00","mainEntityOfPage":{"@id":"https:\/\/www.aliadospuebla.com\/?p=60358"},"wordCount":336,"commentCount":0,"image":{"@id":"https:\/\/www.aliadospuebla.com\/?p=60358#primaryimage"},"thumbnailUrl":"https:\/\/www.aliadospuebla.com\/web2017\/wp-content\/uploads\/2021\/08\/TLAX-15.jpg","keywords":["COVID-19","MARCO MENA","REGIDORES","SALUD","SESA","TLAXCALA"],"articleSection":["Nacional"],"inLanguage":"es","potentialAction":[{"@type":"CommentAction","name":"Comment","target":["https:\/\/www.aliadospuebla.com\/?p=60358#respond"]}]},{"@type":"WebPage","@id":"https:\/\/www.aliadospuebla.com\/?p=60358","url":"https:\/\/www.aliadospuebla.com\/?p=60358","name":"CONFIRMA SESA 33 PERSONAS RECUPERADAS, 6 DEFUNCIONES Y 90 CASOS POSITIVOS EN TLAXCALA DE COVID-19 - AliadosPuebla","isPartOf":{"@id":"https:\/\/www.aliadospuebla.com\/#website"},"primaryImageOfPage":{"@id":"https:\/\/www.aliadospuebla.com\/?p=60358#primaryimage"},"image":{"@id":"https:\/\/www.aliadospuebla.com\/?p=60358#primaryimage"},"thumbnailUrl":"https:\/\/www.aliadospuebla.com\/web2017\/wp-content\/uploads\/2021\/08\/TLAX-15.jpg","datePublished":"2021-08-11T18:51:11+00:00","author":{"@id":"https:\/\/www.aliadospuebla.com\/#\/schema\/person\/0fd017f23cc5c3f7988d5d58850eec8e"},"breadcrumb":{"@id":"https:\/\/www.aliadospuebla.com\/?p=60358#breadcrumb"},"inLanguage":"es","potentialAction":[{"@type":"ReadAction","target":["https:\/\/www.aliadospuebla.com\/?p=60358"]}]},{"@type":"ImageObject","inLanguage":"es","@id":"https:\/\/www.aliadospuebla.com\/?p=60358#primaryimage","url":"https:\/\/www.aliadospuebla.com\/web2017\/wp-content\/uploads\/2021\/08\/TLAX-15.jpg","contentUrl":"https:\/\/www.aliadospuebla.com\/web2017\/wp-content\/uploads\/2021\/08\/TLAX-15.jpg","width":600,"height":450},{"@type":"BreadcrumbList","@id":"https:\/\/www.aliadospuebla.com\/?p=60358#breadcrumb","itemListElement":[{"@type":"ListItem","position":1,"name":"Portada","item":"https:\/\/www.aliadospuebla.com\/"},{"@type":"ListItem","position":2,"name":"CONFIRMA SESA 33 PERSONAS RECUPERADAS, 6 DEFUNCIONES Y 90 CASOS POSITIVOS EN TLAXCALA DE COVID-19"}]},{"@type":"WebSite","@id":"https:\/\/www.aliadospuebla.com\/#website","url":"https:\/\/www.aliadospuebla.com\/","name":"AliadosPuebla","description":"La informaci\u00f3n en tus manos","potentialAction":[{"@type":"SearchAction","target":{"@type":"EntryPoint","urlTemplate":"https:\/\/www.aliadospuebla.com\/?s={search_term_string}"},"query-input":{"@type":"PropertyValueSpecification","valueRequired":true,"valueName":"search_term_string"}}],"inLanguage":"es"},{"@type":"Person","@id":"https:\/\/www.aliadospuebla.com\/#\/schema\/person\/0fd017f23cc5c3f7988d5d58850eec8e","name":"Aliados Videos","image":{"@type":"ImageObject","inLanguage":"es","@id":"https:\/\/secure.gravatar.com\/avatar\/42b92de8b2d8339e1e824f3a73ab023a0bec0ee2e3920248085eb1f3160b4083?s=96&d=mm&r=g","url":"https:\/\/secure.gravatar.com\/avatar\/42b92de8b2d8339e1e824f3a73ab023a0bec0ee2e3920248085eb1f3160b4083?s=96&d=mm&r=g","contentUrl":"https:\/\/secure.gravatar.com\/avatar\/42b92de8b2d8339e1e824f3a73ab023a0bec0ee2e3920248085eb1f3160b4083?s=96&d=mm&r=g","caption":"Aliados Videos"},"url":"https:\/\/www.aliadospuebla.com\/?author=3"}]}},"views":13,"_links":{"self":[{"href":"https:\/\/www.aliadospuebla.com\/index.php?rest_route=\/wp\/v2\/posts\/60358","targetHints":{"allow":["GET"]}}],"collection":[{"href":"https:\/\/www.aliadospuebla.com\/index.php?rest_route=\/wp\/v2\/posts"}],"about":[{"href":"https:\/\/www.aliadospuebla.com\/index.php?rest_route=\/wp\/v2\/types\/post"}],"author":[{"embeddable":true,"href":"https:\/\/www.aliadospuebla.com\/index.php?rest_route=\/wp\/v2\/users\/3"}],"replies":[{"embeddable":true,"href":"https:\/\/www.aliadospuebla.com\/index.php?rest_route=%2Fwp%2Fv2%2Fcomments&post=60358"}],"version-history":[{"count":1,"href":"https:\/\/www.aliadospuebla.com\/index.php?rest_route=\/wp\/v2\/posts\/60358\/revisions"}],"predecessor-version":[{"id":60360,"href":"https:\/\/www.aliadospuebla.com\/index.php?rest_route=\/wp\/v2\/posts\/60358\/revisions\/60360"}],"wp:featuredmedia":[{"embeddable":true,"href":"https:\/\/www.aliadospuebla.com\/index.php?rest_route=\/wp\/v2\/media\/60359"}],"wp:attachment":[{"href":"https:\/\/www.aliadospuebla.com\/index.php?rest_route=%2Fwp%2Fv2%2Fmedia&parent=60358"}],"wp:term":[{"taxonomy":"category","embeddable":true,"href":"https:\/\/www.aliadospuebla.com\/index.php?rest_route=%2Fwp%2Fv2%2Fcategories&post=60358"},{"taxonomy":"post_tag","embeddable":true,"href":"https:\/\/www.aliadospuebla.com\/index.php?rest_route=%2Fwp%2Fv2%2Ftags&post=60358"}],"curies":[{"name":"wp","href":"https:\/\/api.w.org\/{rel}","templated":true}]}}