{"id":60340,"date":"2021-08-10T18:45:34","date_gmt":"2021-08-10T23:45:34","guid":{"rendered":"https:\/\/www.aliados17.com\/?p=60340"},"modified":"2021-08-10T18:45:34","modified_gmt":"2021-08-10T23:45:34","slug":"invita-calpan-a-la-edicion-17-de-su-feria-del-chile-en-nogada","status":"publish","type":"post","link":"https:\/\/www.aliadospuebla.com\/?p=60340","title":{"rendered":"Invita Calpan a la edici\u00f3n 17 de su feria del Chile en Nogada"},"content":{"rendered":"<p><span style=\"font-weight: 400;\">CIUDAD DE PUEBLA, Pue.- Un total de 60 cocineras tradicionales del municipio del Calpan<\/span><\/p>\n<p><span style=\"font-weight: 400;\"> recibir\u00e1n durante los \u00faltimos tres fines de semana de agosto (14-15, 22-23 y 28-29), <\/span><\/p>\n<p><span style=\"font-weight: 400;\">a los visitantes a la decimos\u00e9ptima edici\u00f3n de su tradicional feria del Chile en Nogada,<\/span><\/p>\n<p><span style=\"font-weight: 400;\"> evento que forma parte de los festejos por el 200 aniversario de la creaci\u00f3n de este platillo.<\/span><\/p>\n<p>&nbsp;<\/p>\n<p><span style=\"font-weight: 400;\">Heriberto Hern\u00e1ndez Benito, alcalde de Calpan, asegur\u00f3 que este municipio es referente <\/span><\/p>\n<p><span style=\"font-weight: 400;\">en la elaboraci\u00f3n del platillo, tanto por la producci\u00f3n de insumos como por la realizaci\u00f3n<\/span><\/p>\n<p><span style=\"font-weight: 400;\"> de su feria anual, que este a\u00f1o debido a la pandemia ser\u00e1 efectuada desde las casas de las <\/span><\/p>\n<p><span style=\"font-weight: 400;\">cocineras y bajo la aplicaci\u00f3n de las medidas sanitarias vigentes en los decretos,<\/span><\/p>\n<p><span style=\"font-weight: 400;\"> a fin de que el evento pueda desarrollarse de manera segura y responsable, <\/span><\/p>\n<p><span style=\"font-weight: 400;\">mencion\u00f3 que esperan comercializar entre 40 y 50 mil Chiles en Nogada durante la temporada.<\/span><\/p>\n<p>&nbsp;<\/p>\n<p><span style=\"font-weight: 400;\">Esperanza Garc\u00eda Ramos, cocinera tradicional, record\u00f3 que la preparaci\u00f3n del platillo<\/span><\/p>\n<p><span style=\"font-weight: 400;\"> es realizada de manera tradicional, utilizando los ingredientes producidos regionalmente<\/span><\/p>\n<p><span style=\"font-weight: 400;\"> y esta venta ayuda a reactivar la econom\u00eda local, por lo que invit\u00f3 a acudir a la feria y <\/span><\/p>\n<p><span style=\"font-weight: 400;\">visitar su exconvento franciscano, declarado patrimonio de la humanidad por la UNESCO en 1996.<\/span><\/p>\n<p>&nbsp;<\/p>\n<p><span style=\"font-weight: 400;\">En la presentaci\u00f3n de la feria tambi\u00e9n acudieron Luz Mar\u00eda Lorenzo Xiqui, <\/span><\/p>\n<p><span style=\"font-weight: 400;\">regidora de Salubridad y Asistencia P\u00fablica del municipio de Calpan, y <\/span><\/p>\n<p><span style=\"font-weight: 400;\">Francisco Ju\u00e1rez, director de Proyectos de la Secretar\u00eda de Turismo.<\/span><\/p>\n","protected":false},"excerpt":{"rendered":"<p>CIUDAD DE PUEBLA, Pue.- Un total de 60 cocineras tradicionales del municipio del Calpan recibir\u00e1n durante los \u00faltimos tres fines de semana de agosto (14-15, 22-23 y 28-29), a los visitantes a la decimos\u00e9ptima edici\u00f3n de su tradicional feria del Chile en Nogada, evento que forma parte de los festejos por el 200 aniversario de la creaci\u00f3n de este platillo. &nbsp; Heriberto Hern\u00e1ndez Benito, alcalde de Calpan, asegur\u00f3 que este municipio es referente en la elaboraci\u00f3n del platillo, tanto por la producci\u00f3n de insumos como por la realizaci\u00f3n de su feria anual, que este a\u00f1o debido a la pandemia ser\u00e1 efectuada desde las casas de las cocineras y bajo la aplicaci\u00f3n de las medidas sanitarias vigentes en los decretos, a fin de que el evento&hellip;<\/p>\n<p class=\"excerpt-more\"><a class=\"blog-excerpt button\" href=\"https:\/\/www.aliadospuebla.com\/?p=60340\">Leer m\u00e1s&#8230;<\/a><\/p>\n","protected":false},"author":3,"featured_media":60341,"comment_status":"open","ping_status":"open","sticky":false,"template":"","format":"standard","meta":{"_monsterinsights_skip_tracking":false,"footnotes":""},"categories":[61],"tags":[171,85,1430,193,850,72,127],"class_list":["post-60340","post","type-post","status-publish","format-standard","has-post-thumbnail","hentry","category-gobierno","tag-ayuntamiento","tag-calpan","tag-chile-en-nogada","tag-gobierno","tag-miguel-barbosa","tag-puebla","tag-turismo"],"yoast_head":"<!-- This site is optimized with the Yoast SEO plugin v28.4 - https:\/\/yoast.com\/product\/yoast-seo-wordpress\/ -->\n<title>Invita Calpan a la edici\u00f3n 17 de su feria del Chile en Nogada - AliadosPuebla<\/title>\n<meta name=\"robots\" content=\"index, follow, max-snippet:-1, max-image-preview:large, max-video-preview:-1\" \/>\n<link rel=\"canonical\" href=\"https:\/\/www.aliadospuebla.com\/?p=60340\" \/>\n<meta property=\"og:locale\" content=\"es_ES\" \/>\n<meta property=\"og:type\" content=\"article\" \/>\n<meta property=\"og:title\" content=\"Invita Calpan a la edici\u00f3n 17 de su feria del Chile en Nogada - AliadosPuebla\" \/>\n<meta property=\"og:description\" content=\"CIUDAD DE PUEBLA, Pue.- Un total de 60 cocineras tradicionales del municipio del Calpan recibir\u00e1n durante los \u00faltimos tres fines de semana de agosto (14-15, 22-23 y 28-29), a los visitantes a la decimos\u00e9ptima edici\u00f3n de su tradicional feria del Chile en Nogada, evento que forma parte de los festejos por el 200 aniversario de la creaci\u00f3n de este platillo. &nbsp; Heriberto Hern\u00e1ndez Benito, alcalde de Calpan, asegur\u00f3 que este municipio es referente en la elaboraci\u00f3n del platillo, tanto por la producci\u00f3n de insumos como por la realizaci\u00f3n de su feria anual, que este a\u00f1o debido a la pandemia ser\u00e1 efectuada desde las casas de las cocineras y bajo la aplicaci\u00f3n de las medidas sanitarias vigentes en los decretos, a fin de que el evento&hellip;Leer m\u00e1s...\" \/>\n<meta property=\"og:url\" content=\"https:\/\/www.aliadospuebla.com\/?p=60340\" \/>\n<meta property=\"og:site_name\" content=\"AliadosPuebla\" \/>\n<meta property=\"article:published_time\" content=\"2021-08-10T23:45:34+00:00\" \/>\n<meta property=\"og:image\" content=\"https:\/\/www.aliadospuebla.com\/web2017\/wp-content\/uploads\/2021\/08\/CHILE-EN-NOGADA.jpg\" \/>\n\t<meta property=\"og:image:width\" content=\"600\" \/>\n\t<meta property=\"og:image:height\" content=\"450\" \/>\n\t<meta property=\"og:image:type\" content=\"image\/jpeg\" \/>\n<meta name=\"author\" content=\"Aliados Videos\" \/>\n<meta name=\"twitter:card\" content=\"summary_large_image\" \/>\n<meta name=\"twitter:label1\" content=\"Escrito por\" \/>\n\t<meta name=\"twitter:data1\" content=\"Aliados Videos\" \/>\n\t<meta name=\"twitter:label2\" content=\"Tiempo de lectura\" \/>\n\t<meta name=\"twitter:data2\" content=\"2 minutos\" \/>\n<script type=\"application\/ld+json\" class=\"yoast-schema-graph\">{\"@context\":\"https:\\\/\\\/schema.org\",\"@graph\":[{\"@type\":\"Article\",\"@id\":\"https:\\\/\\\/www.aliadospuebla.com\\\/?p=60340#article\",\"isPartOf\":{\"@id\":\"https:\\\/\\\/www.aliadospuebla.com\\\/?p=60340\"},\"author\":{\"name\":\"Aliados Videos\",\"@id\":\"https:\\\/\\\/www.aliadospuebla.com\\\/#\\\/schema\\\/person\\\/0fd017f23cc5c3f7988d5d58850eec8e\"},\"headline\":\"Invita Calpan a la edici\u00f3n 17 de su feria del Chile en Nogada\",\"datePublished\":\"2021-08-10T23:45:34+00:00\",\"mainEntityOfPage\":{\"@id\":\"https:\\\/\\\/www.aliadospuebla.com\\\/?p=60340\"},\"wordCount\":264,\"commentCount\":0,\"image\":{\"@id\":\"https:\\\/\\\/www.aliadospuebla.com\\\/?p=60340#primaryimage\"},\"thumbnailUrl\":\"https:\\\/\\\/www.aliadospuebla.com\\\/web2017\\\/wp-content\\\/uploads\\\/2021\\\/08\\\/CHILE-EN-NOGADA.jpg\",\"keywords\":[\"Ayuntamiento\",\"Calpan\",\"CHILE EN NOGADA\",\"Gobierno\",\"MIGUEL BARBOSA\",\"Puebla\",\"turismo\"],\"articleSection\":[\"Gobierno\"],\"inLanguage\":\"es\",\"potentialAction\":[{\"@type\":\"CommentAction\",\"name\":\"Comment\",\"target\":[\"https:\\\/\\\/www.aliadospuebla.com\\\/?p=60340#respond\"]}]},{\"@type\":\"WebPage\",\"@id\":\"https:\\\/\\\/www.aliadospuebla.com\\\/?p=60340\",\"url\":\"https:\\\/\\\/www.aliadospuebla.com\\\/?p=60340\",\"name\":\"Invita Calpan a la edici\u00f3n 17 de su feria del Chile en Nogada - AliadosPuebla\",\"isPartOf\":{\"@id\":\"https:\\\/\\\/www.aliadospuebla.com\\\/#website\"},\"primaryImageOfPage\":{\"@id\":\"https:\\\/\\\/www.aliadospuebla.com\\\/?p=60340#primaryimage\"},\"image\":{\"@id\":\"https:\\\/\\\/www.aliadospuebla.com\\\/?p=60340#primaryimage\"},\"thumbnailUrl\":\"https:\\\/\\\/www.aliadospuebla.com\\\/web2017\\\/wp-content\\\/uploads\\\/2021\\\/08\\\/CHILE-EN-NOGADA.jpg\",\"datePublished\":\"2021-08-10T23:45:34+00:00\",\"author\":{\"@id\":\"https:\\\/\\\/www.aliadospuebla.com\\\/#\\\/schema\\\/person\\\/0fd017f23cc5c3f7988d5d58850eec8e\"},\"breadcrumb\":{\"@id\":\"https:\\\/\\\/www.aliadospuebla.com\\\/?p=60340#breadcrumb\"},\"inLanguage\":\"es\",\"potentialAction\":[{\"@type\":\"ReadAction\",\"target\":[\"https:\\\/\\\/www.aliadospuebla.com\\\/?p=60340\"]}]},{\"@type\":\"ImageObject\",\"inLanguage\":\"es\",\"@id\":\"https:\\\/\\\/www.aliadospuebla.com\\\/?p=60340#primaryimage\",\"url\":\"https:\\\/\\\/www.aliadospuebla.com\\\/web2017\\\/wp-content\\\/uploads\\\/2021\\\/08\\\/CHILE-EN-NOGADA.jpg\",\"contentUrl\":\"https:\\\/\\\/www.aliadospuebla.com\\\/web2017\\\/wp-content\\\/uploads\\\/2021\\\/08\\\/CHILE-EN-NOGADA.jpg\",\"width\":600,\"height\":450},{\"@type\":\"BreadcrumbList\",\"@id\":\"https:\\\/\\\/www.aliadospuebla.com\\\/?p=60340#breadcrumb\",\"itemListElement\":[{\"@type\":\"ListItem\",\"position\":1,\"name\":\"Portada\",\"item\":\"https:\\\/\\\/www.aliadospuebla.com\\\/\"},{\"@type\":\"ListItem\",\"position\":2,\"name\":\"Invita Calpan a la edici\u00f3n 17 de su feria del Chile en Nogada\"}]},{\"@type\":\"WebSite\",\"@id\":\"https:\\\/\\\/www.aliadospuebla.com\\\/#website\",\"url\":\"https:\\\/\\\/www.aliadospuebla.com\\\/\",\"name\":\"AliadosPuebla\",\"description\":\"La informaci\u00f3n en tus manos\",\"potentialAction\":[{\"@type\":\"SearchAction\",\"target\":{\"@type\":\"EntryPoint\",\"urlTemplate\":\"https:\\\/\\\/www.aliadospuebla.com\\\/?s={search_term_string}\"},\"query-input\":{\"@type\":\"PropertyValueSpecification\",\"valueRequired\":true,\"valueName\":\"search_term_string\"}}],\"inLanguage\":\"es\"},{\"@type\":\"Person\",\"@id\":\"https:\\\/\\\/www.aliadospuebla.com\\\/#\\\/schema\\\/person\\\/0fd017f23cc5c3f7988d5d58850eec8e\",\"name\":\"Aliados Videos\",\"image\":{\"@type\":\"ImageObject\",\"inLanguage\":\"es\",\"@id\":\"https:\\\/\\\/secure.gravatar.com\\\/avatar\\\/42b92de8b2d8339e1e824f3a73ab023a0bec0ee2e3920248085eb1f3160b4083?s=96&d=mm&r=g\",\"url\":\"https:\\\/\\\/secure.gravatar.com\\\/avatar\\\/42b92de8b2d8339e1e824f3a73ab023a0bec0ee2e3920248085eb1f3160b4083?s=96&d=mm&r=g\",\"contentUrl\":\"https:\\\/\\\/secure.gravatar.com\\\/avatar\\\/42b92de8b2d8339e1e824f3a73ab023a0bec0ee2e3920248085eb1f3160b4083?s=96&d=mm&r=g\",\"caption\":\"Aliados Videos\"},\"url\":\"https:\\\/\\\/www.aliadospuebla.com\\\/?author=3\"}]}<\/script>\n<!-- \/ Yoast SEO plugin. -->","yoast_head_json":{"title":"Invita Calpan a la edici\u00f3n 17 de su feria del Chile en Nogada - AliadosPuebla","robots":{"index":"index","follow":"follow","max-snippet":"max-snippet:-1","max-image-preview":"max-image-preview:large","max-video-preview":"max-video-preview:-1"},"canonical":"https:\/\/www.aliadospuebla.com\/?p=60340","og_locale":"es_ES","og_type":"article","og_title":"Invita Calpan a la edici\u00f3n 17 de su feria del Chile en Nogada - AliadosPuebla","og_description":"CIUDAD DE PUEBLA, Pue.- Un total de 60 cocineras tradicionales del municipio del Calpan recibir\u00e1n durante los \u00faltimos tres fines de semana de agosto (14-15, 22-23 y 28-29), a los visitantes a la decimos\u00e9ptima edici\u00f3n de su tradicional feria del Chile en Nogada, evento que forma parte de los festejos por el 200 aniversario de la creaci\u00f3n de este platillo. &nbsp; Heriberto Hern\u00e1ndez Benito, alcalde de Calpan, asegur\u00f3 que este municipio es referente en la elaboraci\u00f3n del platillo, tanto por la producci\u00f3n de insumos como por la realizaci\u00f3n de su feria anual, que este a\u00f1o debido a la pandemia ser\u00e1 efectuada desde las casas de las cocineras y bajo la aplicaci\u00f3n de las medidas sanitarias vigentes en los decretos, a fin de que el evento&hellip;Leer m\u00e1s...","og_url":"https:\/\/www.aliadospuebla.com\/?p=60340","og_site_name":"AliadosPuebla","article_published_time":"2021-08-10T23:45:34+00:00","og_image":[{"width":600,"height":450,"url":"https:\/\/www.aliadospuebla.com\/web2017\/wp-content\/uploads\/2021\/08\/CHILE-EN-NOGADA.jpg","type":"image\/jpeg"}],"author":"Aliados Videos","twitter_card":"summary_large_image","twitter_misc":{"Escrito por":"Aliados Videos","Tiempo de lectura":"2 minutos"},"schema":{"@context":"https:\/\/schema.org","@graph":[{"@type":"Article","@id":"https:\/\/www.aliadospuebla.com\/?p=60340#article","isPartOf":{"@id":"https:\/\/www.aliadospuebla.com\/?p=60340"},"author":{"name":"Aliados Videos","@id":"https:\/\/www.aliadospuebla.com\/#\/schema\/person\/0fd017f23cc5c3f7988d5d58850eec8e"},"headline":"Invita Calpan a la edici\u00f3n 17 de su feria del Chile en Nogada","datePublished":"2021-08-10T23:45:34+00:00","mainEntityOfPage":{"@id":"https:\/\/www.aliadospuebla.com\/?p=60340"},"wordCount":264,"commentCount":0,"image":{"@id":"https:\/\/www.aliadospuebla.com\/?p=60340#primaryimage"},"thumbnailUrl":"https:\/\/www.aliadospuebla.com\/web2017\/wp-content\/uploads\/2021\/08\/CHILE-EN-NOGADA.jpg","keywords":["Ayuntamiento","Calpan","CHILE EN NOGADA","Gobierno","MIGUEL BARBOSA","Puebla","turismo"],"articleSection":["Gobierno"],"inLanguage":"es","potentialAction":[{"@type":"CommentAction","name":"Comment","target":["https:\/\/www.aliadospuebla.com\/?p=60340#respond"]}]},{"@type":"WebPage","@id":"https:\/\/www.aliadospuebla.com\/?p=60340","url":"https:\/\/www.aliadospuebla.com\/?p=60340","name":"Invita Calpan a la edici\u00f3n 17 de su feria del Chile en Nogada - AliadosPuebla","isPartOf":{"@id":"https:\/\/www.aliadospuebla.com\/#website"},"primaryImageOfPage":{"@id":"https:\/\/www.aliadospuebla.com\/?p=60340#primaryimage"},"image":{"@id":"https:\/\/www.aliadospuebla.com\/?p=60340#primaryimage"},"thumbnailUrl":"https:\/\/www.aliadospuebla.com\/web2017\/wp-content\/uploads\/2021\/08\/CHILE-EN-NOGADA.jpg","datePublished":"2021-08-10T23:45:34+00:00","author":{"@id":"https:\/\/www.aliadospuebla.com\/#\/schema\/person\/0fd017f23cc5c3f7988d5d58850eec8e"},"breadcrumb":{"@id":"https:\/\/www.aliadospuebla.com\/?p=60340#breadcrumb"},"inLanguage":"es","potentialAction":[{"@type":"ReadAction","target":["https:\/\/www.aliadospuebla.com\/?p=60340"]}]},{"@type":"ImageObject","inLanguage":"es","@id":"https:\/\/www.aliadospuebla.com\/?p=60340#primaryimage","url":"https:\/\/www.aliadospuebla.com\/web2017\/wp-content\/uploads\/2021\/08\/CHILE-EN-NOGADA.jpg","contentUrl":"https:\/\/www.aliadospuebla.com\/web2017\/wp-content\/uploads\/2021\/08\/CHILE-EN-NOGADA.jpg","width":600,"height":450},{"@type":"BreadcrumbList","@id":"https:\/\/www.aliadospuebla.com\/?p=60340#breadcrumb","itemListElement":[{"@type":"ListItem","position":1,"name":"Portada","item":"https:\/\/www.aliadospuebla.com\/"},{"@type":"ListItem","position":2,"name":"Invita Calpan a la edici\u00f3n 17 de su feria del Chile en Nogada"}]},{"@type":"WebSite","@id":"https:\/\/www.aliadospuebla.com\/#website","url":"https:\/\/www.aliadospuebla.com\/","name":"AliadosPuebla","description":"La informaci\u00f3n en tus manos","potentialAction":[{"@type":"SearchAction","target":{"@type":"EntryPoint","urlTemplate":"https:\/\/www.aliadospuebla.com\/?s={search_term_string}"},"query-input":{"@type":"PropertyValueSpecification","valueRequired":true,"valueName":"search_term_string"}}],"inLanguage":"es"},{"@type":"Person","@id":"https:\/\/www.aliadospuebla.com\/#\/schema\/person\/0fd017f23cc5c3f7988d5d58850eec8e","name":"Aliados Videos","image":{"@type":"ImageObject","inLanguage":"es","@id":"https:\/\/secure.gravatar.com\/avatar\/42b92de8b2d8339e1e824f3a73ab023a0bec0ee2e3920248085eb1f3160b4083?s=96&d=mm&r=g","url":"https:\/\/secure.gravatar.com\/avatar\/42b92de8b2d8339e1e824f3a73ab023a0bec0ee2e3920248085eb1f3160b4083?s=96&d=mm&r=g","contentUrl":"https:\/\/secure.gravatar.com\/avatar\/42b92de8b2d8339e1e824f3a73ab023a0bec0ee2e3920248085eb1f3160b4083?s=96&d=mm&r=g","caption":"Aliados Videos"},"url":"https:\/\/www.aliadospuebla.com\/?author=3"}]}},"views":10,"_links":{"self":[{"href":"https:\/\/www.aliadospuebla.com\/index.php?rest_route=\/wp\/v2\/posts\/60340","targetHints":{"allow":["GET"]}}],"collection":[{"href":"https:\/\/www.aliadospuebla.com\/index.php?rest_route=\/wp\/v2\/posts"}],"about":[{"href":"https:\/\/www.aliadospuebla.com\/index.php?rest_route=\/wp\/v2\/types\/post"}],"author":[{"embeddable":true,"href":"https:\/\/www.aliadospuebla.com\/index.php?rest_route=\/wp\/v2\/users\/3"}],"replies":[{"embeddable":true,"href":"https:\/\/www.aliadospuebla.com\/index.php?rest_route=%2Fwp%2Fv2%2Fcomments&post=60340"}],"version-history":[{"count":1,"href":"https:\/\/www.aliadospuebla.com\/index.php?rest_route=\/wp\/v2\/posts\/60340\/revisions"}],"predecessor-version":[{"id":60342,"href":"https:\/\/www.aliadospuebla.com\/index.php?rest_route=\/wp\/v2\/posts\/60340\/revisions\/60342"}],"wp:featuredmedia":[{"embeddable":true,"href":"https:\/\/www.aliadospuebla.com\/index.php?rest_route=\/wp\/v2\/media\/60341"}],"wp:attachment":[{"href":"https:\/\/www.aliadospuebla.com\/index.php?rest_route=%2Fwp%2Fv2%2Fmedia&parent=60340"}],"wp:term":[{"taxonomy":"category","embeddable":true,"href":"https:\/\/www.aliadospuebla.com\/index.php?rest_route=%2Fwp%2Fv2%2Fcategories&post=60340"},{"taxonomy":"post_tag","embeddable":true,"href":"https:\/\/www.aliadospuebla.com\/index.php?rest_route=%2Fwp%2Fv2%2Ftags&post=60340"}],"curies":[{"name":"wp","href":"https:\/\/api.w.org\/{rel}","templated":true}]}}