{"id":60306,"date":"2021-08-10T14:46:44","date_gmt":"2021-08-10T19:46:44","guid":{"rendered":"https:\/\/www.aliados17.com\/?p=60306"},"modified":"2021-08-10T14:46:44","modified_gmt":"2021-08-10T19:46:44","slug":"terapia-fisico-ocupacional-permite-recuperar-calidad-de-vida-a-los-pacientes-imss-puebla","status":"publish","type":"post","link":"https:\/\/www.aliadospuebla.com\/?p=60306","title":{"rendered":"Terapia F\u00edsico Ocupacional permite recuperar calidad de vida a los pacientes: IMSS Puebla"},"content":{"rendered":"<p style=\"font-weight: 400;\">El Instituto Mexicano del Seguro Social en Puebla ante la emergencia sanitaria por SARVS-CoV-2<\/p>\n<p style=\"font-weight: 400;\">se dio a la necesidad de implementar rehabilitaci\u00f3n integral para pacientes recuperados de COVID-19<\/p>\n<p style=\"font-weight: 400;\">y otros padecimientos con intervenciones multidisciplinarias basadas en la evaluaci\u00f3n personalizada<\/p>\n<p style=\"font-weight: 400;\">para continuar con su recuperaci\u00f3n.<\/p>\n<p style=\"font-weight: 400;\">El servicio de Medicina F\u00edsica y Rehabilitaci\u00f3n de la Unidad M\u00e9dica de Alta Especialidad<\/p>\n<p style=\"font-weight: 400;\">(UMAE) Hospital de Especialidades \u201cSan Jos\u00e9\u201d, atiende a pacientes recuperados por COVID-19<\/p>\n<p style=\"font-weight: 400;\">para que alcancen un nivel m\u00e1ximo de funcionalidad, y disminuir las secuelas en lo posible,<\/p>\n<p style=\"font-weight: 400;\">inform\u00f3 Macbeth Huerta Carmona, terapeuta ocupacional del Hospital de Especialidades \u201cSan Jos\u00e9\u201d<\/p>\n<p style=\"font-weight: 400;\">Se realiza un manejo al paciente con movimientos para mejorar el equilibrio, la postura,<\/p>\n<p style=\"font-weight: 400;\">el fortalecimiento de extremidades inferiores y fortalecimiento de m\u00fasculos antigravitatorios.<\/p>\n<p style=\"font-weight: 400;\">Buscando mantener y\u00a0 mejorar la funci\u00f3n de miembros superiores, el trabajo de hombro,<\/p>\n<p style=\"font-weight: 400;\">codo, mu\u00f1eca y mano.<\/p>\n<p style=\"font-weight: 400;\">Por otro lado, expres\u00f3 Macbeth Huerta que atienden a pacientes<\/p>\n<p style=\"font-weight: 400;\">con diagn\u00f3stico de neumon\u00eda at\u00edpica por SARS-CoV-2,<\/p>\n<p style=\"font-weight: 400;\">mediante una serie de ejercicios de movilidad activo-asistida,<\/p>\n<p style=\"font-weight: 400;\">ense\u00f1anza de cambios de posici\u00f3n para drenaje postural,<\/p>\n<p style=\"font-weight: 400;\">fortalecimiento y actividades l\u00fadicas, sin olvidar los ejercicios iniciales de su terapia respiratoria.<\/p>\n<p style=\"font-weight: 400;\">Manifest\u00f3 que para recibir el servicio,<\/p>\n<p style=\"font-weight: 400;\">el derechohabiente con sospecha de alguna secuela secundaria por COVID-19,<\/p>\n<p style=\"font-weight: 400;\">como dificultad al respirar, tos, sensaci\u00f3n de cansancio, miedo y ansiedad,<\/p>\n<p style=\"font-weight: 400;\">debe acudir a su Unidad de Medicina Familiar (UMF), donde el m\u00e9dico familiar<\/p>\n<p style=\"font-weight: 400;\">revisar\u00e1 e identificar\u00e1 posibles secuelas tras la enfermedad.<\/p>\n<p style=\"font-weight: 400;\">Asimismo, el equipo atiende a derechohabientes de distintos rangos de edad<\/p>\n<p style=\"font-weight: 400;\">con lesiones en manos, amputaciones en las extremidades, lesiones tendinosas<\/p>\n<p style=\"font-weight: 400;\">en manos, postoperados de columna, rodillas, mu\u00f1ecas; par\u00e1lisis facial,<\/p>\n<p style=\"font-weight: 400;\">lesiones de nervio perif\u00e9rico y secuelas de quemaduras.<\/p>\n<p style=\"font-weight: 400;\">Adem\u00e1s, de brindar atenci\u00f3n a pacientes postoperados de c\u00e1ncer de mama,<\/p>\n<p style=\"font-weight: 400;\">ni\u00f1os que requieren estimulaci\u00f3n temprana y pacientes de la tercera edad.<\/p>\n<p style=\"font-weight: 400;\">Por otro lado, la terapeuta explic\u00f3 que se aplican tratamientos fisioterap\u00e9uticos,<\/p>\n<p style=\"font-weight: 400;\">de ultrasonido l\u00e1ser, electroterapia, de igual forma se capacita al paciente en materia<\/p>\n<p style=\"font-weight: 400;\">de rutinas de movilidad, fortalecimiento, estiramiento para aplicarlos dentro de la unidad<\/p>\n<p style=\"font-weight: 400;\">y su domicilio para una mejor\u00eda m\u00e1s r\u00e1pida.<\/p>\n<p style=\"font-weight: 400;\">La m\u00e9dica agreg\u00f3 que est\u00e1 a disposici\u00f3n el servicio de Orientaci\u00f3n M\u00e9dica<\/p>\n<p style=\"font-weight: 400;\">Telef\u00f3nica en el tel\u00e9fono 800 2222 668, opci\u00f3n 2, donde personal m\u00e9dico calificado<\/p>\n<p style=\"font-weight: 400;\">orientar\u00e1 a aquellos derechohabientes con sospecha de alguna secuela secundaria a<\/p>\n<p style=\"font-weight: 400;\">COVID-19, y en caso de identificar alguna se canalizar\u00e1 al \u00e1rea asignada.<\/p>\n<p style=\"font-weight: 400;\">Tambi\u00e9n pueden acudir a la p\u00e1gina\u00a0<a href=\"http:\/\/www.imss.gob.mx\/covid-19\" data-saferedirecturl=\"https:\/\/www.google.com\/url?q=http:\/\/www.imss.gob.mx\/covid-19&amp;source=gmail&amp;ust=1628710952891000&amp;usg=AFQjCNHl8FnKJZgSAtZI3msboT95PNNoGA\">http:\/\/www.imss.gob.mx\/covid-19<\/a><\/p>\n<p style=\"font-weight: 400;\">donde pueden consultar y descargar informaci\u00f3n en el micrositio de COVID-19,<\/p>\n<p style=\"font-weight: 400;\">materiales educativos donde se hacen recomendaciones de ejercicios en casa, de c\u00f3mo hacer caminata, entre otras.<\/p>\n<p style=\"font-weight: 400;\">Por \u00faltimo, la especialista destac\u00f3 la importancia de mantener la<\/p>\n<p style=\"font-weight: 400;\">mente y el cuerpo en acci\u00f3n como la clave de la recuperaci\u00f3n de los pacientes en cualquier rehabilitaci\u00f3n.<\/p>\n","protected":false},"excerpt":{"rendered":"<p>El Instituto Mexicano del Seguro Social en Puebla ante la emergencia sanitaria por SARVS-CoV-2 se dio a la necesidad de implementar rehabilitaci\u00f3n integral para pacientes recuperados de COVID-19 y otros padecimientos con intervenciones multidisciplinarias basadas en la evaluaci\u00f3n personalizada para continuar con su recuperaci\u00f3n. El servicio de Medicina F\u00edsica y Rehabilitaci\u00f3n de la Unidad M\u00e9dica de Alta Especialidad (UMAE) Hospital de Especialidades \u201cSan Jos\u00e9\u201d, atiende a pacientes recuperados por COVID-19 para que alcancen un nivel m\u00e1ximo de funcionalidad, y disminuir las secuelas en lo posible, inform\u00f3 Macbeth Huerta Carmona, terapeuta ocupacional del Hospital de Especialidades \u201cSan Jos\u00e9\u201d Se realiza un manejo al paciente con movimientos para mejorar el equilibrio, la postura, el fortalecimiento de extremidades inferiores y fortalecimiento de m\u00fasculos antigravitatorios. Buscando mantener y\u00a0 mejorar&hellip;<\/p>\n<p class=\"excerpt-more\"><a class=\"blog-excerpt button\" href=\"https:\/\/www.aliadospuebla.com\/?p=60306\">Leer m\u00e1s&#8230;<\/a><\/p>\n","protected":false},"author":3,"featured_media":60308,"comment_status":"open","ping_status":"open","sticky":false,"template":"","format":"standard","meta":{"_monsterinsights_skip_tracking":false,"footnotes":""},"categories":[1],"tags":[56,765,72,365],"class_list":["post-60306","post","type-post","status-publish","format-standard","has-post-thumbnail","hentry","category-otros","tag-capital","tag-imss","tag-puebla","tag-salud"],"yoast_head":"<!-- This site is optimized with the Yoast SEO plugin v28.4 - https:\/\/yoast.com\/product\/yoast-seo-wordpress\/ -->\n<title>Terapia F\u00edsico Ocupacional permite recuperar calidad de vida a los pacientes: IMSS Puebla - AliadosPuebla<\/title>\n<meta name=\"robots\" content=\"index, follow, max-snippet:-1, max-image-preview:large, max-video-preview:-1\" \/>\n<link rel=\"canonical\" href=\"https:\/\/www.aliadospuebla.com\/?p=60306\" \/>\n<meta property=\"og:locale\" content=\"es_ES\" \/>\n<meta property=\"og:type\" content=\"article\" \/>\n<meta property=\"og:title\" content=\"Terapia F\u00edsico Ocupacional permite recuperar calidad de vida a los pacientes: IMSS Puebla - AliadosPuebla\" \/>\n<meta property=\"og:description\" content=\"El Instituto Mexicano del Seguro Social en Puebla ante la emergencia sanitaria por SARVS-CoV-2 se dio a la necesidad de implementar rehabilitaci\u00f3n integral para pacientes recuperados de COVID-19 y otros padecimientos con intervenciones multidisciplinarias basadas en la evaluaci\u00f3n personalizada para continuar con su recuperaci\u00f3n. El servicio de Medicina F\u00edsica y Rehabilitaci\u00f3n de la Unidad M\u00e9dica de Alta Especialidad (UMAE) Hospital de Especialidades \u201cSan Jos\u00e9\u201d, atiende a pacientes recuperados por COVID-19 para que alcancen un nivel m\u00e1ximo de funcionalidad, y disminuir las secuelas en lo posible, inform\u00f3 Macbeth Huerta Carmona, terapeuta ocupacional del Hospital de Especialidades \u201cSan Jos\u00e9\u201d Se realiza un manejo al paciente con movimientos para mejorar el equilibrio, la postura, el fortalecimiento de extremidades inferiores y fortalecimiento de m\u00fasculos antigravitatorios. Buscando mantener y\u00a0 mejorar&hellip;Leer m\u00e1s...\" \/>\n<meta property=\"og:url\" content=\"https:\/\/www.aliadospuebla.com\/?p=60306\" \/>\n<meta property=\"og:site_name\" content=\"AliadosPuebla\" \/>\n<meta property=\"article:published_time\" content=\"2021-08-10T19:46:44+00:00\" \/>\n<meta property=\"og:image\" content=\"https:\/\/www.aliadospuebla.com\/web2017\/wp-content\/uploads\/2021\/08\/IMSS-7.jpg\" \/>\n\t<meta property=\"og:image:width\" content=\"600\" \/>\n\t<meta property=\"og:image:height\" content=\"450\" \/>\n\t<meta property=\"og:image:type\" content=\"image\/jpeg\" \/>\n<meta name=\"author\" content=\"Aliados Videos\" \/>\n<meta name=\"twitter:card\" content=\"summary_large_image\" \/>\n<meta name=\"twitter:label1\" content=\"Escrito por\" \/>\n\t<meta name=\"twitter:data1\" content=\"Aliados Videos\" \/>\n\t<meta name=\"twitter:label2\" content=\"Tiempo de lectura\" \/>\n\t<meta name=\"twitter:data2\" content=\"2 minutos\" \/>\n<script type=\"application\/ld+json\" class=\"yoast-schema-graph\">{\"@context\":\"https:\\\/\\\/schema.org\",\"@graph\":[{\"@type\":\"Article\",\"@id\":\"https:\\\/\\\/www.aliadospuebla.com\\\/?p=60306#article\",\"isPartOf\":{\"@id\":\"https:\\\/\\\/www.aliadospuebla.com\\\/?p=60306\"},\"author\":{\"name\":\"Aliados Videos\",\"@id\":\"https:\\\/\\\/www.aliadospuebla.com\\\/#\\\/schema\\\/person\\\/0fd017f23cc5c3f7988d5d58850eec8e\"},\"headline\":\"Terapia F\u00edsico Ocupacional permite recuperar calidad de vida a los pacientes: IMSS Puebla\",\"datePublished\":\"2021-08-10T19:46:44+00:00\",\"mainEntityOfPage\":{\"@id\":\"https:\\\/\\\/www.aliadospuebla.com\\\/?p=60306\"},\"wordCount\":507,\"commentCount\":0,\"image\":{\"@id\":\"https:\\\/\\\/www.aliadospuebla.com\\\/?p=60306#primaryimage\"},\"thumbnailUrl\":\"https:\\\/\\\/www.aliadospuebla.com\\\/web2017\\\/wp-content\\\/uploads\\\/2021\\\/08\\\/IMSS-7.jpg\",\"keywords\":[\"capital\",\"IMSS\",\"Puebla\",\"SALUD\"],\"articleSection\":[\"Otros\"],\"inLanguage\":\"es\",\"potentialAction\":[{\"@type\":\"CommentAction\",\"name\":\"Comment\",\"target\":[\"https:\\\/\\\/www.aliadospuebla.com\\\/?p=60306#respond\"]}]},{\"@type\":\"WebPage\",\"@id\":\"https:\\\/\\\/www.aliadospuebla.com\\\/?p=60306\",\"url\":\"https:\\\/\\\/www.aliadospuebla.com\\\/?p=60306\",\"name\":\"Terapia F\u00edsico Ocupacional permite recuperar calidad de vida a los pacientes: IMSS Puebla - AliadosPuebla\",\"isPartOf\":{\"@id\":\"https:\\\/\\\/www.aliadospuebla.com\\\/#website\"},\"primaryImageOfPage\":{\"@id\":\"https:\\\/\\\/www.aliadospuebla.com\\\/?p=60306#primaryimage\"},\"image\":{\"@id\":\"https:\\\/\\\/www.aliadospuebla.com\\\/?p=60306#primaryimage\"},\"thumbnailUrl\":\"https:\\\/\\\/www.aliadospuebla.com\\\/web2017\\\/wp-content\\\/uploads\\\/2021\\\/08\\\/IMSS-7.jpg\",\"datePublished\":\"2021-08-10T19:46:44+00:00\",\"author\":{\"@id\":\"https:\\\/\\\/www.aliadospuebla.com\\\/#\\\/schema\\\/person\\\/0fd017f23cc5c3f7988d5d58850eec8e\"},\"breadcrumb\":{\"@id\":\"https:\\\/\\\/www.aliadospuebla.com\\\/?p=60306#breadcrumb\"},\"inLanguage\":\"es\",\"potentialAction\":[{\"@type\":\"ReadAction\",\"target\":[\"https:\\\/\\\/www.aliadospuebla.com\\\/?p=60306\"]}]},{\"@type\":\"ImageObject\",\"inLanguage\":\"es\",\"@id\":\"https:\\\/\\\/www.aliadospuebla.com\\\/?p=60306#primaryimage\",\"url\":\"https:\\\/\\\/www.aliadospuebla.com\\\/web2017\\\/wp-content\\\/uploads\\\/2021\\\/08\\\/IMSS-7.jpg\",\"contentUrl\":\"https:\\\/\\\/www.aliadospuebla.com\\\/web2017\\\/wp-content\\\/uploads\\\/2021\\\/08\\\/IMSS-7.jpg\",\"width\":600,\"height\":450},{\"@type\":\"BreadcrumbList\",\"@id\":\"https:\\\/\\\/www.aliadospuebla.com\\\/?p=60306#breadcrumb\",\"itemListElement\":[{\"@type\":\"ListItem\",\"position\":1,\"name\":\"Portada\",\"item\":\"https:\\\/\\\/www.aliadospuebla.com\\\/\"},{\"@type\":\"ListItem\",\"position\":2,\"name\":\"Terapia F\u00edsico Ocupacional permite recuperar calidad de vida a los pacientes: IMSS Puebla\"}]},{\"@type\":\"WebSite\",\"@id\":\"https:\\\/\\\/www.aliadospuebla.com\\\/#website\",\"url\":\"https:\\\/\\\/www.aliadospuebla.com\\\/\",\"name\":\"AliadosPuebla\",\"description\":\"La informaci\u00f3n en tus manos\",\"potentialAction\":[{\"@type\":\"SearchAction\",\"target\":{\"@type\":\"EntryPoint\",\"urlTemplate\":\"https:\\\/\\\/www.aliadospuebla.com\\\/?s={search_term_string}\"},\"query-input\":{\"@type\":\"PropertyValueSpecification\",\"valueRequired\":true,\"valueName\":\"search_term_string\"}}],\"inLanguage\":\"es\"},{\"@type\":\"Person\",\"@id\":\"https:\\\/\\\/www.aliadospuebla.com\\\/#\\\/schema\\\/person\\\/0fd017f23cc5c3f7988d5d58850eec8e\",\"name\":\"Aliados Videos\",\"image\":{\"@type\":\"ImageObject\",\"inLanguage\":\"es\",\"@id\":\"https:\\\/\\\/secure.gravatar.com\\\/avatar\\\/42b92de8b2d8339e1e824f3a73ab023a0bec0ee2e3920248085eb1f3160b4083?s=96&d=mm&r=g\",\"url\":\"https:\\\/\\\/secure.gravatar.com\\\/avatar\\\/42b92de8b2d8339e1e824f3a73ab023a0bec0ee2e3920248085eb1f3160b4083?s=96&d=mm&r=g\",\"contentUrl\":\"https:\\\/\\\/secure.gravatar.com\\\/avatar\\\/42b92de8b2d8339e1e824f3a73ab023a0bec0ee2e3920248085eb1f3160b4083?s=96&d=mm&r=g\",\"caption\":\"Aliados Videos\"},\"url\":\"https:\\\/\\\/www.aliadospuebla.com\\\/?author=3\"}]}<\/script>\n<!-- \/ Yoast SEO plugin. -->","yoast_head_json":{"title":"Terapia F\u00edsico Ocupacional permite recuperar calidad de vida a los pacientes: IMSS Puebla - AliadosPuebla","robots":{"index":"index","follow":"follow","max-snippet":"max-snippet:-1","max-image-preview":"max-image-preview:large","max-video-preview":"max-video-preview:-1"},"canonical":"https:\/\/www.aliadospuebla.com\/?p=60306","og_locale":"es_ES","og_type":"article","og_title":"Terapia F\u00edsico Ocupacional permite recuperar calidad de vida a los pacientes: IMSS Puebla - AliadosPuebla","og_description":"El Instituto Mexicano del Seguro Social en Puebla ante la emergencia sanitaria por SARVS-CoV-2 se dio a la necesidad de implementar rehabilitaci\u00f3n integral para pacientes recuperados de COVID-19 y otros padecimientos con intervenciones multidisciplinarias basadas en la evaluaci\u00f3n personalizada para continuar con su recuperaci\u00f3n. El servicio de Medicina F\u00edsica y Rehabilitaci\u00f3n de la Unidad M\u00e9dica de Alta Especialidad (UMAE) Hospital de Especialidades \u201cSan Jos\u00e9\u201d, atiende a pacientes recuperados por COVID-19 para que alcancen un nivel m\u00e1ximo de funcionalidad, y disminuir las secuelas en lo posible, inform\u00f3 Macbeth Huerta Carmona, terapeuta ocupacional del Hospital de Especialidades \u201cSan Jos\u00e9\u201d Se realiza un manejo al paciente con movimientos para mejorar el equilibrio, la postura, el fortalecimiento de extremidades inferiores y fortalecimiento de m\u00fasculos antigravitatorios. Buscando mantener y\u00a0 mejorar&hellip;Leer m\u00e1s...","og_url":"https:\/\/www.aliadospuebla.com\/?p=60306","og_site_name":"AliadosPuebla","article_published_time":"2021-08-10T19:46:44+00:00","og_image":[{"width":600,"height":450,"url":"https:\/\/www.aliadospuebla.com\/web2017\/wp-content\/uploads\/2021\/08\/IMSS-7.jpg","type":"image\/jpeg"}],"author":"Aliados Videos","twitter_card":"summary_large_image","twitter_misc":{"Escrito por":"Aliados Videos","Tiempo de lectura":"2 minutos"},"schema":{"@context":"https:\/\/schema.org","@graph":[{"@type":"Article","@id":"https:\/\/www.aliadospuebla.com\/?p=60306#article","isPartOf":{"@id":"https:\/\/www.aliadospuebla.com\/?p=60306"},"author":{"name":"Aliados Videos","@id":"https:\/\/www.aliadospuebla.com\/#\/schema\/person\/0fd017f23cc5c3f7988d5d58850eec8e"},"headline":"Terapia F\u00edsico Ocupacional permite recuperar calidad de vida a los pacientes: IMSS Puebla","datePublished":"2021-08-10T19:46:44+00:00","mainEntityOfPage":{"@id":"https:\/\/www.aliadospuebla.com\/?p=60306"},"wordCount":507,"commentCount":0,"image":{"@id":"https:\/\/www.aliadospuebla.com\/?p=60306#primaryimage"},"thumbnailUrl":"https:\/\/www.aliadospuebla.com\/web2017\/wp-content\/uploads\/2021\/08\/IMSS-7.jpg","keywords":["capital","IMSS","Puebla","SALUD"],"articleSection":["Otros"],"inLanguage":"es","potentialAction":[{"@type":"CommentAction","name":"Comment","target":["https:\/\/www.aliadospuebla.com\/?p=60306#respond"]}]},{"@type":"WebPage","@id":"https:\/\/www.aliadospuebla.com\/?p=60306","url":"https:\/\/www.aliadospuebla.com\/?p=60306","name":"Terapia F\u00edsico Ocupacional permite recuperar calidad de vida a los pacientes: IMSS Puebla - AliadosPuebla","isPartOf":{"@id":"https:\/\/www.aliadospuebla.com\/#website"},"primaryImageOfPage":{"@id":"https:\/\/www.aliadospuebla.com\/?p=60306#primaryimage"},"image":{"@id":"https:\/\/www.aliadospuebla.com\/?p=60306#primaryimage"},"thumbnailUrl":"https:\/\/www.aliadospuebla.com\/web2017\/wp-content\/uploads\/2021\/08\/IMSS-7.jpg","datePublished":"2021-08-10T19:46:44+00:00","author":{"@id":"https:\/\/www.aliadospuebla.com\/#\/schema\/person\/0fd017f23cc5c3f7988d5d58850eec8e"},"breadcrumb":{"@id":"https:\/\/www.aliadospuebla.com\/?p=60306#breadcrumb"},"inLanguage":"es","potentialAction":[{"@type":"ReadAction","target":["https:\/\/www.aliadospuebla.com\/?p=60306"]}]},{"@type":"ImageObject","inLanguage":"es","@id":"https:\/\/www.aliadospuebla.com\/?p=60306#primaryimage","url":"https:\/\/www.aliadospuebla.com\/web2017\/wp-content\/uploads\/2021\/08\/IMSS-7.jpg","contentUrl":"https:\/\/www.aliadospuebla.com\/web2017\/wp-content\/uploads\/2021\/08\/IMSS-7.jpg","width":600,"height":450},{"@type":"BreadcrumbList","@id":"https:\/\/www.aliadospuebla.com\/?p=60306#breadcrumb","itemListElement":[{"@type":"ListItem","position":1,"name":"Portada","item":"https:\/\/www.aliadospuebla.com\/"},{"@type":"ListItem","position":2,"name":"Terapia F\u00edsico Ocupacional permite recuperar calidad de vida a los pacientes: IMSS Puebla"}]},{"@type":"WebSite","@id":"https:\/\/www.aliadospuebla.com\/#website","url":"https:\/\/www.aliadospuebla.com\/","name":"AliadosPuebla","description":"La informaci\u00f3n en tus manos","potentialAction":[{"@type":"SearchAction","target":{"@type":"EntryPoint","urlTemplate":"https:\/\/www.aliadospuebla.com\/?s={search_term_string}"},"query-input":{"@type":"PropertyValueSpecification","valueRequired":true,"valueName":"search_term_string"}}],"inLanguage":"es"},{"@type":"Person","@id":"https:\/\/www.aliadospuebla.com\/#\/schema\/person\/0fd017f23cc5c3f7988d5d58850eec8e","name":"Aliados Videos","image":{"@type":"ImageObject","inLanguage":"es","@id":"https:\/\/secure.gravatar.com\/avatar\/42b92de8b2d8339e1e824f3a73ab023a0bec0ee2e3920248085eb1f3160b4083?s=96&d=mm&r=g","url":"https:\/\/secure.gravatar.com\/avatar\/42b92de8b2d8339e1e824f3a73ab023a0bec0ee2e3920248085eb1f3160b4083?s=96&d=mm&r=g","contentUrl":"https:\/\/secure.gravatar.com\/avatar\/42b92de8b2d8339e1e824f3a73ab023a0bec0ee2e3920248085eb1f3160b4083?s=96&d=mm&r=g","caption":"Aliados Videos"},"url":"https:\/\/www.aliadospuebla.com\/?author=3"}]}},"views":12,"_links":{"self":[{"href":"https:\/\/www.aliadospuebla.com\/index.php?rest_route=\/wp\/v2\/posts\/60306","targetHints":{"allow":["GET"]}}],"collection":[{"href":"https:\/\/www.aliadospuebla.com\/index.php?rest_route=\/wp\/v2\/posts"}],"about":[{"href":"https:\/\/www.aliadospuebla.com\/index.php?rest_route=\/wp\/v2\/types\/post"}],"author":[{"embeddable":true,"href":"https:\/\/www.aliadospuebla.com\/index.php?rest_route=\/wp\/v2\/users\/3"}],"replies":[{"embeddable":true,"href":"https:\/\/www.aliadospuebla.com\/index.php?rest_route=%2Fwp%2Fv2%2Fcomments&post=60306"}],"version-history":[{"count":2,"href":"https:\/\/www.aliadospuebla.com\/index.php?rest_route=\/wp\/v2\/posts\/60306\/revisions"}],"predecessor-version":[{"id":60309,"href":"https:\/\/www.aliadospuebla.com\/index.php?rest_route=\/wp\/v2\/posts\/60306\/revisions\/60309"}],"wp:featuredmedia":[{"embeddable":true,"href":"https:\/\/www.aliadospuebla.com\/index.php?rest_route=\/wp\/v2\/media\/60308"}],"wp:attachment":[{"href":"https:\/\/www.aliadospuebla.com\/index.php?rest_route=%2Fwp%2Fv2%2Fmedia&parent=60306"}],"wp:term":[{"taxonomy":"category","embeddable":true,"href":"https:\/\/www.aliadospuebla.com\/index.php?rest_route=%2Fwp%2Fv2%2Fcategories&post=60306"},{"taxonomy":"post_tag","embeddable":true,"href":"https:\/\/www.aliadospuebla.com\/index.php?rest_route=%2Fwp%2Fv2%2Ftags&post=60306"}],"curies":[{"name":"wp","href":"https:\/\/api.w.org\/{rel}","templated":true}]}}