{"id":60147,"date":"2021-08-05T20:12:19","date_gmt":"2021-08-06T01:12:19","guid":{"rendered":"https:\/\/www.aliados17.com\/?p=60147"},"modified":"2021-08-05T20:12:19","modified_gmt":"2021-08-06T01:12:19","slug":"asesora-secretaria-de-trabajo-a-personas-adultas-mayores-sobre-derechos-laborales","status":"publish","type":"post","link":"https:\/\/www.aliadospuebla.com\/?p=60147","title":{"rendered":"Asesora Secretar\u00eda de Trabajo a personas adultas mayores sobre derechos laborales"},"content":{"rendered":"<p>CIUDAD DE PUEBLA, Pue. &#8211; Luego de solicitar una asesor\u00eda para conocer sus derechos y obligaciones, el secretario de Trabajo, Abelardo Cu\u00e9llar Delgado atendi\u00f3 virtualmente a 50 personas jubiladas, esto en el marco del Mes de las Personas Adultas Mayores (agosto).<\/p>\n<p>El funcionario reconoci\u00f3 el inter\u00e9s de las y los participantes para asesorarse y conocer m\u00e1s sobre sus derechos laborales como jubilados, o en algunos casos, como pensionados.<\/p>\n<p>Durante la pl\u00e1tica sostenida, Cu\u00e9llar Delgado recomend\u00f3 a las y los presentes consolidar una agrupaci\u00f3n entre ellos para que, de forma colectiva, puedan beneficiarse con informaci\u00f3n, saber m\u00e1s sobre los programas impulsados y la atenci\u00f3n que brinda el Voluntariado Social de la dependencia.<\/p>\n<p>A su vez, las personas participantes reconocieron la apertura de la Secretar\u00eda de Trabajo por impulsar acciones en favor de los adultos mayores, as\u00ed como para escuchar sus necesidades.<\/p>\n<p>Actualmente, la dependencia, a trav\u00e9s del Voluntariado, ofrece a las personas adultas mayores talleres, cursos, capacitaciones o acceso a programas sobre educaci\u00f3n, cultura y arte, salud, econom\u00eda solidaria, derechos humanos, intercambio y di\u00e1logo de saberes e identificaci\u00f3n de situaciones de riesgo, as\u00ed como gesti\u00f3n de atenci\u00f3n y servicios.<\/p>\n","protected":false},"excerpt":{"rendered":"<p>CIUDAD DE PUEBLA, Pue. &#8211; Luego de solicitar una asesor\u00eda para conocer sus derechos y obligaciones, el secretario de Trabajo, Abelardo Cu\u00e9llar Delgado atendi\u00f3 virtualmente a 50 personas jubiladas, esto en el marco del Mes de las Personas Adultas Mayores (agosto). El funcionario reconoci\u00f3 el inter\u00e9s de las y los participantes para asesorarse y conocer m\u00e1s sobre sus derechos laborales como jubilados, o en algunos casos, como pensionados. Durante la pl\u00e1tica sostenida, Cu\u00e9llar Delgado recomend\u00f3 a las y los presentes consolidar una agrupaci\u00f3n entre ellos para que, de forma colectiva, puedan beneficiarse con informaci\u00f3n, saber m\u00e1s sobre los programas impulsados y la atenci\u00f3n que brinda el Voluntariado Social de la dependencia. A su vez, las personas participantes reconocieron la apertura de la Secretar\u00eda de Trabajo&hellip;<\/p>\n<p class=\"excerpt-more\"><a class=\"blog-excerpt button\" href=\"https:\/\/www.aliadospuebla.com\/?p=60147\">Leer m\u00e1s&#8230;<\/a><\/p>\n","protected":false},"author":3,"featured_media":60148,"comment_status":"open","ping_status":"open","sticky":false,"template":"","format":"standard","meta":{"_monsterinsights_skip_tracking":false,"footnotes":""},"categories":[61],"tags":[193,850,72,3002,198],"class_list":["post-60147","post","type-post","status-publish","format-standard","has-post-thumbnail","hentry","category-gobierno","tag-gobierno","tag-miguel-barbosa","tag-puebla","tag-regidores","tag-trabajo"],"yoast_head":"<!-- This site is optimized with the Yoast SEO plugin v28.4 - https:\/\/yoast.com\/product\/yoast-seo-wordpress\/ -->\n<title>Asesora Secretar\u00eda de Trabajo a personas adultas mayores sobre derechos laborales - AliadosPuebla<\/title>\n<meta name=\"robots\" content=\"index, follow, max-snippet:-1, max-image-preview:large, max-video-preview:-1\" \/>\n<link rel=\"canonical\" href=\"https:\/\/www.aliadospuebla.com\/?p=60147\" \/>\n<meta property=\"og:locale\" content=\"es_ES\" \/>\n<meta property=\"og:type\" content=\"article\" \/>\n<meta property=\"og:title\" content=\"Asesora Secretar\u00eda de Trabajo a personas adultas mayores sobre derechos laborales - AliadosPuebla\" \/>\n<meta property=\"og:description\" content=\"CIUDAD DE PUEBLA, Pue. &#8211; Luego de solicitar una asesor\u00eda para conocer sus derechos y obligaciones, el secretario de Trabajo, Abelardo Cu\u00e9llar Delgado atendi\u00f3 virtualmente a 50 personas jubiladas, esto en el marco del Mes de las Personas Adultas Mayores (agosto). El funcionario reconoci\u00f3 el inter\u00e9s de las y los participantes para asesorarse y conocer m\u00e1s sobre sus derechos laborales como jubilados, o en algunos casos, como pensionados. Durante la pl\u00e1tica sostenida, Cu\u00e9llar Delgado recomend\u00f3 a las y los presentes consolidar una agrupaci\u00f3n entre ellos para que, de forma colectiva, puedan beneficiarse con informaci\u00f3n, saber m\u00e1s sobre los programas impulsados y la atenci\u00f3n que brinda el Voluntariado Social de la dependencia. A su vez, las personas participantes reconocieron la apertura de la Secretar\u00eda de Trabajo&hellip;Leer m\u00e1s...\" \/>\n<meta property=\"og:url\" content=\"https:\/\/www.aliadospuebla.com\/?p=60147\" \/>\n<meta property=\"og:site_name\" content=\"AliadosPuebla\" \/>\n<meta property=\"article:published_time\" content=\"2021-08-06T01:12:19+00:00\" \/>\n<meta property=\"og:image\" content=\"https:\/\/www.aliadospuebla.com\/web2017\/wp-content\/uploads\/2021\/08\/TRABAJO.jpg\" \/>\n\t<meta property=\"og:image:width\" content=\"600\" \/>\n\t<meta property=\"og:image:height\" content=\"450\" \/>\n\t<meta property=\"og:image:type\" content=\"image\/jpeg\" \/>\n<meta name=\"author\" content=\"Aliados Videos\" \/>\n<meta name=\"twitter:card\" content=\"summary_large_image\" \/>\n<meta name=\"twitter:label1\" content=\"Escrito por\" \/>\n\t<meta name=\"twitter:data1\" content=\"Aliados Videos\" \/>\n\t<meta name=\"twitter:label2\" content=\"Tiempo de lectura\" \/>\n\t<meta name=\"twitter:data2\" content=\"1 minuto\" \/>\n<script type=\"application\/ld+json\" class=\"yoast-schema-graph\">{\"@context\":\"https:\\\/\\\/schema.org\",\"@graph\":[{\"@type\":\"Article\",\"@id\":\"https:\\\/\\\/www.aliadospuebla.com\\\/?p=60147#article\",\"isPartOf\":{\"@id\":\"https:\\\/\\\/www.aliadospuebla.com\\\/?p=60147\"},\"author\":{\"name\":\"Aliados Videos\",\"@id\":\"https:\\\/\\\/www.aliadospuebla.com\\\/#\\\/schema\\\/person\\\/0fd017f23cc5c3f7988d5d58850eec8e\"},\"headline\":\"Asesora Secretar\u00eda de Trabajo a personas adultas mayores sobre derechos laborales\",\"datePublished\":\"2021-08-06T01:12:19+00:00\",\"mainEntityOfPage\":{\"@id\":\"https:\\\/\\\/www.aliadospuebla.com\\\/?p=60147\"},\"wordCount\":217,\"commentCount\":0,\"image\":{\"@id\":\"https:\\\/\\\/www.aliadospuebla.com\\\/?p=60147#primaryimage\"},\"thumbnailUrl\":\"https:\\\/\\\/www.aliadospuebla.com\\\/web2017\\\/wp-content\\\/uploads\\\/2021\\\/08\\\/TRABAJO.jpg\",\"keywords\":[\"Gobierno\",\"MIGUEL BARBOSA\",\"Puebla\",\"REGIDORES\",\"trabajo\"],\"articleSection\":[\"Gobierno\"],\"inLanguage\":\"es\",\"potentialAction\":[{\"@type\":\"CommentAction\",\"name\":\"Comment\",\"target\":[\"https:\\\/\\\/www.aliadospuebla.com\\\/?p=60147#respond\"]}]},{\"@type\":\"WebPage\",\"@id\":\"https:\\\/\\\/www.aliadospuebla.com\\\/?p=60147\",\"url\":\"https:\\\/\\\/www.aliadospuebla.com\\\/?p=60147\",\"name\":\"Asesora Secretar\u00eda de Trabajo a personas adultas mayores sobre derechos laborales - AliadosPuebla\",\"isPartOf\":{\"@id\":\"https:\\\/\\\/www.aliadospuebla.com\\\/#website\"},\"primaryImageOfPage\":{\"@id\":\"https:\\\/\\\/www.aliadospuebla.com\\\/?p=60147#primaryimage\"},\"image\":{\"@id\":\"https:\\\/\\\/www.aliadospuebla.com\\\/?p=60147#primaryimage\"},\"thumbnailUrl\":\"https:\\\/\\\/www.aliadospuebla.com\\\/web2017\\\/wp-content\\\/uploads\\\/2021\\\/08\\\/TRABAJO.jpg\",\"datePublished\":\"2021-08-06T01:12:19+00:00\",\"author\":{\"@id\":\"https:\\\/\\\/www.aliadospuebla.com\\\/#\\\/schema\\\/person\\\/0fd017f23cc5c3f7988d5d58850eec8e\"},\"breadcrumb\":{\"@id\":\"https:\\\/\\\/www.aliadospuebla.com\\\/?p=60147#breadcrumb\"},\"inLanguage\":\"es\",\"potentialAction\":[{\"@type\":\"ReadAction\",\"target\":[\"https:\\\/\\\/www.aliadospuebla.com\\\/?p=60147\"]}]},{\"@type\":\"ImageObject\",\"inLanguage\":\"es\",\"@id\":\"https:\\\/\\\/www.aliadospuebla.com\\\/?p=60147#primaryimage\",\"url\":\"https:\\\/\\\/www.aliadospuebla.com\\\/web2017\\\/wp-content\\\/uploads\\\/2021\\\/08\\\/TRABAJO.jpg\",\"contentUrl\":\"https:\\\/\\\/www.aliadospuebla.com\\\/web2017\\\/wp-content\\\/uploads\\\/2021\\\/08\\\/TRABAJO.jpg\",\"width\":600,\"height\":450},{\"@type\":\"BreadcrumbList\",\"@id\":\"https:\\\/\\\/www.aliadospuebla.com\\\/?p=60147#breadcrumb\",\"itemListElement\":[{\"@type\":\"ListItem\",\"position\":1,\"name\":\"Portada\",\"item\":\"https:\\\/\\\/www.aliadospuebla.com\\\/\"},{\"@type\":\"ListItem\",\"position\":2,\"name\":\"Asesora Secretar\u00eda de Trabajo a personas adultas mayores sobre derechos laborales\"}]},{\"@type\":\"WebSite\",\"@id\":\"https:\\\/\\\/www.aliadospuebla.com\\\/#website\",\"url\":\"https:\\\/\\\/www.aliadospuebla.com\\\/\",\"name\":\"AliadosPuebla\",\"description\":\"La informaci\u00f3n en tus manos\",\"potentialAction\":[{\"@type\":\"SearchAction\",\"target\":{\"@type\":\"EntryPoint\",\"urlTemplate\":\"https:\\\/\\\/www.aliadospuebla.com\\\/?s={search_term_string}\"},\"query-input\":{\"@type\":\"PropertyValueSpecification\",\"valueRequired\":true,\"valueName\":\"search_term_string\"}}],\"inLanguage\":\"es\"},{\"@type\":\"Person\",\"@id\":\"https:\\\/\\\/www.aliadospuebla.com\\\/#\\\/schema\\\/person\\\/0fd017f23cc5c3f7988d5d58850eec8e\",\"name\":\"Aliados Videos\",\"image\":{\"@type\":\"ImageObject\",\"inLanguage\":\"es\",\"@id\":\"https:\\\/\\\/secure.gravatar.com\\\/avatar\\\/42b92de8b2d8339e1e824f3a73ab023a0bec0ee2e3920248085eb1f3160b4083?s=96&d=mm&r=g\",\"url\":\"https:\\\/\\\/secure.gravatar.com\\\/avatar\\\/42b92de8b2d8339e1e824f3a73ab023a0bec0ee2e3920248085eb1f3160b4083?s=96&d=mm&r=g\",\"contentUrl\":\"https:\\\/\\\/secure.gravatar.com\\\/avatar\\\/42b92de8b2d8339e1e824f3a73ab023a0bec0ee2e3920248085eb1f3160b4083?s=96&d=mm&r=g\",\"caption\":\"Aliados Videos\"},\"url\":\"https:\\\/\\\/www.aliadospuebla.com\\\/?author=3\"}]}<\/script>\n<!-- \/ Yoast SEO plugin. -->","yoast_head_json":{"title":"Asesora Secretar\u00eda de Trabajo a personas adultas mayores sobre derechos laborales - AliadosPuebla","robots":{"index":"index","follow":"follow","max-snippet":"max-snippet:-1","max-image-preview":"max-image-preview:large","max-video-preview":"max-video-preview:-1"},"canonical":"https:\/\/www.aliadospuebla.com\/?p=60147","og_locale":"es_ES","og_type":"article","og_title":"Asesora Secretar\u00eda de Trabajo a personas adultas mayores sobre derechos laborales - AliadosPuebla","og_description":"CIUDAD DE PUEBLA, Pue. &#8211; Luego de solicitar una asesor\u00eda para conocer sus derechos y obligaciones, el secretario de Trabajo, Abelardo Cu\u00e9llar Delgado atendi\u00f3 virtualmente a 50 personas jubiladas, esto en el marco del Mes de las Personas Adultas Mayores (agosto). El funcionario reconoci\u00f3 el inter\u00e9s de las y los participantes para asesorarse y conocer m\u00e1s sobre sus derechos laborales como jubilados, o en algunos casos, como pensionados. Durante la pl\u00e1tica sostenida, Cu\u00e9llar Delgado recomend\u00f3 a las y los presentes consolidar una agrupaci\u00f3n entre ellos para que, de forma colectiva, puedan beneficiarse con informaci\u00f3n, saber m\u00e1s sobre los programas impulsados y la atenci\u00f3n que brinda el Voluntariado Social de la dependencia. A su vez, las personas participantes reconocieron la apertura de la Secretar\u00eda de Trabajo&hellip;Leer m\u00e1s...","og_url":"https:\/\/www.aliadospuebla.com\/?p=60147","og_site_name":"AliadosPuebla","article_published_time":"2021-08-06T01:12:19+00:00","og_image":[{"width":600,"height":450,"url":"https:\/\/www.aliadospuebla.com\/web2017\/wp-content\/uploads\/2021\/08\/TRABAJO.jpg","type":"image\/jpeg"}],"author":"Aliados Videos","twitter_card":"summary_large_image","twitter_misc":{"Escrito por":"Aliados Videos","Tiempo de lectura":"1 minuto"},"schema":{"@context":"https:\/\/schema.org","@graph":[{"@type":"Article","@id":"https:\/\/www.aliadospuebla.com\/?p=60147#article","isPartOf":{"@id":"https:\/\/www.aliadospuebla.com\/?p=60147"},"author":{"name":"Aliados Videos","@id":"https:\/\/www.aliadospuebla.com\/#\/schema\/person\/0fd017f23cc5c3f7988d5d58850eec8e"},"headline":"Asesora Secretar\u00eda de Trabajo a personas adultas mayores sobre derechos laborales","datePublished":"2021-08-06T01:12:19+00:00","mainEntityOfPage":{"@id":"https:\/\/www.aliadospuebla.com\/?p=60147"},"wordCount":217,"commentCount":0,"image":{"@id":"https:\/\/www.aliadospuebla.com\/?p=60147#primaryimage"},"thumbnailUrl":"https:\/\/www.aliadospuebla.com\/web2017\/wp-content\/uploads\/2021\/08\/TRABAJO.jpg","keywords":["Gobierno","MIGUEL BARBOSA","Puebla","REGIDORES","trabajo"],"articleSection":["Gobierno"],"inLanguage":"es","potentialAction":[{"@type":"CommentAction","name":"Comment","target":["https:\/\/www.aliadospuebla.com\/?p=60147#respond"]}]},{"@type":"WebPage","@id":"https:\/\/www.aliadospuebla.com\/?p=60147","url":"https:\/\/www.aliadospuebla.com\/?p=60147","name":"Asesora Secretar\u00eda de Trabajo a personas adultas mayores sobre derechos laborales - AliadosPuebla","isPartOf":{"@id":"https:\/\/www.aliadospuebla.com\/#website"},"primaryImageOfPage":{"@id":"https:\/\/www.aliadospuebla.com\/?p=60147#primaryimage"},"image":{"@id":"https:\/\/www.aliadospuebla.com\/?p=60147#primaryimage"},"thumbnailUrl":"https:\/\/www.aliadospuebla.com\/web2017\/wp-content\/uploads\/2021\/08\/TRABAJO.jpg","datePublished":"2021-08-06T01:12:19+00:00","author":{"@id":"https:\/\/www.aliadospuebla.com\/#\/schema\/person\/0fd017f23cc5c3f7988d5d58850eec8e"},"breadcrumb":{"@id":"https:\/\/www.aliadospuebla.com\/?p=60147#breadcrumb"},"inLanguage":"es","potentialAction":[{"@type":"ReadAction","target":["https:\/\/www.aliadospuebla.com\/?p=60147"]}]},{"@type":"ImageObject","inLanguage":"es","@id":"https:\/\/www.aliadospuebla.com\/?p=60147#primaryimage","url":"https:\/\/www.aliadospuebla.com\/web2017\/wp-content\/uploads\/2021\/08\/TRABAJO.jpg","contentUrl":"https:\/\/www.aliadospuebla.com\/web2017\/wp-content\/uploads\/2021\/08\/TRABAJO.jpg","width":600,"height":450},{"@type":"BreadcrumbList","@id":"https:\/\/www.aliadospuebla.com\/?p=60147#breadcrumb","itemListElement":[{"@type":"ListItem","position":1,"name":"Portada","item":"https:\/\/www.aliadospuebla.com\/"},{"@type":"ListItem","position":2,"name":"Asesora Secretar\u00eda de Trabajo a personas adultas mayores sobre derechos laborales"}]},{"@type":"WebSite","@id":"https:\/\/www.aliadospuebla.com\/#website","url":"https:\/\/www.aliadospuebla.com\/","name":"AliadosPuebla","description":"La informaci\u00f3n en tus manos","potentialAction":[{"@type":"SearchAction","target":{"@type":"EntryPoint","urlTemplate":"https:\/\/www.aliadospuebla.com\/?s={search_term_string}"},"query-input":{"@type":"PropertyValueSpecification","valueRequired":true,"valueName":"search_term_string"}}],"inLanguage":"es"},{"@type":"Person","@id":"https:\/\/www.aliadospuebla.com\/#\/schema\/person\/0fd017f23cc5c3f7988d5d58850eec8e","name":"Aliados Videos","image":{"@type":"ImageObject","inLanguage":"es","@id":"https:\/\/secure.gravatar.com\/avatar\/42b92de8b2d8339e1e824f3a73ab023a0bec0ee2e3920248085eb1f3160b4083?s=96&d=mm&r=g","url":"https:\/\/secure.gravatar.com\/avatar\/42b92de8b2d8339e1e824f3a73ab023a0bec0ee2e3920248085eb1f3160b4083?s=96&d=mm&r=g","contentUrl":"https:\/\/secure.gravatar.com\/avatar\/42b92de8b2d8339e1e824f3a73ab023a0bec0ee2e3920248085eb1f3160b4083?s=96&d=mm&r=g","caption":"Aliados Videos"},"url":"https:\/\/www.aliadospuebla.com\/?author=3"}]}},"views":6,"_links":{"self":[{"href":"https:\/\/www.aliadospuebla.com\/index.php?rest_route=\/wp\/v2\/posts\/60147","targetHints":{"allow":["GET"]}}],"collection":[{"href":"https:\/\/www.aliadospuebla.com\/index.php?rest_route=\/wp\/v2\/posts"}],"about":[{"href":"https:\/\/www.aliadospuebla.com\/index.php?rest_route=\/wp\/v2\/types\/post"}],"author":[{"embeddable":true,"href":"https:\/\/www.aliadospuebla.com\/index.php?rest_route=\/wp\/v2\/users\/3"}],"replies":[{"embeddable":true,"href":"https:\/\/www.aliadospuebla.com\/index.php?rest_route=%2Fwp%2Fv2%2Fcomments&post=60147"}],"version-history":[{"count":1,"href":"https:\/\/www.aliadospuebla.com\/index.php?rest_route=\/wp\/v2\/posts\/60147\/revisions"}],"predecessor-version":[{"id":60149,"href":"https:\/\/www.aliadospuebla.com\/index.php?rest_route=\/wp\/v2\/posts\/60147\/revisions\/60149"}],"wp:featuredmedia":[{"embeddable":true,"href":"https:\/\/www.aliadospuebla.com\/index.php?rest_route=\/wp\/v2\/media\/60148"}],"wp:attachment":[{"href":"https:\/\/www.aliadospuebla.com\/index.php?rest_route=%2Fwp%2Fv2%2Fmedia&parent=60147"}],"wp:term":[{"taxonomy":"category","embeddable":true,"href":"https:\/\/www.aliadospuebla.com\/index.php?rest_route=%2Fwp%2Fv2%2Fcategories&post=60147"},{"taxonomy":"post_tag","embeddable":true,"href":"https:\/\/www.aliadospuebla.com\/index.php?rest_route=%2Fwp%2Fv2%2Ftags&post=60147"}],"curies":[{"name":"wp","href":"https:\/\/api.w.org\/{rel}","templated":true}]}}