{"id":59920,"date":"2021-07-31T20:56:30","date_gmt":"2021-08-01T01:56:30","guid":{"rendered":"https:\/\/www.aliados17.com\/?p=59920"},"modified":"2021-07-31T20:56:30","modified_gmt":"2021-08-01T01:56:30","slug":"capacita-sesa-a-personal-de-salud-sobre-prevencion-de-la-violencia-en-la-adolescencia","status":"publish","type":"post","link":"https:\/\/www.aliadospuebla.com\/?p=59920","title":{"rendered":"CAPACITA SESA A PERSONAL DE SALUD SOBRE  PREVENCI\u00d3N DE LA VIOLENCIA EN LA ADOLESCENCIA"},"content":{"rendered":"<p>Con la finalidad de promover el buen trato y la crianza positiva en la etapa adolescente,<\/p>\n<p>la Secretar\u00eda de Salud del Estado (SESA) capacit\u00f3 al personal de las \u00e1reas de Trabajo Social,<\/p>\n<p>Medicina, Enfermer\u00eda,<\/p>\n<p>Psicolog\u00eda y promotores de la salud de centros de salud urbanos y rurales sobre el Modelo de Prevenci\u00f3n de la Violencia en la Adolescencia.<\/p>\n<p>&nbsp;<\/p>\n<p>A trav\u00e9s de estos cursos,<\/p>\n<p>los participantes desarrollaron habilidades did\u00e1cticas,<\/p>\n<p>din\u00e1micas y el manejo de conocimientos sobre la violencia como un problema de salud p\u00fablica.<\/p>\n<p>&nbsp;<\/p>\n<p>En total se impartieron seis cursos sobre este modelo,<\/p>\n<p>donde se sensibiliz\u00f3 al personal ante actos de violencia hacia las y los adolescentes,<\/p>\n<p>se revisaron conceptos b\u00e1sicos, situaci\u00f3n actual, tipos de violencia, modelo ecol\u00f3gico,<\/p>\n<p>factores de riesgo,<\/p>\n<p>consecuencias,<\/p>\n<p>crianza positiva y alternativas para prevenir el maltrato fomentando el buen trato en las familias.<\/p>\n<p>&nbsp;<\/p>\n<p>La SESA inform\u00f3 que estos cursos se replicar\u00e1n a trav\u00e9s de sesiones informativas en centros de salud urbanos y rurales,<\/p>\n<p>y ser\u00e1n impartidos por el personal de los mismos centros. Estas sesiones estar\u00e1n dirigidas a poblaci\u00f3n adolescente de 10 a 19 a\u00f1os y para madres, padres y\/o tutores.<\/p>\n<p>&nbsp;<\/p>\n<p>La dependencia se\u00f1al\u00f3 que el objetivo de las sesiones es que las y los adolescentes reflexionen respecto a factores de riesgo,<\/p>\n<p>las causas y consecuencias de la violencia, as\u00ed como las alternativas que ofrece el buen trato para prevenirla.<\/p>\n<p>&nbsp;<\/p>\n<p>En tanto,<\/p>\n<p>el objetivo de las sesiones dirigidas para madres,<\/p>\n<p>padres y\/o tutores,<\/p>\n<p>es generar procesos de an\u00e1lisis y reflexi\u00f3n respecto a las alternativas que ofrecen la crianza positiva y el buen trato para prevenir la violencia.<\/p>\n<p>&nbsp;<\/p>\n<p>Los cursos fueron impartidos por personal del Programa de Atenci\u00f3n a la Salud de la Adolescencia y la Prevenci\u00f3n del Maltrato Infantil y del componente de Prevenci\u00f3n de la Violencia en la Adolescencia.<\/p>\n","protected":false},"excerpt":{"rendered":"<p>Con la finalidad de promover el buen trato y la crianza positiva en la etapa adolescente, la Secretar\u00eda de Salud del Estado (SESA) capacit\u00f3 al personal de las \u00e1reas de Trabajo Social, Medicina, Enfermer\u00eda, Psicolog\u00eda y promotores de la salud de centros de salud urbanos y rurales sobre el Modelo de Prevenci\u00f3n de la Violencia en la Adolescencia. &nbsp; A trav\u00e9s de estos cursos, los participantes desarrollaron habilidades did\u00e1cticas, din\u00e1micas y el manejo de conocimientos sobre la violencia como un problema de salud p\u00fablica. &nbsp; En total se impartieron seis cursos sobre este modelo, donde se sensibiliz\u00f3 al personal ante actos de violencia hacia las y los adolescentes, se revisaron conceptos b\u00e1sicos, situaci\u00f3n actual, tipos de violencia, modelo ecol\u00f3gico, factores de riesgo, consecuencias, crianza positiva&hellip;<\/p>\n<p class=\"excerpt-more\"><a class=\"blog-excerpt button\" href=\"https:\/\/www.aliadospuebla.com\/?p=59920\">Leer m\u00e1s&#8230;<\/a><\/p>\n","protected":false},"author":3,"featured_media":59921,"comment_status":"open","ping_status":"open","sticky":false,"template":"","format":"standard","meta":{"_monsterinsights_skip_tracking":false,"footnotes":""},"categories":[8304],"tags":[8367,3002,365,319],"class_list":["post-59920","post","type-post","status-publish","format-standard","has-post-thumbnail","hentry","category-nacional","tag-marco-mena","tag-regidores","tag-salud","tag-tlaxcala"],"yoast_head":"<!-- This site is optimized with the Yoast SEO plugin v28.4 - https:\/\/yoast.com\/product\/yoast-seo-wordpress\/ -->\n<title>CAPACITA SESA A PERSONAL DE SALUD SOBRE PREVENCI\u00d3N DE LA VIOLENCIA EN LA ADOLESCENCIA - AliadosPuebla<\/title>\n<meta name=\"robots\" content=\"index, follow, max-snippet:-1, max-image-preview:large, max-video-preview:-1\" \/>\n<link rel=\"canonical\" href=\"https:\/\/www.aliadospuebla.com\/?p=59920\" \/>\n<meta property=\"og:locale\" content=\"es_ES\" \/>\n<meta property=\"og:type\" content=\"article\" \/>\n<meta property=\"og:title\" content=\"CAPACITA SESA A PERSONAL DE SALUD SOBRE PREVENCI\u00d3N DE LA VIOLENCIA EN LA ADOLESCENCIA - AliadosPuebla\" \/>\n<meta property=\"og:description\" content=\"Con la finalidad de promover el buen trato y la crianza positiva en la etapa adolescente, la Secretar\u00eda de Salud del Estado (SESA) capacit\u00f3 al personal de las \u00e1reas de Trabajo Social, Medicina, Enfermer\u00eda, Psicolog\u00eda y promotores de la salud de centros de salud urbanos y rurales sobre el Modelo de Prevenci\u00f3n de la Violencia en la Adolescencia. &nbsp; A trav\u00e9s de estos cursos, los participantes desarrollaron habilidades did\u00e1cticas, din\u00e1micas y el manejo de conocimientos sobre la violencia como un problema de salud p\u00fablica. &nbsp; En total se impartieron seis cursos sobre este modelo, donde se sensibiliz\u00f3 al personal ante actos de violencia hacia las y los adolescentes, se revisaron conceptos b\u00e1sicos, situaci\u00f3n actual, tipos de violencia, modelo ecol\u00f3gico, factores de riesgo, consecuencias, crianza positiva&hellip;Leer m\u00e1s...\" \/>\n<meta property=\"og:url\" content=\"https:\/\/www.aliadospuebla.com\/?p=59920\" \/>\n<meta property=\"og:site_name\" content=\"AliadosPuebla\" \/>\n<meta property=\"article:published_time\" content=\"2021-08-01T01:56:30+00:00\" \/>\n<meta property=\"og:image\" content=\"https:\/\/www.aliadospuebla.com\/web2017\/wp-content\/uploads\/2021\/07\/TLAX-44.jpg\" \/>\n\t<meta property=\"og:image:width\" content=\"600\" \/>\n\t<meta property=\"og:image:height\" content=\"450\" \/>\n\t<meta property=\"og:image:type\" content=\"image\/jpeg\" \/>\n<meta name=\"author\" content=\"Aliados Videos\" \/>\n<meta name=\"twitter:card\" content=\"summary_large_image\" \/>\n<meta name=\"twitter:label1\" content=\"Escrito por\" \/>\n\t<meta name=\"twitter:data1\" content=\"Aliados Videos\" \/>\n\t<meta name=\"twitter:label2\" content=\"Tiempo de lectura\" \/>\n\t<meta name=\"twitter:data2\" content=\"2 minutos\" \/>\n<script type=\"application\/ld+json\" class=\"yoast-schema-graph\">{\"@context\":\"https:\\\/\\\/schema.org\",\"@graph\":[{\"@type\":\"Article\",\"@id\":\"https:\\\/\\\/www.aliadospuebla.com\\\/?p=59920#article\",\"isPartOf\":{\"@id\":\"https:\\\/\\\/www.aliadospuebla.com\\\/?p=59920\"},\"author\":{\"name\":\"Aliados Videos\",\"@id\":\"https:\\\/\\\/www.aliadospuebla.com\\\/#\\\/schema\\\/person\\\/0fd017f23cc5c3f7988d5d58850eec8e\"},\"headline\":\"CAPACITA SESA A PERSONAL DE SALUD SOBRE PREVENCI\u00d3N DE LA VIOLENCIA EN LA ADOLESCENCIA\",\"datePublished\":\"2021-08-01T01:56:30+00:00\",\"mainEntityOfPage\":{\"@id\":\"https:\\\/\\\/www.aliadospuebla.com\\\/?p=59920\"},\"wordCount\":337,\"commentCount\":0,\"image\":{\"@id\":\"https:\\\/\\\/www.aliadospuebla.com\\\/?p=59920#primaryimage\"},\"thumbnailUrl\":\"https:\\\/\\\/www.aliadospuebla.com\\\/web2017\\\/wp-content\\\/uploads\\\/2021\\\/07\\\/TLAX-44.jpg\",\"keywords\":[\"MARCO MENA\",\"REGIDORES\",\"SALUD\",\"TLAXCALA\"],\"articleSection\":[\"Nacional\"],\"inLanguage\":\"es\",\"potentialAction\":[{\"@type\":\"CommentAction\",\"name\":\"Comment\",\"target\":[\"https:\\\/\\\/www.aliadospuebla.com\\\/?p=59920#respond\"]}]},{\"@type\":\"WebPage\",\"@id\":\"https:\\\/\\\/www.aliadospuebla.com\\\/?p=59920\",\"url\":\"https:\\\/\\\/www.aliadospuebla.com\\\/?p=59920\",\"name\":\"CAPACITA SESA A PERSONAL DE SALUD SOBRE PREVENCI\u00d3N DE LA VIOLENCIA EN LA ADOLESCENCIA - AliadosPuebla\",\"isPartOf\":{\"@id\":\"https:\\\/\\\/www.aliadospuebla.com\\\/#website\"},\"primaryImageOfPage\":{\"@id\":\"https:\\\/\\\/www.aliadospuebla.com\\\/?p=59920#primaryimage\"},\"image\":{\"@id\":\"https:\\\/\\\/www.aliadospuebla.com\\\/?p=59920#primaryimage\"},\"thumbnailUrl\":\"https:\\\/\\\/www.aliadospuebla.com\\\/web2017\\\/wp-content\\\/uploads\\\/2021\\\/07\\\/TLAX-44.jpg\",\"datePublished\":\"2021-08-01T01:56:30+00:00\",\"author\":{\"@id\":\"https:\\\/\\\/www.aliadospuebla.com\\\/#\\\/schema\\\/person\\\/0fd017f23cc5c3f7988d5d58850eec8e\"},\"breadcrumb\":{\"@id\":\"https:\\\/\\\/www.aliadospuebla.com\\\/?p=59920#breadcrumb\"},\"inLanguage\":\"es\",\"potentialAction\":[{\"@type\":\"ReadAction\",\"target\":[\"https:\\\/\\\/www.aliadospuebla.com\\\/?p=59920\"]}]},{\"@type\":\"ImageObject\",\"inLanguage\":\"es\",\"@id\":\"https:\\\/\\\/www.aliadospuebla.com\\\/?p=59920#primaryimage\",\"url\":\"https:\\\/\\\/www.aliadospuebla.com\\\/web2017\\\/wp-content\\\/uploads\\\/2021\\\/07\\\/TLAX-44.jpg\",\"contentUrl\":\"https:\\\/\\\/www.aliadospuebla.com\\\/web2017\\\/wp-content\\\/uploads\\\/2021\\\/07\\\/TLAX-44.jpg\",\"width\":600,\"height\":450},{\"@type\":\"BreadcrumbList\",\"@id\":\"https:\\\/\\\/www.aliadospuebla.com\\\/?p=59920#breadcrumb\",\"itemListElement\":[{\"@type\":\"ListItem\",\"position\":1,\"name\":\"Portada\",\"item\":\"https:\\\/\\\/www.aliadospuebla.com\\\/\"},{\"@type\":\"ListItem\",\"position\":2,\"name\":\"CAPACITA SESA A PERSONAL DE SALUD SOBRE PREVENCI\u00d3N DE LA VIOLENCIA EN LA ADOLESCENCIA\"}]},{\"@type\":\"WebSite\",\"@id\":\"https:\\\/\\\/www.aliadospuebla.com\\\/#website\",\"url\":\"https:\\\/\\\/www.aliadospuebla.com\\\/\",\"name\":\"AliadosPuebla\",\"description\":\"La informaci\u00f3n en tus manos\",\"potentialAction\":[{\"@type\":\"SearchAction\",\"target\":{\"@type\":\"EntryPoint\",\"urlTemplate\":\"https:\\\/\\\/www.aliadospuebla.com\\\/?s={search_term_string}\"},\"query-input\":{\"@type\":\"PropertyValueSpecification\",\"valueRequired\":true,\"valueName\":\"search_term_string\"}}],\"inLanguage\":\"es\"},{\"@type\":\"Person\",\"@id\":\"https:\\\/\\\/www.aliadospuebla.com\\\/#\\\/schema\\\/person\\\/0fd017f23cc5c3f7988d5d58850eec8e\",\"name\":\"Aliados Videos\",\"image\":{\"@type\":\"ImageObject\",\"inLanguage\":\"es\",\"@id\":\"https:\\\/\\\/secure.gravatar.com\\\/avatar\\\/42b92de8b2d8339e1e824f3a73ab023a0bec0ee2e3920248085eb1f3160b4083?s=96&d=mm&r=g\",\"url\":\"https:\\\/\\\/secure.gravatar.com\\\/avatar\\\/42b92de8b2d8339e1e824f3a73ab023a0bec0ee2e3920248085eb1f3160b4083?s=96&d=mm&r=g\",\"contentUrl\":\"https:\\\/\\\/secure.gravatar.com\\\/avatar\\\/42b92de8b2d8339e1e824f3a73ab023a0bec0ee2e3920248085eb1f3160b4083?s=96&d=mm&r=g\",\"caption\":\"Aliados Videos\"},\"url\":\"https:\\\/\\\/www.aliadospuebla.com\\\/?author=3\"}]}<\/script>\n<!-- \/ Yoast SEO plugin. -->","yoast_head_json":{"title":"CAPACITA SESA A PERSONAL DE SALUD SOBRE PREVENCI\u00d3N DE LA VIOLENCIA EN LA ADOLESCENCIA - AliadosPuebla","robots":{"index":"index","follow":"follow","max-snippet":"max-snippet:-1","max-image-preview":"max-image-preview:large","max-video-preview":"max-video-preview:-1"},"canonical":"https:\/\/www.aliadospuebla.com\/?p=59920","og_locale":"es_ES","og_type":"article","og_title":"CAPACITA SESA A PERSONAL DE SALUD SOBRE PREVENCI\u00d3N DE LA VIOLENCIA EN LA ADOLESCENCIA - AliadosPuebla","og_description":"Con la finalidad de promover el buen trato y la crianza positiva en la etapa adolescente, la Secretar\u00eda de Salud del Estado (SESA) capacit\u00f3 al personal de las \u00e1reas de Trabajo Social, Medicina, Enfermer\u00eda, Psicolog\u00eda y promotores de la salud de centros de salud urbanos y rurales sobre el Modelo de Prevenci\u00f3n de la Violencia en la Adolescencia. &nbsp; A trav\u00e9s de estos cursos, los participantes desarrollaron habilidades did\u00e1cticas, din\u00e1micas y el manejo de conocimientos sobre la violencia como un problema de salud p\u00fablica. &nbsp; En total se impartieron seis cursos sobre este modelo, donde se sensibiliz\u00f3 al personal ante actos de violencia hacia las y los adolescentes, se revisaron conceptos b\u00e1sicos, situaci\u00f3n actual, tipos de violencia, modelo ecol\u00f3gico, factores de riesgo, consecuencias, crianza positiva&hellip;Leer m\u00e1s...","og_url":"https:\/\/www.aliadospuebla.com\/?p=59920","og_site_name":"AliadosPuebla","article_published_time":"2021-08-01T01:56:30+00:00","og_image":[{"width":600,"height":450,"url":"https:\/\/www.aliadospuebla.com\/web2017\/wp-content\/uploads\/2021\/07\/TLAX-44.jpg","type":"image\/jpeg"}],"author":"Aliados Videos","twitter_card":"summary_large_image","twitter_misc":{"Escrito por":"Aliados Videos","Tiempo de lectura":"2 minutos"},"schema":{"@context":"https:\/\/schema.org","@graph":[{"@type":"Article","@id":"https:\/\/www.aliadospuebla.com\/?p=59920#article","isPartOf":{"@id":"https:\/\/www.aliadospuebla.com\/?p=59920"},"author":{"name":"Aliados Videos","@id":"https:\/\/www.aliadospuebla.com\/#\/schema\/person\/0fd017f23cc5c3f7988d5d58850eec8e"},"headline":"CAPACITA SESA A PERSONAL DE SALUD SOBRE PREVENCI\u00d3N DE LA VIOLENCIA EN LA ADOLESCENCIA","datePublished":"2021-08-01T01:56:30+00:00","mainEntityOfPage":{"@id":"https:\/\/www.aliadospuebla.com\/?p=59920"},"wordCount":337,"commentCount":0,"image":{"@id":"https:\/\/www.aliadospuebla.com\/?p=59920#primaryimage"},"thumbnailUrl":"https:\/\/www.aliadospuebla.com\/web2017\/wp-content\/uploads\/2021\/07\/TLAX-44.jpg","keywords":["MARCO MENA","REGIDORES","SALUD","TLAXCALA"],"articleSection":["Nacional"],"inLanguage":"es","potentialAction":[{"@type":"CommentAction","name":"Comment","target":["https:\/\/www.aliadospuebla.com\/?p=59920#respond"]}]},{"@type":"WebPage","@id":"https:\/\/www.aliadospuebla.com\/?p=59920","url":"https:\/\/www.aliadospuebla.com\/?p=59920","name":"CAPACITA SESA A PERSONAL DE SALUD SOBRE PREVENCI\u00d3N DE LA VIOLENCIA EN LA ADOLESCENCIA - AliadosPuebla","isPartOf":{"@id":"https:\/\/www.aliadospuebla.com\/#website"},"primaryImageOfPage":{"@id":"https:\/\/www.aliadospuebla.com\/?p=59920#primaryimage"},"image":{"@id":"https:\/\/www.aliadospuebla.com\/?p=59920#primaryimage"},"thumbnailUrl":"https:\/\/www.aliadospuebla.com\/web2017\/wp-content\/uploads\/2021\/07\/TLAX-44.jpg","datePublished":"2021-08-01T01:56:30+00:00","author":{"@id":"https:\/\/www.aliadospuebla.com\/#\/schema\/person\/0fd017f23cc5c3f7988d5d58850eec8e"},"breadcrumb":{"@id":"https:\/\/www.aliadospuebla.com\/?p=59920#breadcrumb"},"inLanguage":"es","potentialAction":[{"@type":"ReadAction","target":["https:\/\/www.aliadospuebla.com\/?p=59920"]}]},{"@type":"ImageObject","inLanguage":"es","@id":"https:\/\/www.aliadospuebla.com\/?p=59920#primaryimage","url":"https:\/\/www.aliadospuebla.com\/web2017\/wp-content\/uploads\/2021\/07\/TLAX-44.jpg","contentUrl":"https:\/\/www.aliadospuebla.com\/web2017\/wp-content\/uploads\/2021\/07\/TLAX-44.jpg","width":600,"height":450},{"@type":"BreadcrumbList","@id":"https:\/\/www.aliadospuebla.com\/?p=59920#breadcrumb","itemListElement":[{"@type":"ListItem","position":1,"name":"Portada","item":"https:\/\/www.aliadospuebla.com\/"},{"@type":"ListItem","position":2,"name":"CAPACITA SESA A PERSONAL DE SALUD SOBRE PREVENCI\u00d3N DE LA VIOLENCIA EN LA ADOLESCENCIA"}]},{"@type":"WebSite","@id":"https:\/\/www.aliadospuebla.com\/#website","url":"https:\/\/www.aliadospuebla.com\/","name":"AliadosPuebla","description":"La informaci\u00f3n en tus manos","potentialAction":[{"@type":"SearchAction","target":{"@type":"EntryPoint","urlTemplate":"https:\/\/www.aliadospuebla.com\/?s={search_term_string}"},"query-input":{"@type":"PropertyValueSpecification","valueRequired":true,"valueName":"search_term_string"}}],"inLanguage":"es"},{"@type":"Person","@id":"https:\/\/www.aliadospuebla.com\/#\/schema\/person\/0fd017f23cc5c3f7988d5d58850eec8e","name":"Aliados Videos","image":{"@type":"ImageObject","inLanguage":"es","@id":"https:\/\/secure.gravatar.com\/avatar\/42b92de8b2d8339e1e824f3a73ab023a0bec0ee2e3920248085eb1f3160b4083?s=96&d=mm&r=g","url":"https:\/\/secure.gravatar.com\/avatar\/42b92de8b2d8339e1e824f3a73ab023a0bec0ee2e3920248085eb1f3160b4083?s=96&d=mm&r=g","contentUrl":"https:\/\/secure.gravatar.com\/avatar\/42b92de8b2d8339e1e824f3a73ab023a0bec0ee2e3920248085eb1f3160b4083?s=96&d=mm&r=g","caption":"Aliados Videos"},"url":"https:\/\/www.aliadospuebla.com\/?author=3"}]}},"views":13,"_links":{"self":[{"href":"https:\/\/www.aliadospuebla.com\/index.php?rest_route=\/wp\/v2\/posts\/59920","targetHints":{"allow":["GET"]}}],"collection":[{"href":"https:\/\/www.aliadospuebla.com\/index.php?rest_route=\/wp\/v2\/posts"}],"about":[{"href":"https:\/\/www.aliadospuebla.com\/index.php?rest_route=\/wp\/v2\/types\/post"}],"author":[{"embeddable":true,"href":"https:\/\/www.aliadospuebla.com\/index.php?rest_route=\/wp\/v2\/users\/3"}],"replies":[{"embeddable":true,"href":"https:\/\/www.aliadospuebla.com\/index.php?rest_route=%2Fwp%2Fv2%2Fcomments&post=59920"}],"version-history":[{"count":1,"href":"https:\/\/www.aliadospuebla.com\/index.php?rest_route=\/wp\/v2\/posts\/59920\/revisions"}],"predecessor-version":[{"id":59922,"href":"https:\/\/www.aliadospuebla.com\/index.php?rest_route=\/wp\/v2\/posts\/59920\/revisions\/59922"}],"wp:featuredmedia":[{"embeddable":true,"href":"https:\/\/www.aliadospuebla.com\/index.php?rest_route=\/wp\/v2\/media\/59921"}],"wp:attachment":[{"href":"https:\/\/www.aliadospuebla.com\/index.php?rest_route=%2Fwp%2Fv2%2Fmedia&parent=59920"}],"wp:term":[{"taxonomy":"category","embeddable":true,"href":"https:\/\/www.aliadospuebla.com\/index.php?rest_route=%2Fwp%2Fv2%2Fcategories&post=59920"},{"taxonomy":"post_tag","embeddable":true,"href":"https:\/\/www.aliadospuebla.com\/index.php?rest_route=%2Fwp%2Fv2%2Ftags&post=59920"}],"curies":[{"name":"wp","href":"https:\/\/api.w.org\/{rel}","templated":true}]}}