{"id":59869,"date":"2021-07-29T21:20:40","date_gmt":"2021-07-30T02:20:40","guid":{"rendered":"https:\/\/www.aliados17.com\/?p=59869"},"modified":"2021-07-29T21:20:40","modified_gmt":"2021-07-30T02:20:40","slug":"encabeza-lorena-cuellar-primera-reunion-interinstitucional-con-alcaldes-electos","status":"publish","type":"post","link":"https:\/\/www.aliadospuebla.com\/?p=59869","title":{"rendered":"Encabeza Lorena Cu\u00e9llar primera reuni\u00f3n interinstitucional con alcaldes electos"},"content":{"rendered":"<p>Fueron informados sobre el manejo de los programas federales y la propuesta de<br \/>\nunificar criterios para la implementaci\u00f3n de sus Planes de Desarrollo Municipal con el<br \/>\nEstatal<\/p>\n<p>La gobernadora electa de Tlaxcala, Lorena Cu\u00e9llar Cisneros sostuvo este d\u00eda la primera<br \/>\nreuni\u00f3n de trabajo interinstitucional de trabajo con alcaldes electos, en la que se les<br \/>\nbrind\u00f3 toda la informaci\u00f3n sobre el manejo de los programas federales y se les plante\u00f3<br \/>\nla propuesta de unificar criterios para la implementaci\u00f3n de sus Planes de Desarrollo<br \/>\nMunicipal con el estatal, con el objetivo de obtener mejores resultados para la<br \/>\npoblaci\u00f3n.<\/p>\n<p>Precis\u00f3 que esta fue la primera de cuatro reuniones que llevar\u00e1 a cabo por bloques con<br \/>\nlos 60 presidentes municipales electos, con el objetivo de cuidar y aplicar los protocolos<br \/>\nde seguridad sanitaria derivadas de la pandemia Covid-19.<\/p>\n<p>En esta primera reuni\u00f3n, la futura gobernadora y los alcaldes electos, manifestaron su<br \/>\ndisposici\u00f3n de trabajar de la mano con la federaci\u00f3n como con el Estado, pues el<br \/>\nobjetivo es llevar el mayor n\u00famero de beneficios a sus habitantes bajo la coordinaci\u00f3n<br \/>\nentre federaci\u00f3n, estado y municipios.<\/p>\n<p>Lorena Cu\u00e9llar Cisneros indic\u00f3 que como parte de este trabajo interinstitucional, el<br \/>\nobjetivo es poner especial atenci\u00f3n en temas como el combate a la violencia de g\u00e9nero<br \/>\ny garantizar paridad en los puestos dentro de sus administraciones; mejorar la<br \/>\ninfraestructura de los Centros de Salud a la brevedad; convertir las escuelas en recintos<br \/>\nintegrales donde la cultura, el deporte y la tecnolog\u00eda permitan recuperar la cohesi\u00f3n<br \/>\nfamiliar; impulsar una planeaci\u00f3n ordenada con bancos de proyectos que permita<br \/>\ngestionar recursos en las diferentes dependencias federales, entre otros.<\/p>\n<p>La gobernadora electa refrend\u00f3 su disposici\u00f3n para acompa\u00f1ar a los alcaldes electos en<br \/>\ntodo momento, pues el objetivo es generar una sinergia entre los tres niveles de<br \/>\ngobierno para obtener mejores resultados a favor de la poblaci\u00f3n, por lo que en los<br \/>\npr\u00f3ximos d\u00edas buscar\u00e1 concretar reuniones con los 60 alcaldes electos.<\/p>\n<p>En esta primera reuni\u00f3n de trabajo estuvieron presentes los alcaldes electos de Amaxac<br \/>\nde Guerrero, Tepetitla de Lardiz\u00e1bal, Santa Cruz Tlaxcala, Chiautempan, Sanct\u00f3rum de<br \/>\nL\u00e1zaro C\u00e1rdenas, Tenancingo, Ixtacuixtla, Nanacamilpa, Contla, Panotla,<br \/>\nYauhquemehcan y Santa Apolonia Teacalco, Nancy Cortes V\u00e1zquez, Alan Alvarado Islas,<br \/>\nDavid Mart\u00ednez Del Razo, Oscar Portillo Ram\u00edrez, Gustavo Jim\u00e9nez Romero, Verenice<br \/>\nGarc\u00eda Sald\u00edvar, Micaela Guzm\u00e1n Guzm\u00e1n, Jes\u00fas Rolando P\u00e9rez Saavedra, Oswaldo<br \/>\nManuel Romano Valdez, Jorge Alfredo Corichi Fragoso, Eddy Roldan Xolocotzi, Felicitas<br \/>\nV\u00e1zquez Islas, Mar\u00eda Anita Chamorro Badillo y Rodrigo Cuahutle Salazar,<br \/>\nrespectivamente.<\/p>\n<p>Durante este evento, la gobernadora electa de Tlaxcala, Lorena Cu\u00e9llar Cisneros y los<br \/>\n14 alcaldes electos firmaron una Carta-Compromiso por la Transformaci\u00f3n, a trav\u00e9s de<br \/>\nla cual los alcaldes aceptaron conducir sus administraciones bajo los principios \u00e9ticos<br \/>\nestablecidos por el presidente de M\u00e9xico, para brindar un servicio que beneficie<br \/>\nrealmente al pueblo<\/p>\n","protected":false},"excerpt":{"rendered":"<p>Fueron informados sobre el manejo de los programas federales y la propuesta de unificar criterios para la implementaci\u00f3n de sus Planes de Desarrollo Municipal con el Estatal La gobernadora electa de Tlaxcala, Lorena Cu\u00e9llar Cisneros sostuvo este d\u00eda la primera reuni\u00f3n de trabajo interinstitucional de trabajo con alcaldes electos, en la que se les brind\u00f3 toda la informaci\u00f3n sobre el manejo de los programas federales y se les plante\u00f3 la propuesta de unificar criterios para la implementaci\u00f3n de sus Planes de Desarrollo Municipal con el estatal, con el objetivo de obtener mejores resultados para la poblaci\u00f3n. Precis\u00f3 que esta fue la primera de cuatro reuniones que llevar\u00e1 a cabo por bloques con los 60 presidentes municipales electos, con el objetivo de cuidar y aplicar los&hellip;<\/p>\n<p class=\"excerpt-more\"><a class=\"blog-excerpt button\" href=\"https:\/\/www.aliadospuebla.com\/?p=59869\">Leer m\u00e1s&#8230;<\/a><\/p>\n","protected":false},"author":3,"featured_media":59870,"comment_status":"open","ping_status":"open","sticky":false,"template":"","format":"standard","meta":{"_monsterinsights_skip_tracking":false,"footnotes":""},"categories":[8304],"tags":[56,16149,11633,77,72,365,319],"class_list":["post-59869","post","type-post","status-publish","format-standard","has-post-thumbnail","hentry","category-nacional","tag-capital","tag-gobernadora-electa-de-tlaxcala","tag-lorena-cuellar","tag-municipios","tag-puebla","tag-salud","tag-tlaxcala"],"yoast_head":"<!-- This site is optimized with the Yoast SEO plugin v28.4 - https:\/\/yoast.com\/product\/yoast-seo-wordpress\/ -->\n<title>Encabeza Lorena Cu\u00e9llar primera reuni\u00f3n interinstitucional con alcaldes electos - AliadosPuebla<\/title>\n<meta name=\"robots\" content=\"index, follow, max-snippet:-1, max-image-preview:large, max-video-preview:-1\" \/>\n<link rel=\"canonical\" href=\"https:\/\/www.aliadospuebla.com\/?p=59869\" \/>\n<meta property=\"og:locale\" content=\"es_ES\" \/>\n<meta property=\"og:type\" content=\"article\" \/>\n<meta property=\"og:title\" content=\"Encabeza Lorena Cu\u00e9llar primera reuni\u00f3n interinstitucional con alcaldes electos - AliadosPuebla\" \/>\n<meta property=\"og:description\" content=\"Fueron informados sobre el manejo de los programas federales y la propuesta de unificar criterios para la implementaci\u00f3n de sus Planes de Desarrollo Municipal con el Estatal La gobernadora electa de Tlaxcala, Lorena Cu\u00e9llar Cisneros sostuvo este d\u00eda la primera reuni\u00f3n de trabajo interinstitucional de trabajo con alcaldes electos, en la que se les brind\u00f3 toda la informaci\u00f3n sobre el manejo de los programas federales y se les plante\u00f3 la propuesta de unificar criterios para la implementaci\u00f3n de sus Planes de Desarrollo Municipal con el estatal, con el objetivo de obtener mejores resultados para la poblaci\u00f3n. Precis\u00f3 que esta fue la primera de cuatro reuniones que llevar\u00e1 a cabo por bloques con los 60 presidentes municipales electos, con el objetivo de cuidar y aplicar los&hellip;Leer m\u00e1s...\" \/>\n<meta property=\"og:url\" content=\"https:\/\/www.aliadospuebla.com\/?p=59869\" \/>\n<meta property=\"og:site_name\" content=\"AliadosPuebla\" \/>\n<meta property=\"article:published_time\" content=\"2021-07-30T02:20:40+00:00\" \/>\n<meta property=\"og:image\" content=\"https:\/\/www.aliadospuebla.com\/web2017\/wp-content\/uploads\/2021\/07\/TLAX-40.jpg\" \/>\n\t<meta property=\"og:image:width\" content=\"600\" \/>\n\t<meta property=\"og:image:height\" content=\"450\" \/>\n\t<meta property=\"og:image:type\" content=\"image\/jpeg\" \/>\n<meta name=\"author\" content=\"Aliados Videos\" \/>\n<meta name=\"twitter:card\" content=\"summary_large_image\" \/>\n<meta name=\"twitter:label1\" content=\"Escrito por\" \/>\n\t<meta name=\"twitter:data1\" content=\"Aliados Videos\" \/>\n\t<meta name=\"twitter:label2\" content=\"Tiempo de lectura\" \/>\n\t<meta name=\"twitter:data2\" content=\"2 minutos\" \/>\n<script type=\"application\/ld+json\" class=\"yoast-schema-graph\">{\"@context\":\"https:\\\/\\\/schema.org\",\"@graph\":[{\"@type\":\"Article\",\"@id\":\"https:\\\/\\\/www.aliadospuebla.com\\\/?p=59869#article\",\"isPartOf\":{\"@id\":\"https:\\\/\\\/www.aliadospuebla.com\\\/?p=59869\"},\"author\":{\"name\":\"Aliados Videos\",\"@id\":\"https:\\\/\\\/www.aliadospuebla.com\\\/#\\\/schema\\\/person\\\/0fd017f23cc5c3f7988d5d58850eec8e\"},\"headline\":\"Encabeza Lorena Cu\u00e9llar primera reuni\u00f3n interinstitucional con alcaldes electos\",\"datePublished\":\"2021-07-30T02:20:40+00:00\",\"mainEntityOfPage\":{\"@id\":\"https:\\\/\\\/www.aliadospuebla.com\\\/?p=59869\"},\"wordCount\":509,\"commentCount\":0,\"image\":{\"@id\":\"https:\\\/\\\/www.aliadospuebla.com\\\/?p=59869#primaryimage\"},\"thumbnailUrl\":\"https:\\\/\\\/www.aliadospuebla.com\\\/web2017\\\/wp-content\\\/uploads\\\/2021\\\/07\\\/TLAX-40.jpg\",\"keywords\":[\"capital\",\"GOBERNADORA ELECTA DE TLAXCALA\",\"LORENA CU\u00c9LLAR\",\"Municipios\",\"Puebla\",\"SALUD\",\"TLAXCALA\"],\"articleSection\":[\"Nacional\"],\"inLanguage\":\"es\",\"potentialAction\":[{\"@type\":\"CommentAction\",\"name\":\"Comment\",\"target\":[\"https:\\\/\\\/www.aliadospuebla.com\\\/?p=59869#respond\"]}]},{\"@type\":\"WebPage\",\"@id\":\"https:\\\/\\\/www.aliadospuebla.com\\\/?p=59869\",\"url\":\"https:\\\/\\\/www.aliadospuebla.com\\\/?p=59869\",\"name\":\"Encabeza Lorena Cu\u00e9llar primera reuni\u00f3n interinstitucional con alcaldes electos - AliadosPuebla\",\"isPartOf\":{\"@id\":\"https:\\\/\\\/www.aliadospuebla.com\\\/#website\"},\"primaryImageOfPage\":{\"@id\":\"https:\\\/\\\/www.aliadospuebla.com\\\/?p=59869#primaryimage\"},\"image\":{\"@id\":\"https:\\\/\\\/www.aliadospuebla.com\\\/?p=59869#primaryimage\"},\"thumbnailUrl\":\"https:\\\/\\\/www.aliadospuebla.com\\\/web2017\\\/wp-content\\\/uploads\\\/2021\\\/07\\\/TLAX-40.jpg\",\"datePublished\":\"2021-07-30T02:20:40+00:00\",\"author\":{\"@id\":\"https:\\\/\\\/www.aliadospuebla.com\\\/#\\\/schema\\\/person\\\/0fd017f23cc5c3f7988d5d58850eec8e\"},\"breadcrumb\":{\"@id\":\"https:\\\/\\\/www.aliadospuebla.com\\\/?p=59869#breadcrumb\"},\"inLanguage\":\"es\",\"potentialAction\":[{\"@type\":\"ReadAction\",\"target\":[\"https:\\\/\\\/www.aliadospuebla.com\\\/?p=59869\"]}]},{\"@type\":\"ImageObject\",\"inLanguage\":\"es\",\"@id\":\"https:\\\/\\\/www.aliadospuebla.com\\\/?p=59869#primaryimage\",\"url\":\"https:\\\/\\\/www.aliadospuebla.com\\\/web2017\\\/wp-content\\\/uploads\\\/2021\\\/07\\\/TLAX-40.jpg\",\"contentUrl\":\"https:\\\/\\\/www.aliadospuebla.com\\\/web2017\\\/wp-content\\\/uploads\\\/2021\\\/07\\\/TLAX-40.jpg\",\"width\":600,\"height\":450},{\"@type\":\"BreadcrumbList\",\"@id\":\"https:\\\/\\\/www.aliadospuebla.com\\\/?p=59869#breadcrumb\",\"itemListElement\":[{\"@type\":\"ListItem\",\"position\":1,\"name\":\"Portada\",\"item\":\"https:\\\/\\\/www.aliadospuebla.com\\\/\"},{\"@type\":\"ListItem\",\"position\":2,\"name\":\"Encabeza Lorena Cu\u00e9llar primera reuni\u00f3n interinstitucional con alcaldes electos\"}]},{\"@type\":\"WebSite\",\"@id\":\"https:\\\/\\\/www.aliadospuebla.com\\\/#website\",\"url\":\"https:\\\/\\\/www.aliadospuebla.com\\\/\",\"name\":\"AliadosPuebla\",\"description\":\"La informaci\u00f3n en tus manos\",\"potentialAction\":[{\"@type\":\"SearchAction\",\"target\":{\"@type\":\"EntryPoint\",\"urlTemplate\":\"https:\\\/\\\/www.aliadospuebla.com\\\/?s={search_term_string}\"},\"query-input\":{\"@type\":\"PropertyValueSpecification\",\"valueRequired\":true,\"valueName\":\"search_term_string\"}}],\"inLanguage\":\"es\"},{\"@type\":\"Person\",\"@id\":\"https:\\\/\\\/www.aliadospuebla.com\\\/#\\\/schema\\\/person\\\/0fd017f23cc5c3f7988d5d58850eec8e\",\"name\":\"Aliados Videos\",\"image\":{\"@type\":\"ImageObject\",\"inLanguage\":\"es\",\"@id\":\"https:\\\/\\\/secure.gravatar.com\\\/avatar\\\/42b92de8b2d8339e1e824f3a73ab023a0bec0ee2e3920248085eb1f3160b4083?s=96&d=mm&r=g\",\"url\":\"https:\\\/\\\/secure.gravatar.com\\\/avatar\\\/42b92de8b2d8339e1e824f3a73ab023a0bec0ee2e3920248085eb1f3160b4083?s=96&d=mm&r=g\",\"contentUrl\":\"https:\\\/\\\/secure.gravatar.com\\\/avatar\\\/42b92de8b2d8339e1e824f3a73ab023a0bec0ee2e3920248085eb1f3160b4083?s=96&d=mm&r=g\",\"caption\":\"Aliados Videos\"},\"url\":\"https:\\\/\\\/www.aliadospuebla.com\\\/?author=3\"}]}<\/script>\n<!-- \/ Yoast SEO plugin. -->","yoast_head_json":{"title":"Encabeza Lorena Cu\u00e9llar primera reuni\u00f3n interinstitucional con alcaldes electos - AliadosPuebla","robots":{"index":"index","follow":"follow","max-snippet":"max-snippet:-1","max-image-preview":"max-image-preview:large","max-video-preview":"max-video-preview:-1"},"canonical":"https:\/\/www.aliadospuebla.com\/?p=59869","og_locale":"es_ES","og_type":"article","og_title":"Encabeza Lorena Cu\u00e9llar primera reuni\u00f3n interinstitucional con alcaldes electos - AliadosPuebla","og_description":"Fueron informados sobre el manejo de los programas federales y la propuesta de unificar criterios para la implementaci\u00f3n de sus Planes de Desarrollo Municipal con el Estatal La gobernadora electa de Tlaxcala, Lorena Cu\u00e9llar Cisneros sostuvo este d\u00eda la primera reuni\u00f3n de trabajo interinstitucional de trabajo con alcaldes electos, en la que se les brind\u00f3 toda la informaci\u00f3n sobre el manejo de los programas federales y se les plante\u00f3 la propuesta de unificar criterios para la implementaci\u00f3n de sus Planes de Desarrollo Municipal con el estatal, con el objetivo de obtener mejores resultados para la poblaci\u00f3n. Precis\u00f3 que esta fue la primera de cuatro reuniones que llevar\u00e1 a cabo por bloques con los 60 presidentes municipales electos, con el objetivo de cuidar y aplicar los&hellip;Leer m\u00e1s...","og_url":"https:\/\/www.aliadospuebla.com\/?p=59869","og_site_name":"AliadosPuebla","article_published_time":"2021-07-30T02:20:40+00:00","og_image":[{"width":600,"height":450,"url":"https:\/\/www.aliadospuebla.com\/web2017\/wp-content\/uploads\/2021\/07\/TLAX-40.jpg","type":"image\/jpeg"}],"author":"Aliados Videos","twitter_card":"summary_large_image","twitter_misc":{"Escrito por":"Aliados Videos","Tiempo de lectura":"2 minutos"},"schema":{"@context":"https:\/\/schema.org","@graph":[{"@type":"Article","@id":"https:\/\/www.aliadospuebla.com\/?p=59869#article","isPartOf":{"@id":"https:\/\/www.aliadospuebla.com\/?p=59869"},"author":{"name":"Aliados Videos","@id":"https:\/\/www.aliadospuebla.com\/#\/schema\/person\/0fd017f23cc5c3f7988d5d58850eec8e"},"headline":"Encabeza Lorena Cu\u00e9llar primera reuni\u00f3n interinstitucional con alcaldes electos","datePublished":"2021-07-30T02:20:40+00:00","mainEntityOfPage":{"@id":"https:\/\/www.aliadospuebla.com\/?p=59869"},"wordCount":509,"commentCount":0,"image":{"@id":"https:\/\/www.aliadospuebla.com\/?p=59869#primaryimage"},"thumbnailUrl":"https:\/\/www.aliadospuebla.com\/web2017\/wp-content\/uploads\/2021\/07\/TLAX-40.jpg","keywords":["capital","GOBERNADORA ELECTA DE TLAXCALA","LORENA CU\u00c9LLAR","Municipios","Puebla","SALUD","TLAXCALA"],"articleSection":["Nacional"],"inLanguage":"es","potentialAction":[{"@type":"CommentAction","name":"Comment","target":["https:\/\/www.aliadospuebla.com\/?p=59869#respond"]}]},{"@type":"WebPage","@id":"https:\/\/www.aliadospuebla.com\/?p=59869","url":"https:\/\/www.aliadospuebla.com\/?p=59869","name":"Encabeza Lorena Cu\u00e9llar primera reuni\u00f3n interinstitucional con alcaldes electos - AliadosPuebla","isPartOf":{"@id":"https:\/\/www.aliadospuebla.com\/#website"},"primaryImageOfPage":{"@id":"https:\/\/www.aliadospuebla.com\/?p=59869#primaryimage"},"image":{"@id":"https:\/\/www.aliadospuebla.com\/?p=59869#primaryimage"},"thumbnailUrl":"https:\/\/www.aliadospuebla.com\/web2017\/wp-content\/uploads\/2021\/07\/TLAX-40.jpg","datePublished":"2021-07-30T02:20:40+00:00","author":{"@id":"https:\/\/www.aliadospuebla.com\/#\/schema\/person\/0fd017f23cc5c3f7988d5d58850eec8e"},"breadcrumb":{"@id":"https:\/\/www.aliadospuebla.com\/?p=59869#breadcrumb"},"inLanguage":"es","potentialAction":[{"@type":"ReadAction","target":["https:\/\/www.aliadospuebla.com\/?p=59869"]}]},{"@type":"ImageObject","inLanguage":"es","@id":"https:\/\/www.aliadospuebla.com\/?p=59869#primaryimage","url":"https:\/\/www.aliadospuebla.com\/web2017\/wp-content\/uploads\/2021\/07\/TLAX-40.jpg","contentUrl":"https:\/\/www.aliadospuebla.com\/web2017\/wp-content\/uploads\/2021\/07\/TLAX-40.jpg","width":600,"height":450},{"@type":"BreadcrumbList","@id":"https:\/\/www.aliadospuebla.com\/?p=59869#breadcrumb","itemListElement":[{"@type":"ListItem","position":1,"name":"Portada","item":"https:\/\/www.aliadospuebla.com\/"},{"@type":"ListItem","position":2,"name":"Encabeza Lorena Cu\u00e9llar primera reuni\u00f3n interinstitucional con alcaldes electos"}]},{"@type":"WebSite","@id":"https:\/\/www.aliadospuebla.com\/#website","url":"https:\/\/www.aliadospuebla.com\/","name":"AliadosPuebla","description":"La informaci\u00f3n en tus manos","potentialAction":[{"@type":"SearchAction","target":{"@type":"EntryPoint","urlTemplate":"https:\/\/www.aliadospuebla.com\/?s={search_term_string}"},"query-input":{"@type":"PropertyValueSpecification","valueRequired":true,"valueName":"search_term_string"}}],"inLanguage":"es"},{"@type":"Person","@id":"https:\/\/www.aliadospuebla.com\/#\/schema\/person\/0fd017f23cc5c3f7988d5d58850eec8e","name":"Aliados Videos","image":{"@type":"ImageObject","inLanguage":"es","@id":"https:\/\/secure.gravatar.com\/avatar\/42b92de8b2d8339e1e824f3a73ab023a0bec0ee2e3920248085eb1f3160b4083?s=96&d=mm&r=g","url":"https:\/\/secure.gravatar.com\/avatar\/42b92de8b2d8339e1e824f3a73ab023a0bec0ee2e3920248085eb1f3160b4083?s=96&d=mm&r=g","contentUrl":"https:\/\/secure.gravatar.com\/avatar\/42b92de8b2d8339e1e824f3a73ab023a0bec0ee2e3920248085eb1f3160b4083?s=96&d=mm&r=g","caption":"Aliados Videos"},"url":"https:\/\/www.aliadospuebla.com\/?author=3"}]}},"views":12,"_links":{"self":[{"href":"https:\/\/www.aliadospuebla.com\/index.php?rest_route=\/wp\/v2\/posts\/59869","targetHints":{"allow":["GET"]}}],"collection":[{"href":"https:\/\/www.aliadospuebla.com\/index.php?rest_route=\/wp\/v2\/posts"}],"about":[{"href":"https:\/\/www.aliadospuebla.com\/index.php?rest_route=\/wp\/v2\/types\/post"}],"author":[{"embeddable":true,"href":"https:\/\/www.aliadospuebla.com\/index.php?rest_route=\/wp\/v2\/users\/3"}],"replies":[{"embeddable":true,"href":"https:\/\/www.aliadospuebla.com\/index.php?rest_route=%2Fwp%2Fv2%2Fcomments&post=59869"}],"version-history":[{"count":1,"href":"https:\/\/www.aliadospuebla.com\/index.php?rest_route=\/wp\/v2\/posts\/59869\/revisions"}],"predecessor-version":[{"id":59871,"href":"https:\/\/www.aliadospuebla.com\/index.php?rest_route=\/wp\/v2\/posts\/59869\/revisions\/59871"}],"wp:featuredmedia":[{"embeddable":true,"href":"https:\/\/www.aliadospuebla.com\/index.php?rest_route=\/wp\/v2\/media\/59870"}],"wp:attachment":[{"href":"https:\/\/www.aliadospuebla.com\/index.php?rest_route=%2Fwp%2Fv2%2Fmedia&parent=59869"}],"wp:term":[{"taxonomy":"category","embeddable":true,"href":"https:\/\/www.aliadospuebla.com\/index.php?rest_route=%2Fwp%2Fv2%2Fcategories&post=59869"},{"taxonomy":"post_tag","embeddable":true,"href":"https:\/\/www.aliadospuebla.com\/index.php?rest_route=%2Fwp%2Fv2%2Ftags&post=59869"}],"curies":[{"name":"wp","href":"https:\/\/api.w.org\/{rel}","templated":true}]}}