{"id":59552,"date":"2021-07-19T18:35:03","date_gmt":"2021-07-19T23:35:03","guid":{"rendered":"https:\/\/www.aliados17.com\/?p=59552"},"modified":"2021-07-19T18:35:03","modified_gmt":"2021-07-19T23:35:03","slug":"catedratico-de-la-udlap-sera-el-presidente-de-la-sociedad-interamericana-de-psicologia","status":"publish","type":"post","link":"https:\/\/www.aliadospuebla.com\/?p=59552","title":{"rendered":"Catedr\u00e1tico de la UDLAP ser\u00e1 el presidente de la Sociedad Interamericana de Psicolog\u00eda"},"content":{"rendered":"<p><span lang=\"ES-TRAD\">El Dr. Julio C\u00e9sar Penagos Corzo, acad\u00e9mico\u00a0<\/span><span lang=\"ES-TRAD\">de la Universidad de las Am\u00e9ricas Puebla, ha sido electo como presidente entrante de la Sociedad Interamericana de Psicolog\u00eda (SIP), organismo m\u00e1s importante en dicha disciplina por reunir un gran n\u00famero de integrantes, trabajos de investigaci\u00f3n, publicaciones y redes de participaci\u00f3n interdisciplinaria.<\/span><b><span lang=\"ES\">\u00a0<\/span><\/b><\/p>\n<p><span lang=\"ES-TRAD\">\u201cEstamos hablando de la sociedad m\u00e1s antigua (de psicolog\u00eda), que tiene que ver con todo el hemisferio occidental, en este sentido es una distinci\u00f3n, un honor y una enorme responsabilidad ser el presidente electo de la SIP\u201d, fueron las primeras palabras dadas para la\u00a0<\/span>UDLAP del\u00a0<span lang=\"ES-TRAD\">Dr. Julio C\u00e9sar Penagos<\/span>\u00a0en su nuevo cargo, el cual se dio en un proceso democr\u00e1tico\u00a0<span lang=\"ES-TRAD\">acad\u00e9mico<\/span>\u00a0hecho por\u00a0<span lang=\"ES-TRAD\">miembros de la misma Sociedad Interamericana de Psicolog\u00eda, quien vieron a bien las propuestas hechas durante la campa\u00f1a de elecci\u00f3n, aunado a la trayectoria del catedr\u00e1tico en el \u00e1mbito de la psicolog\u00eda y dentro de la propia Sociedad Interamericana de Psicolog\u00eda.\u00a0<\/span><\/p>\n<p><span lang=\"ES-TRAD\">Dichas propuestas fueron el tener una membres\u00eda amplia, impulsada\u00a0<\/span><span lang=\"ES-TRAD\">con actividades de los grupos de trabajo y representantes nacionales; entablar una\u00a0<\/span><span lang=\"ES-TRAD\">comunicaci\u00f3n hacia los psic\u00f3logos y cient\u00edficos afines en el hemisferio occidental; tener una psicolog\u00eda que llam\u00f3 \u2018traslacional\u2019, de trasladar lo sucedido en los laboratorios y\/o en la investigaci\u00f3n b\u00e1sica a la parte aplicada, pues est\u00e1 plenamente seguro la psicolog\u00eda tiene mucho a hacer con los problemas de la sociedad contempor\u00e1nea, como entender temas de migraci\u00f3n, de derechos humanos, salud, de pol\u00edticas p\u00fablicas, organizacionales, entre otras. Sin embargo, una de sus iniciativas m\u00e1s importantes es extender todo lo hecho por la SIP hacia otras disciplinas, \u201csi bien la psicolog\u00eda tiene mucho de interdisciplinario, al ser la ciencia del comportamiento por excelencia todav\u00eda hay mucho camino por recorrer para tender puentes hacia \u00e1reas de conocimiento, en donde estoy seguro que la sociedad puede tener un impacto\u201d, coment\u00f3 el investigador SNI-CONACYT.\u00a0<\/span><\/p>\n<p><span lang=\"ES-TRAD\">Otras acciones a realizar por el profesor de la Universidad de las Am\u00e9ricas Puebla durante su mandato es el de promover diferentes actividades acad\u00e9micas, cient\u00edficas, de comunicaci\u00f3n e incluso tratar de intervenir en situaciones de pol\u00edticas p\u00fablicas como organizaci\u00f3n en diferentes pa\u00edses. Asimismo, el intervenir en la organizaci\u00f3n de congresos internacionales, regionales y locales auspiciados por la Sociedad Interamericana de Psicolog\u00eda, en donde puede presentar iniciativas o coadyuvar en la presentaci\u00f3n de otras.\u00a0<\/span><\/p>\n<p><span lang=\"ES-TRAD\">El Dr. Julio C\u00e9sar Penagos tomar\u00e1 protesta como presidente entrante durante el congreso de la SIP del 25 al 28 de julio, esto para el per\u00edodo 2021-2023, los siguientes dos a\u00f1os se convertir\u00e1 en presidente en funciones y el bienio subsecuente fungir\u00e1 como presidente saliente, as\u00ed est\u00e1 constituido por la propia sociedad. De tal forma que son aproximadamente seis a\u00f1os donde el catedr\u00e1tico de la UDLAP buscar\u00e1 darle una impronta de su paso. \u201cSiempre he sido alguien que le gusta integrar y eso puede ser un sello importante, esos puentes pueden ser con sociedades que no sean necesariamente sean de la psicolog\u00eda y seguramente podemos plantear nuevos caminos para que podamos resolver problemas que nos ata\u00f1en a todos\u201d, agreg\u00f3.\u00a0<\/span><\/p>\n<p><span lang=\"ES-TRAD\">No ser\u00e1 la primera vez que el catedr\u00e1tico de la Universidad de las Am\u00e9ricas Puebla asuma un cargo dentro de la Sociedad Interamericana de Psicolog\u00eda, en su d\u00e9cada como miembro\u00a0<\/span><span lang=\"ES-TRAD\">fue coordinador del Grupo de Trabajo de Psicolog\u00eda Experimental y Comparada, de 2017 a 2021 fue doblemente el vicepresidente\u00a0<\/span><span lang=\"ES-TRAD\">regional\u00a0<\/span><span lang=\"ES-TRAD\">para M\u00e9xico, Centroam\u00e9rica y el Caribe.\u00a0<\/span><\/p>\n","protected":false},"excerpt":{"rendered":"<p>El Dr. Julio C\u00e9sar Penagos Corzo, acad\u00e9mico\u00a0de la Universidad de las Am\u00e9ricas Puebla, ha sido electo como presidente entrante de la Sociedad Interamericana de Psicolog\u00eda (SIP), organismo m\u00e1s importante en dicha disciplina por reunir un gran n\u00famero de integrantes, trabajos de investigaci\u00f3n, publicaciones y redes de participaci\u00f3n interdisciplinaria.\u00a0 \u201cEstamos hablando de la sociedad m\u00e1s antigua (de psicolog\u00eda), que tiene que ver con todo el hemisferio occidental, en este sentido es una distinci\u00f3n, un honor y una enorme responsabilidad ser el presidente electo de la SIP\u201d, fueron las primeras palabras dadas para la\u00a0UDLAP del\u00a0Dr. Julio C\u00e9sar Penagos\u00a0en su nuevo cargo, el cual se dio en un proceso democr\u00e1tico\u00a0acad\u00e9mico\u00a0hecho por\u00a0miembros de la misma Sociedad Interamericana de Psicolog\u00eda, quien vieron a bien las propuestas hechas durante la campa\u00f1a&hellip;<\/p>\n<p class=\"excerpt-more\"><a class=\"blog-excerpt button\" href=\"https:\/\/www.aliadospuebla.com\/?p=59552\">Leer m\u00e1s&#8230;<\/a><\/p>\n","protected":false},"author":3,"featured_media":59553,"comment_status":"open","ping_status":"open","sticky":false,"template":"","format":"standard","meta":{"_monsterinsights_skip_tracking":false,"footnotes":""},"categories":[5],"tags":[171,56,77,72,365,63,28],"class_list":["post-59552","post","type-post","status-publish","format-standard","has-post-thumbnail","hentry","category-universidades","tag-ayuntamiento","tag-capital","tag-municipios","tag-puebla","tag-salud","tag-udlap","tag-universidades"],"yoast_head":"<!-- This site is optimized with the Yoast SEO plugin v28.4 - https:\/\/yoast.com\/product\/yoast-seo-wordpress\/ -->\n<title>Catedr\u00e1tico de la UDLAP ser\u00e1 el presidente de la Sociedad Interamericana de Psicolog\u00eda - AliadosPuebla<\/title>\n<meta name=\"robots\" content=\"index, follow, max-snippet:-1, max-image-preview:large, max-video-preview:-1\" \/>\n<link rel=\"canonical\" href=\"https:\/\/www.aliadospuebla.com\/?p=59552\" \/>\n<meta property=\"og:locale\" content=\"es_ES\" \/>\n<meta property=\"og:type\" content=\"article\" \/>\n<meta property=\"og:title\" content=\"Catedr\u00e1tico de la UDLAP ser\u00e1 el presidente de la Sociedad Interamericana de Psicolog\u00eda - AliadosPuebla\" \/>\n<meta property=\"og:description\" content=\"El Dr. Julio C\u00e9sar Penagos Corzo, acad\u00e9mico\u00a0de la Universidad de las Am\u00e9ricas Puebla, ha sido electo como presidente entrante de la Sociedad Interamericana de Psicolog\u00eda (SIP), organismo m\u00e1s importante en dicha disciplina por reunir un gran n\u00famero de integrantes, trabajos de investigaci\u00f3n, publicaciones y redes de participaci\u00f3n interdisciplinaria.\u00a0 \u201cEstamos hablando de la sociedad m\u00e1s antigua (de psicolog\u00eda), que tiene que ver con todo el hemisferio occidental, en este sentido es una distinci\u00f3n, un honor y una enorme responsabilidad ser el presidente electo de la SIP\u201d, fueron las primeras palabras dadas para la\u00a0UDLAP del\u00a0Dr. Julio C\u00e9sar Penagos\u00a0en su nuevo cargo, el cual se dio en un proceso democr\u00e1tico\u00a0acad\u00e9mico\u00a0hecho por\u00a0miembros de la misma Sociedad Interamericana de Psicolog\u00eda, quien vieron a bien las propuestas hechas durante la campa\u00f1a&hellip;Leer m\u00e1s...\" \/>\n<meta property=\"og:url\" content=\"https:\/\/www.aliadospuebla.com\/?p=59552\" \/>\n<meta property=\"og:site_name\" content=\"AliadosPuebla\" \/>\n<meta property=\"article:published_time\" content=\"2021-07-19T23:35:03+00:00\" \/>\n<meta property=\"og:image\" content=\"https:\/\/www.aliadospuebla.com\/web2017\/wp-content\/uploads\/2021\/07\/UDLAP-10.jpg\" \/>\n\t<meta property=\"og:image:width\" content=\"600\" \/>\n\t<meta property=\"og:image:height\" content=\"450\" \/>\n\t<meta property=\"og:image:type\" content=\"image\/jpeg\" \/>\n<meta name=\"author\" content=\"Aliados Videos\" \/>\n<meta name=\"twitter:card\" content=\"summary_large_image\" \/>\n<meta name=\"twitter:label1\" content=\"Escrito por\" \/>\n\t<meta name=\"twitter:data1\" content=\"Aliados Videos\" \/>\n\t<meta name=\"twitter:label2\" content=\"Tiempo de lectura\" \/>\n\t<meta name=\"twitter:data2\" content=\"3 minutos\" \/>\n<script type=\"application\/ld+json\" class=\"yoast-schema-graph\">{\"@context\":\"https:\\\/\\\/schema.org\",\"@graph\":[{\"@type\":\"Article\",\"@id\":\"https:\\\/\\\/www.aliadospuebla.com\\\/?p=59552#article\",\"isPartOf\":{\"@id\":\"https:\\\/\\\/www.aliadospuebla.com\\\/?p=59552\"},\"author\":{\"name\":\"Aliados Videos\",\"@id\":\"https:\\\/\\\/www.aliadospuebla.com\\\/#\\\/schema\\\/person\\\/0fd017f23cc5c3f7988d5d58850eec8e\"},\"headline\":\"Catedr\u00e1tico de la UDLAP ser\u00e1 el presidente de la Sociedad Interamericana de Psicolog\u00eda\",\"datePublished\":\"2021-07-19T23:35:03+00:00\",\"mainEntityOfPage\":{\"@id\":\"https:\\\/\\\/www.aliadospuebla.com\\\/?p=59552\"},\"wordCount\":624,\"commentCount\":0,\"image\":{\"@id\":\"https:\\\/\\\/www.aliadospuebla.com\\\/?p=59552#primaryimage\"},\"thumbnailUrl\":\"https:\\\/\\\/www.aliadospuebla.com\\\/web2017\\\/wp-content\\\/uploads\\\/2021\\\/07\\\/UDLAP-10.jpg\",\"keywords\":[\"Ayuntamiento\",\"capital\",\"Municipios\",\"Puebla\",\"SALUD\",\"Udlap\",\"Universidades\"],\"articleSection\":[\"Universidades\"],\"inLanguage\":\"es\",\"potentialAction\":[{\"@type\":\"CommentAction\",\"name\":\"Comment\",\"target\":[\"https:\\\/\\\/www.aliadospuebla.com\\\/?p=59552#respond\"]}]},{\"@type\":\"WebPage\",\"@id\":\"https:\\\/\\\/www.aliadospuebla.com\\\/?p=59552\",\"url\":\"https:\\\/\\\/www.aliadospuebla.com\\\/?p=59552\",\"name\":\"Catedr\u00e1tico de la UDLAP ser\u00e1 el presidente de la Sociedad Interamericana de Psicolog\u00eda - AliadosPuebla\",\"isPartOf\":{\"@id\":\"https:\\\/\\\/www.aliadospuebla.com\\\/#website\"},\"primaryImageOfPage\":{\"@id\":\"https:\\\/\\\/www.aliadospuebla.com\\\/?p=59552#primaryimage\"},\"image\":{\"@id\":\"https:\\\/\\\/www.aliadospuebla.com\\\/?p=59552#primaryimage\"},\"thumbnailUrl\":\"https:\\\/\\\/www.aliadospuebla.com\\\/web2017\\\/wp-content\\\/uploads\\\/2021\\\/07\\\/UDLAP-10.jpg\",\"datePublished\":\"2021-07-19T23:35:03+00:00\",\"author\":{\"@id\":\"https:\\\/\\\/www.aliadospuebla.com\\\/#\\\/schema\\\/person\\\/0fd017f23cc5c3f7988d5d58850eec8e\"},\"breadcrumb\":{\"@id\":\"https:\\\/\\\/www.aliadospuebla.com\\\/?p=59552#breadcrumb\"},\"inLanguage\":\"es\",\"potentialAction\":[{\"@type\":\"ReadAction\",\"target\":[\"https:\\\/\\\/www.aliadospuebla.com\\\/?p=59552\"]}]},{\"@type\":\"ImageObject\",\"inLanguage\":\"es\",\"@id\":\"https:\\\/\\\/www.aliadospuebla.com\\\/?p=59552#primaryimage\",\"url\":\"https:\\\/\\\/www.aliadospuebla.com\\\/web2017\\\/wp-content\\\/uploads\\\/2021\\\/07\\\/UDLAP-10.jpg\",\"contentUrl\":\"https:\\\/\\\/www.aliadospuebla.com\\\/web2017\\\/wp-content\\\/uploads\\\/2021\\\/07\\\/UDLAP-10.jpg\",\"width\":600,\"height\":450},{\"@type\":\"BreadcrumbList\",\"@id\":\"https:\\\/\\\/www.aliadospuebla.com\\\/?p=59552#breadcrumb\",\"itemListElement\":[{\"@type\":\"ListItem\",\"position\":1,\"name\":\"Portada\",\"item\":\"https:\\\/\\\/www.aliadospuebla.com\\\/\"},{\"@type\":\"ListItem\",\"position\":2,\"name\":\"Catedr\u00e1tico de la UDLAP ser\u00e1 el presidente de la Sociedad Interamericana de Psicolog\u00eda\"}]},{\"@type\":\"WebSite\",\"@id\":\"https:\\\/\\\/www.aliadospuebla.com\\\/#website\",\"url\":\"https:\\\/\\\/www.aliadospuebla.com\\\/\",\"name\":\"AliadosPuebla\",\"description\":\"La informaci\u00f3n en tus manos\",\"potentialAction\":[{\"@type\":\"SearchAction\",\"target\":{\"@type\":\"EntryPoint\",\"urlTemplate\":\"https:\\\/\\\/www.aliadospuebla.com\\\/?s={search_term_string}\"},\"query-input\":{\"@type\":\"PropertyValueSpecification\",\"valueRequired\":true,\"valueName\":\"search_term_string\"}}],\"inLanguage\":\"es\"},{\"@type\":\"Person\",\"@id\":\"https:\\\/\\\/www.aliadospuebla.com\\\/#\\\/schema\\\/person\\\/0fd017f23cc5c3f7988d5d58850eec8e\",\"name\":\"Aliados Videos\",\"image\":{\"@type\":\"ImageObject\",\"inLanguage\":\"es\",\"@id\":\"https:\\\/\\\/secure.gravatar.com\\\/avatar\\\/42b92de8b2d8339e1e824f3a73ab023a0bec0ee2e3920248085eb1f3160b4083?s=96&d=mm&r=g\",\"url\":\"https:\\\/\\\/secure.gravatar.com\\\/avatar\\\/42b92de8b2d8339e1e824f3a73ab023a0bec0ee2e3920248085eb1f3160b4083?s=96&d=mm&r=g\",\"contentUrl\":\"https:\\\/\\\/secure.gravatar.com\\\/avatar\\\/42b92de8b2d8339e1e824f3a73ab023a0bec0ee2e3920248085eb1f3160b4083?s=96&d=mm&r=g\",\"caption\":\"Aliados Videos\"},\"url\":\"https:\\\/\\\/www.aliadospuebla.com\\\/?author=3\"}]}<\/script>\n<!-- \/ Yoast SEO plugin. -->","yoast_head_json":{"title":"Catedr\u00e1tico de la UDLAP ser\u00e1 el presidente de la Sociedad Interamericana de Psicolog\u00eda - AliadosPuebla","robots":{"index":"index","follow":"follow","max-snippet":"max-snippet:-1","max-image-preview":"max-image-preview:large","max-video-preview":"max-video-preview:-1"},"canonical":"https:\/\/www.aliadospuebla.com\/?p=59552","og_locale":"es_ES","og_type":"article","og_title":"Catedr\u00e1tico de la UDLAP ser\u00e1 el presidente de la Sociedad Interamericana de Psicolog\u00eda - AliadosPuebla","og_description":"El Dr. Julio C\u00e9sar Penagos Corzo, acad\u00e9mico\u00a0de la Universidad de las Am\u00e9ricas Puebla, ha sido electo como presidente entrante de la Sociedad Interamericana de Psicolog\u00eda (SIP), organismo m\u00e1s importante en dicha disciplina por reunir un gran n\u00famero de integrantes, trabajos de investigaci\u00f3n, publicaciones y redes de participaci\u00f3n interdisciplinaria.\u00a0 \u201cEstamos hablando de la sociedad m\u00e1s antigua (de psicolog\u00eda), que tiene que ver con todo el hemisferio occidental, en este sentido es una distinci\u00f3n, un honor y una enorme responsabilidad ser el presidente electo de la SIP\u201d, fueron las primeras palabras dadas para la\u00a0UDLAP del\u00a0Dr. Julio C\u00e9sar Penagos\u00a0en su nuevo cargo, el cual se dio en un proceso democr\u00e1tico\u00a0acad\u00e9mico\u00a0hecho por\u00a0miembros de la misma Sociedad Interamericana de Psicolog\u00eda, quien vieron a bien las propuestas hechas durante la campa\u00f1a&hellip;Leer m\u00e1s...","og_url":"https:\/\/www.aliadospuebla.com\/?p=59552","og_site_name":"AliadosPuebla","article_published_time":"2021-07-19T23:35:03+00:00","og_image":[{"width":600,"height":450,"url":"https:\/\/www.aliadospuebla.com\/web2017\/wp-content\/uploads\/2021\/07\/UDLAP-10.jpg","type":"image\/jpeg"}],"author":"Aliados Videos","twitter_card":"summary_large_image","twitter_misc":{"Escrito por":"Aliados Videos","Tiempo de lectura":"3 minutos"},"schema":{"@context":"https:\/\/schema.org","@graph":[{"@type":"Article","@id":"https:\/\/www.aliadospuebla.com\/?p=59552#article","isPartOf":{"@id":"https:\/\/www.aliadospuebla.com\/?p=59552"},"author":{"name":"Aliados Videos","@id":"https:\/\/www.aliadospuebla.com\/#\/schema\/person\/0fd017f23cc5c3f7988d5d58850eec8e"},"headline":"Catedr\u00e1tico de la UDLAP ser\u00e1 el presidente de la Sociedad Interamericana de Psicolog\u00eda","datePublished":"2021-07-19T23:35:03+00:00","mainEntityOfPage":{"@id":"https:\/\/www.aliadospuebla.com\/?p=59552"},"wordCount":624,"commentCount":0,"image":{"@id":"https:\/\/www.aliadospuebla.com\/?p=59552#primaryimage"},"thumbnailUrl":"https:\/\/www.aliadospuebla.com\/web2017\/wp-content\/uploads\/2021\/07\/UDLAP-10.jpg","keywords":["Ayuntamiento","capital","Municipios","Puebla","SALUD","Udlap","Universidades"],"articleSection":["Universidades"],"inLanguage":"es","potentialAction":[{"@type":"CommentAction","name":"Comment","target":["https:\/\/www.aliadospuebla.com\/?p=59552#respond"]}]},{"@type":"WebPage","@id":"https:\/\/www.aliadospuebla.com\/?p=59552","url":"https:\/\/www.aliadospuebla.com\/?p=59552","name":"Catedr\u00e1tico de la UDLAP ser\u00e1 el presidente de la Sociedad Interamericana de Psicolog\u00eda - AliadosPuebla","isPartOf":{"@id":"https:\/\/www.aliadospuebla.com\/#website"},"primaryImageOfPage":{"@id":"https:\/\/www.aliadospuebla.com\/?p=59552#primaryimage"},"image":{"@id":"https:\/\/www.aliadospuebla.com\/?p=59552#primaryimage"},"thumbnailUrl":"https:\/\/www.aliadospuebla.com\/web2017\/wp-content\/uploads\/2021\/07\/UDLAP-10.jpg","datePublished":"2021-07-19T23:35:03+00:00","author":{"@id":"https:\/\/www.aliadospuebla.com\/#\/schema\/person\/0fd017f23cc5c3f7988d5d58850eec8e"},"breadcrumb":{"@id":"https:\/\/www.aliadospuebla.com\/?p=59552#breadcrumb"},"inLanguage":"es","potentialAction":[{"@type":"ReadAction","target":["https:\/\/www.aliadospuebla.com\/?p=59552"]}]},{"@type":"ImageObject","inLanguage":"es","@id":"https:\/\/www.aliadospuebla.com\/?p=59552#primaryimage","url":"https:\/\/www.aliadospuebla.com\/web2017\/wp-content\/uploads\/2021\/07\/UDLAP-10.jpg","contentUrl":"https:\/\/www.aliadospuebla.com\/web2017\/wp-content\/uploads\/2021\/07\/UDLAP-10.jpg","width":600,"height":450},{"@type":"BreadcrumbList","@id":"https:\/\/www.aliadospuebla.com\/?p=59552#breadcrumb","itemListElement":[{"@type":"ListItem","position":1,"name":"Portada","item":"https:\/\/www.aliadospuebla.com\/"},{"@type":"ListItem","position":2,"name":"Catedr\u00e1tico de la UDLAP ser\u00e1 el presidente de la Sociedad Interamericana de Psicolog\u00eda"}]},{"@type":"WebSite","@id":"https:\/\/www.aliadospuebla.com\/#website","url":"https:\/\/www.aliadospuebla.com\/","name":"AliadosPuebla","description":"La informaci\u00f3n en tus manos","potentialAction":[{"@type":"SearchAction","target":{"@type":"EntryPoint","urlTemplate":"https:\/\/www.aliadospuebla.com\/?s={search_term_string}"},"query-input":{"@type":"PropertyValueSpecification","valueRequired":true,"valueName":"search_term_string"}}],"inLanguage":"es"},{"@type":"Person","@id":"https:\/\/www.aliadospuebla.com\/#\/schema\/person\/0fd017f23cc5c3f7988d5d58850eec8e","name":"Aliados Videos","image":{"@type":"ImageObject","inLanguage":"es","@id":"https:\/\/secure.gravatar.com\/avatar\/42b92de8b2d8339e1e824f3a73ab023a0bec0ee2e3920248085eb1f3160b4083?s=96&d=mm&r=g","url":"https:\/\/secure.gravatar.com\/avatar\/42b92de8b2d8339e1e824f3a73ab023a0bec0ee2e3920248085eb1f3160b4083?s=96&d=mm&r=g","contentUrl":"https:\/\/secure.gravatar.com\/avatar\/42b92de8b2d8339e1e824f3a73ab023a0bec0ee2e3920248085eb1f3160b4083?s=96&d=mm&r=g","caption":"Aliados Videos"},"url":"https:\/\/www.aliadospuebla.com\/?author=3"}]}},"views":8,"_links":{"self":[{"href":"https:\/\/www.aliadospuebla.com\/index.php?rest_route=\/wp\/v2\/posts\/59552","targetHints":{"allow":["GET"]}}],"collection":[{"href":"https:\/\/www.aliadospuebla.com\/index.php?rest_route=\/wp\/v2\/posts"}],"about":[{"href":"https:\/\/www.aliadospuebla.com\/index.php?rest_route=\/wp\/v2\/types\/post"}],"author":[{"embeddable":true,"href":"https:\/\/www.aliadospuebla.com\/index.php?rest_route=\/wp\/v2\/users\/3"}],"replies":[{"embeddable":true,"href":"https:\/\/www.aliadospuebla.com\/index.php?rest_route=%2Fwp%2Fv2%2Fcomments&post=59552"}],"version-history":[{"count":1,"href":"https:\/\/www.aliadospuebla.com\/index.php?rest_route=\/wp\/v2\/posts\/59552\/revisions"}],"predecessor-version":[{"id":59554,"href":"https:\/\/www.aliadospuebla.com\/index.php?rest_route=\/wp\/v2\/posts\/59552\/revisions\/59554"}],"wp:featuredmedia":[{"embeddable":true,"href":"https:\/\/www.aliadospuebla.com\/index.php?rest_route=\/wp\/v2\/media\/59553"}],"wp:attachment":[{"href":"https:\/\/www.aliadospuebla.com\/index.php?rest_route=%2Fwp%2Fv2%2Fmedia&parent=59552"}],"wp:term":[{"taxonomy":"category","embeddable":true,"href":"https:\/\/www.aliadospuebla.com\/index.php?rest_route=%2Fwp%2Fv2%2Fcategories&post=59552"},{"taxonomy":"post_tag","embeddable":true,"href":"https:\/\/www.aliadospuebla.com\/index.php?rest_route=%2Fwp%2Fv2%2Ftags&post=59552"}],"curies":[{"name":"wp","href":"https:\/\/api.w.org\/{rel}","templated":true}]}}