{"id":59517,"date":"2021-07-18T14:13:49","date_gmt":"2021-07-18T19:13:49","guid":{"rendered":"https:\/\/www.aliados17.com\/?p=59517"},"modified":"2021-07-18T14:13:49","modified_gmt":"2021-07-18T19:13:49","slug":"recomendaciones-para-evitar-efectos-graves-en-la-salud-a-causa-de-las-alergias-en-verano-imss","status":"publish","type":"post","link":"https:\/\/www.aliadospuebla.com\/?p=59517","title":{"rendered":"Recomendaciones para evitar efectos graves en la salud a causa de las alergias en verano: IMSS"},"content":{"rendered":"<p>Las alergias se manifiestan de diversas maneras siendo las m\u00e1s comunes las respiratorias.<\/p>\n<p>La calidad de vida mejora si cambiamos h\u00e1bitos alimenticios y realizamos actividad f\u00edsica.<\/p>\n<p style=\"font-weight: 400;\">El Instituto Mexicano del Seguro Social (IMSS) en Puebla recomienda a las personas con alergia estacional mantenerse alerta, ya que se desencadena por los p\u00f3lenes m\u00e1s abundantes en primavera y verano, deben asegurarse de recibir educaci\u00f3n sanitaria para ser capaces de reconocer las especies vegetales cuyo polen les produce alergia, su localizaci\u00f3n y periodo de polinizaci\u00f3n, coment\u00f3 la especialista en alergolog\u00eda e inmunolog\u00eda, Gabriela Carrasco Trinidad.<\/p>\n<p style=\"font-weight: 400;\">Los tratamientos que se brindan en la UMAE Hospital de Especialidades espec\u00edficamente en alergolog\u00eda son de manera integral. El IMSS se involucra directamente con el ambiente del paciente, haciendo recopilaci\u00f3n de sus datos para guiar los tratamientos y acompa\u00f1arlos hasta su mejor\u00eda o recuperaci\u00f3n en casa.<\/p>\n<p style=\"font-weight: 400;\">Existen tres criterios que son: los cuidados del paciente y de su hogar, el tratamiento m\u00e9dico regular y el tratamiento con vacuna, logrando con ello que el paciente se recupere su salud y se reintegre a su vida cotidiana.<\/p>\n<p style=\"font-weight: 400;\">La Alergia es una respuesta exagerada del cuerpo hacia cosas del ambiente que normalmente no hacen da\u00f1o y que se manifiestan de diversas maneras en distintas partes del cuerpo, como ojos lloroso escurrimiento nasal, estornudos, tos en exceso o falta de aire, as\u00ed como erupciones en la piel. Las alergias m\u00e1s comunes son las alergias respiratorias.<\/p>\n<p style=\"font-weight: 400;\">Desde los meses de primavera este tipo de alergia a los p\u00f3lenes se agudiza debido al ambiente seco, en muchas ocasiones la lluvia puede ayudar m\u00e1s que afectar a quienes tienen este padecimiento.<\/p>\n<p style=\"font-weight: 400;\">Sin embargo, existen un tipo de alergias a p\u00f3lenes que coinciden con la \u00e9poca de lluvia, esto principalmente para quienes son al\u00e9rgicos a los pastos, al polen del ma\u00edz agudizando mayor problema en la nariz, piel, as\u00ed como respiratorio en el caso de los asm\u00e1ticos, agreg\u00f3 la especialista.<\/p>\n<p style=\"font-weight: 400;\">Adem\u00e1s, existe la alergia a los hongos, en la \u00e9poca de humedad se favorece a la aparici\u00f3n de estos dentro de las casas lo que puede da\u00f1ar la mucosa respiratoria agudizando la sintomatolog\u00eda en los pacientes al\u00e9rgicos a este tipo de hongos.<\/p>\n<p style=\"font-weight: 400;\">Otro tipo de alergia que se presenta en esta \u00e9poca es la de los \u00e1caros del polvo los cuales proliferan, se reproducen con mayor cantidad afectando a quienes tienen asma, rinitis y dermatitis at\u00f3pica principalmente, puntualiz\u00f3 la especialista.<\/p>\n<p style=\"font-weight: 400;\">Para evitar los \u00e1caros se debe tener limpieza minuciosa en s\u00e1banas, almohadas, cobijas, aspirar diariamente, evitar los tapetes, alfombras o cualquier art\u00edculo que acumule polvo y aporte a la proliferaci\u00f3n de estos animales.<\/p>\n<p style=\"font-weight: 400;\">Las recomendaciones para evitar complicaciones al\u00e9rgicas son: ventilar las \u00e1reas de la casa para que no exista un ambiente h\u00famedo o exceso de polvo, no suspender sus medicamentos de base para no recaer. Si presenta s\u00edntomas leves acudir con su m\u00e9dico familiar quien de ser necesario lo canalizar\u00e1 con el m\u00e9dico alerg\u00f3logo especialista para ser atendido de manera oportuna.<\/p>\n","protected":false},"excerpt":{"rendered":"<p>Las alergias se manifiestan de diversas maneras siendo las m\u00e1s comunes las respiratorias. La calidad de vida mejora si cambiamos h\u00e1bitos alimenticios y realizamos actividad f\u00edsica. El Instituto Mexicano del Seguro Social (IMSS) en Puebla recomienda a las personas con alergia estacional mantenerse alerta, ya que se desencadena por los p\u00f3lenes m\u00e1s abundantes en primavera y verano, deben asegurarse de recibir educaci\u00f3n sanitaria para ser capaces de reconocer las especies vegetales cuyo polen les produce alergia, su localizaci\u00f3n y periodo de polinizaci\u00f3n, coment\u00f3 la especialista en alergolog\u00eda e inmunolog\u00eda, Gabriela Carrasco Trinidad. Los tratamientos que se brindan en la UMAE Hospital de Especialidades espec\u00edficamente en alergolog\u00eda son de manera integral. El IMSS se involucra directamente con el ambiente del paciente, haciendo recopilaci\u00f3n de sus datos&hellip;<\/p>\n<p class=\"excerpt-more\"><a class=\"blog-excerpt button\" href=\"https:\/\/www.aliadospuebla.com\/?p=59517\">Leer m\u00e1s&#8230;<\/a><\/p>\n","protected":false},"author":2,"featured_media":59518,"comment_status":"open","ping_status":"open","sticky":false,"template":"","format":"standard","meta":{"_monsterinsights_skip_tracking":false,"footnotes":""},"categories":[62],"tags":[4792,16116,4386,16117,365,14610],"class_list":["post-59517","post","type-post","status-publish","format-standard","has-post-thumbnail","hentry","category-capital","tag-alergias","tag-alergias-respiratorias","tag-imss-puebla","tag-polenes","tag-salud","tag-vacuna"],"yoast_head":"<!-- This site is optimized with the Yoast SEO plugin v28.4 - https:\/\/yoast.com\/product\/yoast-seo-wordpress\/ -->\n<title>Recomendaciones para evitar efectos graves en la salud a causa de las alergias en verano: IMSS - AliadosPuebla<\/title>\n<meta name=\"robots\" content=\"index, follow, max-snippet:-1, max-image-preview:large, max-video-preview:-1\" \/>\n<link rel=\"canonical\" href=\"https:\/\/www.aliadospuebla.com\/?p=59517\" \/>\n<meta property=\"og:locale\" content=\"es_ES\" \/>\n<meta property=\"og:type\" content=\"article\" \/>\n<meta property=\"og:title\" content=\"Recomendaciones para evitar efectos graves en la salud a causa de las alergias en verano: IMSS - AliadosPuebla\" \/>\n<meta property=\"og:description\" content=\"Las alergias se manifiestan de diversas maneras siendo las m\u00e1s comunes las respiratorias. La calidad de vida mejora si cambiamos h\u00e1bitos alimenticios y realizamos actividad f\u00edsica. El Instituto Mexicano del Seguro Social (IMSS) en Puebla recomienda a las personas con alergia estacional mantenerse alerta, ya que se desencadena por los p\u00f3lenes m\u00e1s abundantes en primavera y verano, deben asegurarse de recibir educaci\u00f3n sanitaria para ser capaces de reconocer las especies vegetales cuyo polen les produce alergia, su localizaci\u00f3n y periodo de polinizaci\u00f3n, coment\u00f3 la especialista en alergolog\u00eda e inmunolog\u00eda, Gabriela Carrasco Trinidad. Los tratamientos que se brindan en la UMAE Hospital de Especialidades espec\u00edficamente en alergolog\u00eda son de manera integral. El IMSS se involucra directamente con el ambiente del paciente, haciendo recopilaci\u00f3n de sus datos&hellip;Leer m\u00e1s...\" \/>\n<meta property=\"og:url\" content=\"https:\/\/www.aliadospuebla.com\/?p=59517\" \/>\n<meta property=\"og:site_name\" content=\"AliadosPuebla\" \/>\n<meta property=\"article:author\" content=\"https:\/\/www.facebook.com\/Aliados17Pue\" \/>\n<meta property=\"article:published_time\" content=\"2021-07-18T19:13:49+00:00\" \/>\n<meta property=\"og:image\" content=\"https:\/\/www.aliadospuebla.com\/web2017\/wp-content\/uploads\/2021\/07\/092-polenes.jpg\" \/>\n\t<meta property=\"og:image:width\" content=\"600\" \/>\n\t<meta property=\"og:image:height\" content=\"450\" \/>\n\t<meta property=\"og:image:type\" content=\"image\/jpeg\" \/>\n<meta name=\"author\" content=\"Aliados17\" \/>\n<meta name=\"twitter:card\" content=\"summary_large_image\" \/>\n<meta name=\"twitter:creator\" content=\"@AliadosPuebla\" \/>\n<meta name=\"twitter:label1\" content=\"Escrito por\" \/>\n\t<meta name=\"twitter:data1\" content=\"Aliados17\" \/>\n\t<meta name=\"twitter:label2\" content=\"Tiempo de lectura\" \/>\n\t<meta name=\"twitter:data2\" content=\"3 minutos\" \/>\n<script type=\"application\/ld+json\" class=\"yoast-schema-graph\">{\"@context\":\"https:\\\/\\\/schema.org\",\"@graph\":[{\"@type\":\"Article\",\"@id\":\"https:\\\/\\\/www.aliadospuebla.com\\\/?p=59517#article\",\"isPartOf\":{\"@id\":\"https:\\\/\\\/www.aliadospuebla.com\\\/?p=59517\"},\"author\":{\"name\":\"Aliados17\",\"@id\":\"https:\\\/\\\/www.aliadospuebla.com\\\/#\\\/schema\\\/person\\\/5da7dd09320bd4f392b710017ed5f8ad\"},\"headline\":\"Recomendaciones para evitar efectos graves en la salud a causa de las alergias en verano: IMSS\",\"datePublished\":\"2021-07-18T19:13:49+00:00\",\"mainEntityOfPage\":{\"@id\":\"https:\\\/\\\/www.aliadospuebla.com\\\/?p=59517\"},\"wordCount\":542,\"commentCount\":0,\"image\":{\"@id\":\"https:\\\/\\\/www.aliadospuebla.com\\\/?p=59517#primaryimage\"},\"thumbnailUrl\":\"https:\\\/\\\/www.aliadospuebla.com\\\/web2017\\\/wp-content\\\/uploads\\\/2021\\\/07\\\/092-polenes.jpg\",\"keywords\":[\"ALERGIAS\",\"alergias respiratorias\",\"IMSS PUEBLA\",\"p\u00f3lenes\",\"SALUD\",\"vacuna\"],\"articleSection\":[\"Capital\"],\"inLanguage\":\"es\",\"potentialAction\":[{\"@type\":\"CommentAction\",\"name\":\"Comment\",\"target\":[\"https:\\\/\\\/www.aliadospuebla.com\\\/?p=59517#respond\"]}]},{\"@type\":\"WebPage\",\"@id\":\"https:\\\/\\\/www.aliadospuebla.com\\\/?p=59517\",\"url\":\"https:\\\/\\\/www.aliadospuebla.com\\\/?p=59517\",\"name\":\"Recomendaciones para evitar efectos graves en la salud a causa de las alergias en verano: IMSS - AliadosPuebla\",\"isPartOf\":{\"@id\":\"https:\\\/\\\/www.aliadospuebla.com\\\/#website\"},\"primaryImageOfPage\":{\"@id\":\"https:\\\/\\\/www.aliadospuebla.com\\\/?p=59517#primaryimage\"},\"image\":{\"@id\":\"https:\\\/\\\/www.aliadospuebla.com\\\/?p=59517#primaryimage\"},\"thumbnailUrl\":\"https:\\\/\\\/www.aliadospuebla.com\\\/web2017\\\/wp-content\\\/uploads\\\/2021\\\/07\\\/092-polenes.jpg\",\"datePublished\":\"2021-07-18T19:13:49+00:00\",\"author\":{\"@id\":\"https:\\\/\\\/www.aliadospuebla.com\\\/#\\\/schema\\\/person\\\/5da7dd09320bd4f392b710017ed5f8ad\"},\"breadcrumb\":{\"@id\":\"https:\\\/\\\/www.aliadospuebla.com\\\/?p=59517#breadcrumb\"},\"inLanguage\":\"es\",\"potentialAction\":[{\"@type\":\"ReadAction\",\"target\":[\"https:\\\/\\\/www.aliadospuebla.com\\\/?p=59517\"]}]},{\"@type\":\"ImageObject\",\"inLanguage\":\"es\",\"@id\":\"https:\\\/\\\/www.aliadospuebla.com\\\/?p=59517#primaryimage\",\"url\":\"https:\\\/\\\/www.aliadospuebla.com\\\/web2017\\\/wp-content\\\/uploads\\\/2021\\\/07\\\/092-polenes.jpg\",\"contentUrl\":\"https:\\\/\\\/www.aliadospuebla.com\\\/web2017\\\/wp-content\\\/uploads\\\/2021\\\/07\\\/092-polenes.jpg\",\"width\":600,\"height\":450,\"caption\":\"El polen que producen algunas flores puede causar alergia en algunas personas\"},{\"@type\":\"BreadcrumbList\",\"@id\":\"https:\\\/\\\/www.aliadospuebla.com\\\/?p=59517#breadcrumb\",\"itemListElement\":[{\"@type\":\"ListItem\",\"position\":1,\"name\":\"Portada\",\"item\":\"https:\\\/\\\/www.aliadospuebla.com\\\/\"},{\"@type\":\"ListItem\",\"position\":2,\"name\":\"Recomendaciones para evitar efectos graves en la salud a causa de las alergias en verano: IMSS\"}]},{\"@type\":\"WebSite\",\"@id\":\"https:\\\/\\\/www.aliadospuebla.com\\\/#website\",\"url\":\"https:\\\/\\\/www.aliadospuebla.com\\\/\",\"name\":\"AliadosPuebla\",\"description\":\"La informaci\u00f3n en tus manos\",\"potentialAction\":[{\"@type\":\"SearchAction\",\"target\":{\"@type\":\"EntryPoint\",\"urlTemplate\":\"https:\\\/\\\/www.aliadospuebla.com\\\/?s={search_term_string}\"},\"query-input\":{\"@type\":\"PropertyValueSpecification\",\"valueRequired\":true,\"valueName\":\"search_term_string\"}}],\"inLanguage\":\"es\"},{\"@type\":\"Person\",\"@id\":\"https:\\\/\\\/www.aliadospuebla.com\\\/#\\\/schema\\\/person\\\/5da7dd09320bd4f392b710017ed5f8ad\",\"name\":\"Aliados17\",\"image\":{\"@type\":\"ImageObject\",\"inLanguage\":\"es\",\"@id\":\"https:\\\/\\\/www.aliadospuebla.com\\\/web2017\\\/wp-content\\\/uploads\\\/2025\\\/03\\\/cropped-para-perfil-8-anos-1-96x96.jpg\",\"url\":\"https:\\\/\\\/www.aliadospuebla.com\\\/web2017\\\/wp-content\\\/uploads\\\/2025\\\/03\\\/cropped-para-perfil-8-anos-1-96x96.jpg\",\"contentUrl\":\"https:\\\/\\\/www.aliadospuebla.com\\\/web2017\\\/wp-content\\\/uploads\\\/2025\\\/03\\\/cropped-para-perfil-8-anos-1-96x96.jpg\",\"caption\":\"Aliados17\"},\"sameAs\":[\"https:\\\/\\\/www.aliados17.com\",\"https:\\\/\\\/www.facebook.com\\\/Aliados17Pue\",\"https:\\\/\\\/x.com\\\/AliadosPuebla\"],\"url\":\"https:\\\/\\\/www.aliadospuebla.com\\\/?author=2\"}]}<\/script>\n<!-- \/ Yoast SEO plugin. -->","yoast_head_json":{"title":"Recomendaciones para evitar efectos graves en la salud a causa de las alergias en verano: IMSS - AliadosPuebla","robots":{"index":"index","follow":"follow","max-snippet":"max-snippet:-1","max-image-preview":"max-image-preview:large","max-video-preview":"max-video-preview:-1"},"canonical":"https:\/\/www.aliadospuebla.com\/?p=59517","og_locale":"es_ES","og_type":"article","og_title":"Recomendaciones para evitar efectos graves en la salud a causa de las alergias en verano: IMSS - AliadosPuebla","og_description":"Las alergias se manifiestan de diversas maneras siendo las m\u00e1s comunes las respiratorias. La calidad de vida mejora si cambiamos h\u00e1bitos alimenticios y realizamos actividad f\u00edsica. El Instituto Mexicano del Seguro Social (IMSS) en Puebla recomienda a las personas con alergia estacional mantenerse alerta, ya que se desencadena por los p\u00f3lenes m\u00e1s abundantes en primavera y verano, deben asegurarse de recibir educaci\u00f3n sanitaria para ser capaces de reconocer las especies vegetales cuyo polen les produce alergia, su localizaci\u00f3n y periodo de polinizaci\u00f3n, coment\u00f3 la especialista en alergolog\u00eda e inmunolog\u00eda, Gabriela Carrasco Trinidad. Los tratamientos que se brindan en la UMAE Hospital de Especialidades espec\u00edficamente en alergolog\u00eda son de manera integral. El IMSS se involucra directamente con el ambiente del paciente, haciendo recopilaci\u00f3n de sus datos&hellip;Leer m\u00e1s...","og_url":"https:\/\/www.aliadospuebla.com\/?p=59517","og_site_name":"AliadosPuebla","article_author":"https:\/\/www.facebook.com\/Aliados17Pue","article_published_time":"2021-07-18T19:13:49+00:00","og_image":[{"width":600,"height":450,"url":"https:\/\/www.aliadospuebla.com\/web2017\/wp-content\/uploads\/2021\/07\/092-polenes.jpg","type":"image\/jpeg"}],"author":"Aliados17","twitter_card":"summary_large_image","twitter_creator":"@AliadosPuebla","twitter_misc":{"Escrito por":"Aliados17","Tiempo de lectura":"3 minutos"},"schema":{"@context":"https:\/\/schema.org","@graph":[{"@type":"Article","@id":"https:\/\/www.aliadospuebla.com\/?p=59517#article","isPartOf":{"@id":"https:\/\/www.aliadospuebla.com\/?p=59517"},"author":{"name":"Aliados17","@id":"https:\/\/www.aliadospuebla.com\/#\/schema\/person\/5da7dd09320bd4f392b710017ed5f8ad"},"headline":"Recomendaciones para evitar efectos graves en la salud a causa de las alergias en verano: IMSS","datePublished":"2021-07-18T19:13:49+00:00","mainEntityOfPage":{"@id":"https:\/\/www.aliadospuebla.com\/?p=59517"},"wordCount":542,"commentCount":0,"image":{"@id":"https:\/\/www.aliadospuebla.com\/?p=59517#primaryimage"},"thumbnailUrl":"https:\/\/www.aliadospuebla.com\/web2017\/wp-content\/uploads\/2021\/07\/092-polenes.jpg","keywords":["ALERGIAS","alergias respiratorias","IMSS PUEBLA","p\u00f3lenes","SALUD","vacuna"],"articleSection":["Capital"],"inLanguage":"es","potentialAction":[{"@type":"CommentAction","name":"Comment","target":["https:\/\/www.aliadospuebla.com\/?p=59517#respond"]}]},{"@type":"WebPage","@id":"https:\/\/www.aliadospuebla.com\/?p=59517","url":"https:\/\/www.aliadospuebla.com\/?p=59517","name":"Recomendaciones para evitar efectos graves en la salud a causa de las alergias en verano: IMSS - AliadosPuebla","isPartOf":{"@id":"https:\/\/www.aliadospuebla.com\/#website"},"primaryImageOfPage":{"@id":"https:\/\/www.aliadospuebla.com\/?p=59517#primaryimage"},"image":{"@id":"https:\/\/www.aliadospuebla.com\/?p=59517#primaryimage"},"thumbnailUrl":"https:\/\/www.aliadospuebla.com\/web2017\/wp-content\/uploads\/2021\/07\/092-polenes.jpg","datePublished":"2021-07-18T19:13:49+00:00","author":{"@id":"https:\/\/www.aliadospuebla.com\/#\/schema\/person\/5da7dd09320bd4f392b710017ed5f8ad"},"breadcrumb":{"@id":"https:\/\/www.aliadospuebla.com\/?p=59517#breadcrumb"},"inLanguage":"es","potentialAction":[{"@type":"ReadAction","target":["https:\/\/www.aliadospuebla.com\/?p=59517"]}]},{"@type":"ImageObject","inLanguage":"es","@id":"https:\/\/www.aliadospuebla.com\/?p=59517#primaryimage","url":"https:\/\/www.aliadospuebla.com\/web2017\/wp-content\/uploads\/2021\/07\/092-polenes.jpg","contentUrl":"https:\/\/www.aliadospuebla.com\/web2017\/wp-content\/uploads\/2021\/07\/092-polenes.jpg","width":600,"height":450,"caption":"El polen que producen algunas flores puede causar alergia en algunas personas"},{"@type":"BreadcrumbList","@id":"https:\/\/www.aliadospuebla.com\/?p=59517#breadcrumb","itemListElement":[{"@type":"ListItem","position":1,"name":"Portada","item":"https:\/\/www.aliadospuebla.com\/"},{"@type":"ListItem","position":2,"name":"Recomendaciones para evitar efectos graves en la salud a causa de las alergias en verano: IMSS"}]},{"@type":"WebSite","@id":"https:\/\/www.aliadospuebla.com\/#website","url":"https:\/\/www.aliadospuebla.com\/","name":"AliadosPuebla","description":"La informaci\u00f3n en tus manos","potentialAction":[{"@type":"SearchAction","target":{"@type":"EntryPoint","urlTemplate":"https:\/\/www.aliadospuebla.com\/?s={search_term_string}"},"query-input":{"@type":"PropertyValueSpecification","valueRequired":true,"valueName":"search_term_string"}}],"inLanguage":"es"},{"@type":"Person","@id":"https:\/\/www.aliadospuebla.com\/#\/schema\/person\/5da7dd09320bd4f392b710017ed5f8ad","name":"Aliados17","image":{"@type":"ImageObject","inLanguage":"es","@id":"https:\/\/www.aliadospuebla.com\/web2017\/wp-content\/uploads\/2025\/03\/cropped-para-perfil-8-anos-1-96x96.jpg","url":"https:\/\/www.aliadospuebla.com\/web2017\/wp-content\/uploads\/2025\/03\/cropped-para-perfil-8-anos-1-96x96.jpg","contentUrl":"https:\/\/www.aliadospuebla.com\/web2017\/wp-content\/uploads\/2025\/03\/cropped-para-perfil-8-anos-1-96x96.jpg","caption":"Aliados17"},"sameAs":["https:\/\/www.aliados17.com","https:\/\/www.facebook.com\/Aliados17Pue","https:\/\/x.com\/AliadosPuebla"],"url":"https:\/\/www.aliadospuebla.com\/?author=2"}]}},"views":7,"_links":{"self":[{"href":"https:\/\/www.aliadospuebla.com\/index.php?rest_route=\/wp\/v2\/posts\/59517","targetHints":{"allow":["GET"]}}],"collection":[{"href":"https:\/\/www.aliadospuebla.com\/index.php?rest_route=\/wp\/v2\/posts"}],"about":[{"href":"https:\/\/www.aliadospuebla.com\/index.php?rest_route=\/wp\/v2\/types\/post"}],"author":[{"embeddable":true,"href":"https:\/\/www.aliadospuebla.com\/index.php?rest_route=\/wp\/v2\/users\/2"}],"replies":[{"embeddable":true,"href":"https:\/\/www.aliadospuebla.com\/index.php?rest_route=%2Fwp%2Fv2%2Fcomments&post=59517"}],"version-history":[{"count":1,"href":"https:\/\/www.aliadospuebla.com\/index.php?rest_route=\/wp\/v2\/posts\/59517\/revisions"}],"predecessor-version":[{"id":59519,"href":"https:\/\/www.aliadospuebla.com\/index.php?rest_route=\/wp\/v2\/posts\/59517\/revisions\/59519"}],"wp:featuredmedia":[{"embeddable":true,"href":"https:\/\/www.aliadospuebla.com\/index.php?rest_route=\/wp\/v2\/media\/59518"}],"wp:attachment":[{"href":"https:\/\/www.aliadospuebla.com\/index.php?rest_route=%2Fwp%2Fv2%2Fmedia&parent=59517"}],"wp:term":[{"taxonomy":"category","embeddable":true,"href":"https:\/\/www.aliadospuebla.com\/index.php?rest_route=%2Fwp%2Fv2%2Fcategories&post=59517"},{"taxonomy":"post_tag","embeddable":true,"href":"https:\/\/www.aliadospuebla.com\/index.php?rest_route=%2Fwp%2Fv2%2Ftags&post=59517"}],"curies":[{"name":"wp","href":"https:\/\/api.w.org\/{rel}","templated":true}]}}