{"id":59443,"date":"2021-07-15T16:23:46","date_gmt":"2021-07-15T21:23:46","guid":{"rendered":"https:\/\/www.aliados17.com\/?p=59443"},"modified":"2021-07-15T16:23:46","modified_gmt":"2021-07-15T21:23:46","slug":"vitiligo-factor-de-problema-de-tiroides-o-salud-emocional-imss-puebla","status":"publish","type":"post","link":"https:\/\/www.aliadospuebla.com\/?p=59443","title":{"rendered":"Vit\u00edligo factor de problema de tiroides o salud emocional:  IMSS Puebla"},"content":{"rendered":"<p>Como parte de las recomendaciones para detectar enfermedades el Instituto Mexicano del Seguro Social (IMSS) en Puebla recomienda el cuidado de la piel y estar pendientes ante cualquier cambio o falta de color, ya que puede ser principios de vit\u00edligo, muchas de las veces a causa de un problema tiroideo o puede estar relacionado a un estado emocional.<\/p>\n<p>&nbsp;<\/p>\n<p>La dermat\u00f3loga del Hospital General de Zona (HGZ) No. 20 \u201cLa Margarita\u201d, B\u00e1rbara Guti\u00e9rrez Camacho, defini\u00f3 al vit\u00edligo como una enfermedad de la piel que se presenta como una despigmentaci\u00f3n progresiva adquirida, se considera inmunol\u00f3gica, afecta a hombres y mujeres de cualquier edad, no es contagiosa e infecciosa, de causa autoinmune y no tiene cura; sin embargo, se puede controlar y desvanecer las lesiones, aunque cuando las lesiones ya son muy extensas la repigmentaci\u00f3n es tardada.<\/p>\n<p>&nbsp;<\/p>\n<p>Las causas pueden ser funcionales y t\u00f3picas, relacionadas con la tiroides, el estr\u00e9s y otras enfermedades autoinmunes, es decir que las propias c\u00e9lulas del paciente destruyen los melanocitos (c\u00e9lulas responsables de dar color a la piel). Estudios recientes sugieren este padecimiento como una causa hereditaria.<\/p>\n<p>&nbsp;<\/p>\n<p>Los tipos de vit\u00edligo se pueden clasificar, de acuerdo con su extensi\u00f3n y distribuci\u00f3n, cuando llega afectar a una gran parte del cuerpo puede catalogarse como universal. Cuando se presenta en adultos, el factor principal que predomina es salud emocional, procesos tiroideos que se van desajustando y pueden presentar esas manchas con falta de color en la piel.<\/p>\n<p>&nbsp;<\/p>\n<p>En el caso de los menores de edad se puede originar en los orificios naturales, este es el que llega a extenderse a nivel universal, pero tambi\u00e9n se manifiesta de manera temporal, ya que con el avance de la edad va desapareciendo y se detiene, as\u00ed lo explic\u00f3 la dermat\u00f3loga del HGZ No. 20.<\/p>\n<p>&nbsp;<\/p>\n<p>Para otorgar un tratamiento, primero es determinar las causas si se trata de un proceso tiroideo se comienza el tratamiento conjunto con Endocrinolog\u00eda para llevar un mejor manejo del proceso funcional, es decir con tratamiento para la gl\u00e1ndula tiroides y un tratamiento de aplicaci\u00f3n en la piel.<\/p>\n<p>&nbsp;<\/p>\n<p>Una vez que el paciente acude y se detecta una mancha de este tipo, lo ideal es realizar un examen cl\u00ednico complementario de perfil tiroideo y la otra buscar causas emocionales asociadas al estr\u00e9s con apoyo del servicio de Psicolog\u00eda, en raras ocasiones es necesaria una biopsia.<\/p>\n<p>&nbsp;<\/p>\n<p>En el caso que los niveles de tiroides salgan en par\u00e1metros normales se solicita apoyo psicol\u00f3gico para tener una mejor respuesta y detener la enfermedad. Cuando las causas principales son a ra\u00edz de un estr\u00e9s agudo, como por ejemplo, generado por el COVID-19, la manifestaci\u00f3n puede ser en la piel, favoreciendo la aparici\u00f3n del vit\u00edligo.<\/p>\n<p>&nbsp;<\/p>\n<p>Los tratamientos tienden a ser t\u00f3picos con aplicaciones desde lociones, cremas, y uso del factor de protecci\u00f3n solar, ya que pueden presentarse quemaduras por los rayos ultravioletas y generar una problem\u00e1tica m\u00e1s importante a largo plazo.<\/p>\n<p>&nbsp;<\/p>\n<p>Por \u00faltimo la especialista recomend\u00f3 a la poblaci\u00f3n que en el momento en que se detecten una falta de color en la piel o en cabello es importante poner atenci\u00f3n para tener un diagn\u00f3stico y tratamiento oportuno y evitar la extensi\u00f3n mayor de la lesi\u00f3n, as\u00ed como tener un mayor cuidado de la piel.<\/p>\n","protected":false},"excerpt":{"rendered":"<p>Como parte de las recomendaciones para detectar enfermedades el Instituto Mexicano del Seguro Social (IMSS) en Puebla recomienda el cuidado de la piel y estar pendientes ante cualquier cambio o falta de color, ya que puede ser principios de vit\u00edligo, muchas de las veces a causa de un problema tiroideo o puede estar relacionado a un estado emocional. &nbsp; La dermat\u00f3loga del Hospital General de Zona (HGZ) No. 20 \u201cLa Margarita\u201d, B\u00e1rbara Guti\u00e9rrez Camacho, defini\u00f3 al vit\u00edligo como una enfermedad de la piel que se presenta como una despigmentaci\u00f3n progresiva adquirida, se considera inmunol\u00f3gica, afecta a hombres y mujeres de cualquier edad, no es contagiosa e infecciosa, de causa autoinmune y no tiene cura; sin embargo, se puede controlar y desvanecer las lesiones, aunque cuando&hellip;<\/p>\n<p class=\"excerpt-more\"><a class=\"blog-excerpt button\" href=\"https:\/\/www.aliadospuebla.com\/?p=59443\">Leer m\u00e1s&#8230;<\/a><\/p>\n","protected":false},"author":3,"featured_media":59444,"comment_status":"open","ping_status":"open","sticky":false,"template":"","format":"standard","meta":{"_monsterinsights_skip_tracking":false,"footnotes":""},"categories":[62],"tags":[171,56,765,77,72,365],"class_list":["post-59443","post","type-post","status-publish","format-standard","has-post-thumbnail","hentry","category-capital","tag-ayuntamiento","tag-capital","tag-imss","tag-municipios","tag-puebla","tag-salud"],"yoast_head":"<!-- This site is optimized with the Yoast SEO plugin v28.4 - https:\/\/yoast.com\/product\/yoast-seo-wordpress\/ -->\n<title>Vit\u00edligo factor de problema de tiroides o salud emocional: IMSS Puebla - AliadosPuebla<\/title>\n<meta name=\"robots\" content=\"index, follow, max-snippet:-1, max-image-preview:large, max-video-preview:-1\" \/>\n<link rel=\"canonical\" href=\"https:\/\/www.aliadospuebla.com\/?p=59443\" \/>\n<meta property=\"og:locale\" content=\"es_ES\" \/>\n<meta property=\"og:type\" content=\"article\" \/>\n<meta property=\"og:title\" content=\"Vit\u00edligo factor de problema de tiroides o salud emocional: IMSS Puebla - AliadosPuebla\" \/>\n<meta property=\"og:description\" content=\"Como parte de las recomendaciones para detectar enfermedades el Instituto Mexicano del Seguro Social (IMSS) en Puebla recomienda el cuidado de la piel y estar pendientes ante cualquier cambio o falta de color, ya que puede ser principios de vit\u00edligo, muchas de las veces a causa de un problema tiroideo o puede estar relacionado a un estado emocional. &nbsp; La dermat\u00f3loga del Hospital General de Zona (HGZ) No. 20 \u201cLa Margarita\u201d, B\u00e1rbara Guti\u00e9rrez Camacho, defini\u00f3 al vit\u00edligo como una enfermedad de la piel que se presenta como una despigmentaci\u00f3n progresiva adquirida, se considera inmunol\u00f3gica, afecta a hombres y mujeres de cualquier edad, no es contagiosa e infecciosa, de causa autoinmune y no tiene cura; sin embargo, se puede controlar y desvanecer las lesiones, aunque cuando&hellip;Leer m\u00e1s...\" \/>\n<meta property=\"og:url\" content=\"https:\/\/www.aliadospuebla.com\/?p=59443\" \/>\n<meta property=\"og:site_name\" content=\"AliadosPuebla\" \/>\n<meta property=\"article:published_time\" content=\"2021-07-15T21:23:46+00:00\" \/>\n<meta property=\"og:image\" content=\"https:\/\/www.aliadospuebla.com\/web2017\/wp-content\/uploads\/2021\/07\/IMSS-2.jpg\" \/>\n\t<meta property=\"og:image:width\" content=\"600\" \/>\n\t<meta property=\"og:image:height\" content=\"450\" \/>\n\t<meta property=\"og:image:type\" content=\"image\/jpeg\" \/>\n<meta name=\"author\" content=\"Aliados Videos\" \/>\n<meta name=\"twitter:card\" content=\"summary_large_image\" \/>\n<meta name=\"twitter:label1\" content=\"Escrito por\" \/>\n\t<meta name=\"twitter:data1\" content=\"Aliados Videos\" \/>\n\t<meta name=\"twitter:label2\" content=\"Tiempo de lectura\" \/>\n\t<meta name=\"twitter:data2\" content=\"3 minutos\" \/>\n<script type=\"application\/ld+json\" class=\"yoast-schema-graph\">{\"@context\":\"https:\\\/\\\/schema.org\",\"@graph\":[{\"@type\":\"Article\",\"@id\":\"https:\\\/\\\/www.aliadospuebla.com\\\/?p=59443#article\",\"isPartOf\":{\"@id\":\"https:\\\/\\\/www.aliadospuebla.com\\\/?p=59443\"},\"author\":{\"name\":\"Aliados Videos\",\"@id\":\"https:\\\/\\\/www.aliadospuebla.com\\\/#\\\/schema\\\/person\\\/0fd017f23cc5c3f7988d5d58850eec8e\"},\"headline\":\"Vit\u00edligo factor de problema de tiroides o salud emocional: IMSS Puebla\",\"datePublished\":\"2021-07-15T21:23:46+00:00\",\"mainEntityOfPage\":{\"@id\":\"https:\\\/\\\/www.aliadospuebla.com\\\/?p=59443\"},\"wordCount\":588,\"commentCount\":0,\"image\":{\"@id\":\"https:\\\/\\\/www.aliadospuebla.com\\\/?p=59443#primaryimage\"},\"thumbnailUrl\":\"https:\\\/\\\/www.aliadospuebla.com\\\/web2017\\\/wp-content\\\/uploads\\\/2021\\\/07\\\/IMSS-2.jpg\",\"keywords\":[\"Ayuntamiento\",\"capital\",\"IMSS\",\"Municipios\",\"Puebla\",\"SALUD\"],\"articleSection\":[\"Capital\"],\"inLanguage\":\"es\",\"potentialAction\":[{\"@type\":\"CommentAction\",\"name\":\"Comment\",\"target\":[\"https:\\\/\\\/www.aliadospuebla.com\\\/?p=59443#respond\"]}]},{\"@type\":\"WebPage\",\"@id\":\"https:\\\/\\\/www.aliadospuebla.com\\\/?p=59443\",\"url\":\"https:\\\/\\\/www.aliadospuebla.com\\\/?p=59443\",\"name\":\"Vit\u00edligo factor de problema de tiroides o salud emocional: IMSS Puebla - AliadosPuebla\",\"isPartOf\":{\"@id\":\"https:\\\/\\\/www.aliadospuebla.com\\\/#website\"},\"primaryImageOfPage\":{\"@id\":\"https:\\\/\\\/www.aliadospuebla.com\\\/?p=59443#primaryimage\"},\"image\":{\"@id\":\"https:\\\/\\\/www.aliadospuebla.com\\\/?p=59443#primaryimage\"},\"thumbnailUrl\":\"https:\\\/\\\/www.aliadospuebla.com\\\/web2017\\\/wp-content\\\/uploads\\\/2021\\\/07\\\/IMSS-2.jpg\",\"datePublished\":\"2021-07-15T21:23:46+00:00\",\"author\":{\"@id\":\"https:\\\/\\\/www.aliadospuebla.com\\\/#\\\/schema\\\/person\\\/0fd017f23cc5c3f7988d5d58850eec8e\"},\"breadcrumb\":{\"@id\":\"https:\\\/\\\/www.aliadospuebla.com\\\/?p=59443#breadcrumb\"},\"inLanguage\":\"es\",\"potentialAction\":[{\"@type\":\"ReadAction\",\"target\":[\"https:\\\/\\\/www.aliadospuebla.com\\\/?p=59443\"]}]},{\"@type\":\"ImageObject\",\"inLanguage\":\"es\",\"@id\":\"https:\\\/\\\/www.aliadospuebla.com\\\/?p=59443#primaryimage\",\"url\":\"https:\\\/\\\/www.aliadospuebla.com\\\/web2017\\\/wp-content\\\/uploads\\\/2021\\\/07\\\/IMSS-2.jpg\",\"contentUrl\":\"https:\\\/\\\/www.aliadospuebla.com\\\/web2017\\\/wp-content\\\/uploads\\\/2021\\\/07\\\/IMSS-2.jpg\",\"width\":600,\"height\":450},{\"@type\":\"BreadcrumbList\",\"@id\":\"https:\\\/\\\/www.aliadospuebla.com\\\/?p=59443#breadcrumb\",\"itemListElement\":[{\"@type\":\"ListItem\",\"position\":1,\"name\":\"Portada\",\"item\":\"https:\\\/\\\/www.aliadospuebla.com\\\/\"},{\"@type\":\"ListItem\",\"position\":2,\"name\":\"Vit\u00edligo factor de problema de tiroides o salud emocional: IMSS Puebla\"}]},{\"@type\":\"WebSite\",\"@id\":\"https:\\\/\\\/www.aliadospuebla.com\\\/#website\",\"url\":\"https:\\\/\\\/www.aliadospuebla.com\\\/\",\"name\":\"AliadosPuebla\",\"description\":\"La informaci\u00f3n en tus manos\",\"potentialAction\":[{\"@type\":\"SearchAction\",\"target\":{\"@type\":\"EntryPoint\",\"urlTemplate\":\"https:\\\/\\\/www.aliadospuebla.com\\\/?s={search_term_string}\"},\"query-input\":{\"@type\":\"PropertyValueSpecification\",\"valueRequired\":true,\"valueName\":\"search_term_string\"}}],\"inLanguage\":\"es\"},{\"@type\":\"Person\",\"@id\":\"https:\\\/\\\/www.aliadospuebla.com\\\/#\\\/schema\\\/person\\\/0fd017f23cc5c3f7988d5d58850eec8e\",\"name\":\"Aliados Videos\",\"image\":{\"@type\":\"ImageObject\",\"inLanguage\":\"es\",\"@id\":\"https:\\\/\\\/secure.gravatar.com\\\/avatar\\\/42b92de8b2d8339e1e824f3a73ab023a0bec0ee2e3920248085eb1f3160b4083?s=96&d=mm&r=g\",\"url\":\"https:\\\/\\\/secure.gravatar.com\\\/avatar\\\/42b92de8b2d8339e1e824f3a73ab023a0bec0ee2e3920248085eb1f3160b4083?s=96&d=mm&r=g\",\"contentUrl\":\"https:\\\/\\\/secure.gravatar.com\\\/avatar\\\/42b92de8b2d8339e1e824f3a73ab023a0bec0ee2e3920248085eb1f3160b4083?s=96&d=mm&r=g\",\"caption\":\"Aliados Videos\"},\"url\":\"https:\\\/\\\/www.aliadospuebla.com\\\/?author=3\"}]}<\/script>\n<!-- \/ Yoast SEO plugin. -->","yoast_head_json":{"title":"Vit\u00edligo factor de problema de tiroides o salud emocional: IMSS Puebla - AliadosPuebla","robots":{"index":"index","follow":"follow","max-snippet":"max-snippet:-1","max-image-preview":"max-image-preview:large","max-video-preview":"max-video-preview:-1"},"canonical":"https:\/\/www.aliadospuebla.com\/?p=59443","og_locale":"es_ES","og_type":"article","og_title":"Vit\u00edligo factor de problema de tiroides o salud emocional: IMSS Puebla - AliadosPuebla","og_description":"Como parte de las recomendaciones para detectar enfermedades el Instituto Mexicano del Seguro Social (IMSS) en Puebla recomienda el cuidado de la piel y estar pendientes ante cualquier cambio o falta de color, ya que puede ser principios de vit\u00edligo, muchas de las veces a causa de un problema tiroideo o puede estar relacionado a un estado emocional. &nbsp; La dermat\u00f3loga del Hospital General de Zona (HGZ) No. 20 \u201cLa Margarita\u201d, B\u00e1rbara Guti\u00e9rrez Camacho, defini\u00f3 al vit\u00edligo como una enfermedad de la piel que se presenta como una despigmentaci\u00f3n progresiva adquirida, se considera inmunol\u00f3gica, afecta a hombres y mujeres de cualquier edad, no es contagiosa e infecciosa, de causa autoinmune y no tiene cura; sin embargo, se puede controlar y desvanecer las lesiones, aunque cuando&hellip;Leer m\u00e1s...","og_url":"https:\/\/www.aliadospuebla.com\/?p=59443","og_site_name":"AliadosPuebla","article_published_time":"2021-07-15T21:23:46+00:00","og_image":[{"width":600,"height":450,"url":"https:\/\/www.aliadospuebla.com\/web2017\/wp-content\/uploads\/2021\/07\/IMSS-2.jpg","type":"image\/jpeg"}],"author":"Aliados Videos","twitter_card":"summary_large_image","twitter_misc":{"Escrito por":"Aliados Videos","Tiempo de lectura":"3 minutos"},"schema":{"@context":"https:\/\/schema.org","@graph":[{"@type":"Article","@id":"https:\/\/www.aliadospuebla.com\/?p=59443#article","isPartOf":{"@id":"https:\/\/www.aliadospuebla.com\/?p=59443"},"author":{"name":"Aliados Videos","@id":"https:\/\/www.aliadospuebla.com\/#\/schema\/person\/0fd017f23cc5c3f7988d5d58850eec8e"},"headline":"Vit\u00edligo factor de problema de tiroides o salud emocional: IMSS Puebla","datePublished":"2021-07-15T21:23:46+00:00","mainEntityOfPage":{"@id":"https:\/\/www.aliadospuebla.com\/?p=59443"},"wordCount":588,"commentCount":0,"image":{"@id":"https:\/\/www.aliadospuebla.com\/?p=59443#primaryimage"},"thumbnailUrl":"https:\/\/www.aliadospuebla.com\/web2017\/wp-content\/uploads\/2021\/07\/IMSS-2.jpg","keywords":["Ayuntamiento","capital","IMSS","Municipios","Puebla","SALUD"],"articleSection":["Capital"],"inLanguage":"es","potentialAction":[{"@type":"CommentAction","name":"Comment","target":["https:\/\/www.aliadospuebla.com\/?p=59443#respond"]}]},{"@type":"WebPage","@id":"https:\/\/www.aliadospuebla.com\/?p=59443","url":"https:\/\/www.aliadospuebla.com\/?p=59443","name":"Vit\u00edligo factor de problema de tiroides o salud emocional: IMSS Puebla - AliadosPuebla","isPartOf":{"@id":"https:\/\/www.aliadospuebla.com\/#website"},"primaryImageOfPage":{"@id":"https:\/\/www.aliadospuebla.com\/?p=59443#primaryimage"},"image":{"@id":"https:\/\/www.aliadospuebla.com\/?p=59443#primaryimage"},"thumbnailUrl":"https:\/\/www.aliadospuebla.com\/web2017\/wp-content\/uploads\/2021\/07\/IMSS-2.jpg","datePublished":"2021-07-15T21:23:46+00:00","author":{"@id":"https:\/\/www.aliadospuebla.com\/#\/schema\/person\/0fd017f23cc5c3f7988d5d58850eec8e"},"breadcrumb":{"@id":"https:\/\/www.aliadospuebla.com\/?p=59443#breadcrumb"},"inLanguage":"es","potentialAction":[{"@type":"ReadAction","target":["https:\/\/www.aliadospuebla.com\/?p=59443"]}]},{"@type":"ImageObject","inLanguage":"es","@id":"https:\/\/www.aliadospuebla.com\/?p=59443#primaryimage","url":"https:\/\/www.aliadospuebla.com\/web2017\/wp-content\/uploads\/2021\/07\/IMSS-2.jpg","contentUrl":"https:\/\/www.aliadospuebla.com\/web2017\/wp-content\/uploads\/2021\/07\/IMSS-2.jpg","width":600,"height":450},{"@type":"BreadcrumbList","@id":"https:\/\/www.aliadospuebla.com\/?p=59443#breadcrumb","itemListElement":[{"@type":"ListItem","position":1,"name":"Portada","item":"https:\/\/www.aliadospuebla.com\/"},{"@type":"ListItem","position":2,"name":"Vit\u00edligo factor de problema de tiroides o salud emocional: IMSS Puebla"}]},{"@type":"WebSite","@id":"https:\/\/www.aliadospuebla.com\/#website","url":"https:\/\/www.aliadospuebla.com\/","name":"AliadosPuebla","description":"La informaci\u00f3n en tus manos","potentialAction":[{"@type":"SearchAction","target":{"@type":"EntryPoint","urlTemplate":"https:\/\/www.aliadospuebla.com\/?s={search_term_string}"},"query-input":{"@type":"PropertyValueSpecification","valueRequired":true,"valueName":"search_term_string"}}],"inLanguage":"es"},{"@type":"Person","@id":"https:\/\/www.aliadospuebla.com\/#\/schema\/person\/0fd017f23cc5c3f7988d5d58850eec8e","name":"Aliados Videos","image":{"@type":"ImageObject","inLanguage":"es","@id":"https:\/\/secure.gravatar.com\/avatar\/42b92de8b2d8339e1e824f3a73ab023a0bec0ee2e3920248085eb1f3160b4083?s=96&d=mm&r=g","url":"https:\/\/secure.gravatar.com\/avatar\/42b92de8b2d8339e1e824f3a73ab023a0bec0ee2e3920248085eb1f3160b4083?s=96&d=mm&r=g","contentUrl":"https:\/\/secure.gravatar.com\/avatar\/42b92de8b2d8339e1e824f3a73ab023a0bec0ee2e3920248085eb1f3160b4083?s=96&d=mm&r=g","caption":"Aliados Videos"},"url":"https:\/\/www.aliadospuebla.com\/?author=3"}]}},"views":5,"_links":{"self":[{"href":"https:\/\/www.aliadospuebla.com\/index.php?rest_route=\/wp\/v2\/posts\/59443","targetHints":{"allow":["GET"]}}],"collection":[{"href":"https:\/\/www.aliadospuebla.com\/index.php?rest_route=\/wp\/v2\/posts"}],"about":[{"href":"https:\/\/www.aliadospuebla.com\/index.php?rest_route=\/wp\/v2\/types\/post"}],"author":[{"embeddable":true,"href":"https:\/\/www.aliadospuebla.com\/index.php?rest_route=\/wp\/v2\/users\/3"}],"replies":[{"embeddable":true,"href":"https:\/\/www.aliadospuebla.com\/index.php?rest_route=%2Fwp%2Fv2%2Fcomments&post=59443"}],"version-history":[{"count":1,"href":"https:\/\/www.aliadospuebla.com\/index.php?rest_route=\/wp\/v2\/posts\/59443\/revisions"}],"predecessor-version":[{"id":59445,"href":"https:\/\/www.aliadospuebla.com\/index.php?rest_route=\/wp\/v2\/posts\/59443\/revisions\/59445"}],"wp:featuredmedia":[{"embeddable":true,"href":"https:\/\/www.aliadospuebla.com\/index.php?rest_route=\/wp\/v2\/media\/59444"}],"wp:attachment":[{"href":"https:\/\/www.aliadospuebla.com\/index.php?rest_route=%2Fwp%2Fv2%2Fmedia&parent=59443"}],"wp:term":[{"taxonomy":"category","embeddable":true,"href":"https:\/\/www.aliadospuebla.com\/index.php?rest_route=%2Fwp%2Fv2%2Fcategories&post=59443"},{"taxonomy":"post_tag","embeddable":true,"href":"https:\/\/www.aliadospuebla.com\/index.php?rest_route=%2Fwp%2Fv2%2Ftags&post=59443"}],"curies":[{"name":"wp","href":"https:\/\/api.w.org\/{rel}","templated":true}]}}