{"id":59325,"date":"2021-07-13T17:33:12","date_gmt":"2021-07-13T22:33:12","guid":{"rendered":"https:\/\/www.aliados17.com\/?p=59325"},"modified":"2021-07-13T17:33:12","modified_gmt":"2021-07-13T22:33:12","slug":"ayuntamiento-de-puebla-invierte-a-favor-de-la-seguridad-vial-en-la-margarita","status":"publish","type":"post","link":"https:\/\/www.aliadospuebla.com\/?p=59325","title":{"rendered":"Ayuntamiento de Puebla invierte a favor de la seguridad vial en La Margarita"},"content":{"rendered":"<p style=\"font-weight: 400;\">El Ayuntamiento de Puebla realiz\u00f3 la entrega de la reconfiguraci\u00f3n vial en Avenida Fidel Vel\u00e1zquez, que conecta con la Unidad Habitacional La Margarita, para disminuir los siniestros de tr\u00e1nsito.<\/p>\n<p style=\"font-weight: 400;\">\n<p style=\"font-weight: 400;\">Este nuevo esquema vial en la zona reduce el tiempo de exposici\u00f3n de las y los peatones al cruzar la calle, mejora la conectividad en los distintos modos de traslado y tiene un car\u00e1cter funcional.<\/p>\n<p style=\"font-weight: 400;\">\n<p style=\"font-weight: 400;\">La Presidenta Municipal, Claudia Rivera Vivanco, destac\u00f3 que esta obra, planeada por la Secretar\u00eda de Movilidad y ejecutada por la Secretar\u00eda de Infraestructura y Servicios P\u00fablicos, optimiza las condiciones de desplazamiento de veh\u00edculos, veh\u00edculos no motorizados y peatones.<\/p>\n<p style=\"font-weight: 400;\">\n<p style=\"font-weight: 400;\">Con la reconfiguraci\u00f3n de esta calle, tambi\u00e9n, se contribuye a la pacificaci\u00f3n de la zona disminuyendo los incidentes viales, pues se establece una velocidad m\u00e1xima de 30 kil\u00f3metros por hora en las inmediaciones de seis preescolares, dos primarias, dos secundarias, tres preparatorias y el Hospital del IMSS, asegur\u00f3 el titular de la Secretar\u00eda de Movilidad, Eduardo Covi\u00e1n Carrizales, a favor de m\u00e1s de 80 mil habitantes.<\/p>\n<p style=\"font-weight: 400;\">\n<p style=\"font-weight: 400;\">Con una inversi\u00f3n de nueve millones 210 mil 86 pesos, se habilit\u00f3 el siguiente mobiliario:<\/p>\n<p style=\"font-weight: 400;\">\n<ul>\n<li style=\"font-weight: 400;\">Bolardos: 432 piezas<\/li>\n<li style=\"font-weight: 400;\">Banquetas: 2,332.93 metros cuadrados<\/li>\n<li style=\"font-weight: 400;\">Guarniciones: 2,387.26 metros cuadrados<\/li>\n<li style=\"font-weight: 400;\">Pasos peatonales: 3<\/li>\n<li style=\"font-weight: 400;\">Sem\u00e1foros peatonales: 27 piezas<\/li>\n<li style=\"font-weight: 400;\">Sem\u00e1foros vehiculares: 15 piezas<\/li>\n<li style=\"font-weight: 400;\">Controles centralizables: 3 piezas<\/li>\n<li style=\"font-weight: 400;\">Se\u00f1al\u00e9tica vertical de zona 30: 6 piezas<\/li>\n<li style=\"font-weight: 400;\">R\u00f3tulo de s\u00edmbolo de bicicleta: 15 piezas<\/li>\n<li style=\"font-weight: 400;\">Sembrado de \u00e1rboles y plantas: 44 \u00e1rboles liquid\u00e1mbar y 6,601 plantas duranta, peniseto y agapanto<\/li>\n<li style=\"font-weight: 400;\">Se\u00f1al\u00e9tica vertical de no estacionarse: 3 piezas<\/li>\n<li style=\"font-weight: 400;\">Se\u00f1al\u00e9tica vertical de cruce de peat\u00f3n: 16 piezas<\/li>\n<li style=\"font-weight: 400;\">Sem\u00e1foros de piso para cruce peatonal: 71 piezas<\/li>\n<li style=\"font-weight: 400;\">R\u00f3tulo de s\u00edmbolo de velocidad m\u00e1xima: 30 piezas<\/li>\n<li style=\"font-weight: 400;\">Se\u00f1al\u00e9tica vertical de parada de autob\u00fas: 3 piezas<\/li>\n<li style=\"font-weight: 400;\">Se\u00f1al\u00e9tica vertical de reductor de velocidad: 6 piezas<\/li>\n<li style=\"font-weight: 400;\">Se\u00f1al\u00e9tica vertical de infraestructura ciclista: 7 piezas<\/li>\n<\/ul>\n<p style=\"font-weight: 400;\">\n<p style=\"font-weight: 400;\">Con estas acciones se fomenta una movilidad incluyente, que privilegia la seguridad de todo tipo de veh\u00edculos, as\u00ed como de peatones de utilizan esta avenida de gran afluencia y de acceso a la Unidad Habitacional La Margarita.<\/p>\n<p style=\"font-weight: 400;\">\n<p style=\"font-weight: 400;\">En este evento tambi\u00e9n estuvieron presentes \u00c1ngel Rivera Ortega, regidor presidente de la Comisi\u00f3n de Infraestructura y Obra P\u00fablica; Carmen Mar\u00eda Palma Ben\u00edtez, regidora presidenta de la Comisi\u00f3n de Derechos Humanos e Igualdad de G\u00e9nero; y Norma Estela Pimentel, titular de la Secretar\u00eda para la Igualdad Sustantiva de G\u00e9nero.<\/p>\n","protected":false},"excerpt":{"rendered":"<p>El Ayuntamiento de Puebla realiz\u00f3 la entrega de la reconfiguraci\u00f3n vial en Avenida Fidel Vel\u00e1zquez, que conecta con la Unidad Habitacional La Margarita, para disminuir los siniestros de tr\u00e1nsito. Este nuevo esquema vial en la zona reduce el tiempo de exposici\u00f3n de las y los peatones al cruzar la calle, mejora la conectividad en los distintos modos de traslado y tiene un car\u00e1cter funcional. La Presidenta Municipal, Claudia Rivera Vivanco, destac\u00f3 que esta obra, planeada por la Secretar\u00eda de Movilidad y ejecutada por la Secretar\u00eda de Infraestructura y Servicios P\u00fablicos, optimiza las condiciones de desplazamiento de veh\u00edculos, veh\u00edculos no motorizados y peatones. Con la reconfiguraci\u00f3n de esta calle, tambi\u00e9n, se contribuye a la pacificaci\u00f3n de la zona disminuyendo los incidentes viales, pues se establece una&hellip;<\/p>\n<p class=\"excerpt-more\"><a class=\"blog-excerpt button\" href=\"https:\/\/www.aliadospuebla.com\/?p=59325\">Leer m\u00e1s&#8230;<\/a><\/p>\n","protected":false},"author":3,"featured_media":59326,"comment_status":"open","ping_status":"open","sticky":false,"template":"","format":"standard","meta":{"_monsterinsights_skip_tracking":false,"footnotes":""},"categories":[62],"tags":[56,6043,850,77,72,3002],"class_list":["post-59325","post","type-post","status-publish","format-standard","has-post-thumbnail","hentry","category-capital","tag-capital","tag-claudia-rivera","tag-miguel-barbosa","tag-municipios","tag-puebla","tag-regidores"],"yoast_head":"<!-- This site is optimized with the Yoast SEO plugin v28.4 - https:\/\/yoast.com\/product\/yoast-seo-wordpress\/ -->\n<title>Ayuntamiento de Puebla invierte a favor de la seguridad vial en La Margarita - AliadosPuebla<\/title>\n<meta name=\"robots\" content=\"index, follow, max-snippet:-1, max-image-preview:large, max-video-preview:-1\" \/>\n<link rel=\"canonical\" href=\"https:\/\/www.aliadospuebla.com\/?p=59325\" \/>\n<meta property=\"og:locale\" content=\"es_ES\" \/>\n<meta property=\"og:type\" content=\"article\" \/>\n<meta property=\"og:title\" content=\"Ayuntamiento de Puebla invierte a favor de la seguridad vial en La Margarita - AliadosPuebla\" \/>\n<meta property=\"og:description\" content=\"El Ayuntamiento de Puebla realiz\u00f3 la entrega de la reconfiguraci\u00f3n vial en Avenida Fidel Vel\u00e1zquez, que conecta con la Unidad Habitacional La Margarita, para disminuir los siniestros de tr\u00e1nsito. Este nuevo esquema vial en la zona reduce el tiempo de exposici\u00f3n de las y los peatones al cruzar la calle, mejora la conectividad en los distintos modos de traslado y tiene un car\u00e1cter funcional. La Presidenta Municipal, Claudia Rivera Vivanco, destac\u00f3 que esta obra, planeada por la Secretar\u00eda de Movilidad y ejecutada por la Secretar\u00eda de Infraestructura y Servicios P\u00fablicos, optimiza las condiciones de desplazamiento de veh\u00edculos, veh\u00edculos no motorizados y peatones. Con la reconfiguraci\u00f3n de esta calle, tambi\u00e9n, se contribuye a la pacificaci\u00f3n de la zona disminuyendo los incidentes viales, pues se establece una&hellip;Leer m\u00e1s...\" \/>\n<meta property=\"og:url\" content=\"https:\/\/www.aliadospuebla.com\/?p=59325\" \/>\n<meta property=\"og:site_name\" content=\"AliadosPuebla\" \/>\n<meta property=\"article:published_time\" content=\"2021-07-13T22:33:12+00:00\" \/>\n<meta property=\"og:image\" content=\"https:\/\/www.aliadospuebla.com\/web2017\/wp-content\/uploads\/2021\/07\/CAPITAL-30.jpg\" \/>\n\t<meta property=\"og:image:width\" content=\"600\" \/>\n\t<meta property=\"og:image:height\" content=\"450\" \/>\n\t<meta property=\"og:image:type\" content=\"image\/jpeg\" \/>\n<meta name=\"author\" content=\"Aliados Videos\" \/>\n<meta name=\"twitter:card\" content=\"summary_large_image\" \/>\n<meta name=\"twitter:label1\" content=\"Escrito por\" \/>\n\t<meta name=\"twitter:data1\" content=\"Aliados Videos\" \/>\n\t<meta name=\"twitter:label2\" content=\"Tiempo de lectura\" \/>\n\t<meta name=\"twitter:data2\" content=\"2 minutos\" \/>\n<script type=\"application\/ld+json\" class=\"yoast-schema-graph\">{\"@context\":\"https:\\\/\\\/schema.org\",\"@graph\":[{\"@type\":\"Article\",\"@id\":\"https:\\\/\\\/www.aliadospuebla.com\\\/?p=59325#article\",\"isPartOf\":{\"@id\":\"https:\\\/\\\/www.aliadospuebla.com\\\/?p=59325\"},\"author\":{\"name\":\"Aliados Videos\",\"@id\":\"https:\\\/\\\/www.aliadospuebla.com\\\/#\\\/schema\\\/person\\\/0fd017f23cc5c3f7988d5d58850eec8e\"},\"headline\":\"Ayuntamiento de Puebla invierte a favor de la seguridad vial en La Margarita\",\"datePublished\":\"2021-07-13T22:33:12+00:00\",\"mainEntityOfPage\":{\"@id\":\"https:\\\/\\\/www.aliadospuebla.com\\\/?p=59325\"},\"wordCount\":420,\"commentCount\":0,\"image\":{\"@id\":\"https:\\\/\\\/www.aliadospuebla.com\\\/?p=59325#primaryimage\"},\"thumbnailUrl\":\"https:\\\/\\\/www.aliadospuebla.com\\\/web2017\\\/wp-content\\\/uploads\\\/2021\\\/07\\\/CAPITAL-30.jpg\",\"keywords\":[\"capital\",\"CLAUDIA RIVERA\",\"MIGUEL BARBOSA\",\"Municipios\",\"Puebla\",\"REGIDORES\"],\"articleSection\":[\"Capital\"],\"inLanguage\":\"es\",\"potentialAction\":[{\"@type\":\"CommentAction\",\"name\":\"Comment\",\"target\":[\"https:\\\/\\\/www.aliadospuebla.com\\\/?p=59325#respond\"]}]},{\"@type\":\"WebPage\",\"@id\":\"https:\\\/\\\/www.aliadospuebla.com\\\/?p=59325\",\"url\":\"https:\\\/\\\/www.aliadospuebla.com\\\/?p=59325\",\"name\":\"Ayuntamiento de Puebla invierte a favor de la seguridad vial en La Margarita - AliadosPuebla\",\"isPartOf\":{\"@id\":\"https:\\\/\\\/www.aliadospuebla.com\\\/#website\"},\"primaryImageOfPage\":{\"@id\":\"https:\\\/\\\/www.aliadospuebla.com\\\/?p=59325#primaryimage\"},\"image\":{\"@id\":\"https:\\\/\\\/www.aliadospuebla.com\\\/?p=59325#primaryimage\"},\"thumbnailUrl\":\"https:\\\/\\\/www.aliadospuebla.com\\\/web2017\\\/wp-content\\\/uploads\\\/2021\\\/07\\\/CAPITAL-30.jpg\",\"datePublished\":\"2021-07-13T22:33:12+00:00\",\"author\":{\"@id\":\"https:\\\/\\\/www.aliadospuebla.com\\\/#\\\/schema\\\/person\\\/0fd017f23cc5c3f7988d5d58850eec8e\"},\"breadcrumb\":{\"@id\":\"https:\\\/\\\/www.aliadospuebla.com\\\/?p=59325#breadcrumb\"},\"inLanguage\":\"es\",\"potentialAction\":[{\"@type\":\"ReadAction\",\"target\":[\"https:\\\/\\\/www.aliadospuebla.com\\\/?p=59325\"]}]},{\"@type\":\"ImageObject\",\"inLanguage\":\"es\",\"@id\":\"https:\\\/\\\/www.aliadospuebla.com\\\/?p=59325#primaryimage\",\"url\":\"https:\\\/\\\/www.aliadospuebla.com\\\/web2017\\\/wp-content\\\/uploads\\\/2021\\\/07\\\/CAPITAL-30.jpg\",\"contentUrl\":\"https:\\\/\\\/www.aliadospuebla.com\\\/web2017\\\/wp-content\\\/uploads\\\/2021\\\/07\\\/CAPITAL-30.jpg\",\"width\":600,\"height\":450},{\"@type\":\"BreadcrumbList\",\"@id\":\"https:\\\/\\\/www.aliadospuebla.com\\\/?p=59325#breadcrumb\",\"itemListElement\":[{\"@type\":\"ListItem\",\"position\":1,\"name\":\"Portada\",\"item\":\"https:\\\/\\\/www.aliadospuebla.com\\\/\"},{\"@type\":\"ListItem\",\"position\":2,\"name\":\"Ayuntamiento de Puebla invierte a favor de la seguridad vial en La Margarita\"}]},{\"@type\":\"WebSite\",\"@id\":\"https:\\\/\\\/www.aliadospuebla.com\\\/#website\",\"url\":\"https:\\\/\\\/www.aliadospuebla.com\\\/\",\"name\":\"AliadosPuebla\",\"description\":\"La informaci\u00f3n en tus manos\",\"potentialAction\":[{\"@type\":\"SearchAction\",\"target\":{\"@type\":\"EntryPoint\",\"urlTemplate\":\"https:\\\/\\\/www.aliadospuebla.com\\\/?s={search_term_string}\"},\"query-input\":{\"@type\":\"PropertyValueSpecification\",\"valueRequired\":true,\"valueName\":\"search_term_string\"}}],\"inLanguage\":\"es\"},{\"@type\":\"Person\",\"@id\":\"https:\\\/\\\/www.aliadospuebla.com\\\/#\\\/schema\\\/person\\\/0fd017f23cc5c3f7988d5d58850eec8e\",\"name\":\"Aliados Videos\",\"image\":{\"@type\":\"ImageObject\",\"inLanguage\":\"es\",\"@id\":\"https:\\\/\\\/secure.gravatar.com\\\/avatar\\\/42b92de8b2d8339e1e824f3a73ab023a0bec0ee2e3920248085eb1f3160b4083?s=96&d=mm&r=g\",\"url\":\"https:\\\/\\\/secure.gravatar.com\\\/avatar\\\/42b92de8b2d8339e1e824f3a73ab023a0bec0ee2e3920248085eb1f3160b4083?s=96&d=mm&r=g\",\"contentUrl\":\"https:\\\/\\\/secure.gravatar.com\\\/avatar\\\/42b92de8b2d8339e1e824f3a73ab023a0bec0ee2e3920248085eb1f3160b4083?s=96&d=mm&r=g\",\"caption\":\"Aliados Videos\"},\"url\":\"https:\\\/\\\/www.aliadospuebla.com\\\/?author=3\"}]}<\/script>\n<!-- \/ Yoast SEO plugin. -->","yoast_head_json":{"title":"Ayuntamiento de Puebla invierte a favor de la seguridad vial en La Margarita - AliadosPuebla","robots":{"index":"index","follow":"follow","max-snippet":"max-snippet:-1","max-image-preview":"max-image-preview:large","max-video-preview":"max-video-preview:-1"},"canonical":"https:\/\/www.aliadospuebla.com\/?p=59325","og_locale":"es_ES","og_type":"article","og_title":"Ayuntamiento de Puebla invierte a favor de la seguridad vial en La Margarita - AliadosPuebla","og_description":"El Ayuntamiento de Puebla realiz\u00f3 la entrega de la reconfiguraci\u00f3n vial en Avenida Fidel Vel\u00e1zquez, que conecta con la Unidad Habitacional La Margarita, para disminuir los siniestros de tr\u00e1nsito. Este nuevo esquema vial en la zona reduce el tiempo de exposici\u00f3n de las y los peatones al cruzar la calle, mejora la conectividad en los distintos modos de traslado y tiene un car\u00e1cter funcional. La Presidenta Municipal, Claudia Rivera Vivanco, destac\u00f3 que esta obra, planeada por la Secretar\u00eda de Movilidad y ejecutada por la Secretar\u00eda de Infraestructura y Servicios P\u00fablicos, optimiza las condiciones de desplazamiento de veh\u00edculos, veh\u00edculos no motorizados y peatones. Con la reconfiguraci\u00f3n de esta calle, tambi\u00e9n, se contribuye a la pacificaci\u00f3n de la zona disminuyendo los incidentes viales, pues se establece una&hellip;Leer m\u00e1s...","og_url":"https:\/\/www.aliadospuebla.com\/?p=59325","og_site_name":"AliadosPuebla","article_published_time":"2021-07-13T22:33:12+00:00","og_image":[{"width":600,"height":450,"url":"https:\/\/www.aliadospuebla.com\/web2017\/wp-content\/uploads\/2021\/07\/CAPITAL-30.jpg","type":"image\/jpeg"}],"author":"Aliados Videos","twitter_card":"summary_large_image","twitter_misc":{"Escrito por":"Aliados Videos","Tiempo de lectura":"2 minutos"},"schema":{"@context":"https:\/\/schema.org","@graph":[{"@type":"Article","@id":"https:\/\/www.aliadospuebla.com\/?p=59325#article","isPartOf":{"@id":"https:\/\/www.aliadospuebla.com\/?p=59325"},"author":{"name":"Aliados Videos","@id":"https:\/\/www.aliadospuebla.com\/#\/schema\/person\/0fd017f23cc5c3f7988d5d58850eec8e"},"headline":"Ayuntamiento de Puebla invierte a favor de la seguridad vial en La Margarita","datePublished":"2021-07-13T22:33:12+00:00","mainEntityOfPage":{"@id":"https:\/\/www.aliadospuebla.com\/?p=59325"},"wordCount":420,"commentCount":0,"image":{"@id":"https:\/\/www.aliadospuebla.com\/?p=59325#primaryimage"},"thumbnailUrl":"https:\/\/www.aliadospuebla.com\/web2017\/wp-content\/uploads\/2021\/07\/CAPITAL-30.jpg","keywords":["capital","CLAUDIA RIVERA","MIGUEL BARBOSA","Municipios","Puebla","REGIDORES"],"articleSection":["Capital"],"inLanguage":"es","potentialAction":[{"@type":"CommentAction","name":"Comment","target":["https:\/\/www.aliadospuebla.com\/?p=59325#respond"]}]},{"@type":"WebPage","@id":"https:\/\/www.aliadospuebla.com\/?p=59325","url":"https:\/\/www.aliadospuebla.com\/?p=59325","name":"Ayuntamiento de Puebla invierte a favor de la seguridad vial en La Margarita - AliadosPuebla","isPartOf":{"@id":"https:\/\/www.aliadospuebla.com\/#website"},"primaryImageOfPage":{"@id":"https:\/\/www.aliadospuebla.com\/?p=59325#primaryimage"},"image":{"@id":"https:\/\/www.aliadospuebla.com\/?p=59325#primaryimage"},"thumbnailUrl":"https:\/\/www.aliadospuebla.com\/web2017\/wp-content\/uploads\/2021\/07\/CAPITAL-30.jpg","datePublished":"2021-07-13T22:33:12+00:00","author":{"@id":"https:\/\/www.aliadospuebla.com\/#\/schema\/person\/0fd017f23cc5c3f7988d5d58850eec8e"},"breadcrumb":{"@id":"https:\/\/www.aliadospuebla.com\/?p=59325#breadcrumb"},"inLanguage":"es","potentialAction":[{"@type":"ReadAction","target":["https:\/\/www.aliadospuebla.com\/?p=59325"]}]},{"@type":"ImageObject","inLanguage":"es","@id":"https:\/\/www.aliadospuebla.com\/?p=59325#primaryimage","url":"https:\/\/www.aliadospuebla.com\/web2017\/wp-content\/uploads\/2021\/07\/CAPITAL-30.jpg","contentUrl":"https:\/\/www.aliadospuebla.com\/web2017\/wp-content\/uploads\/2021\/07\/CAPITAL-30.jpg","width":600,"height":450},{"@type":"BreadcrumbList","@id":"https:\/\/www.aliadospuebla.com\/?p=59325#breadcrumb","itemListElement":[{"@type":"ListItem","position":1,"name":"Portada","item":"https:\/\/www.aliadospuebla.com\/"},{"@type":"ListItem","position":2,"name":"Ayuntamiento de Puebla invierte a favor de la seguridad vial en La Margarita"}]},{"@type":"WebSite","@id":"https:\/\/www.aliadospuebla.com\/#website","url":"https:\/\/www.aliadospuebla.com\/","name":"AliadosPuebla","description":"La informaci\u00f3n en tus manos","potentialAction":[{"@type":"SearchAction","target":{"@type":"EntryPoint","urlTemplate":"https:\/\/www.aliadospuebla.com\/?s={search_term_string}"},"query-input":{"@type":"PropertyValueSpecification","valueRequired":true,"valueName":"search_term_string"}}],"inLanguage":"es"},{"@type":"Person","@id":"https:\/\/www.aliadospuebla.com\/#\/schema\/person\/0fd017f23cc5c3f7988d5d58850eec8e","name":"Aliados Videos","image":{"@type":"ImageObject","inLanguage":"es","@id":"https:\/\/secure.gravatar.com\/avatar\/42b92de8b2d8339e1e824f3a73ab023a0bec0ee2e3920248085eb1f3160b4083?s=96&d=mm&r=g","url":"https:\/\/secure.gravatar.com\/avatar\/42b92de8b2d8339e1e824f3a73ab023a0bec0ee2e3920248085eb1f3160b4083?s=96&d=mm&r=g","contentUrl":"https:\/\/secure.gravatar.com\/avatar\/42b92de8b2d8339e1e824f3a73ab023a0bec0ee2e3920248085eb1f3160b4083?s=96&d=mm&r=g","caption":"Aliados Videos"},"url":"https:\/\/www.aliadospuebla.com\/?author=3"}]}},"views":4,"_links":{"self":[{"href":"https:\/\/www.aliadospuebla.com\/index.php?rest_route=\/wp\/v2\/posts\/59325","targetHints":{"allow":["GET"]}}],"collection":[{"href":"https:\/\/www.aliadospuebla.com\/index.php?rest_route=\/wp\/v2\/posts"}],"about":[{"href":"https:\/\/www.aliadospuebla.com\/index.php?rest_route=\/wp\/v2\/types\/post"}],"author":[{"embeddable":true,"href":"https:\/\/www.aliadospuebla.com\/index.php?rest_route=\/wp\/v2\/users\/3"}],"replies":[{"embeddable":true,"href":"https:\/\/www.aliadospuebla.com\/index.php?rest_route=%2Fwp%2Fv2%2Fcomments&post=59325"}],"version-history":[{"count":1,"href":"https:\/\/www.aliadospuebla.com\/index.php?rest_route=\/wp\/v2\/posts\/59325\/revisions"}],"predecessor-version":[{"id":59327,"href":"https:\/\/www.aliadospuebla.com\/index.php?rest_route=\/wp\/v2\/posts\/59325\/revisions\/59327"}],"wp:featuredmedia":[{"embeddable":true,"href":"https:\/\/www.aliadospuebla.com\/index.php?rest_route=\/wp\/v2\/media\/59326"}],"wp:attachment":[{"href":"https:\/\/www.aliadospuebla.com\/index.php?rest_route=%2Fwp%2Fv2%2Fmedia&parent=59325"}],"wp:term":[{"taxonomy":"category","embeddable":true,"href":"https:\/\/www.aliadospuebla.com\/index.php?rest_route=%2Fwp%2Fv2%2Fcategories&post=59325"},{"taxonomy":"post_tag","embeddable":true,"href":"https:\/\/www.aliadospuebla.com\/index.php?rest_route=%2Fwp%2Fv2%2Ftags&post=59325"}],"curies":[{"name":"wp","href":"https:\/\/api.w.org\/{rel}","templated":true}]}}