{"id":59284,"date":"2021-07-12T17:09:29","date_gmt":"2021-07-12T22:09:29","guid":{"rendered":"https:\/\/www.aliados17.com\/?p=59284"},"modified":"2021-07-12T17:09:29","modified_gmt":"2021-07-12T22:09:29","slug":"puebla-en-tendencia-ascendente-por-el-incremento-de-casos-de-covid-19-mbh","status":"publish","type":"post","link":"https:\/\/www.aliadospuebla.com\/?p=59284","title":{"rendered":"PUEBLA, EN TENDENCIA ASCENDENTE POR EL INCREMENTO DE CASOS DE COVID- 19: MBH"},"content":{"rendered":"<p style=\"font-weight: 400;\">Las seis regiones en las que el Gobierno del Estado dividi\u00f3 a la entidad por la pandemia, est\u00e1n en sem\u00e1foro amarillo, pero con tendencia ascendente por el incremento de casos de COVID-19, por lo que ma\u00f1ana habr\u00e1n de anunciarse nuevas medidas sanitarias de prevenci\u00f3n.<\/p>\n<p style=\"font-weight: 400;\">As\u00ed lo inform\u00f3 el gobernador Miguel Barbosa Huerta en la habitual videoconferencia de prensa, en la que dio a conocer que este grave escenario lo est\u00e1n viviendo los estados de la zona centro del pa\u00eds, de tal suerte que reiter\u00f3 su exhorto a las y los poblanos a seguir cuid\u00e1ndose de esta enfermedad.<\/p>\n<p style=\"font-weight: 400;\">El mandatario estatal pidi\u00f3 a las madres y padres de familia cuidarse y cuidar a sus hijos, sobre todo a los j\u00f3venes, pues coment\u00f3 que est\u00e1n siendo blanco de contagios por la falta de disciplina en su comportamiento.<\/p>\n<p style=\"font-weight: 400;\">\n<p style=\"font-weight: 400;\"><strong>INCREMENTO DE CASOS DURANTE CUATRO D\u00cdAS CONSECUTIVOS, REPORTA SALUD<\/strong><\/p>\n<p style=\"font-weight: 400;\">Por su parte, el secretario de Salud, Jos\u00e9 Antonio Mart\u00ednez Garc\u00eda expuso que los casos activos por el virus SARS-CoV-2 han incrementado sustancialmente durante cuatro d\u00edas consecutivos, as\u00ed como la cifra de hospitalizados, lo cual reconoci\u00f3 que es preocupante.<\/p>\n<p style=\"font-weight: 400;\">Puntualiz\u00f3 que el Estado de M\u00e9xico, Ciudad de M\u00e9xico, Veracruz e Hidalgo han reportado un ascenso de la COVID-19, y Puebla no est\u00e1 ajena a esta situaci\u00f3n. Llam\u00f3 a la sociedad a extremar las medidas de prevenci\u00f3n para contener la enfermedad.<\/p>\n<p style=\"font-weight: 400;\">Por \u00faltimo, el funcionario se\u00f1al\u00f3 que la morbilidad y mortalidad mantienen una tendencia a la baja.<\/p>\n","protected":false},"excerpt":{"rendered":"<p>Las seis regiones en las que el Gobierno del Estado dividi\u00f3 a la entidad por la pandemia, est\u00e1n en sem\u00e1foro amarillo, pero con tendencia ascendente por el incremento de casos de COVID-19, por lo que ma\u00f1ana habr\u00e1n de anunciarse nuevas medidas sanitarias de prevenci\u00f3n. As\u00ed lo inform\u00f3 el gobernador Miguel Barbosa Huerta en la habitual videoconferencia de prensa, en la que dio a conocer que este grave escenario lo est\u00e1n viviendo los estados de la zona centro del pa\u00eds, de tal suerte que reiter\u00f3 su exhorto a las y los poblanos a seguir cuid\u00e1ndose de esta enfermedad. El mandatario estatal pidi\u00f3 a las madres y padres de familia cuidarse y cuidar a sus hijos, sobre todo a los j\u00f3venes, pues coment\u00f3 que est\u00e1n siendo blanco&hellip;<\/p>\n<p class=\"excerpt-more\"><a class=\"blog-excerpt button\" href=\"https:\/\/www.aliadospuebla.com\/?p=59284\">Leer m\u00e1s&#8230;<\/a><\/p>\n","protected":false},"author":3,"featured_media":0,"comment_status":"open","ping_status":"open","sticky":false,"template":"","format":"standard","meta":{"_monsterinsights_skip_tracking":false,"footnotes":""},"categories":[61],"tags":[171,56,11738,850,77,72,365],"class_list":["post-59284","post","type-post","status-publish","format-standard","hentry","category-gobierno","tag-ayuntamiento","tag-capital","tag-covid-19","tag-miguel-barbosa","tag-municipios","tag-puebla","tag-salud"],"yoast_head":"<!-- This site is optimized with the Yoast SEO plugin v28.4 - https:\/\/yoast.com\/product\/yoast-seo-wordpress\/ -->\n<title>PUEBLA, EN TENDENCIA ASCENDENTE POR EL INCREMENTO DE CASOS DE COVID- 19: MBH - AliadosPuebla<\/title>\n<meta name=\"robots\" content=\"index, follow, max-snippet:-1, max-image-preview:large, max-video-preview:-1\" \/>\n<link rel=\"canonical\" href=\"https:\/\/www.aliadospuebla.com\/?p=59284\" \/>\n<meta property=\"og:locale\" content=\"es_ES\" \/>\n<meta property=\"og:type\" content=\"article\" \/>\n<meta property=\"og:title\" content=\"PUEBLA, EN TENDENCIA ASCENDENTE POR EL INCREMENTO DE CASOS DE COVID- 19: MBH - AliadosPuebla\" \/>\n<meta property=\"og:description\" content=\"Las seis regiones en las que el Gobierno del Estado dividi\u00f3 a la entidad por la pandemia, est\u00e1n en sem\u00e1foro amarillo, pero con tendencia ascendente por el incremento de casos de COVID-19, por lo que ma\u00f1ana habr\u00e1n de anunciarse nuevas medidas sanitarias de prevenci\u00f3n. As\u00ed lo inform\u00f3 el gobernador Miguel Barbosa Huerta en la habitual videoconferencia de prensa, en la que dio a conocer que este grave escenario lo est\u00e1n viviendo los estados de la zona centro del pa\u00eds, de tal suerte que reiter\u00f3 su exhorto a las y los poblanos a seguir cuid\u00e1ndose de esta enfermedad. El mandatario estatal pidi\u00f3 a las madres y padres de familia cuidarse y cuidar a sus hijos, sobre todo a los j\u00f3venes, pues coment\u00f3 que est\u00e1n siendo blanco&hellip;Leer m\u00e1s...\" \/>\n<meta property=\"og:url\" content=\"https:\/\/www.aliadospuebla.com\/?p=59284\" \/>\n<meta property=\"og:site_name\" content=\"AliadosPuebla\" \/>\n<meta property=\"article:published_time\" content=\"2021-07-12T22:09:29+00:00\" \/>\n<meta name=\"author\" content=\"Aliados Videos\" \/>\n<meta name=\"twitter:card\" content=\"summary_large_image\" \/>\n<meta name=\"twitter:label1\" content=\"Escrito por\" \/>\n\t<meta name=\"twitter:data1\" content=\"Aliados Videos\" \/>\n\t<meta name=\"twitter:label2\" content=\"Tiempo de lectura\" \/>\n\t<meta name=\"twitter:data2\" content=\"2 minutos\" \/>\n<script type=\"application\/ld+json\" class=\"yoast-schema-graph\">{\"@context\":\"https:\\\/\\\/schema.org\",\"@graph\":[{\"@type\":\"Article\",\"@id\":\"https:\\\/\\\/www.aliadospuebla.com\\\/?p=59284#article\",\"isPartOf\":{\"@id\":\"https:\\\/\\\/www.aliadospuebla.com\\\/?p=59284\"},\"author\":{\"name\":\"Aliados Videos\",\"@id\":\"https:\\\/\\\/www.aliadospuebla.com\\\/#\\\/schema\\\/person\\\/0fd017f23cc5c3f7988d5d58850eec8e\"},\"headline\":\"PUEBLA, EN TENDENCIA ASCENDENTE POR EL INCREMENTO DE CASOS DE COVID- 19: MBH\",\"datePublished\":\"2021-07-12T22:09:29+00:00\",\"mainEntityOfPage\":{\"@id\":\"https:\\\/\\\/www.aliadospuebla.com\\\/?p=59284\"},\"wordCount\":271,\"commentCount\":0,\"keywords\":[\"Ayuntamiento\",\"capital\",\"COVID-19\",\"MIGUEL BARBOSA\",\"Municipios\",\"Puebla\",\"SALUD\"],\"articleSection\":[\"Gobierno\"],\"inLanguage\":\"es\",\"potentialAction\":[{\"@type\":\"CommentAction\",\"name\":\"Comment\",\"target\":[\"https:\\\/\\\/www.aliadospuebla.com\\\/?p=59284#respond\"]}]},{\"@type\":\"WebPage\",\"@id\":\"https:\\\/\\\/www.aliadospuebla.com\\\/?p=59284\",\"url\":\"https:\\\/\\\/www.aliadospuebla.com\\\/?p=59284\",\"name\":\"PUEBLA, EN TENDENCIA ASCENDENTE POR EL INCREMENTO DE CASOS DE COVID- 19: MBH - AliadosPuebla\",\"isPartOf\":{\"@id\":\"https:\\\/\\\/www.aliadospuebla.com\\\/#website\"},\"datePublished\":\"2021-07-12T22:09:29+00:00\",\"author\":{\"@id\":\"https:\\\/\\\/www.aliadospuebla.com\\\/#\\\/schema\\\/person\\\/0fd017f23cc5c3f7988d5d58850eec8e\"},\"breadcrumb\":{\"@id\":\"https:\\\/\\\/www.aliadospuebla.com\\\/?p=59284#breadcrumb\"},\"inLanguage\":\"es\",\"potentialAction\":[{\"@type\":\"ReadAction\",\"target\":[\"https:\\\/\\\/www.aliadospuebla.com\\\/?p=59284\"]}]},{\"@type\":\"BreadcrumbList\",\"@id\":\"https:\\\/\\\/www.aliadospuebla.com\\\/?p=59284#breadcrumb\",\"itemListElement\":[{\"@type\":\"ListItem\",\"position\":1,\"name\":\"Portada\",\"item\":\"https:\\\/\\\/www.aliadospuebla.com\\\/\"},{\"@type\":\"ListItem\",\"position\":2,\"name\":\"PUEBLA, EN TENDENCIA ASCENDENTE POR EL INCREMENTO DE CASOS DE COVID- 19: MBH\"}]},{\"@type\":\"WebSite\",\"@id\":\"https:\\\/\\\/www.aliadospuebla.com\\\/#website\",\"url\":\"https:\\\/\\\/www.aliadospuebla.com\\\/\",\"name\":\"AliadosPuebla\",\"description\":\"La informaci\u00f3n en tus manos\",\"potentialAction\":[{\"@type\":\"SearchAction\",\"target\":{\"@type\":\"EntryPoint\",\"urlTemplate\":\"https:\\\/\\\/www.aliadospuebla.com\\\/?s={search_term_string}\"},\"query-input\":{\"@type\":\"PropertyValueSpecification\",\"valueRequired\":true,\"valueName\":\"search_term_string\"}}],\"inLanguage\":\"es\"},{\"@type\":\"Person\",\"@id\":\"https:\\\/\\\/www.aliadospuebla.com\\\/#\\\/schema\\\/person\\\/0fd017f23cc5c3f7988d5d58850eec8e\",\"name\":\"Aliados Videos\",\"image\":{\"@type\":\"ImageObject\",\"inLanguage\":\"es\",\"@id\":\"https:\\\/\\\/secure.gravatar.com\\\/avatar\\\/42b92de8b2d8339e1e824f3a73ab023a0bec0ee2e3920248085eb1f3160b4083?s=96&d=mm&r=g\",\"url\":\"https:\\\/\\\/secure.gravatar.com\\\/avatar\\\/42b92de8b2d8339e1e824f3a73ab023a0bec0ee2e3920248085eb1f3160b4083?s=96&d=mm&r=g\",\"contentUrl\":\"https:\\\/\\\/secure.gravatar.com\\\/avatar\\\/42b92de8b2d8339e1e824f3a73ab023a0bec0ee2e3920248085eb1f3160b4083?s=96&d=mm&r=g\",\"caption\":\"Aliados Videos\"},\"url\":\"https:\\\/\\\/www.aliadospuebla.com\\\/?author=3\"}]}<\/script>\n<!-- \/ Yoast SEO plugin. -->","yoast_head_json":{"title":"PUEBLA, EN TENDENCIA ASCENDENTE POR EL INCREMENTO DE CASOS DE COVID- 19: MBH - AliadosPuebla","robots":{"index":"index","follow":"follow","max-snippet":"max-snippet:-1","max-image-preview":"max-image-preview:large","max-video-preview":"max-video-preview:-1"},"canonical":"https:\/\/www.aliadospuebla.com\/?p=59284","og_locale":"es_ES","og_type":"article","og_title":"PUEBLA, EN TENDENCIA ASCENDENTE POR EL INCREMENTO DE CASOS DE COVID- 19: MBH - AliadosPuebla","og_description":"Las seis regiones en las que el Gobierno del Estado dividi\u00f3 a la entidad por la pandemia, est\u00e1n en sem\u00e1foro amarillo, pero con tendencia ascendente por el incremento de casos de COVID-19, por lo que ma\u00f1ana habr\u00e1n de anunciarse nuevas medidas sanitarias de prevenci\u00f3n. As\u00ed lo inform\u00f3 el gobernador Miguel Barbosa Huerta en la habitual videoconferencia de prensa, en la que dio a conocer que este grave escenario lo est\u00e1n viviendo los estados de la zona centro del pa\u00eds, de tal suerte que reiter\u00f3 su exhorto a las y los poblanos a seguir cuid\u00e1ndose de esta enfermedad. El mandatario estatal pidi\u00f3 a las madres y padres de familia cuidarse y cuidar a sus hijos, sobre todo a los j\u00f3venes, pues coment\u00f3 que est\u00e1n siendo blanco&hellip;Leer m\u00e1s...","og_url":"https:\/\/www.aliadospuebla.com\/?p=59284","og_site_name":"AliadosPuebla","article_published_time":"2021-07-12T22:09:29+00:00","author":"Aliados Videos","twitter_card":"summary_large_image","twitter_misc":{"Escrito por":"Aliados Videos","Tiempo de lectura":"2 minutos"},"schema":{"@context":"https:\/\/schema.org","@graph":[{"@type":"Article","@id":"https:\/\/www.aliadospuebla.com\/?p=59284#article","isPartOf":{"@id":"https:\/\/www.aliadospuebla.com\/?p=59284"},"author":{"name":"Aliados Videos","@id":"https:\/\/www.aliadospuebla.com\/#\/schema\/person\/0fd017f23cc5c3f7988d5d58850eec8e"},"headline":"PUEBLA, EN TENDENCIA ASCENDENTE POR EL INCREMENTO DE CASOS DE COVID- 19: MBH","datePublished":"2021-07-12T22:09:29+00:00","mainEntityOfPage":{"@id":"https:\/\/www.aliadospuebla.com\/?p=59284"},"wordCount":271,"commentCount":0,"keywords":["Ayuntamiento","capital","COVID-19","MIGUEL BARBOSA","Municipios","Puebla","SALUD"],"articleSection":["Gobierno"],"inLanguage":"es","potentialAction":[{"@type":"CommentAction","name":"Comment","target":["https:\/\/www.aliadospuebla.com\/?p=59284#respond"]}]},{"@type":"WebPage","@id":"https:\/\/www.aliadospuebla.com\/?p=59284","url":"https:\/\/www.aliadospuebla.com\/?p=59284","name":"PUEBLA, EN TENDENCIA ASCENDENTE POR EL INCREMENTO DE CASOS DE COVID- 19: MBH - AliadosPuebla","isPartOf":{"@id":"https:\/\/www.aliadospuebla.com\/#website"},"datePublished":"2021-07-12T22:09:29+00:00","author":{"@id":"https:\/\/www.aliadospuebla.com\/#\/schema\/person\/0fd017f23cc5c3f7988d5d58850eec8e"},"breadcrumb":{"@id":"https:\/\/www.aliadospuebla.com\/?p=59284#breadcrumb"},"inLanguage":"es","potentialAction":[{"@type":"ReadAction","target":["https:\/\/www.aliadospuebla.com\/?p=59284"]}]},{"@type":"BreadcrumbList","@id":"https:\/\/www.aliadospuebla.com\/?p=59284#breadcrumb","itemListElement":[{"@type":"ListItem","position":1,"name":"Portada","item":"https:\/\/www.aliadospuebla.com\/"},{"@type":"ListItem","position":2,"name":"PUEBLA, EN TENDENCIA ASCENDENTE POR EL INCREMENTO DE CASOS DE COVID- 19: MBH"}]},{"@type":"WebSite","@id":"https:\/\/www.aliadospuebla.com\/#website","url":"https:\/\/www.aliadospuebla.com\/","name":"AliadosPuebla","description":"La informaci\u00f3n en tus manos","potentialAction":[{"@type":"SearchAction","target":{"@type":"EntryPoint","urlTemplate":"https:\/\/www.aliadospuebla.com\/?s={search_term_string}"},"query-input":{"@type":"PropertyValueSpecification","valueRequired":true,"valueName":"search_term_string"}}],"inLanguage":"es"},{"@type":"Person","@id":"https:\/\/www.aliadospuebla.com\/#\/schema\/person\/0fd017f23cc5c3f7988d5d58850eec8e","name":"Aliados Videos","image":{"@type":"ImageObject","inLanguage":"es","@id":"https:\/\/secure.gravatar.com\/avatar\/42b92de8b2d8339e1e824f3a73ab023a0bec0ee2e3920248085eb1f3160b4083?s=96&d=mm&r=g","url":"https:\/\/secure.gravatar.com\/avatar\/42b92de8b2d8339e1e824f3a73ab023a0bec0ee2e3920248085eb1f3160b4083?s=96&d=mm&r=g","contentUrl":"https:\/\/secure.gravatar.com\/avatar\/42b92de8b2d8339e1e824f3a73ab023a0bec0ee2e3920248085eb1f3160b4083?s=96&d=mm&r=g","caption":"Aliados Videos"},"url":"https:\/\/www.aliadospuebla.com\/?author=3"}]}},"views":6,"_links":{"self":[{"href":"https:\/\/www.aliadospuebla.com\/index.php?rest_route=\/wp\/v2\/posts\/59284","targetHints":{"allow":["GET"]}}],"collection":[{"href":"https:\/\/www.aliadospuebla.com\/index.php?rest_route=\/wp\/v2\/posts"}],"about":[{"href":"https:\/\/www.aliadospuebla.com\/index.php?rest_route=\/wp\/v2\/types\/post"}],"author":[{"embeddable":true,"href":"https:\/\/www.aliadospuebla.com\/index.php?rest_route=\/wp\/v2\/users\/3"}],"replies":[{"embeddable":true,"href":"https:\/\/www.aliadospuebla.com\/index.php?rest_route=%2Fwp%2Fv2%2Fcomments&post=59284"}],"version-history":[{"count":1,"href":"https:\/\/www.aliadospuebla.com\/index.php?rest_route=\/wp\/v2\/posts\/59284\/revisions"}],"predecessor-version":[{"id":59285,"href":"https:\/\/www.aliadospuebla.com\/index.php?rest_route=\/wp\/v2\/posts\/59284\/revisions\/59285"}],"wp:attachment":[{"href":"https:\/\/www.aliadospuebla.com\/index.php?rest_route=%2Fwp%2Fv2%2Fmedia&parent=59284"}],"wp:term":[{"taxonomy":"category","embeddable":true,"href":"https:\/\/www.aliadospuebla.com\/index.php?rest_route=%2Fwp%2Fv2%2Fcategories&post=59284"},{"taxonomy":"post_tag","embeddable":true,"href":"https:\/\/www.aliadospuebla.com\/index.php?rest_route=%2Fwp%2Fv2%2Ftags&post=59284"}],"curies":[{"name":"wp","href":"https:\/\/api.w.org\/{rel}","templated":true}]}}