{"id":59282,"date":"2021-07-12T17:07:58","date_gmt":"2021-07-12T22:07:58","guid":{"rendered":"https:\/\/www.aliados17.com\/?p=59282"},"modified":"2021-07-12T17:07:58","modified_gmt":"2021-07-12T22:07:58","slug":"la-vacuna-contra-la-covid-19-es-la-unica-tabla-de-salvacion","status":"publish","type":"post","link":"https:\/\/www.aliadospuebla.com\/?p=59282","title":{"rendered":"La vacuna contra la Covid-19 es la \u00fanica \u201ctabla de salvaci\u00f3n\u201d"},"content":{"rendered":"<p style=\"font-weight: 400;\">La pandemia del Covid-19 tambi\u00e9n ha tra\u00eddo consigo cansancio, ansiedad, estr\u00e9s y agotamiento, al grado de decir que ya no se puede m\u00e1s con el confinamiento y distanciamiento social, la gente se\u00f1ala que ya no puede m\u00e1s, no basta con hacer ejercicio en casa, caminar con todas las medidas de seguridad sanitaria y regresar nuevamente al hogar y guardarse, para seguir con su trabajo de manera remota o las clases en l\u00ednea.<\/p>\n<p style=\"font-weight: 400;\">Un buen n\u00famero de personas a quince meses de estar en confinamiento, est\u00e1n experimentando cansancio y agotamiento emocional, a pesar de los consejos y recomendaciones que se hacen para evitar un mayor n\u00famero de contagios, la gente se encuentra cansada de esta situaci\u00f3n, se\u00f1al\u00f3 V\u00edctor Manuel Caballero Solano, Director de la Facultad de Medicina de la UPAEP.<\/p>\n<p style=\"font-weight: 400;\">Advirti\u00f3 que resultado de este cansancio emocional y f\u00edsico, ha provocado que un gran n\u00famero de j\u00f3venes principalmente, y algunos adultos, dejen a un lado ese confinamiento social y se est\u00e1n trasladando a las playas, a los centros de convivencia social, organizan fiestas y con eso, est\u00e1n poniendo en alto riesgo la situaci\u00f3n, porque la pandemia de salud no ha terminado, es un problema que a nivel mundial sigue presente y est\u00e1 haciendo estragos en las familias.<\/p>\n<p style=\"font-weight: 400;\">Dijo que en el caso de M\u00e9xico, la situaci\u00f3n no es para menos, ya que se espera que en los pr\u00f3ximos d\u00edas, se est\u00e9 registrando un mayor repunte de casos de contagio del Covid-19 y ante esa realidad que nos est\u00e1 tocando vivir actualmente, \u201cla gente tiene que comenzar a acostumbrarse a vivir con este virus \u2013del Covid-19-, en donde todos nos preguntamos si nos vamos a enfermedad o no. La respuesta es s\u00ed, nos vamos a enfermar muchos millones de mexicanos m\u00e1s, por lo que el camino y la soluci\u00f3n que queda en estos momentos es la aplicaci\u00f3n de la vacuna, que ser\u00e1 la tabla de salvaci\u00f3n para que la gente evite enfermarse gravemente o tener que hospitalizarse\u201d.<\/p>\n<p style=\"font-weight: 400;\">Caballero Solano recomend\u00f3 que ante este panorama de salud, es importante que la gente se vacune y que esta medida se convierta en la primera opci\u00f3n de las personas dentro de las recomendaciones del autocuidado personal.<\/p>\n<p style=\"font-weight: 400;\">Subray\u00f3 que hoy a la gente le corresponde de manera responsable, entender, concientizar y estar al pendiente de los datos duros que hay a nivel mundial sobre esta enfermedad y reconocer el impacto positivo que tiene la vacunaci\u00f3n y que es una forma de contener los da\u00f1os en la salud que est\u00e1 provocando el virus.<\/p>\n<p style=\"font-weight: 400;\">Reiter\u00f3 que el autocuidado de las personas no s\u00f3lo es f\u00edsico, sino tambi\u00e9n emocional, ya que la pandemia y las enfermedades causan enfermedades org\u00e1nicas, como la picaz\u00f3n dolor, en el cuerpo y otras sintomatolog\u00edas, pero tambi\u00e9n hay malestares emocionales, como el hast\u00edo, la ansiedad, cansancio, estr\u00e9s y la depresi\u00f3n, entre otros padecimientos de esta \u00edndole, y que son producto de la pandemia y son reconocidas como \u201cfatiga pand\u00e9mica\u201d, y en ese sentido es importante atender las dos situaciones y evitar complicaciones en las dos \u00e1reas, org\u00e1nicas y emocionales.<\/p>\n<p style=\"font-weight: 400;\">Por lo tanto, recomend\u00f3 que a\u00fan no es momento de reunirse de forma normal como se ven\u00eda haciendo antes de la pandemia; y en caso de presentar problemas de salud f\u00edsica o emocional, es importante acudir con los especialistas de la salud en sus diferentes disciplinas del conocimiento, incluso acudir a los grupos de autoayuda para recibir el apoyo necesario.<\/p>\n<p style=\"font-weight: 400;\">Finalmente, se\u00f1al\u00f3 que la pandemia ha deteriorado la vida familiar, a pesar de que todos los miembros est\u00e1n todos juntos, la convivencia familiar no se ha aprovechado de manera adecuada, como es fomentar el di\u00e1logo, el ejercicio de la escucha con la pareja, con los hijos y los abuelos si se vive en la misma casa, porque son de gran ayuda para restaurar la salud emocional, y si se siguen tomando las medidas necesarias en cuanto a la protecci\u00f3n sanitaria, y se procede a la vacunaci\u00f3n, es como saldr\u00e1 adelante la humanidad.<\/p>\n","protected":false},"excerpt":{"rendered":"<p>La pandemia del Covid-19 tambi\u00e9n ha tra\u00eddo consigo cansancio, ansiedad, estr\u00e9s y agotamiento, al grado de decir que ya no se puede m\u00e1s con el confinamiento y distanciamiento social, la gente se\u00f1ala que ya no puede m\u00e1s, no basta con hacer ejercicio en casa, caminar con todas las medidas de seguridad sanitaria y regresar nuevamente al hogar y guardarse, para seguir con su trabajo de manera remota o las clases en l\u00ednea. Un buen n\u00famero de personas a quince meses de estar en confinamiento, est\u00e1n experimentando cansancio y agotamiento emocional, a pesar de los consejos y recomendaciones que se hacen para evitar un mayor n\u00famero de contagios, la gente se encuentra cansada de esta situaci\u00f3n, se\u00f1al\u00f3 V\u00edctor Manuel Caballero Solano, Director de la Facultad de&hellip;<\/p>\n<p class=\"excerpt-more\"><a class=\"blog-excerpt button\" href=\"https:\/\/www.aliadospuebla.com\/?p=59282\">Leer m\u00e1s&#8230;<\/a><\/p>\n","protected":false},"author":3,"featured_media":51425,"comment_status":"open","ping_status":"open","sticky":false,"template":"","format":"standard","meta":{"_monsterinsights_skip_tracking":false,"footnotes":""},"categories":[5],"tags":[171,56,77,72,28,27],"class_list":["post-59282","post","type-post","status-publish","format-standard","has-post-thumbnail","hentry","category-universidades","tag-ayuntamiento","tag-capital","tag-municipios","tag-puebla","tag-universidades","tag-upaep"],"yoast_head":"<!-- This site is optimized with the Yoast SEO plugin v28.4 - https:\/\/yoast.com\/product\/yoast-seo-wordpress\/ -->\n<title>La vacuna contra la Covid-19 es la \u00fanica \u201ctabla de salvaci\u00f3n\u201d - AliadosPuebla<\/title>\n<meta name=\"robots\" content=\"index, follow, max-snippet:-1, max-image-preview:large, max-video-preview:-1\" \/>\n<link rel=\"canonical\" href=\"https:\/\/www.aliadospuebla.com\/?p=59282\" \/>\n<meta property=\"og:locale\" content=\"es_ES\" \/>\n<meta property=\"og:type\" content=\"article\" \/>\n<meta property=\"og:title\" content=\"La vacuna contra la Covid-19 es la \u00fanica \u201ctabla de salvaci\u00f3n\u201d - AliadosPuebla\" \/>\n<meta property=\"og:description\" content=\"La pandemia del Covid-19 tambi\u00e9n ha tra\u00eddo consigo cansancio, ansiedad, estr\u00e9s y agotamiento, al grado de decir que ya no se puede m\u00e1s con el confinamiento y distanciamiento social, la gente se\u00f1ala que ya no puede m\u00e1s, no basta con hacer ejercicio en casa, caminar con todas las medidas de seguridad sanitaria y regresar nuevamente al hogar y guardarse, para seguir con su trabajo de manera remota o las clases en l\u00ednea. Un buen n\u00famero de personas a quince meses de estar en confinamiento, est\u00e1n experimentando cansancio y agotamiento emocional, a pesar de los consejos y recomendaciones que se hacen para evitar un mayor n\u00famero de contagios, la gente se encuentra cansada de esta situaci\u00f3n, se\u00f1al\u00f3 V\u00edctor Manuel Caballero Solano, Director de la Facultad de&hellip;Leer m\u00e1s...\" \/>\n<meta property=\"og:url\" content=\"https:\/\/www.aliadospuebla.com\/?p=59282\" \/>\n<meta property=\"og:site_name\" content=\"AliadosPuebla\" \/>\n<meta property=\"article:published_time\" content=\"2021-07-12T22:07:58+00:00\" \/>\n<meta property=\"og:image\" content=\"https:\/\/www.aliadospuebla.com\/web2017\/wp-content\/uploads\/2021\/01\/173-salud-mental.jpg\" \/>\n\t<meta property=\"og:image:width\" content=\"600\" \/>\n\t<meta property=\"og:image:height\" content=\"450\" \/>\n\t<meta property=\"og:image:type\" content=\"image\/jpeg\" \/>\n<meta name=\"author\" content=\"Aliados Videos\" \/>\n<meta name=\"twitter:card\" content=\"summary_large_image\" \/>\n<meta name=\"twitter:label1\" content=\"Escrito por\" \/>\n\t<meta name=\"twitter:data1\" content=\"Aliados Videos\" \/>\n\t<meta name=\"twitter:label2\" content=\"Tiempo de lectura\" \/>\n\t<meta name=\"twitter:data2\" content=\"3 minutos\" \/>\n<script type=\"application\/ld+json\" class=\"yoast-schema-graph\">{\"@context\":\"https:\\\/\\\/schema.org\",\"@graph\":[{\"@type\":\"Article\",\"@id\":\"https:\\\/\\\/www.aliadospuebla.com\\\/?p=59282#article\",\"isPartOf\":{\"@id\":\"https:\\\/\\\/www.aliadospuebla.com\\\/?p=59282\"},\"author\":{\"name\":\"Aliados Videos\",\"@id\":\"https:\\\/\\\/www.aliadospuebla.com\\\/#\\\/schema\\\/person\\\/0fd017f23cc5c3f7988d5d58850eec8e\"},\"headline\":\"La vacuna contra la Covid-19 es la \u00fanica \u201ctabla de salvaci\u00f3n\u201d\",\"datePublished\":\"2021-07-12T22:07:58+00:00\",\"mainEntityOfPage\":{\"@id\":\"https:\\\/\\\/www.aliadospuebla.com\\\/?p=59282\"},\"wordCount\":719,\"commentCount\":0,\"image\":{\"@id\":\"https:\\\/\\\/www.aliadospuebla.com\\\/?p=59282#primaryimage\"},\"thumbnailUrl\":\"https:\\\/\\\/www.aliadospuebla.com\\\/web2017\\\/wp-content\\\/uploads\\\/2021\\\/01\\\/173-salud-mental.jpg\",\"keywords\":[\"Ayuntamiento\",\"capital\",\"Municipios\",\"Puebla\",\"Universidades\",\"UPAEP\"],\"articleSection\":[\"Universidades\"],\"inLanguage\":\"es\",\"potentialAction\":[{\"@type\":\"CommentAction\",\"name\":\"Comment\",\"target\":[\"https:\\\/\\\/www.aliadospuebla.com\\\/?p=59282#respond\"]}]},{\"@type\":\"WebPage\",\"@id\":\"https:\\\/\\\/www.aliadospuebla.com\\\/?p=59282\",\"url\":\"https:\\\/\\\/www.aliadospuebla.com\\\/?p=59282\",\"name\":\"La vacuna contra la Covid-19 es la \u00fanica \u201ctabla de salvaci\u00f3n\u201d - AliadosPuebla\",\"isPartOf\":{\"@id\":\"https:\\\/\\\/www.aliadospuebla.com\\\/#website\"},\"primaryImageOfPage\":{\"@id\":\"https:\\\/\\\/www.aliadospuebla.com\\\/?p=59282#primaryimage\"},\"image\":{\"@id\":\"https:\\\/\\\/www.aliadospuebla.com\\\/?p=59282#primaryimage\"},\"thumbnailUrl\":\"https:\\\/\\\/www.aliadospuebla.com\\\/web2017\\\/wp-content\\\/uploads\\\/2021\\\/01\\\/173-salud-mental.jpg\",\"datePublished\":\"2021-07-12T22:07:58+00:00\",\"author\":{\"@id\":\"https:\\\/\\\/www.aliadospuebla.com\\\/#\\\/schema\\\/person\\\/0fd017f23cc5c3f7988d5d58850eec8e\"},\"breadcrumb\":{\"@id\":\"https:\\\/\\\/www.aliadospuebla.com\\\/?p=59282#breadcrumb\"},\"inLanguage\":\"es\",\"potentialAction\":[{\"@type\":\"ReadAction\",\"target\":[\"https:\\\/\\\/www.aliadospuebla.com\\\/?p=59282\"]}]},{\"@type\":\"ImageObject\",\"inLanguage\":\"es\",\"@id\":\"https:\\\/\\\/www.aliadospuebla.com\\\/?p=59282#primaryimage\",\"url\":\"https:\\\/\\\/www.aliadospuebla.com\\\/web2017\\\/wp-content\\\/uploads\\\/2021\\\/01\\\/173-salud-mental.jpg\",\"contentUrl\":\"https:\\\/\\\/www.aliadospuebla.com\\\/web2017\\\/wp-content\\\/uploads\\\/2021\\\/01\\\/173-salud-mental.jpg\",\"width\":600,\"height\":450},{\"@type\":\"BreadcrumbList\",\"@id\":\"https:\\\/\\\/www.aliadospuebla.com\\\/?p=59282#breadcrumb\",\"itemListElement\":[{\"@type\":\"ListItem\",\"position\":1,\"name\":\"Portada\",\"item\":\"https:\\\/\\\/www.aliadospuebla.com\\\/\"},{\"@type\":\"ListItem\",\"position\":2,\"name\":\"La vacuna contra la Covid-19 es la \u00fanica \u201ctabla de salvaci\u00f3n\u201d\"}]},{\"@type\":\"WebSite\",\"@id\":\"https:\\\/\\\/www.aliadospuebla.com\\\/#website\",\"url\":\"https:\\\/\\\/www.aliadospuebla.com\\\/\",\"name\":\"AliadosPuebla\",\"description\":\"La informaci\u00f3n en tus manos\",\"potentialAction\":[{\"@type\":\"SearchAction\",\"target\":{\"@type\":\"EntryPoint\",\"urlTemplate\":\"https:\\\/\\\/www.aliadospuebla.com\\\/?s={search_term_string}\"},\"query-input\":{\"@type\":\"PropertyValueSpecification\",\"valueRequired\":true,\"valueName\":\"search_term_string\"}}],\"inLanguage\":\"es\"},{\"@type\":\"Person\",\"@id\":\"https:\\\/\\\/www.aliadospuebla.com\\\/#\\\/schema\\\/person\\\/0fd017f23cc5c3f7988d5d58850eec8e\",\"name\":\"Aliados Videos\",\"image\":{\"@type\":\"ImageObject\",\"inLanguage\":\"es\",\"@id\":\"https:\\\/\\\/secure.gravatar.com\\\/avatar\\\/42b92de8b2d8339e1e824f3a73ab023a0bec0ee2e3920248085eb1f3160b4083?s=96&d=mm&r=g\",\"url\":\"https:\\\/\\\/secure.gravatar.com\\\/avatar\\\/42b92de8b2d8339e1e824f3a73ab023a0bec0ee2e3920248085eb1f3160b4083?s=96&d=mm&r=g\",\"contentUrl\":\"https:\\\/\\\/secure.gravatar.com\\\/avatar\\\/42b92de8b2d8339e1e824f3a73ab023a0bec0ee2e3920248085eb1f3160b4083?s=96&d=mm&r=g\",\"caption\":\"Aliados Videos\"},\"url\":\"https:\\\/\\\/www.aliadospuebla.com\\\/?author=3\"}]}<\/script>\n<!-- \/ Yoast SEO plugin. -->","yoast_head_json":{"title":"La vacuna contra la Covid-19 es la \u00fanica \u201ctabla de salvaci\u00f3n\u201d - AliadosPuebla","robots":{"index":"index","follow":"follow","max-snippet":"max-snippet:-1","max-image-preview":"max-image-preview:large","max-video-preview":"max-video-preview:-1"},"canonical":"https:\/\/www.aliadospuebla.com\/?p=59282","og_locale":"es_ES","og_type":"article","og_title":"La vacuna contra la Covid-19 es la \u00fanica \u201ctabla de salvaci\u00f3n\u201d - AliadosPuebla","og_description":"La pandemia del Covid-19 tambi\u00e9n ha tra\u00eddo consigo cansancio, ansiedad, estr\u00e9s y agotamiento, al grado de decir que ya no se puede m\u00e1s con el confinamiento y distanciamiento social, la gente se\u00f1ala que ya no puede m\u00e1s, no basta con hacer ejercicio en casa, caminar con todas las medidas de seguridad sanitaria y regresar nuevamente al hogar y guardarse, para seguir con su trabajo de manera remota o las clases en l\u00ednea. Un buen n\u00famero de personas a quince meses de estar en confinamiento, est\u00e1n experimentando cansancio y agotamiento emocional, a pesar de los consejos y recomendaciones que se hacen para evitar un mayor n\u00famero de contagios, la gente se encuentra cansada de esta situaci\u00f3n, se\u00f1al\u00f3 V\u00edctor Manuel Caballero Solano, Director de la Facultad de&hellip;Leer m\u00e1s...","og_url":"https:\/\/www.aliadospuebla.com\/?p=59282","og_site_name":"AliadosPuebla","article_published_time":"2021-07-12T22:07:58+00:00","og_image":[{"width":600,"height":450,"url":"https:\/\/www.aliadospuebla.com\/web2017\/wp-content\/uploads\/2021\/01\/173-salud-mental.jpg","type":"image\/jpeg"}],"author":"Aliados Videos","twitter_card":"summary_large_image","twitter_misc":{"Escrito por":"Aliados Videos","Tiempo de lectura":"3 minutos"},"schema":{"@context":"https:\/\/schema.org","@graph":[{"@type":"Article","@id":"https:\/\/www.aliadospuebla.com\/?p=59282#article","isPartOf":{"@id":"https:\/\/www.aliadospuebla.com\/?p=59282"},"author":{"name":"Aliados Videos","@id":"https:\/\/www.aliadospuebla.com\/#\/schema\/person\/0fd017f23cc5c3f7988d5d58850eec8e"},"headline":"La vacuna contra la Covid-19 es la \u00fanica \u201ctabla de salvaci\u00f3n\u201d","datePublished":"2021-07-12T22:07:58+00:00","mainEntityOfPage":{"@id":"https:\/\/www.aliadospuebla.com\/?p=59282"},"wordCount":719,"commentCount":0,"image":{"@id":"https:\/\/www.aliadospuebla.com\/?p=59282#primaryimage"},"thumbnailUrl":"https:\/\/www.aliadospuebla.com\/web2017\/wp-content\/uploads\/2021\/01\/173-salud-mental.jpg","keywords":["Ayuntamiento","capital","Municipios","Puebla","Universidades","UPAEP"],"articleSection":["Universidades"],"inLanguage":"es","potentialAction":[{"@type":"CommentAction","name":"Comment","target":["https:\/\/www.aliadospuebla.com\/?p=59282#respond"]}]},{"@type":"WebPage","@id":"https:\/\/www.aliadospuebla.com\/?p=59282","url":"https:\/\/www.aliadospuebla.com\/?p=59282","name":"La vacuna contra la Covid-19 es la \u00fanica \u201ctabla de salvaci\u00f3n\u201d - AliadosPuebla","isPartOf":{"@id":"https:\/\/www.aliadospuebla.com\/#website"},"primaryImageOfPage":{"@id":"https:\/\/www.aliadospuebla.com\/?p=59282#primaryimage"},"image":{"@id":"https:\/\/www.aliadospuebla.com\/?p=59282#primaryimage"},"thumbnailUrl":"https:\/\/www.aliadospuebla.com\/web2017\/wp-content\/uploads\/2021\/01\/173-salud-mental.jpg","datePublished":"2021-07-12T22:07:58+00:00","author":{"@id":"https:\/\/www.aliadospuebla.com\/#\/schema\/person\/0fd017f23cc5c3f7988d5d58850eec8e"},"breadcrumb":{"@id":"https:\/\/www.aliadospuebla.com\/?p=59282#breadcrumb"},"inLanguage":"es","potentialAction":[{"@type":"ReadAction","target":["https:\/\/www.aliadospuebla.com\/?p=59282"]}]},{"@type":"ImageObject","inLanguage":"es","@id":"https:\/\/www.aliadospuebla.com\/?p=59282#primaryimage","url":"https:\/\/www.aliadospuebla.com\/web2017\/wp-content\/uploads\/2021\/01\/173-salud-mental.jpg","contentUrl":"https:\/\/www.aliadospuebla.com\/web2017\/wp-content\/uploads\/2021\/01\/173-salud-mental.jpg","width":600,"height":450},{"@type":"BreadcrumbList","@id":"https:\/\/www.aliadospuebla.com\/?p=59282#breadcrumb","itemListElement":[{"@type":"ListItem","position":1,"name":"Portada","item":"https:\/\/www.aliadospuebla.com\/"},{"@type":"ListItem","position":2,"name":"La vacuna contra la Covid-19 es la \u00fanica \u201ctabla de salvaci\u00f3n\u201d"}]},{"@type":"WebSite","@id":"https:\/\/www.aliadospuebla.com\/#website","url":"https:\/\/www.aliadospuebla.com\/","name":"AliadosPuebla","description":"La informaci\u00f3n en tus manos","potentialAction":[{"@type":"SearchAction","target":{"@type":"EntryPoint","urlTemplate":"https:\/\/www.aliadospuebla.com\/?s={search_term_string}"},"query-input":{"@type":"PropertyValueSpecification","valueRequired":true,"valueName":"search_term_string"}}],"inLanguage":"es"},{"@type":"Person","@id":"https:\/\/www.aliadospuebla.com\/#\/schema\/person\/0fd017f23cc5c3f7988d5d58850eec8e","name":"Aliados Videos","image":{"@type":"ImageObject","inLanguage":"es","@id":"https:\/\/secure.gravatar.com\/avatar\/42b92de8b2d8339e1e824f3a73ab023a0bec0ee2e3920248085eb1f3160b4083?s=96&d=mm&r=g","url":"https:\/\/secure.gravatar.com\/avatar\/42b92de8b2d8339e1e824f3a73ab023a0bec0ee2e3920248085eb1f3160b4083?s=96&d=mm&r=g","contentUrl":"https:\/\/secure.gravatar.com\/avatar\/42b92de8b2d8339e1e824f3a73ab023a0bec0ee2e3920248085eb1f3160b4083?s=96&d=mm&r=g","caption":"Aliados Videos"},"url":"https:\/\/www.aliadospuebla.com\/?author=3"}]}},"views":5,"_links":{"self":[{"href":"https:\/\/www.aliadospuebla.com\/index.php?rest_route=\/wp\/v2\/posts\/59282","targetHints":{"allow":["GET"]}}],"collection":[{"href":"https:\/\/www.aliadospuebla.com\/index.php?rest_route=\/wp\/v2\/posts"}],"about":[{"href":"https:\/\/www.aliadospuebla.com\/index.php?rest_route=\/wp\/v2\/types\/post"}],"author":[{"embeddable":true,"href":"https:\/\/www.aliadospuebla.com\/index.php?rest_route=\/wp\/v2\/users\/3"}],"replies":[{"embeddable":true,"href":"https:\/\/www.aliadospuebla.com\/index.php?rest_route=%2Fwp%2Fv2%2Fcomments&post=59282"}],"version-history":[{"count":1,"href":"https:\/\/www.aliadospuebla.com\/index.php?rest_route=\/wp\/v2\/posts\/59282\/revisions"}],"predecessor-version":[{"id":59283,"href":"https:\/\/www.aliadospuebla.com\/index.php?rest_route=\/wp\/v2\/posts\/59282\/revisions\/59283"}],"wp:featuredmedia":[{"embeddable":true,"href":"https:\/\/www.aliadospuebla.com\/index.php?rest_route=\/wp\/v2\/media\/51425"}],"wp:attachment":[{"href":"https:\/\/www.aliadospuebla.com\/index.php?rest_route=%2Fwp%2Fv2%2Fmedia&parent=59282"}],"wp:term":[{"taxonomy":"category","embeddable":true,"href":"https:\/\/www.aliadospuebla.com\/index.php?rest_route=%2Fwp%2Fv2%2Fcategories&post=59282"},{"taxonomy":"post_tag","embeddable":true,"href":"https:\/\/www.aliadospuebla.com\/index.php?rest_route=%2Fwp%2Fv2%2Ftags&post=59282"}],"curies":[{"name":"wp","href":"https:\/\/api.w.org\/{rel}","templated":true}]}}