{"id":59236,"date":"2021-07-11T15:19:04","date_gmt":"2021-07-11T20:19:04","guid":{"rendered":"https:\/\/www.aliados17.com\/?p=59236"},"modified":"2021-07-11T15:19:04","modified_gmt":"2021-07-11T20:19:04","slug":"tlaxcala-sin-defunciones-por-covid-19-este-sabado-reporta-sesa-2","status":"publish","type":"post","link":"https:\/\/www.aliadospuebla.com\/?p=59236","title":{"rendered":"TLAXCALA, SIN DEFUNCIONES POR COVID-19  ESTE S\u00c1BADO REPORTA SESA"},"content":{"rendered":"<p>De acuerdo con el reporte del 10 de julio, la Secretar\u00eda de Salud del Estado (SESA) dio a conocer que no se reportaron defunciones por Covid-19 en la entidad, y confirm\u00f3 una persona recuperada y 23 casos positivos de tlaxcaltecas identificados en el estado y uno en otra entidad.<\/p>\n<p>&nbsp;<\/p>\n<p>De esta manera, el estado registra 12 mil 873 personas recuperadas, 18 mil 153 casos positivos y dos mil 455 fallecimientos.<\/p>\n<p>&nbsp;<\/p>\n<p>El estado registra, hasta este momento, 48 mil 451 casos negativos y tres mil 595 se encuentran en espera de resultado.<\/p>\n<p>&nbsp;<\/p>\n<p>Del total de casos positivos, siete mil 595 se han registrado en la SESA, seis mil 895 en el IMSS, mil 929 en el Issste y mil 734 en otros espacios m\u00e9dicos.<\/p>\n<p>&nbsp;<\/p>\n<p>Mientras, del total de fallecimientos, 844 se han registrado en la SESA, mil 129 en el IMSS, 428 en el Issste, 16 en otras instituciones, uno en domicilio particular y 37 en hospital privado.<\/p>\n<p>&nbsp;<\/p>\n<p>Hasta este momento, Tlaxcala registra tres mil 376 casos, Apizaco dos mil 190, Chiautempan mil 201, Huamantla 893, Zacatelco 830, Yauhquemehcan 605, Contla 516, San Pablo del Monte 511, Ixtacuixtla 460, Calpulalpan 440, Tetla 419, Totolac 415, Panotla 401, Tlaxco 387, Papalotla 378, Apetatitl\u00e1n 333.<\/p>\n<p>&nbsp;<\/p>\n<p>Santa Cruz Tlaxcala 321, Tzompantepec 311, Teolocholco 298, Xaloztoc 293, Tepeyanco 229, Nativitas 217, Amaxac 207, Xicohtzinco 195, Tlaltelulco 179, Tepetitla 174, Xaltocan 141, Tenancingo 140.<\/p>\n<p>&nbsp;<\/p>\n<p>Nanacamilpa 120, Tetlatlahuca 114, Terrenate 109, Ayometla 106, Hueyotlipan 105, Tetlanohcan 101, Ixtenco y Acuamanala 84, Cuaxomulco y Nopalucan 82, Tequexquitla 81, Huactzinco 79, Axocomanitla 78, Tocatl\u00e1n 74, Cuapiaxtla 68, Zacualpan 65, Xiloxoxtla 57, Atltzayanca 55.<\/p>\n<p>&nbsp;<\/p>\n<p>San Jos\u00e9 Teacalco 52, Atlangatepec 50, Texoloc y Sanct\u00f3rum 49, Zitlaltepec 48, Mazatecochco 43, Santa Apolonia Teacalco 42, Mu\u00f1oz de Domingo Arenas 40, Espa\u00f1ita 39, Quilehtla y L\u00e1zaro C\u00e1rdenas 35, Tecopilco 29, Benito Ju\u00e1rez 24 y Emiliano Zapata 14.<\/p>\n","protected":false},"excerpt":{"rendered":"<p>De acuerdo con el reporte del 10 de julio, la Secretar\u00eda de Salud del Estado (SESA) dio a conocer que no se reportaron defunciones por Covid-19 en la entidad, y confirm\u00f3 una persona recuperada y 23 casos positivos de tlaxcaltecas identificados en el estado y uno en otra entidad. &nbsp; De esta manera, el estado registra 12 mil 873 personas recuperadas, 18 mil 153 casos positivos y dos mil 455 fallecimientos. &nbsp; El estado registra, hasta este momento, 48 mil 451 casos negativos y tres mil 595 se encuentran en espera de resultado. &nbsp; Del total de casos positivos, siete mil 595 se han registrado en la SESA, seis mil 895 en el IMSS, mil 929 en el Issste y mil 734 en otros espacios&hellip;<\/p>\n<p class=\"excerpt-more\"><a class=\"blog-excerpt button\" href=\"https:\/\/www.aliadospuebla.com\/?p=59236\">Leer m\u00e1s&#8230;<\/a><\/p>\n","protected":false},"author":3,"featured_media":59237,"comment_status":"open","ping_status":"open","sticky":false,"template":"","format":"standard","meta":{"_monsterinsights_skip_tracking":false,"footnotes":""},"categories":[8304],"tags":[171,56,765,8367,77,72,3002,365,8355,319],"class_list":["post-59236","post","type-post","status-publish","format-standard","has-post-thumbnail","hentry","category-nacional","tag-ayuntamiento","tag-capital","tag-imss","tag-marco-mena","tag-municipios","tag-puebla","tag-regidores","tag-salud","tag-sesa","tag-tlaxcala"],"yoast_head":"<!-- This site is optimized with the Yoast SEO plugin v28.4 - https:\/\/yoast.com\/product\/yoast-seo-wordpress\/ -->\n<title>TLAXCALA, SIN DEFUNCIONES POR COVID-19 ESTE S\u00c1BADO REPORTA SESA - AliadosPuebla<\/title>\n<meta name=\"robots\" content=\"index, follow, max-snippet:-1, max-image-preview:large, max-video-preview:-1\" \/>\n<link rel=\"canonical\" href=\"https:\/\/www.aliadospuebla.com\/?p=59236\" \/>\n<meta property=\"og:locale\" content=\"es_ES\" \/>\n<meta property=\"og:type\" content=\"article\" \/>\n<meta property=\"og:title\" content=\"TLAXCALA, SIN DEFUNCIONES POR COVID-19 ESTE S\u00c1BADO REPORTA SESA - AliadosPuebla\" \/>\n<meta property=\"og:description\" content=\"De acuerdo con el reporte del 10 de julio, la Secretar\u00eda de Salud del Estado (SESA) dio a conocer que no se reportaron defunciones por Covid-19 en la entidad, y confirm\u00f3 una persona recuperada y 23 casos positivos de tlaxcaltecas identificados en el estado y uno en otra entidad. &nbsp; De esta manera, el estado registra 12 mil 873 personas recuperadas, 18 mil 153 casos positivos y dos mil 455 fallecimientos. &nbsp; El estado registra, hasta este momento, 48 mil 451 casos negativos y tres mil 595 se encuentran en espera de resultado. &nbsp; Del total de casos positivos, siete mil 595 se han registrado en la SESA, seis mil 895 en el IMSS, mil 929 en el Issste y mil 734 en otros espacios&hellip;Leer m\u00e1s...\" \/>\n<meta property=\"og:url\" content=\"https:\/\/www.aliadospuebla.com\/?p=59236\" \/>\n<meta property=\"og:site_name\" content=\"AliadosPuebla\" \/>\n<meta property=\"article:published_time\" content=\"2021-07-11T20:19:04+00:00\" \/>\n<meta property=\"og:image\" content=\"https:\/\/www.aliadospuebla.com\/web2017\/wp-content\/uploads\/2021\/07\/TLAX-15.jpg\" \/>\n\t<meta property=\"og:image:width\" content=\"600\" \/>\n\t<meta property=\"og:image:height\" content=\"450\" \/>\n\t<meta property=\"og:image:type\" content=\"image\/jpeg\" \/>\n<meta name=\"author\" content=\"Aliados Videos\" \/>\n<meta name=\"twitter:card\" content=\"summary_large_image\" \/>\n<meta name=\"twitter:label1\" content=\"Escrito por\" \/>\n\t<meta name=\"twitter:data1\" content=\"Aliados Videos\" \/>\n\t<meta name=\"twitter:label2\" content=\"Tiempo de lectura\" \/>\n\t<meta name=\"twitter:data2\" content=\"2 minutos\" \/>\n<script type=\"application\/ld+json\" class=\"yoast-schema-graph\">{\"@context\":\"https:\\\/\\\/schema.org\",\"@graph\":[{\"@type\":\"Article\",\"@id\":\"https:\\\/\\\/www.aliadospuebla.com\\\/?p=59236#article\",\"isPartOf\":{\"@id\":\"https:\\\/\\\/www.aliadospuebla.com\\\/?p=59236\"},\"author\":{\"name\":\"Aliados Videos\",\"@id\":\"https:\\\/\\\/www.aliadospuebla.com\\\/#\\\/schema\\\/person\\\/0fd017f23cc5c3f7988d5d58850eec8e\"},\"headline\":\"TLAXCALA, SIN DEFUNCIONES POR COVID-19 ESTE S\u00c1BADO REPORTA SESA\",\"datePublished\":\"2021-07-11T20:19:04+00:00\",\"mainEntityOfPage\":{\"@id\":\"https:\\\/\\\/www.aliadospuebla.com\\\/?p=59236\"},\"wordCount\":256,\"commentCount\":0,\"image\":{\"@id\":\"https:\\\/\\\/www.aliadospuebla.com\\\/?p=59236#primaryimage\"},\"thumbnailUrl\":\"https:\\\/\\\/www.aliadospuebla.com\\\/web2017\\\/wp-content\\\/uploads\\\/2021\\\/07\\\/TLAX-15.jpg\",\"keywords\":[\"Ayuntamiento\",\"capital\",\"IMSS\",\"MARCO MENA\",\"Municipios\",\"Puebla\",\"REGIDORES\",\"SALUD\",\"SESA\",\"TLAXCALA\"],\"articleSection\":[\"Nacional\"],\"inLanguage\":\"es\",\"potentialAction\":[{\"@type\":\"CommentAction\",\"name\":\"Comment\",\"target\":[\"https:\\\/\\\/www.aliadospuebla.com\\\/?p=59236#respond\"]}]},{\"@type\":\"WebPage\",\"@id\":\"https:\\\/\\\/www.aliadospuebla.com\\\/?p=59236\",\"url\":\"https:\\\/\\\/www.aliadospuebla.com\\\/?p=59236\",\"name\":\"TLAXCALA, SIN DEFUNCIONES POR COVID-19 ESTE S\u00c1BADO REPORTA SESA - AliadosPuebla\",\"isPartOf\":{\"@id\":\"https:\\\/\\\/www.aliadospuebla.com\\\/#website\"},\"primaryImageOfPage\":{\"@id\":\"https:\\\/\\\/www.aliadospuebla.com\\\/?p=59236#primaryimage\"},\"image\":{\"@id\":\"https:\\\/\\\/www.aliadospuebla.com\\\/?p=59236#primaryimage\"},\"thumbnailUrl\":\"https:\\\/\\\/www.aliadospuebla.com\\\/web2017\\\/wp-content\\\/uploads\\\/2021\\\/07\\\/TLAX-15.jpg\",\"datePublished\":\"2021-07-11T20:19:04+00:00\",\"author\":{\"@id\":\"https:\\\/\\\/www.aliadospuebla.com\\\/#\\\/schema\\\/person\\\/0fd017f23cc5c3f7988d5d58850eec8e\"},\"breadcrumb\":{\"@id\":\"https:\\\/\\\/www.aliadospuebla.com\\\/?p=59236#breadcrumb\"},\"inLanguage\":\"es\",\"potentialAction\":[{\"@type\":\"ReadAction\",\"target\":[\"https:\\\/\\\/www.aliadospuebla.com\\\/?p=59236\"]}]},{\"@type\":\"ImageObject\",\"inLanguage\":\"es\",\"@id\":\"https:\\\/\\\/www.aliadospuebla.com\\\/?p=59236#primaryimage\",\"url\":\"https:\\\/\\\/www.aliadospuebla.com\\\/web2017\\\/wp-content\\\/uploads\\\/2021\\\/07\\\/TLAX-15.jpg\",\"contentUrl\":\"https:\\\/\\\/www.aliadospuebla.com\\\/web2017\\\/wp-content\\\/uploads\\\/2021\\\/07\\\/TLAX-15.jpg\",\"width\":600,\"height\":450},{\"@type\":\"BreadcrumbList\",\"@id\":\"https:\\\/\\\/www.aliadospuebla.com\\\/?p=59236#breadcrumb\",\"itemListElement\":[{\"@type\":\"ListItem\",\"position\":1,\"name\":\"Portada\",\"item\":\"https:\\\/\\\/www.aliadospuebla.com\\\/\"},{\"@type\":\"ListItem\",\"position\":2,\"name\":\"TLAXCALA, SIN DEFUNCIONES POR COVID-19 ESTE S\u00c1BADO REPORTA SESA\"}]},{\"@type\":\"WebSite\",\"@id\":\"https:\\\/\\\/www.aliadospuebla.com\\\/#website\",\"url\":\"https:\\\/\\\/www.aliadospuebla.com\\\/\",\"name\":\"AliadosPuebla\",\"description\":\"La informaci\u00f3n en tus manos\",\"potentialAction\":[{\"@type\":\"SearchAction\",\"target\":{\"@type\":\"EntryPoint\",\"urlTemplate\":\"https:\\\/\\\/www.aliadospuebla.com\\\/?s={search_term_string}\"},\"query-input\":{\"@type\":\"PropertyValueSpecification\",\"valueRequired\":true,\"valueName\":\"search_term_string\"}}],\"inLanguage\":\"es\"},{\"@type\":\"Person\",\"@id\":\"https:\\\/\\\/www.aliadospuebla.com\\\/#\\\/schema\\\/person\\\/0fd017f23cc5c3f7988d5d58850eec8e\",\"name\":\"Aliados Videos\",\"image\":{\"@type\":\"ImageObject\",\"inLanguage\":\"es\",\"@id\":\"https:\\\/\\\/secure.gravatar.com\\\/avatar\\\/42b92de8b2d8339e1e824f3a73ab023a0bec0ee2e3920248085eb1f3160b4083?s=96&d=mm&r=g\",\"url\":\"https:\\\/\\\/secure.gravatar.com\\\/avatar\\\/42b92de8b2d8339e1e824f3a73ab023a0bec0ee2e3920248085eb1f3160b4083?s=96&d=mm&r=g\",\"contentUrl\":\"https:\\\/\\\/secure.gravatar.com\\\/avatar\\\/42b92de8b2d8339e1e824f3a73ab023a0bec0ee2e3920248085eb1f3160b4083?s=96&d=mm&r=g\",\"caption\":\"Aliados Videos\"},\"url\":\"https:\\\/\\\/www.aliadospuebla.com\\\/?author=3\"}]}<\/script>\n<!-- \/ Yoast SEO plugin. -->","yoast_head_json":{"title":"TLAXCALA, SIN DEFUNCIONES POR COVID-19 ESTE S\u00c1BADO REPORTA SESA - AliadosPuebla","robots":{"index":"index","follow":"follow","max-snippet":"max-snippet:-1","max-image-preview":"max-image-preview:large","max-video-preview":"max-video-preview:-1"},"canonical":"https:\/\/www.aliadospuebla.com\/?p=59236","og_locale":"es_ES","og_type":"article","og_title":"TLAXCALA, SIN DEFUNCIONES POR COVID-19 ESTE S\u00c1BADO REPORTA SESA - AliadosPuebla","og_description":"De acuerdo con el reporte del 10 de julio, la Secretar\u00eda de Salud del Estado (SESA) dio a conocer que no se reportaron defunciones por Covid-19 en la entidad, y confirm\u00f3 una persona recuperada y 23 casos positivos de tlaxcaltecas identificados en el estado y uno en otra entidad. &nbsp; De esta manera, el estado registra 12 mil 873 personas recuperadas, 18 mil 153 casos positivos y dos mil 455 fallecimientos. &nbsp; El estado registra, hasta este momento, 48 mil 451 casos negativos y tres mil 595 se encuentran en espera de resultado. &nbsp; Del total de casos positivos, siete mil 595 se han registrado en la SESA, seis mil 895 en el IMSS, mil 929 en el Issste y mil 734 en otros espacios&hellip;Leer m\u00e1s...","og_url":"https:\/\/www.aliadospuebla.com\/?p=59236","og_site_name":"AliadosPuebla","article_published_time":"2021-07-11T20:19:04+00:00","og_image":[{"width":600,"height":450,"url":"https:\/\/www.aliadospuebla.com\/web2017\/wp-content\/uploads\/2021\/07\/TLAX-15.jpg","type":"image\/jpeg"}],"author":"Aliados Videos","twitter_card":"summary_large_image","twitter_misc":{"Escrito por":"Aliados Videos","Tiempo de lectura":"2 minutos"},"schema":{"@context":"https:\/\/schema.org","@graph":[{"@type":"Article","@id":"https:\/\/www.aliadospuebla.com\/?p=59236#article","isPartOf":{"@id":"https:\/\/www.aliadospuebla.com\/?p=59236"},"author":{"name":"Aliados Videos","@id":"https:\/\/www.aliadospuebla.com\/#\/schema\/person\/0fd017f23cc5c3f7988d5d58850eec8e"},"headline":"TLAXCALA, SIN DEFUNCIONES POR COVID-19 ESTE S\u00c1BADO REPORTA SESA","datePublished":"2021-07-11T20:19:04+00:00","mainEntityOfPage":{"@id":"https:\/\/www.aliadospuebla.com\/?p=59236"},"wordCount":256,"commentCount":0,"image":{"@id":"https:\/\/www.aliadospuebla.com\/?p=59236#primaryimage"},"thumbnailUrl":"https:\/\/www.aliadospuebla.com\/web2017\/wp-content\/uploads\/2021\/07\/TLAX-15.jpg","keywords":["Ayuntamiento","capital","IMSS","MARCO MENA","Municipios","Puebla","REGIDORES","SALUD","SESA","TLAXCALA"],"articleSection":["Nacional"],"inLanguage":"es","potentialAction":[{"@type":"CommentAction","name":"Comment","target":["https:\/\/www.aliadospuebla.com\/?p=59236#respond"]}]},{"@type":"WebPage","@id":"https:\/\/www.aliadospuebla.com\/?p=59236","url":"https:\/\/www.aliadospuebla.com\/?p=59236","name":"TLAXCALA, SIN DEFUNCIONES POR COVID-19 ESTE S\u00c1BADO REPORTA SESA - AliadosPuebla","isPartOf":{"@id":"https:\/\/www.aliadospuebla.com\/#website"},"primaryImageOfPage":{"@id":"https:\/\/www.aliadospuebla.com\/?p=59236#primaryimage"},"image":{"@id":"https:\/\/www.aliadospuebla.com\/?p=59236#primaryimage"},"thumbnailUrl":"https:\/\/www.aliadospuebla.com\/web2017\/wp-content\/uploads\/2021\/07\/TLAX-15.jpg","datePublished":"2021-07-11T20:19:04+00:00","author":{"@id":"https:\/\/www.aliadospuebla.com\/#\/schema\/person\/0fd017f23cc5c3f7988d5d58850eec8e"},"breadcrumb":{"@id":"https:\/\/www.aliadospuebla.com\/?p=59236#breadcrumb"},"inLanguage":"es","potentialAction":[{"@type":"ReadAction","target":["https:\/\/www.aliadospuebla.com\/?p=59236"]}]},{"@type":"ImageObject","inLanguage":"es","@id":"https:\/\/www.aliadospuebla.com\/?p=59236#primaryimage","url":"https:\/\/www.aliadospuebla.com\/web2017\/wp-content\/uploads\/2021\/07\/TLAX-15.jpg","contentUrl":"https:\/\/www.aliadospuebla.com\/web2017\/wp-content\/uploads\/2021\/07\/TLAX-15.jpg","width":600,"height":450},{"@type":"BreadcrumbList","@id":"https:\/\/www.aliadospuebla.com\/?p=59236#breadcrumb","itemListElement":[{"@type":"ListItem","position":1,"name":"Portada","item":"https:\/\/www.aliadospuebla.com\/"},{"@type":"ListItem","position":2,"name":"TLAXCALA, SIN DEFUNCIONES POR COVID-19 ESTE S\u00c1BADO REPORTA SESA"}]},{"@type":"WebSite","@id":"https:\/\/www.aliadospuebla.com\/#website","url":"https:\/\/www.aliadospuebla.com\/","name":"AliadosPuebla","description":"La informaci\u00f3n en tus manos","potentialAction":[{"@type":"SearchAction","target":{"@type":"EntryPoint","urlTemplate":"https:\/\/www.aliadospuebla.com\/?s={search_term_string}"},"query-input":{"@type":"PropertyValueSpecification","valueRequired":true,"valueName":"search_term_string"}}],"inLanguage":"es"},{"@type":"Person","@id":"https:\/\/www.aliadospuebla.com\/#\/schema\/person\/0fd017f23cc5c3f7988d5d58850eec8e","name":"Aliados Videos","image":{"@type":"ImageObject","inLanguage":"es","@id":"https:\/\/secure.gravatar.com\/avatar\/42b92de8b2d8339e1e824f3a73ab023a0bec0ee2e3920248085eb1f3160b4083?s=96&d=mm&r=g","url":"https:\/\/secure.gravatar.com\/avatar\/42b92de8b2d8339e1e824f3a73ab023a0bec0ee2e3920248085eb1f3160b4083?s=96&d=mm&r=g","contentUrl":"https:\/\/secure.gravatar.com\/avatar\/42b92de8b2d8339e1e824f3a73ab023a0bec0ee2e3920248085eb1f3160b4083?s=96&d=mm&r=g","caption":"Aliados Videos"},"url":"https:\/\/www.aliadospuebla.com\/?author=3"}]}},"views":11,"_links":{"self":[{"href":"https:\/\/www.aliadospuebla.com\/index.php?rest_route=\/wp\/v2\/posts\/59236","targetHints":{"allow":["GET"]}}],"collection":[{"href":"https:\/\/www.aliadospuebla.com\/index.php?rest_route=\/wp\/v2\/posts"}],"about":[{"href":"https:\/\/www.aliadospuebla.com\/index.php?rest_route=\/wp\/v2\/types\/post"}],"author":[{"embeddable":true,"href":"https:\/\/www.aliadospuebla.com\/index.php?rest_route=\/wp\/v2\/users\/3"}],"replies":[{"embeddable":true,"href":"https:\/\/www.aliadospuebla.com\/index.php?rest_route=%2Fwp%2Fv2%2Fcomments&post=59236"}],"version-history":[{"count":1,"href":"https:\/\/www.aliadospuebla.com\/index.php?rest_route=\/wp\/v2\/posts\/59236\/revisions"}],"predecessor-version":[{"id":59238,"href":"https:\/\/www.aliadospuebla.com\/index.php?rest_route=\/wp\/v2\/posts\/59236\/revisions\/59238"}],"wp:featuredmedia":[{"embeddable":true,"href":"https:\/\/www.aliadospuebla.com\/index.php?rest_route=\/wp\/v2\/media\/59237"}],"wp:attachment":[{"href":"https:\/\/www.aliadospuebla.com\/index.php?rest_route=%2Fwp%2Fv2%2Fmedia&parent=59236"}],"wp:term":[{"taxonomy":"category","embeddable":true,"href":"https:\/\/www.aliadospuebla.com\/index.php?rest_route=%2Fwp%2Fv2%2Fcategories&post=59236"},{"taxonomy":"post_tag","embeddable":true,"href":"https:\/\/www.aliadospuebla.com\/index.php?rest_route=%2Fwp%2Fv2%2Ftags&post=59236"}],"curies":[{"name":"wp","href":"https:\/\/api.w.org\/{rel}","templated":true}]}}