{"id":58948,"date":"2021-07-04T12:54:55","date_gmt":"2021-07-04T17:54:55","guid":{"rendered":"https:\/\/www.aliados17.com\/?p=58948"},"modified":"2021-07-04T12:54:55","modified_gmt":"2021-07-04T17:54:55","slug":"tlaxcala-sin-defunciones-por-covid-19-este-viernes-reporta-sesa-3","status":"publish","type":"post","link":"https:\/\/www.aliadospuebla.com\/?p=58948","title":{"rendered":"TLAXCALA, SIN DEFUNCIONES POR COVID-19  ESTE VIERNES REPORTA SESA"},"content":{"rendered":"<p>De acuerdo con el reporte del 02 de julio, la Secretar\u00eda de Salud del Estado (SESA) dio a conocer que no se reportaron defunciones por Covid-19 en la entidad, y confirm\u00f3 una persona recuperada y cinco casos positivos de tlaxcaltecas identificados en el estado.<\/p>\n<p>&nbsp;<\/p>\n<p>De esta manera, el estado registra 12 mil 861 personas recuperadas, 18 mil 86 casos positivos y dos mil 455 fallecimientos.<\/p>\n<p>&nbsp;<\/p>\n<p>El estado registra, hasta este momento, 47 mil 876 casos negativos y tres mil 603 se encuentran en espera de resultado.<\/p>\n<p>Del total de casos positivos, siete mil 576 se han registrado en la SESA, seis mil 854 en el IMSS, mil 923 en el Issste y mil 733 en otros espacios m\u00e9dicos.<\/p>\n<p>&nbsp;<\/p>\n<p>Mientras, del total de fallecimientos, 844 se han registrado en la SESA, mil 129 en el IMSS, 428 en el Issste, 16 en otras instituciones, uno en domicilio particular y 37 en hospital privado.<\/p>\n<p>&nbsp;<\/p>\n<p>Hasta este momento, Tlaxcala registra tres mil 361 casos, Apizaco dos mil 180, Chiautempan mil 200, Huamantla 892, Zacatelco 825, Yauhquemehcan 604, Contla 516, San Pablo del Monte 508, Ixtacuixtla 459, Calpulalpan 436, Tetla 416, Totolac 414, Panotla 401, Tlaxco 385, Papalotla 373, Apetatitl\u00e1n 333.<\/p>\n<p>&nbsp;<\/p>\n<p>Santa Cruz Tlaxcala 321, Tzompantepec 311, Teolocholco 297, Xaloztoc 293, Tepeyanco 229, Nativitas 216, Amaxac 207, Xicohtzinco 194, Tlaltelulco 179, Tepetitla 173, Xaltocan 141, Tenancingo 139.<\/p>\n<p>&nbsp;<\/p>\n<p>Nanacamilpa 119, Tetlatlahuca 114, Terrenate 108, Ayometla 106, Hueyotlipan 104, Tetlanohcan 101, Ixtenco y Acuamanala 84, Cuaxomulco 82, Tequexquitla y Nopalucan 81, Huactzinco y Axocomanitla 78, Tocatl\u00e1n 74, Cuapiaxtla 67, Zacualpan 65, Xiloxoxtla 57, Atltzayanca 55.<\/p>\n<p>&nbsp;<\/p>\n<p>San Jos\u00e9 Teacalco 52, Atlangatepec 50, Texoloc y Sanct\u00f3rum 49, Zitlaltepec 48, Santa Apolonia Teacalco 42, Mazatecochco 41, Mu\u00f1oz de Domingo Arenas 40, Espa\u00f1ita 39, Quilehtla 35, L\u00e1zaro C\u00e1rdenas 34, Tecopilco 28, Benito Ju\u00e1rez 24 y Emiliano Zapata 14.<\/p>\n","protected":false},"excerpt":{"rendered":"<p>De acuerdo con el reporte del 02 de julio, la Secretar\u00eda de Salud del Estado (SESA) dio a conocer que no se reportaron defunciones por Covid-19 en la entidad, y confirm\u00f3 una persona recuperada y cinco casos positivos de tlaxcaltecas identificados en el estado. &nbsp; De esta manera, el estado registra 12 mil 861 personas recuperadas, 18 mil 86 casos positivos y dos mil 455 fallecimientos. &nbsp; El estado registra, hasta este momento, 47 mil 876 casos negativos y tres mil 603 se encuentran en espera de resultado. Del total de casos positivos, siete mil 576 se han registrado en la SESA, seis mil 854 en el IMSS, mil 923 en el Issste y mil 733 en otros espacios m\u00e9dicos. &nbsp; Mientras, del total de&hellip;<\/p>\n<p class=\"excerpt-more\"><a class=\"blog-excerpt button\" href=\"https:\/\/www.aliadospuebla.com\/?p=58948\">Leer m\u00e1s&#8230;<\/a><\/p>\n","protected":false},"author":3,"featured_media":58949,"comment_status":"open","ping_status":"open","sticky":false,"template":"","format":"standard","meta":{"_monsterinsights_skip_tracking":false,"footnotes":""},"categories":[8304],"tags":[171,56,8367,77,72,3002,365,8355,319],"class_list":["post-58948","post","type-post","status-publish","format-standard","has-post-thumbnail","hentry","category-nacional","tag-ayuntamiento","tag-capital","tag-marco-mena","tag-municipios","tag-puebla","tag-regidores","tag-salud","tag-sesa","tag-tlaxcala"],"yoast_head":"<!-- This site is optimized with the Yoast SEO plugin v28.4 - https:\/\/yoast.com\/product\/yoast-seo-wordpress\/ -->\n<title>TLAXCALA, SIN DEFUNCIONES POR COVID-19 ESTE VIERNES REPORTA SESA - AliadosPuebla<\/title>\n<meta name=\"robots\" content=\"index, follow, max-snippet:-1, max-image-preview:large, max-video-preview:-1\" \/>\n<link rel=\"canonical\" href=\"https:\/\/www.aliadospuebla.com\/?p=58948\" \/>\n<meta property=\"og:locale\" content=\"es_ES\" \/>\n<meta property=\"og:type\" content=\"article\" \/>\n<meta property=\"og:title\" content=\"TLAXCALA, SIN DEFUNCIONES POR COVID-19 ESTE VIERNES REPORTA SESA - AliadosPuebla\" \/>\n<meta property=\"og:description\" content=\"De acuerdo con el reporte del 02 de julio, la Secretar\u00eda de Salud del Estado (SESA) dio a conocer que no se reportaron defunciones por Covid-19 en la entidad, y confirm\u00f3 una persona recuperada y cinco casos positivos de tlaxcaltecas identificados en el estado. &nbsp; De esta manera, el estado registra 12 mil 861 personas recuperadas, 18 mil 86 casos positivos y dos mil 455 fallecimientos. &nbsp; El estado registra, hasta este momento, 47 mil 876 casos negativos y tres mil 603 se encuentran en espera de resultado. Del total de casos positivos, siete mil 576 se han registrado en la SESA, seis mil 854 en el IMSS, mil 923 en el Issste y mil 733 en otros espacios m\u00e9dicos. &nbsp; Mientras, del total de&hellip;Leer m\u00e1s...\" \/>\n<meta property=\"og:url\" content=\"https:\/\/www.aliadospuebla.com\/?p=58948\" \/>\n<meta property=\"og:site_name\" content=\"AliadosPuebla\" \/>\n<meta property=\"article:published_time\" content=\"2021-07-04T17:54:55+00:00\" \/>\n<meta property=\"og:image\" content=\"https:\/\/www.aliadospuebla.com\/web2017\/wp-content\/uploads\/2021\/07\/TLAX-3.jpg\" \/>\n\t<meta property=\"og:image:width\" content=\"600\" \/>\n\t<meta property=\"og:image:height\" content=\"450\" \/>\n\t<meta property=\"og:image:type\" content=\"image\/jpeg\" \/>\n<meta name=\"author\" content=\"Aliados Videos\" \/>\n<meta name=\"twitter:card\" content=\"summary_large_image\" \/>\n<meta name=\"twitter:label1\" content=\"Escrito por\" \/>\n\t<meta name=\"twitter:data1\" content=\"Aliados Videos\" \/>\n\t<meta name=\"twitter:label2\" content=\"Tiempo de lectura\" \/>\n\t<meta name=\"twitter:data2\" content=\"1 minuto\" \/>\n<script type=\"application\/ld+json\" class=\"yoast-schema-graph\">{\"@context\":\"https:\\\/\\\/schema.org\",\"@graph\":[{\"@type\":\"Article\",\"@id\":\"https:\\\/\\\/www.aliadospuebla.com\\\/?p=58948#article\",\"isPartOf\":{\"@id\":\"https:\\\/\\\/www.aliadospuebla.com\\\/?p=58948\"},\"author\":{\"name\":\"Aliados Videos\",\"@id\":\"https:\\\/\\\/www.aliadospuebla.com\\\/#\\\/schema\\\/person\\\/0fd017f23cc5c3f7988d5d58850eec8e\"},\"headline\":\"TLAXCALA, SIN DEFUNCIONES POR COVID-19 ESTE VIERNES REPORTA SESA\",\"datePublished\":\"2021-07-04T17:54:55+00:00\",\"mainEntityOfPage\":{\"@id\":\"https:\\\/\\\/www.aliadospuebla.com\\\/?p=58948\"},\"wordCount\":250,\"commentCount\":0,\"image\":{\"@id\":\"https:\\\/\\\/www.aliadospuebla.com\\\/?p=58948#primaryimage\"},\"thumbnailUrl\":\"https:\\\/\\\/www.aliadospuebla.com\\\/web2017\\\/wp-content\\\/uploads\\\/2021\\\/07\\\/TLAX-3.jpg\",\"keywords\":[\"Ayuntamiento\",\"capital\",\"MARCO MENA\",\"Municipios\",\"Puebla\",\"REGIDORES\",\"SALUD\",\"SESA\",\"TLAXCALA\"],\"articleSection\":[\"Nacional\"],\"inLanguage\":\"es\",\"potentialAction\":[{\"@type\":\"CommentAction\",\"name\":\"Comment\",\"target\":[\"https:\\\/\\\/www.aliadospuebla.com\\\/?p=58948#respond\"]}]},{\"@type\":\"WebPage\",\"@id\":\"https:\\\/\\\/www.aliadospuebla.com\\\/?p=58948\",\"url\":\"https:\\\/\\\/www.aliadospuebla.com\\\/?p=58948\",\"name\":\"TLAXCALA, SIN DEFUNCIONES POR COVID-19 ESTE VIERNES REPORTA SESA - AliadosPuebla\",\"isPartOf\":{\"@id\":\"https:\\\/\\\/www.aliadospuebla.com\\\/#website\"},\"primaryImageOfPage\":{\"@id\":\"https:\\\/\\\/www.aliadospuebla.com\\\/?p=58948#primaryimage\"},\"image\":{\"@id\":\"https:\\\/\\\/www.aliadospuebla.com\\\/?p=58948#primaryimage\"},\"thumbnailUrl\":\"https:\\\/\\\/www.aliadospuebla.com\\\/web2017\\\/wp-content\\\/uploads\\\/2021\\\/07\\\/TLAX-3.jpg\",\"datePublished\":\"2021-07-04T17:54:55+00:00\",\"author\":{\"@id\":\"https:\\\/\\\/www.aliadospuebla.com\\\/#\\\/schema\\\/person\\\/0fd017f23cc5c3f7988d5d58850eec8e\"},\"breadcrumb\":{\"@id\":\"https:\\\/\\\/www.aliadospuebla.com\\\/?p=58948#breadcrumb\"},\"inLanguage\":\"es\",\"potentialAction\":[{\"@type\":\"ReadAction\",\"target\":[\"https:\\\/\\\/www.aliadospuebla.com\\\/?p=58948\"]}]},{\"@type\":\"ImageObject\",\"inLanguage\":\"es\",\"@id\":\"https:\\\/\\\/www.aliadospuebla.com\\\/?p=58948#primaryimage\",\"url\":\"https:\\\/\\\/www.aliadospuebla.com\\\/web2017\\\/wp-content\\\/uploads\\\/2021\\\/07\\\/TLAX-3.jpg\",\"contentUrl\":\"https:\\\/\\\/www.aliadospuebla.com\\\/web2017\\\/wp-content\\\/uploads\\\/2021\\\/07\\\/TLAX-3.jpg\",\"width\":600,\"height\":450},{\"@type\":\"BreadcrumbList\",\"@id\":\"https:\\\/\\\/www.aliadospuebla.com\\\/?p=58948#breadcrumb\",\"itemListElement\":[{\"@type\":\"ListItem\",\"position\":1,\"name\":\"Portada\",\"item\":\"https:\\\/\\\/www.aliadospuebla.com\\\/\"},{\"@type\":\"ListItem\",\"position\":2,\"name\":\"TLAXCALA, SIN DEFUNCIONES POR COVID-19 ESTE VIERNES REPORTA SESA\"}]},{\"@type\":\"WebSite\",\"@id\":\"https:\\\/\\\/www.aliadospuebla.com\\\/#website\",\"url\":\"https:\\\/\\\/www.aliadospuebla.com\\\/\",\"name\":\"AliadosPuebla\",\"description\":\"La informaci\u00f3n en tus manos\",\"potentialAction\":[{\"@type\":\"SearchAction\",\"target\":{\"@type\":\"EntryPoint\",\"urlTemplate\":\"https:\\\/\\\/www.aliadospuebla.com\\\/?s={search_term_string}\"},\"query-input\":{\"@type\":\"PropertyValueSpecification\",\"valueRequired\":true,\"valueName\":\"search_term_string\"}}],\"inLanguage\":\"es\"},{\"@type\":\"Person\",\"@id\":\"https:\\\/\\\/www.aliadospuebla.com\\\/#\\\/schema\\\/person\\\/0fd017f23cc5c3f7988d5d58850eec8e\",\"name\":\"Aliados Videos\",\"image\":{\"@type\":\"ImageObject\",\"inLanguage\":\"es\",\"@id\":\"https:\\\/\\\/secure.gravatar.com\\\/avatar\\\/42b92de8b2d8339e1e824f3a73ab023a0bec0ee2e3920248085eb1f3160b4083?s=96&d=mm&r=g\",\"url\":\"https:\\\/\\\/secure.gravatar.com\\\/avatar\\\/42b92de8b2d8339e1e824f3a73ab023a0bec0ee2e3920248085eb1f3160b4083?s=96&d=mm&r=g\",\"contentUrl\":\"https:\\\/\\\/secure.gravatar.com\\\/avatar\\\/42b92de8b2d8339e1e824f3a73ab023a0bec0ee2e3920248085eb1f3160b4083?s=96&d=mm&r=g\",\"caption\":\"Aliados Videos\"},\"url\":\"https:\\\/\\\/www.aliadospuebla.com\\\/?author=3\"}]}<\/script>\n<!-- \/ Yoast SEO plugin. -->","yoast_head_json":{"title":"TLAXCALA, SIN DEFUNCIONES POR COVID-19 ESTE VIERNES REPORTA SESA - AliadosPuebla","robots":{"index":"index","follow":"follow","max-snippet":"max-snippet:-1","max-image-preview":"max-image-preview:large","max-video-preview":"max-video-preview:-1"},"canonical":"https:\/\/www.aliadospuebla.com\/?p=58948","og_locale":"es_ES","og_type":"article","og_title":"TLAXCALA, SIN DEFUNCIONES POR COVID-19 ESTE VIERNES REPORTA SESA - AliadosPuebla","og_description":"De acuerdo con el reporte del 02 de julio, la Secretar\u00eda de Salud del Estado (SESA) dio a conocer que no se reportaron defunciones por Covid-19 en la entidad, y confirm\u00f3 una persona recuperada y cinco casos positivos de tlaxcaltecas identificados en el estado. &nbsp; De esta manera, el estado registra 12 mil 861 personas recuperadas, 18 mil 86 casos positivos y dos mil 455 fallecimientos. &nbsp; El estado registra, hasta este momento, 47 mil 876 casos negativos y tres mil 603 se encuentran en espera de resultado. Del total de casos positivos, siete mil 576 se han registrado en la SESA, seis mil 854 en el IMSS, mil 923 en el Issste y mil 733 en otros espacios m\u00e9dicos. &nbsp; Mientras, del total de&hellip;Leer m\u00e1s...","og_url":"https:\/\/www.aliadospuebla.com\/?p=58948","og_site_name":"AliadosPuebla","article_published_time":"2021-07-04T17:54:55+00:00","og_image":[{"width":600,"height":450,"url":"https:\/\/www.aliadospuebla.com\/web2017\/wp-content\/uploads\/2021\/07\/TLAX-3.jpg","type":"image\/jpeg"}],"author":"Aliados Videos","twitter_card":"summary_large_image","twitter_misc":{"Escrito por":"Aliados Videos","Tiempo de lectura":"1 minuto"},"schema":{"@context":"https:\/\/schema.org","@graph":[{"@type":"Article","@id":"https:\/\/www.aliadospuebla.com\/?p=58948#article","isPartOf":{"@id":"https:\/\/www.aliadospuebla.com\/?p=58948"},"author":{"name":"Aliados Videos","@id":"https:\/\/www.aliadospuebla.com\/#\/schema\/person\/0fd017f23cc5c3f7988d5d58850eec8e"},"headline":"TLAXCALA, SIN DEFUNCIONES POR COVID-19 ESTE VIERNES REPORTA SESA","datePublished":"2021-07-04T17:54:55+00:00","mainEntityOfPage":{"@id":"https:\/\/www.aliadospuebla.com\/?p=58948"},"wordCount":250,"commentCount":0,"image":{"@id":"https:\/\/www.aliadospuebla.com\/?p=58948#primaryimage"},"thumbnailUrl":"https:\/\/www.aliadospuebla.com\/web2017\/wp-content\/uploads\/2021\/07\/TLAX-3.jpg","keywords":["Ayuntamiento","capital","MARCO MENA","Municipios","Puebla","REGIDORES","SALUD","SESA","TLAXCALA"],"articleSection":["Nacional"],"inLanguage":"es","potentialAction":[{"@type":"CommentAction","name":"Comment","target":["https:\/\/www.aliadospuebla.com\/?p=58948#respond"]}]},{"@type":"WebPage","@id":"https:\/\/www.aliadospuebla.com\/?p=58948","url":"https:\/\/www.aliadospuebla.com\/?p=58948","name":"TLAXCALA, SIN DEFUNCIONES POR COVID-19 ESTE VIERNES REPORTA SESA - AliadosPuebla","isPartOf":{"@id":"https:\/\/www.aliadospuebla.com\/#website"},"primaryImageOfPage":{"@id":"https:\/\/www.aliadospuebla.com\/?p=58948#primaryimage"},"image":{"@id":"https:\/\/www.aliadospuebla.com\/?p=58948#primaryimage"},"thumbnailUrl":"https:\/\/www.aliadospuebla.com\/web2017\/wp-content\/uploads\/2021\/07\/TLAX-3.jpg","datePublished":"2021-07-04T17:54:55+00:00","author":{"@id":"https:\/\/www.aliadospuebla.com\/#\/schema\/person\/0fd017f23cc5c3f7988d5d58850eec8e"},"breadcrumb":{"@id":"https:\/\/www.aliadospuebla.com\/?p=58948#breadcrumb"},"inLanguage":"es","potentialAction":[{"@type":"ReadAction","target":["https:\/\/www.aliadospuebla.com\/?p=58948"]}]},{"@type":"ImageObject","inLanguage":"es","@id":"https:\/\/www.aliadospuebla.com\/?p=58948#primaryimage","url":"https:\/\/www.aliadospuebla.com\/web2017\/wp-content\/uploads\/2021\/07\/TLAX-3.jpg","contentUrl":"https:\/\/www.aliadospuebla.com\/web2017\/wp-content\/uploads\/2021\/07\/TLAX-3.jpg","width":600,"height":450},{"@type":"BreadcrumbList","@id":"https:\/\/www.aliadospuebla.com\/?p=58948#breadcrumb","itemListElement":[{"@type":"ListItem","position":1,"name":"Portada","item":"https:\/\/www.aliadospuebla.com\/"},{"@type":"ListItem","position":2,"name":"TLAXCALA, SIN DEFUNCIONES POR COVID-19 ESTE VIERNES REPORTA SESA"}]},{"@type":"WebSite","@id":"https:\/\/www.aliadospuebla.com\/#website","url":"https:\/\/www.aliadospuebla.com\/","name":"AliadosPuebla","description":"La informaci\u00f3n en tus manos","potentialAction":[{"@type":"SearchAction","target":{"@type":"EntryPoint","urlTemplate":"https:\/\/www.aliadospuebla.com\/?s={search_term_string}"},"query-input":{"@type":"PropertyValueSpecification","valueRequired":true,"valueName":"search_term_string"}}],"inLanguage":"es"},{"@type":"Person","@id":"https:\/\/www.aliadospuebla.com\/#\/schema\/person\/0fd017f23cc5c3f7988d5d58850eec8e","name":"Aliados Videos","image":{"@type":"ImageObject","inLanguage":"es","@id":"https:\/\/secure.gravatar.com\/avatar\/42b92de8b2d8339e1e824f3a73ab023a0bec0ee2e3920248085eb1f3160b4083?s=96&d=mm&r=g","url":"https:\/\/secure.gravatar.com\/avatar\/42b92de8b2d8339e1e824f3a73ab023a0bec0ee2e3920248085eb1f3160b4083?s=96&d=mm&r=g","contentUrl":"https:\/\/secure.gravatar.com\/avatar\/42b92de8b2d8339e1e824f3a73ab023a0bec0ee2e3920248085eb1f3160b4083?s=96&d=mm&r=g","caption":"Aliados Videos"},"url":"https:\/\/www.aliadospuebla.com\/?author=3"}]}},"views":18,"_links":{"self":[{"href":"https:\/\/www.aliadospuebla.com\/index.php?rest_route=\/wp\/v2\/posts\/58948","targetHints":{"allow":["GET"]}}],"collection":[{"href":"https:\/\/www.aliadospuebla.com\/index.php?rest_route=\/wp\/v2\/posts"}],"about":[{"href":"https:\/\/www.aliadospuebla.com\/index.php?rest_route=\/wp\/v2\/types\/post"}],"author":[{"embeddable":true,"href":"https:\/\/www.aliadospuebla.com\/index.php?rest_route=\/wp\/v2\/users\/3"}],"replies":[{"embeddable":true,"href":"https:\/\/www.aliadospuebla.com\/index.php?rest_route=%2Fwp%2Fv2%2Fcomments&post=58948"}],"version-history":[{"count":1,"href":"https:\/\/www.aliadospuebla.com\/index.php?rest_route=\/wp\/v2\/posts\/58948\/revisions"}],"predecessor-version":[{"id":58950,"href":"https:\/\/www.aliadospuebla.com\/index.php?rest_route=\/wp\/v2\/posts\/58948\/revisions\/58950"}],"wp:featuredmedia":[{"embeddable":true,"href":"https:\/\/www.aliadospuebla.com\/index.php?rest_route=\/wp\/v2\/media\/58949"}],"wp:attachment":[{"href":"https:\/\/www.aliadospuebla.com\/index.php?rest_route=%2Fwp%2Fv2%2Fmedia&parent=58948"}],"wp:term":[{"taxonomy":"category","embeddable":true,"href":"https:\/\/www.aliadospuebla.com\/index.php?rest_route=%2Fwp%2Fv2%2Fcategories&post=58948"},{"taxonomy":"post_tag","embeddable":true,"href":"https:\/\/www.aliadospuebla.com\/index.php?rest_route=%2Fwp%2Fv2%2Ftags&post=58948"}],"curies":[{"name":"wp","href":"https:\/\/api.w.org\/{rel}","templated":true}]}}