{"id":58856,"date":"2021-07-01T17:31:57","date_gmt":"2021-07-01T22:31:57","guid":{"rendered":"https:\/\/www.aliados17.com\/?p=58856"},"modified":"2021-07-01T17:31:57","modified_gmt":"2021-07-01T22:31:57","slug":"participa-sesa-en-reunion-virtual-para-el-fortalecimiento-del-sistema-de-salud","status":"publish","type":"post","link":"https:\/\/www.aliadospuebla.com\/?p=58856","title":{"rendered":"PARTICIPA SESA EN REUNI\u00d3N VIRTUAL PARA EL  FORTALECIMIENTO DEL SISTEMA DE SALUD"},"content":{"rendered":"<p style=\"font-weight: 400;\">La Secretar\u00eda de Salud (<strong>SESA<\/strong>) particip\u00f3 en la sesi\u00f3n virtual \u201cReuniones para la interrelaci\u00f3n de las Unidades de la Secretar\u00eda y Entidades Federativas para el Fortalecimiento de los Servicios de Salud 2021\u201d, que se llevan a cabo como parte del avance del cumplimiento de los acuerdos del Consejo Nacional de Salud (Conasa).<\/p>\n<p style=\"font-weight: 400;\">Durante la reuni\u00f3n, en la que tambi\u00e9n participaron las secretar\u00edas de Salud de Quintana Roo y Campeche, se abordaron temas de inter\u00e9s general para la mejora y fortalecimiento del <strong>Sistema de Salud P\u00fablica<\/strong> en el pa\u00eds.<\/p>\n<p style=\"font-weight: 400;\">Entre los temas que trataron destacan: Gratitud e impacto normativo de la <strong>Ley General de Salud,<\/strong> reingenier\u00eda de recursos humanos, red de fr\u00edo y almacenes estatales, salud mental, prevenci\u00f3n de adicciones y suicidio, transfusi\u00f3n sangu\u00ednea, c\u00e1ncer de la mujer, mortalidad materna, embarazo en adolescentes; dengue, tuberculosis, virus de hepatitis C.<\/p>\n<p style=\"font-weight: 400;\">El Secretario de Salud de <strong>Tlaxcala<\/strong>, Ren\u00e9 Lima Morales, estuvo acompa\u00f1ado por los responsables de las \u00e1reas de Administraci\u00f3n, Recursos Humanos y Planeaci\u00f3n, la representaci\u00f3n de la Secretar\u00eda de Planeaci\u00f3n y Finanzas, la Comisi\u00f3n Estatal para la Protecci\u00f3n contra Riesgos Sanitarios (Coeprist), el Centro Estatal de la Transfusi\u00f3n Sangu\u00ednea y el \u00c1rea Jur\u00eddica.<\/p>\n<p style=\"font-weight: 400;\">Adem\u00e1s, el enlace de los Acuerdos del Conasa, el Secretario T\u00e9cnico del Organismo P\u00fablico Descentralizado (OPD), el encargado del \u00c1rea de Servicios de Atenci\u00f3n Psiqui\u00e1trica, el Responsable Estatal de la Red de Fr\u00edo y Almac\u00e9n, el Enlace Estatal para el Proceso de Comprobaci\u00f3n de los Recursos del INSABI, y los responsables estatales de Informaci\u00f3n en Salud, Gesti\u00f3n de Equipo m\u00e9dico y de Mast\u00f3grafos y\/o Aceleradores Lineales.<\/p>\n<p style=\"font-weight: 400;\">As\u00ed como los responsables de los programas de C\u00e1ncer de la Mujer, Salud Materna, Salud Sexual y Reproductiva, Dengue, Tuberculosis y Virus de la Hepatitis C.<\/p>\n","protected":false},"excerpt":{"rendered":"<p>La Secretar\u00eda de Salud (SESA) particip\u00f3 en la sesi\u00f3n virtual \u201cReuniones para la interrelaci\u00f3n de las Unidades de la Secretar\u00eda y Entidades Federativas para el Fortalecimiento de los Servicios de Salud 2021\u201d, que se llevan a cabo como parte del avance del cumplimiento de los acuerdos del Consejo Nacional de Salud (Conasa). Durante la reuni\u00f3n, en la que tambi\u00e9n participaron las secretar\u00edas de Salud de Quintana Roo y Campeche, se abordaron temas de inter\u00e9s general para la mejora y fortalecimiento del Sistema de Salud P\u00fablica en el pa\u00eds. Entre los temas que trataron destacan: Gratitud e impacto normativo de la Ley General de Salud, reingenier\u00eda de recursos humanos, red de fr\u00edo y almacenes estatales, salud mental, prevenci\u00f3n de adicciones y suicidio, transfusi\u00f3n sangu\u00ednea, c\u00e1ncer de&hellip;<\/p>\n<p class=\"excerpt-more\"><a class=\"blog-excerpt button\" href=\"https:\/\/www.aliadospuebla.com\/?p=58856\">Leer m\u00e1s&#8230;<\/a><\/p>\n","protected":false},"author":2,"featured_media":58857,"comment_status":"open","ping_status":"open","sticky":false,"template":"","format":"standard","meta":{"_monsterinsights_skip_tracking":false,"footnotes":""},"categories":[8304],"tags":[365,8355,16050,319],"class_list":["post-58856","post","type-post","status-publish","format-standard","has-post-thumbnail","hentry","category-nacional","tag-salud","tag-sesa","tag-sistema-de-salud-publica","tag-tlaxcala"],"yoast_head":"<!-- This site is optimized with the Yoast SEO plugin v28.4 - https:\/\/yoast.com\/product\/yoast-seo-wordpress\/ -->\n<title>PARTICIPA SESA EN REUNI\u00d3N VIRTUAL PARA EL FORTALECIMIENTO DEL SISTEMA DE SALUD - AliadosPuebla<\/title>\n<meta name=\"robots\" content=\"index, follow, max-snippet:-1, max-image-preview:large, max-video-preview:-1\" \/>\n<link rel=\"canonical\" href=\"https:\/\/www.aliadospuebla.com\/?p=58856\" \/>\n<meta property=\"og:locale\" content=\"es_ES\" \/>\n<meta property=\"og:type\" content=\"article\" \/>\n<meta property=\"og:title\" content=\"PARTICIPA SESA EN REUNI\u00d3N VIRTUAL PARA EL FORTALECIMIENTO DEL SISTEMA DE SALUD - AliadosPuebla\" \/>\n<meta property=\"og:description\" content=\"La Secretar\u00eda de Salud (SESA) particip\u00f3 en la sesi\u00f3n virtual \u201cReuniones para la interrelaci\u00f3n de las Unidades de la Secretar\u00eda y Entidades Federativas para el Fortalecimiento de los Servicios de Salud 2021\u201d, que se llevan a cabo como parte del avance del cumplimiento de los acuerdos del Consejo Nacional de Salud (Conasa). Durante la reuni\u00f3n, en la que tambi\u00e9n participaron las secretar\u00edas de Salud de Quintana Roo y Campeche, se abordaron temas de inter\u00e9s general para la mejora y fortalecimiento del Sistema de Salud P\u00fablica en el pa\u00eds. Entre los temas que trataron destacan: Gratitud e impacto normativo de la Ley General de Salud, reingenier\u00eda de recursos humanos, red de fr\u00edo y almacenes estatales, salud mental, prevenci\u00f3n de adicciones y suicidio, transfusi\u00f3n sangu\u00ednea, c\u00e1ncer de&hellip;Leer m\u00e1s...\" \/>\n<meta property=\"og:url\" content=\"https:\/\/www.aliadospuebla.com\/?p=58856\" \/>\n<meta property=\"og:site_name\" content=\"AliadosPuebla\" \/>\n<meta property=\"article:author\" content=\"https:\/\/www.facebook.com\/Aliados17Pue\" \/>\n<meta property=\"article:published_time\" content=\"2021-07-01T22:31:57+00:00\" \/>\n<meta property=\"og:image\" content=\"https:\/\/www.aliadospuebla.com\/web2017\/wp-content\/uploads\/2021\/07\/065-SESA.jpg\" \/>\n\t<meta property=\"og:image:width\" content=\"600\" \/>\n\t<meta property=\"og:image:height\" content=\"450\" \/>\n\t<meta property=\"og:image:type\" content=\"image\/jpeg\" \/>\n<meta name=\"author\" content=\"Aliados17\" \/>\n<meta name=\"twitter:card\" content=\"summary_large_image\" \/>\n<meta name=\"twitter:creator\" content=\"@AliadosPuebla\" \/>\n<meta name=\"twitter:label1\" content=\"Escrito por\" \/>\n\t<meta name=\"twitter:data1\" content=\"Aliados17\" \/>\n\t<meta name=\"twitter:label2\" content=\"Tiempo de lectura\" \/>\n\t<meta name=\"twitter:data2\" content=\"2 minutos\" \/>\n<script type=\"application\/ld+json\" class=\"yoast-schema-graph\">{\"@context\":\"https:\\\/\\\/schema.org\",\"@graph\":[{\"@type\":\"Article\",\"@id\":\"https:\\\/\\\/www.aliadospuebla.com\\\/?p=58856#article\",\"isPartOf\":{\"@id\":\"https:\\\/\\\/www.aliadospuebla.com\\\/?p=58856\"},\"author\":{\"name\":\"Aliados17\",\"@id\":\"https:\\\/\\\/www.aliadospuebla.com\\\/#\\\/schema\\\/person\\\/5da7dd09320bd4f392b710017ed5f8ad\"},\"headline\":\"PARTICIPA SESA EN REUNI\u00d3N VIRTUAL PARA EL FORTALECIMIENTO DEL SISTEMA DE SALUD\",\"datePublished\":\"2021-07-01T22:31:57+00:00\",\"mainEntityOfPage\":{\"@id\":\"https:\\\/\\\/www.aliadospuebla.com\\\/?p=58856\"},\"wordCount\":336,\"commentCount\":0,\"image\":{\"@id\":\"https:\\\/\\\/www.aliadospuebla.com\\\/?p=58856#primaryimage\"},\"thumbnailUrl\":\"https:\\\/\\\/www.aliadospuebla.com\\\/web2017\\\/wp-content\\\/uploads\\\/2021\\\/07\\\/065-SESA.jpg\",\"keywords\":[\"SALUD\",\"SESA\",\"Sistema de salud p\u00fablica\",\"TLAXCALA\"],\"articleSection\":[\"Nacional\"],\"inLanguage\":\"es\",\"potentialAction\":[{\"@type\":\"CommentAction\",\"name\":\"Comment\",\"target\":[\"https:\\\/\\\/www.aliadospuebla.com\\\/?p=58856#respond\"]}]},{\"@type\":\"WebPage\",\"@id\":\"https:\\\/\\\/www.aliadospuebla.com\\\/?p=58856\",\"url\":\"https:\\\/\\\/www.aliadospuebla.com\\\/?p=58856\",\"name\":\"PARTICIPA SESA EN REUNI\u00d3N VIRTUAL PARA EL FORTALECIMIENTO DEL SISTEMA DE SALUD - AliadosPuebla\",\"isPartOf\":{\"@id\":\"https:\\\/\\\/www.aliadospuebla.com\\\/#website\"},\"primaryImageOfPage\":{\"@id\":\"https:\\\/\\\/www.aliadospuebla.com\\\/?p=58856#primaryimage\"},\"image\":{\"@id\":\"https:\\\/\\\/www.aliadospuebla.com\\\/?p=58856#primaryimage\"},\"thumbnailUrl\":\"https:\\\/\\\/www.aliadospuebla.com\\\/web2017\\\/wp-content\\\/uploads\\\/2021\\\/07\\\/065-SESA.jpg\",\"datePublished\":\"2021-07-01T22:31:57+00:00\",\"author\":{\"@id\":\"https:\\\/\\\/www.aliadospuebla.com\\\/#\\\/schema\\\/person\\\/5da7dd09320bd4f392b710017ed5f8ad\"},\"breadcrumb\":{\"@id\":\"https:\\\/\\\/www.aliadospuebla.com\\\/?p=58856#breadcrumb\"},\"inLanguage\":\"es\",\"potentialAction\":[{\"@type\":\"ReadAction\",\"target\":[\"https:\\\/\\\/www.aliadospuebla.com\\\/?p=58856\"]}]},{\"@type\":\"ImageObject\",\"inLanguage\":\"es\",\"@id\":\"https:\\\/\\\/www.aliadospuebla.com\\\/?p=58856#primaryimage\",\"url\":\"https:\\\/\\\/www.aliadospuebla.com\\\/web2017\\\/wp-content\\\/uploads\\\/2021\\\/07\\\/065-SESA.jpg\",\"contentUrl\":\"https:\\\/\\\/www.aliadospuebla.com\\\/web2017\\\/wp-content\\\/uploads\\\/2021\\\/07\\\/065-SESA.jpg\",\"width\":600,\"height\":450},{\"@type\":\"BreadcrumbList\",\"@id\":\"https:\\\/\\\/www.aliadospuebla.com\\\/?p=58856#breadcrumb\",\"itemListElement\":[{\"@type\":\"ListItem\",\"position\":1,\"name\":\"Portada\",\"item\":\"https:\\\/\\\/www.aliadospuebla.com\\\/\"},{\"@type\":\"ListItem\",\"position\":2,\"name\":\"PARTICIPA SESA EN REUNI\u00d3N VIRTUAL PARA EL FORTALECIMIENTO DEL SISTEMA DE SALUD\"}]},{\"@type\":\"WebSite\",\"@id\":\"https:\\\/\\\/www.aliadospuebla.com\\\/#website\",\"url\":\"https:\\\/\\\/www.aliadospuebla.com\\\/\",\"name\":\"AliadosPuebla\",\"description\":\"La informaci\u00f3n en tus manos\",\"potentialAction\":[{\"@type\":\"SearchAction\",\"target\":{\"@type\":\"EntryPoint\",\"urlTemplate\":\"https:\\\/\\\/www.aliadospuebla.com\\\/?s={search_term_string}\"},\"query-input\":{\"@type\":\"PropertyValueSpecification\",\"valueRequired\":true,\"valueName\":\"search_term_string\"}}],\"inLanguage\":\"es\"},{\"@type\":\"Person\",\"@id\":\"https:\\\/\\\/www.aliadospuebla.com\\\/#\\\/schema\\\/person\\\/5da7dd09320bd4f392b710017ed5f8ad\",\"name\":\"Aliados17\",\"image\":{\"@type\":\"ImageObject\",\"inLanguage\":\"es\",\"@id\":\"https:\\\/\\\/www.aliadospuebla.com\\\/web2017\\\/wp-content\\\/uploads\\\/2025\\\/03\\\/cropped-para-perfil-8-anos-1-96x96.jpg\",\"url\":\"https:\\\/\\\/www.aliadospuebla.com\\\/web2017\\\/wp-content\\\/uploads\\\/2025\\\/03\\\/cropped-para-perfil-8-anos-1-96x96.jpg\",\"contentUrl\":\"https:\\\/\\\/www.aliadospuebla.com\\\/web2017\\\/wp-content\\\/uploads\\\/2025\\\/03\\\/cropped-para-perfil-8-anos-1-96x96.jpg\",\"caption\":\"Aliados17\"},\"sameAs\":[\"https:\\\/\\\/www.aliados17.com\",\"https:\\\/\\\/www.facebook.com\\\/Aliados17Pue\",\"https:\\\/\\\/x.com\\\/AliadosPuebla\"],\"url\":\"https:\\\/\\\/www.aliadospuebla.com\\\/?author=2\"}]}<\/script>\n<!-- \/ Yoast SEO plugin. -->","yoast_head_json":{"title":"PARTICIPA SESA EN REUNI\u00d3N VIRTUAL PARA EL FORTALECIMIENTO DEL SISTEMA DE SALUD - AliadosPuebla","robots":{"index":"index","follow":"follow","max-snippet":"max-snippet:-1","max-image-preview":"max-image-preview:large","max-video-preview":"max-video-preview:-1"},"canonical":"https:\/\/www.aliadospuebla.com\/?p=58856","og_locale":"es_ES","og_type":"article","og_title":"PARTICIPA SESA EN REUNI\u00d3N VIRTUAL PARA EL FORTALECIMIENTO DEL SISTEMA DE SALUD - AliadosPuebla","og_description":"La Secretar\u00eda de Salud (SESA) particip\u00f3 en la sesi\u00f3n virtual \u201cReuniones para la interrelaci\u00f3n de las Unidades de la Secretar\u00eda y Entidades Federativas para el Fortalecimiento de los Servicios de Salud 2021\u201d, que se llevan a cabo como parte del avance del cumplimiento de los acuerdos del Consejo Nacional de Salud (Conasa). Durante la reuni\u00f3n, en la que tambi\u00e9n participaron las secretar\u00edas de Salud de Quintana Roo y Campeche, se abordaron temas de inter\u00e9s general para la mejora y fortalecimiento del Sistema de Salud P\u00fablica en el pa\u00eds. Entre los temas que trataron destacan: Gratitud e impacto normativo de la Ley General de Salud, reingenier\u00eda de recursos humanos, red de fr\u00edo y almacenes estatales, salud mental, prevenci\u00f3n de adicciones y suicidio, transfusi\u00f3n sangu\u00ednea, c\u00e1ncer de&hellip;Leer m\u00e1s...","og_url":"https:\/\/www.aliadospuebla.com\/?p=58856","og_site_name":"AliadosPuebla","article_author":"https:\/\/www.facebook.com\/Aliados17Pue","article_published_time":"2021-07-01T22:31:57+00:00","og_image":[{"width":600,"height":450,"url":"https:\/\/www.aliadospuebla.com\/web2017\/wp-content\/uploads\/2021\/07\/065-SESA.jpg","type":"image\/jpeg"}],"author":"Aliados17","twitter_card":"summary_large_image","twitter_creator":"@AliadosPuebla","twitter_misc":{"Escrito por":"Aliados17","Tiempo de lectura":"2 minutos"},"schema":{"@context":"https:\/\/schema.org","@graph":[{"@type":"Article","@id":"https:\/\/www.aliadospuebla.com\/?p=58856#article","isPartOf":{"@id":"https:\/\/www.aliadospuebla.com\/?p=58856"},"author":{"name":"Aliados17","@id":"https:\/\/www.aliadospuebla.com\/#\/schema\/person\/5da7dd09320bd4f392b710017ed5f8ad"},"headline":"PARTICIPA SESA EN REUNI\u00d3N VIRTUAL PARA EL FORTALECIMIENTO DEL SISTEMA DE SALUD","datePublished":"2021-07-01T22:31:57+00:00","mainEntityOfPage":{"@id":"https:\/\/www.aliadospuebla.com\/?p=58856"},"wordCount":336,"commentCount":0,"image":{"@id":"https:\/\/www.aliadospuebla.com\/?p=58856#primaryimage"},"thumbnailUrl":"https:\/\/www.aliadospuebla.com\/web2017\/wp-content\/uploads\/2021\/07\/065-SESA.jpg","keywords":["SALUD","SESA","Sistema de salud p\u00fablica","TLAXCALA"],"articleSection":["Nacional"],"inLanguage":"es","potentialAction":[{"@type":"CommentAction","name":"Comment","target":["https:\/\/www.aliadospuebla.com\/?p=58856#respond"]}]},{"@type":"WebPage","@id":"https:\/\/www.aliadospuebla.com\/?p=58856","url":"https:\/\/www.aliadospuebla.com\/?p=58856","name":"PARTICIPA SESA EN REUNI\u00d3N VIRTUAL PARA EL FORTALECIMIENTO DEL SISTEMA DE SALUD - AliadosPuebla","isPartOf":{"@id":"https:\/\/www.aliadospuebla.com\/#website"},"primaryImageOfPage":{"@id":"https:\/\/www.aliadospuebla.com\/?p=58856#primaryimage"},"image":{"@id":"https:\/\/www.aliadospuebla.com\/?p=58856#primaryimage"},"thumbnailUrl":"https:\/\/www.aliadospuebla.com\/web2017\/wp-content\/uploads\/2021\/07\/065-SESA.jpg","datePublished":"2021-07-01T22:31:57+00:00","author":{"@id":"https:\/\/www.aliadospuebla.com\/#\/schema\/person\/5da7dd09320bd4f392b710017ed5f8ad"},"breadcrumb":{"@id":"https:\/\/www.aliadospuebla.com\/?p=58856#breadcrumb"},"inLanguage":"es","potentialAction":[{"@type":"ReadAction","target":["https:\/\/www.aliadospuebla.com\/?p=58856"]}]},{"@type":"ImageObject","inLanguage":"es","@id":"https:\/\/www.aliadospuebla.com\/?p=58856#primaryimage","url":"https:\/\/www.aliadospuebla.com\/web2017\/wp-content\/uploads\/2021\/07\/065-SESA.jpg","contentUrl":"https:\/\/www.aliadospuebla.com\/web2017\/wp-content\/uploads\/2021\/07\/065-SESA.jpg","width":600,"height":450},{"@type":"BreadcrumbList","@id":"https:\/\/www.aliadospuebla.com\/?p=58856#breadcrumb","itemListElement":[{"@type":"ListItem","position":1,"name":"Portada","item":"https:\/\/www.aliadospuebla.com\/"},{"@type":"ListItem","position":2,"name":"PARTICIPA SESA EN REUNI\u00d3N VIRTUAL PARA EL FORTALECIMIENTO DEL SISTEMA DE SALUD"}]},{"@type":"WebSite","@id":"https:\/\/www.aliadospuebla.com\/#website","url":"https:\/\/www.aliadospuebla.com\/","name":"AliadosPuebla","description":"La informaci\u00f3n en tus manos","potentialAction":[{"@type":"SearchAction","target":{"@type":"EntryPoint","urlTemplate":"https:\/\/www.aliadospuebla.com\/?s={search_term_string}"},"query-input":{"@type":"PropertyValueSpecification","valueRequired":true,"valueName":"search_term_string"}}],"inLanguage":"es"},{"@type":"Person","@id":"https:\/\/www.aliadospuebla.com\/#\/schema\/person\/5da7dd09320bd4f392b710017ed5f8ad","name":"Aliados17","image":{"@type":"ImageObject","inLanguage":"es","@id":"https:\/\/www.aliadospuebla.com\/web2017\/wp-content\/uploads\/2025\/03\/cropped-para-perfil-8-anos-1-96x96.jpg","url":"https:\/\/www.aliadospuebla.com\/web2017\/wp-content\/uploads\/2025\/03\/cropped-para-perfil-8-anos-1-96x96.jpg","contentUrl":"https:\/\/www.aliadospuebla.com\/web2017\/wp-content\/uploads\/2025\/03\/cropped-para-perfil-8-anos-1-96x96.jpg","caption":"Aliados17"},"sameAs":["https:\/\/www.aliados17.com","https:\/\/www.facebook.com\/Aliados17Pue","https:\/\/x.com\/AliadosPuebla"],"url":"https:\/\/www.aliadospuebla.com\/?author=2"}]}},"views":11,"_links":{"self":[{"href":"https:\/\/www.aliadospuebla.com\/index.php?rest_route=\/wp\/v2\/posts\/58856","targetHints":{"allow":["GET"]}}],"collection":[{"href":"https:\/\/www.aliadospuebla.com\/index.php?rest_route=\/wp\/v2\/posts"}],"about":[{"href":"https:\/\/www.aliadospuebla.com\/index.php?rest_route=\/wp\/v2\/types\/post"}],"author":[{"embeddable":true,"href":"https:\/\/www.aliadospuebla.com\/index.php?rest_route=\/wp\/v2\/users\/2"}],"replies":[{"embeddable":true,"href":"https:\/\/www.aliadospuebla.com\/index.php?rest_route=%2Fwp%2Fv2%2Fcomments&post=58856"}],"version-history":[{"count":1,"href":"https:\/\/www.aliadospuebla.com\/index.php?rest_route=\/wp\/v2\/posts\/58856\/revisions"}],"predecessor-version":[{"id":58858,"href":"https:\/\/www.aliadospuebla.com\/index.php?rest_route=\/wp\/v2\/posts\/58856\/revisions\/58858"}],"wp:featuredmedia":[{"embeddable":true,"href":"https:\/\/www.aliadospuebla.com\/index.php?rest_route=\/wp\/v2\/media\/58857"}],"wp:attachment":[{"href":"https:\/\/www.aliadospuebla.com\/index.php?rest_route=%2Fwp%2Fv2%2Fmedia&parent=58856"}],"wp:term":[{"taxonomy":"category","embeddable":true,"href":"https:\/\/www.aliadospuebla.com\/index.php?rest_route=%2Fwp%2Fv2%2Fcategories&post=58856"},{"taxonomy":"post_tag","embeddable":true,"href":"https:\/\/www.aliadospuebla.com\/index.php?rest_route=%2Fwp%2Fv2%2Ftags&post=58856"}],"curies":[{"name":"wp","href":"https:\/\/api.w.org\/{rel}","templated":true}]}}