{"id":58787,"date":"2021-06-30T07:32:20","date_gmt":"2021-06-30T12:32:20","guid":{"rendered":"https:\/\/www.aliados17.com\/?p=58787"},"modified":"2021-06-30T07:42:54","modified_gmt":"2021-06-30T12:42:54","slug":"monica-silva-sube-a-la-sucesion","status":"publish","type":"post","link":"https:\/\/www.aliadospuebla.com\/?p=58787","title":{"rendered":"M\u00f3nica Silva sube a la sucesi\u00f3n"},"content":{"rendered":"<p>La diputada electa por el distrito 18 de <strong>Amozoc<\/strong>, <strong>M\u00f3nica Silva Ruiz<\/strong> es la gran sorpresa en la elecci\u00f3n de este a\u00f1o.<br \/>\nSu triunfo por m\u00e1s de 15 mil votos representando al <strong>Partido del Trabajo<\/strong>, la coloca en el m\u00e1s alto nivel de competencia para lo que viene en el a\u00f1o 2024.<br \/>\nCon el impacto de los n\u00fameros y su primera incursi\u00f3n en una elecci\u00f3n constitucional, el resultado la coloca entre las m\u00e1s competitivas del Estado.<br \/>\nDe Buena Fuente public\u00f3 recientemente que por el Senado de la Rep\u00fablica van: <strong>Nancy de la Sierra<\/strong> por una reelecci\u00f3n;<strong> Lizeth S\u00e1nchez Garc\u00eda<\/strong>, secretaria de Bienestar del gobierno estatal y Ariadna Ayala Camarillo, alcaldesa electa de Atlixco.<br \/>\nPues ellas tres ya tienen competidora, en el entendido que M\u00f3nica Silva gan\u00f3 por la coalici\u00f3n con <strong>MORENA<\/strong>, pero su postulaci\u00f3n fue por el PT.<br \/>\nFalta mucho para el a\u00f1o pol\u00edtico del 2024, pero en verdad no falta nada.<br \/>\nEl 2024, camina a pasos acelerados.<br \/>\nY hay una nueva jugadora, para lo que venga.<br \/>\nPunto.<br \/>\nHe dicho y he escrito.<br \/>\n\u2026<\/p>\n<p>Claudia le ganar\u00e1 a Barbosa<br \/>\nUn d\u00eda s\u00ed y otro tambi\u00e9n el gobernador <strong>Luis Miguel Barbosa<\/strong> le pega y le pega a la presidenta municipal de Puebla, <strong>Claudia Rivera Vivanco<\/strong>.<br \/>\nFiltraci\u00f3n de documentos, manipulaci\u00f3n de la informaci\u00f3n, sesgo medi\u00e1tico, \u201cnado sincronizado\u201d contra sus colaboradores y amigos, descalificaci\u00f3n de todas las acciones, golpeteo en ruedas de prensa, cr\u00edticas, amenazas, amagos judiciales, denuncias maquilladas\u2026. Uff.<br \/>\nNoooo buuueno.<br \/>\nNunca en la historia, el aparato del gobierno del Estado se ha usado en contra de una presidenta municipal.<br \/>\nEl caso es que Claudia, es la obsesi\u00f3n del gobernador.<br \/>\nEst\u00e1 bien; as\u00ed es la pol\u00edtica, pero el marcado final va a terminar a favor de la alcaldesa.<br \/>\nSi algo sabe pagar bien el Presidente L\u00f3pez Obrador, es la lealtad a su proyecto de quienes estuvieron con \u00e9l, cuando nadie cre\u00eda en \u00e9l.<br \/>\nPunto.<br \/>\nHe dicho y he escrito.<br \/>\n\u2026<\/p>\n<p>Ni Obama<br \/>\nLa Fundaci\u00f3n Mary Street Jenkins recuper\u00f3 la administraci\u00f3n de la <strong>Universidad de la Am\u00e9ricas Puebla<\/strong>, pero la Fundaci\u00f3n Mary Street Jenkins mantiene la administraci\u00f3n de la Universidad de las Am\u00e9ricas. O sea, que es lo mismo, pero todo revuelto. Traen un pleitazo entre particulares, en los que ya intervino el gobierno del Estado con su brazo armado. Pero eso ya lo resolver\u00e1 \u201cla justicia\u201d. Se trata de un conflicto familiar. Bien dicen que a los amigos se les escoge, a la familia no. Vaya dicho que no lo aplica, ni Obama.<br \/>\n\u2026<\/p>\n<p>El Verdugo<br \/>\nQue si se robaron m\u00e1s de 5 mil piezas de los museos poblanos, no es noticia. Nadie le cree al gobierno, pudieron ser m\u00e1s o menos. El pretexto es el robo, el negocio es la colocaci\u00f3n del microchip a cada pieza. El Verdugo dice: \u00bfNegocio? \u00a1Negociazo! estilo Moreno Valle.<\/p>\n<p>De Buena Fuente no es la mejor columna pol\u00edtica, pero tiene a los mejores lectores.<br \/>\ncmaciaspalma@yahoo.com.mx<br \/>\ncmaciaspalma0105@gmail.com<br \/>\n@cmaciaspalma<br \/>\nFB: Carlos Mac\u00edas Palma<br \/>\nLunes: 10 horas FactorRadio.<br \/>\nLunes: 21 horas #Elecciones2021 TV (paralelo19.mx)<br \/>\nMi\u00e9rcoles: 17 horas en Carlos Mac\u00edas-Radio (radioenredes.com)<br \/>\nViernes: 10:30 horas en Entre amigos (FB: RevistaUnicaporCincoMujeres)<\/p>\n","protected":false},"excerpt":{"rendered":"<p>La diputada electa por el distrito 18 de Amozoc, M\u00f3nica Silva Ruiz es la gran sorpresa en la elecci\u00f3n de este a\u00f1o. Su triunfo por m\u00e1s de 15 mil votos representando al Partido del Trabajo, la coloca en el m\u00e1s alto nivel de competencia para lo que viene en el a\u00f1o 2024. Con el impacto de los n\u00fameros y su primera incursi\u00f3n en una elecci\u00f3n constitucional, el resultado la coloca entre las m\u00e1s competitivas del Estado. De Buena Fuente public\u00f3 recientemente que por el Senado de la Rep\u00fablica van: Nancy de la Sierra por una reelecci\u00f3n; Lizeth S\u00e1nchez Garc\u00eda, secretaria de Bienestar del gobierno estatal y Ariadna Ayala Camarillo, alcaldesa electa de Atlixco. Pues ellas tres ya tienen competidora, en el entendido que M\u00f3nica Silva&hellip;<\/p>\n<p class=\"excerpt-more\"><a class=\"blog-excerpt button\" href=\"https:\/\/www.aliadospuebla.com\/?p=58787\">Leer m\u00e1s&#8230;<\/a><\/p>\n","protected":false},"author":2,"featured_media":58788,"comment_status":"open","ping_status":"open","sticky":false,"template":"","format":"standard","meta":{"_monsterinsights_skip_tracking":false,"footnotes":""},"categories":[9],"tags":[14839,1667,5362,16022,10488,16038,6101,666,3700,5285,63],"class_list":["post-58787","post","type-post","status-publish","format-standard","has-post-thumbnail","hentry","category-columnas","tag-14839","tag-amozoc","tag-claudia-rivera-vivanco","tag-diputada-electa","tag-lizeth-sanchez-garcia","tag-mary-street-jenkins","tag-monica-silva","tag-morena","tag-nancy-de-la-sierra","tag-pt-puebla","tag-udlap"],"yoast_head":"<!-- This site is optimized with the Yoast SEO plugin v28.4 - https:\/\/yoast.com\/product\/yoast-seo-wordpress\/ -->\n<title>M\u00f3nica Silva sube a la sucesi\u00f3n - AliadosPuebla<\/title>\n<meta name=\"robots\" content=\"index, follow, max-snippet:-1, max-image-preview:large, max-video-preview:-1\" \/>\n<link rel=\"canonical\" href=\"https:\/\/www.aliadospuebla.com\/?p=58787\" \/>\n<meta property=\"og:locale\" content=\"es_ES\" \/>\n<meta property=\"og:type\" content=\"article\" \/>\n<meta property=\"og:title\" content=\"M\u00f3nica Silva sube a la sucesi\u00f3n - AliadosPuebla\" \/>\n<meta property=\"og:description\" content=\"La diputada electa por el distrito 18 de Amozoc, M\u00f3nica Silva Ruiz es la gran sorpresa en la elecci\u00f3n de este a\u00f1o. Su triunfo por m\u00e1s de 15 mil votos representando al Partido del Trabajo, la coloca en el m\u00e1s alto nivel de competencia para lo que viene en el a\u00f1o 2024. Con el impacto de los n\u00fameros y su primera incursi\u00f3n en una elecci\u00f3n constitucional, el resultado la coloca entre las m\u00e1s competitivas del Estado. De Buena Fuente public\u00f3 recientemente que por el Senado de la Rep\u00fablica van: Nancy de la Sierra por una reelecci\u00f3n; Lizeth S\u00e1nchez Garc\u00eda, secretaria de Bienestar del gobierno estatal y Ariadna Ayala Camarillo, alcaldesa electa de Atlixco. Pues ellas tres ya tienen competidora, en el entendido que M\u00f3nica Silva&hellip;Leer m\u00e1s...\" \/>\n<meta property=\"og:url\" content=\"https:\/\/www.aliadospuebla.com\/?p=58787\" \/>\n<meta property=\"og:site_name\" content=\"AliadosPuebla\" \/>\n<meta property=\"article:author\" content=\"https:\/\/www.facebook.com\/Aliados17Pue\" \/>\n<meta property=\"article:published_time\" content=\"2021-06-30T12:32:20+00:00\" \/>\n<meta property=\"article:modified_time\" content=\"2021-06-30T12:42:54+00:00\" \/>\n<meta property=\"og:image\" content=\"https:\/\/www.aliadospuebla.com\/web2017\/wp-content\/uploads\/2021\/06\/053-Monica-Silva.jpg\" \/>\n\t<meta property=\"og:image:width\" content=\"600\" \/>\n\t<meta property=\"og:image:height\" content=\"450\" \/>\n\t<meta property=\"og:image:type\" content=\"image\/jpeg\" \/>\n<meta name=\"author\" content=\"Aliados17\" \/>\n<meta name=\"twitter:card\" content=\"summary_large_image\" \/>\n<meta name=\"twitter:creator\" content=\"@AliadosPuebla\" \/>\n<meta name=\"twitter:label1\" content=\"Escrito por\" \/>\n\t<meta name=\"twitter:data1\" content=\"Aliados17\" \/>\n\t<meta name=\"twitter:label2\" content=\"Tiempo de lectura\" \/>\n\t<meta name=\"twitter:data2\" content=\"3 minutos\" \/>\n<script type=\"application\/ld+json\" class=\"yoast-schema-graph\">{\"@context\":\"https:\\\/\\\/schema.org\",\"@graph\":[{\"@type\":\"Article\",\"@id\":\"https:\\\/\\\/www.aliadospuebla.com\\\/?p=58787#article\",\"isPartOf\":{\"@id\":\"https:\\\/\\\/www.aliadospuebla.com\\\/?p=58787\"},\"author\":{\"name\":\"Aliados17\",\"@id\":\"https:\\\/\\\/www.aliadospuebla.com\\\/#\\\/schema\\\/person\\\/5da7dd09320bd4f392b710017ed5f8ad\"},\"headline\":\"M\u00f3nica Silva sube a la sucesi\u00f3n\",\"datePublished\":\"2021-06-30T12:32:20+00:00\",\"dateModified\":\"2021-06-30T12:42:54+00:00\",\"mainEntityOfPage\":{\"@id\":\"https:\\\/\\\/www.aliadospuebla.com\\\/?p=58787\"},\"wordCount\":556,\"commentCount\":0,\"image\":{\"@id\":\"https:\\\/\\\/www.aliadospuebla.com\\\/?p=58787#primaryimage\"},\"thumbnailUrl\":\"https:\\\/\\\/www.aliadospuebla.com\\\/web2017\\\/wp-content\\\/uploads\\\/2021\\\/06\\\/053-Monica-Silva.jpg\",\"keywords\":[\"2024\",\"AMOZOC\",\"CLAUDIA RIVERA VIVANCO\",\"diputada electa\",\"LIZETH SANCHEZ GARCIA\",\"Mary Street Jenkins\",\"M\u00d3NICA SILVA\",\"MORENA\",\"NANCY DE LA SIERRA\",\"PT PUEBLA\",\"Udlap\"],\"articleSection\":[\"Columnas\"],\"inLanguage\":\"es\",\"potentialAction\":[{\"@type\":\"CommentAction\",\"name\":\"Comment\",\"target\":[\"https:\\\/\\\/www.aliadospuebla.com\\\/?p=58787#respond\"]}]},{\"@type\":\"WebPage\",\"@id\":\"https:\\\/\\\/www.aliadospuebla.com\\\/?p=58787\",\"url\":\"https:\\\/\\\/www.aliadospuebla.com\\\/?p=58787\",\"name\":\"M\u00f3nica Silva sube a la sucesi\u00f3n - AliadosPuebla\",\"isPartOf\":{\"@id\":\"https:\\\/\\\/www.aliadospuebla.com\\\/#website\"},\"primaryImageOfPage\":{\"@id\":\"https:\\\/\\\/www.aliadospuebla.com\\\/?p=58787#primaryimage\"},\"image\":{\"@id\":\"https:\\\/\\\/www.aliadospuebla.com\\\/?p=58787#primaryimage\"},\"thumbnailUrl\":\"https:\\\/\\\/www.aliadospuebla.com\\\/web2017\\\/wp-content\\\/uploads\\\/2021\\\/06\\\/053-Monica-Silva.jpg\",\"datePublished\":\"2021-06-30T12:32:20+00:00\",\"dateModified\":\"2021-06-30T12:42:54+00:00\",\"author\":{\"@id\":\"https:\\\/\\\/www.aliadospuebla.com\\\/#\\\/schema\\\/person\\\/5da7dd09320bd4f392b710017ed5f8ad\"},\"breadcrumb\":{\"@id\":\"https:\\\/\\\/www.aliadospuebla.com\\\/?p=58787#breadcrumb\"},\"inLanguage\":\"es\",\"potentialAction\":[{\"@type\":\"ReadAction\",\"target\":[\"https:\\\/\\\/www.aliadospuebla.com\\\/?p=58787\"]}]},{\"@type\":\"ImageObject\",\"inLanguage\":\"es\",\"@id\":\"https:\\\/\\\/www.aliadospuebla.com\\\/?p=58787#primaryimage\",\"url\":\"https:\\\/\\\/www.aliadospuebla.com\\\/web2017\\\/wp-content\\\/uploads\\\/2021\\\/06\\\/053-Monica-Silva.jpg\",\"contentUrl\":\"https:\\\/\\\/www.aliadospuebla.com\\\/web2017\\\/wp-content\\\/uploads\\\/2021\\\/06\\\/053-Monica-Silva.jpg\",\"width\":600,\"height\":450},{\"@type\":\"BreadcrumbList\",\"@id\":\"https:\\\/\\\/www.aliadospuebla.com\\\/?p=58787#breadcrumb\",\"itemListElement\":[{\"@type\":\"ListItem\",\"position\":1,\"name\":\"Portada\",\"item\":\"https:\\\/\\\/www.aliadospuebla.com\\\/\"},{\"@type\":\"ListItem\",\"position\":2,\"name\":\"M\u00f3nica Silva sube a la sucesi\u00f3n\"}]},{\"@type\":\"WebSite\",\"@id\":\"https:\\\/\\\/www.aliadospuebla.com\\\/#website\",\"url\":\"https:\\\/\\\/www.aliadospuebla.com\\\/\",\"name\":\"AliadosPuebla\",\"description\":\"La informaci\u00f3n en tus manos\",\"potentialAction\":[{\"@type\":\"SearchAction\",\"target\":{\"@type\":\"EntryPoint\",\"urlTemplate\":\"https:\\\/\\\/www.aliadospuebla.com\\\/?s={search_term_string}\"},\"query-input\":{\"@type\":\"PropertyValueSpecification\",\"valueRequired\":true,\"valueName\":\"search_term_string\"}}],\"inLanguage\":\"es\"},{\"@type\":\"Person\",\"@id\":\"https:\\\/\\\/www.aliadospuebla.com\\\/#\\\/schema\\\/person\\\/5da7dd09320bd4f392b710017ed5f8ad\",\"name\":\"Aliados17\",\"image\":{\"@type\":\"ImageObject\",\"inLanguage\":\"es\",\"@id\":\"https:\\\/\\\/www.aliadospuebla.com\\\/web2017\\\/wp-content\\\/uploads\\\/2025\\\/03\\\/cropped-para-perfil-8-anos-1-96x96.jpg\",\"url\":\"https:\\\/\\\/www.aliadospuebla.com\\\/web2017\\\/wp-content\\\/uploads\\\/2025\\\/03\\\/cropped-para-perfil-8-anos-1-96x96.jpg\",\"contentUrl\":\"https:\\\/\\\/www.aliadospuebla.com\\\/web2017\\\/wp-content\\\/uploads\\\/2025\\\/03\\\/cropped-para-perfil-8-anos-1-96x96.jpg\",\"caption\":\"Aliados17\"},\"sameAs\":[\"https:\\\/\\\/www.aliados17.com\",\"https:\\\/\\\/www.facebook.com\\\/Aliados17Pue\",\"https:\\\/\\\/x.com\\\/AliadosPuebla\"],\"url\":\"https:\\\/\\\/www.aliadospuebla.com\\\/?author=2\"}]}<\/script>\n<!-- \/ Yoast SEO plugin. -->","yoast_head_json":{"title":"M\u00f3nica Silva sube a la sucesi\u00f3n - AliadosPuebla","robots":{"index":"index","follow":"follow","max-snippet":"max-snippet:-1","max-image-preview":"max-image-preview:large","max-video-preview":"max-video-preview:-1"},"canonical":"https:\/\/www.aliadospuebla.com\/?p=58787","og_locale":"es_ES","og_type":"article","og_title":"M\u00f3nica Silva sube a la sucesi\u00f3n - AliadosPuebla","og_description":"La diputada electa por el distrito 18 de Amozoc, M\u00f3nica Silva Ruiz es la gran sorpresa en la elecci\u00f3n de este a\u00f1o. Su triunfo por m\u00e1s de 15 mil votos representando al Partido del Trabajo, la coloca en el m\u00e1s alto nivel de competencia para lo que viene en el a\u00f1o 2024. Con el impacto de los n\u00fameros y su primera incursi\u00f3n en una elecci\u00f3n constitucional, el resultado la coloca entre las m\u00e1s competitivas del Estado. De Buena Fuente public\u00f3 recientemente que por el Senado de la Rep\u00fablica van: Nancy de la Sierra por una reelecci\u00f3n; Lizeth S\u00e1nchez Garc\u00eda, secretaria de Bienestar del gobierno estatal y Ariadna Ayala Camarillo, alcaldesa electa de Atlixco. Pues ellas tres ya tienen competidora, en el entendido que M\u00f3nica Silva&hellip;Leer m\u00e1s...","og_url":"https:\/\/www.aliadospuebla.com\/?p=58787","og_site_name":"AliadosPuebla","article_author":"https:\/\/www.facebook.com\/Aliados17Pue","article_published_time":"2021-06-30T12:32:20+00:00","article_modified_time":"2021-06-30T12:42:54+00:00","og_image":[{"width":600,"height":450,"url":"https:\/\/www.aliadospuebla.com\/web2017\/wp-content\/uploads\/2021\/06\/053-Monica-Silva.jpg","type":"image\/jpeg"}],"author":"Aliados17","twitter_card":"summary_large_image","twitter_creator":"@AliadosPuebla","twitter_misc":{"Escrito por":"Aliados17","Tiempo de lectura":"3 minutos"},"schema":{"@context":"https:\/\/schema.org","@graph":[{"@type":"Article","@id":"https:\/\/www.aliadospuebla.com\/?p=58787#article","isPartOf":{"@id":"https:\/\/www.aliadospuebla.com\/?p=58787"},"author":{"name":"Aliados17","@id":"https:\/\/www.aliadospuebla.com\/#\/schema\/person\/5da7dd09320bd4f392b710017ed5f8ad"},"headline":"M\u00f3nica Silva sube a la sucesi\u00f3n","datePublished":"2021-06-30T12:32:20+00:00","dateModified":"2021-06-30T12:42:54+00:00","mainEntityOfPage":{"@id":"https:\/\/www.aliadospuebla.com\/?p=58787"},"wordCount":556,"commentCount":0,"image":{"@id":"https:\/\/www.aliadospuebla.com\/?p=58787#primaryimage"},"thumbnailUrl":"https:\/\/www.aliadospuebla.com\/web2017\/wp-content\/uploads\/2021\/06\/053-Monica-Silva.jpg","keywords":["2024","AMOZOC","CLAUDIA RIVERA VIVANCO","diputada electa","LIZETH SANCHEZ GARCIA","Mary Street Jenkins","M\u00d3NICA SILVA","MORENA","NANCY DE LA SIERRA","PT PUEBLA","Udlap"],"articleSection":["Columnas"],"inLanguage":"es","potentialAction":[{"@type":"CommentAction","name":"Comment","target":["https:\/\/www.aliadospuebla.com\/?p=58787#respond"]}]},{"@type":"WebPage","@id":"https:\/\/www.aliadospuebla.com\/?p=58787","url":"https:\/\/www.aliadospuebla.com\/?p=58787","name":"M\u00f3nica Silva sube a la sucesi\u00f3n - AliadosPuebla","isPartOf":{"@id":"https:\/\/www.aliadospuebla.com\/#website"},"primaryImageOfPage":{"@id":"https:\/\/www.aliadospuebla.com\/?p=58787#primaryimage"},"image":{"@id":"https:\/\/www.aliadospuebla.com\/?p=58787#primaryimage"},"thumbnailUrl":"https:\/\/www.aliadospuebla.com\/web2017\/wp-content\/uploads\/2021\/06\/053-Monica-Silva.jpg","datePublished":"2021-06-30T12:32:20+00:00","dateModified":"2021-06-30T12:42:54+00:00","author":{"@id":"https:\/\/www.aliadospuebla.com\/#\/schema\/person\/5da7dd09320bd4f392b710017ed5f8ad"},"breadcrumb":{"@id":"https:\/\/www.aliadospuebla.com\/?p=58787#breadcrumb"},"inLanguage":"es","potentialAction":[{"@type":"ReadAction","target":["https:\/\/www.aliadospuebla.com\/?p=58787"]}]},{"@type":"ImageObject","inLanguage":"es","@id":"https:\/\/www.aliadospuebla.com\/?p=58787#primaryimage","url":"https:\/\/www.aliadospuebla.com\/web2017\/wp-content\/uploads\/2021\/06\/053-Monica-Silva.jpg","contentUrl":"https:\/\/www.aliadospuebla.com\/web2017\/wp-content\/uploads\/2021\/06\/053-Monica-Silva.jpg","width":600,"height":450},{"@type":"BreadcrumbList","@id":"https:\/\/www.aliadospuebla.com\/?p=58787#breadcrumb","itemListElement":[{"@type":"ListItem","position":1,"name":"Portada","item":"https:\/\/www.aliadospuebla.com\/"},{"@type":"ListItem","position":2,"name":"M\u00f3nica Silva sube a la sucesi\u00f3n"}]},{"@type":"WebSite","@id":"https:\/\/www.aliadospuebla.com\/#website","url":"https:\/\/www.aliadospuebla.com\/","name":"AliadosPuebla","description":"La informaci\u00f3n en tus manos","potentialAction":[{"@type":"SearchAction","target":{"@type":"EntryPoint","urlTemplate":"https:\/\/www.aliadospuebla.com\/?s={search_term_string}"},"query-input":{"@type":"PropertyValueSpecification","valueRequired":true,"valueName":"search_term_string"}}],"inLanguage":"es"},{"@type":"Person","@id":"https:\/\/www.aliadospuebla.com\/#\/schema\/person\/5da7dd09320bd4f392b710017ed5f8ad","name":"Aliados17","image":{"@type":"ImageObject","inLanguage":"es","@id":"https:\/\/www.aliadospuebla.com\/web2017\/wp-content\/uploads\/2025\/03\/cropped-para-perfil-8-anos-1-96x96.jpg","url":"https:\/\/www.aliadospuebla.com\/web2017\/wp-content\/uploads\/2025\/03\/cropped-para-perfil-8-anos-1-96x96.jpg","contentUrl":"https:\/\/www.aliadospuebla.com\/web2017\/wp-content\/uploads\/2025\/03\/cropped-para-perfil-8-anos-1-96x96.jpg","caption":"Aliados17"},"sameAs":["https:\/\/www.aliados17.com","https:\/\/www.facebook.com\/Aliados17Pue","https:\/\/x.com\/AliadosPuebla"],"url":"https:\/\/www.aliadospuebla.com\/?author=2"}]}},"views":60,"_links":{"self":[{"href":"https:\/\/www.aliadospuebla.com\/index.php?rest_route=\/wp\/v2\/posts\/58787","targetHints":{"allow":["GET"]}}],"collection":[{"href":"https:\/\/www.aliadospuebla.com\/index.php?rest_route=\/wp\/v2\/posts"}],"about":[{"href":"https:\/\/www.aliadospuebla.com\/index.php?rest_route=\/wp\/v2\/types\/post"}],"author":[{"embeddable":true,"href":"https:\/\/www.aliadospuebla.com\/index.php?rest_route=\/wp\/v2\/users\/2"}],"replies":[{"embeddable":true,"href":"https:\/\/www.aliadospuebla.com\/index.php?rest_route=%2Fwp%2Fv2%2Fcomments&post=58787"}],"version-history":[{"count":3,"href":"https:\/\/www.aliadospuebla.com\/index.php?rest_route=\/wp\/v2\/posts\/58787\/revisions"}],"predecessor-version":[{"id":58791,"href":"https:\/\/www.aliadospuebla.com\/index.php?rest_route=\/wp\/v2\/posts\/58787\/revisions\/58791"}],"wp:featuredmedia":[{"embeddable":true,"href":"https:\/\/www.aliadospuebla.com\/index.php?rest_route=\/wp\/v2\/media\/58788"}],"wp:attachment":[{"href":"https:\/\/www.aliadospuebla.com\/index.php?rest_route=%2Fwp%2Fv2%2Fmedia&parent=58787"}],"wp:term":[{"taxonomy":"category","embeddable":true,"href":"https:\/\/www.aliadospuebla.com\/index.php?rest_route=%2Fwp%2Fv2%2Fcategories&post=58787"},{"taxonomy":"post_tag","embeddable":true,"href":"https:\/\/www.aliadospuebla.com\/index.php?rest_route=%2Fwp%2Fv2%2Ftags&post=58787"}],"curies":[{"name":"wp","href":"https:\/\/api.w.org\/{rel}","templated":true}]}}