{"id":58520,"date":"2021-06-22T15:44:54","date_gmt":"2021-06-22T20:44:54","guid":{"rendered":"https:\/\/www.aliados17.com\/?p=58520"},"modified":"2021-06-22T15:44:54","modified_gmt":"2021-06-22T20:44:54","slug":"encabeza-eduardo-rivera-perez-conformacion-de-la-comision-permanente-por-puebla","status":"publish","type":"post","link":"https:\/\/www.aliadospuebla.com\/?p=58520","title":{"rendered":"ENCABEZA EDUARDO RIVERA P\u00c9REZ CONFORMACI\u00d3N DE LA COMISI\u00d3N PERMANENTE POR PUEBLA"},"content":{"rendered":"<p>Eduardo Rivera P\u00e9rez, Presidente Municipal Electo, encabez\u00f3 la conformaci\u00f3n de la Comisi\u00f3n Permanente por Puebla, que agrupa a representantes de diversos sectores de la sociedad para trabajar de manera conjunta con el fin de corregir el rumbo de la capital poblana.<\/p>\n<p>En un hecho hist\u00f3rico, empresarios, acad\u00e9micos, l\u00edderes sindicales y representantes de la sociedad civil acordaron sumarse a este espacio de di\u00e1logo y construcci\u00f3n de alternativas para formular una estrategia coordinada en favor del municipio.<\/p>\n<p>\u201cEst\u00e1 clara la voluntad, est\u00e1 claro el rumbo de lo que nos convoca; lo que queremos es corregir el rumbo\u201d expres\u00f3 Rivera P\u00e9rez, al tiempo de solicitarles la participaci\u00f3n de los mejores perfiles para el intercambio de ideas en las mesas de di\u00e1logo.<\/p>\n<p>Al detallar su Plan de Ciudad, destac\u00f3 los rubros de seguridad y reactivaci\u00f3n econ\u00f3mica como los primeros temas que se abordar\u00e1n en las mesas tem\u00e1ticas donde estar\u00e1n incluidos, de manera rotativa, representantes de diversos sectores sociales.<\/p>\n<p>\u201cCada uno de los sectores representados en esta mesa tenemos una gran responsabilidad, funcionamos como un engrane necesario para lograr de la capital un referente\u201d, enfatiz\u00f3 Jos\u00e9 Ignacio Alarc\u00f3n, Presidente del CCE.<\/p>\n<p>Por su parte, Leobardo Soto, l\u00edder de la CTM, resalt\u00f3 la capacidad para trabajar de forma conjunta: \u201ceso nos da una gran fortaleza; en Puebla estamos sembrando una semilla muy importante\u201d, se\u00f1al\u00f3.<\/p>\n<p>En este sentido, el Rector de la Universidad An\u00e1huac, Jos\u00e9 Mata Temoltzin, tambi\u00e9n reconoci\u00f3 la unidad de los distintos actores sociales: \u201cel hecho de que estemos aqu\u00ed, en esta mesa, debe hacernos reflexionar sobre lo hist\u00f3rico del momento\u201d, sentenci\u00f3.<\/p>\n<p>A la instalaci\u00f3n de la Comisi\u00f3n Permanente por Puebla tambi\u00e9n acudieron Emilio Jos\u00e9 Ba\u00f1os Ardav\u00edn, Rector de la UPAEP; Ygnacio Mart\u00ednez Laguna, Vicerrector de Investigaci\u00f3n y Estudios de Posgrado de la BUAP; Donaciano Alvarado Hern\u00e1ndez, Vicerrector de Desarrollo Institucional de la UMAD; Jorge Francisco Rocha Orozco, Director General del ITESM campus Puebla; as\u00ed como No\u00e9 Agust\u00edn Castillo Alarc\u00f3n, de Asistencia a la Rector\u00eda de la UIA Puebla.<\/p>\n<p>Por el sector empresarial, estuvieron presentes Fernando Trevi\u00f1o N\u00fa\u00f1ez, Presidente de Coparmex; Olga M\u00e9ndez Ju\u00e1rez, Presidenta de CANIRAC; Luis Espinosa Rueda, Presidente de CANACINTRA; H\u00e9ctor S\u00e1nchez Morales, Presidente de la CMIC; Antonio Prosperi Calder\u00f3n, Presidente de CANACO; Mauricio Garc\u00eda Acevedo, Presidente de E100; y Antonio Yitani Maccise, Presidente del Club de Empresarios.<\/p>\n<p>En representaci\u00f3n de los sindicatos, tambi\u00e9n participaron Ren\u00e9 S\u00e1nchez Ju\u00e1rez, l\u00edder de la FROC; y Alejandro Contreras Dur\u00e1n, l\u00edder de la CROM; mientras que Marisa Cristina Farf\u00e1n Delgadillo, Presidenta de los Consejos de Participaci\u00f3n Ciudadana del Municipio de Puebla, acudi\u00f3 como representaci\u00f3n de la sociedad civil.<\/p>\n","protected":false},"excerpt":{"rendered":"<p>Eduardo Rivera P\u00e9rez, Presidente Municipal Electo, encabez\u00f3 la conformaci\u00f3n de la Comisi\u00f3n Permanente por Puebla, que agrupa a representantes de diversos sectores de la sociedad para trabajar de manera conjunta con el fin de corregir el rumbo de la capital poblana. En un hecho hist\u00f3rico, empresarios, acad\u00e9micos, l\u00edderes sindicales y representantes de la sociedad civil acordaron sumarse a este espacio de di\u00e1logo y construcci\u00f3n de alternativas para formular una estrategia coordinada en favor del municipio. \u201cEst\u00e1 clara la voluntad, est\u00e1 claro el rumbo de lo que nos convoca; lo que queremos es corregir el rumbo\u201d expres\u00f3 Rivera P\u00e9rez, al tiempo de solicitarles la participaci\u00f3n de los mejores perfiles para el intercambio de ideas en las mesas de di\u00e1logo. Al detallar su Plan de Ciudad, destac\u00f3&hellip;<\/p>\n<p class=\"excerpt-more\"><a class=\"blog-excerpt button\" href=\"https:\/\/www.aliadospuebla.com\/?p=58520\">Leer m\u00e1s&#8230;<\/a><\/p>\n","protected":false},"author":3,"featured_media":58521,"comment_status":"open","ping_status":"open","sticky":false,"template":"","format":"standard","meta":{"_monsterinsights_skip_tracking":false,"footnotes":""},"categories":[6],"tags":[171,6398,1318,985,56,1319,15993,4527,7541,8290,295,77,72,42],"class_list":["post-58520","post","type-post","status-publish","format-standard","has-post-thumbnail","hentry","category-politica","tag-ayuntamiento","tag-canacitra","tag-canaco","tag-canirac","tag-capital","tag-cmic","tag-crom","tag-eduardo-rivera-perez","tag-froc","tag-itesm","tag-leobardo-soto","tag-municipios","tag-puebla","tag-umad"],"yoast_head":"<!-- This site is optimized with the Yoast SEO plugin v28.4 - https:\/\/yoast.com\/product\/yoast-seo-wordpress\/ -->\n<title>ENCABEZA EDUARDO RIVERA P\u00c9REZ CONFORMACI\u00d3N DE LA COMISI\u00d3N PERMANENTE POR PUEBLA - AliadosPuebla<\/title>\n<meta name=\"robots\" content=\"index, follow, max-snippet:-1, max-image-preview:large, max-video-preview:-1\" \/>\n<link rel=\"canonical\" href=\"https:\/\/www.aliadospuebla.com\/?p=58520\" \/>\n<meta property=\"og:locale\" content=\"es_ES\" \/>\n<meta property=\"og:type\" content=\"article\" \/>\n<meta property=\"og:title\" content=\"ENCABEZA EDUARDO RIVERA P\u00c9REZ CONFORMACI\u00d3N DE LA COMISI\u00d3N PERMANENTE POR PUEBLA - AliadosPuebla\" \/>\n<meta property=\"og:description\" content=\"Eduardo Rivera P\u00e9rez, Presidente Municipal Electo, encabez\u00f3 la conformaci\u00f3n de la Comisi\u00f3n Permanente por Puebla, que agrupa a representantes de diversos sectores de la sociedad para trabajar de manera conjunta con el fin de corregir el rumbo de la capital poblana. En un hecho hist\u00f3rico, empresarios, acad\u00e9micos, l\u00edderes sindicales y representantes de la sociedad civil acordaron sumarse a este espacio de di\u00e1logo y construcci\u00f3n de alternativas para formular una estrategia coordinada en favor del municipio. \u201cEst\u00e1 clara la voluntad, est\u00e1 claro el rumbo de lo que nos convoca; lo que queremos es corregir el rumbo\u201d expres\u00f3 Rivera P\u00e9rez, al tiempo de solicitarles la participaci\u00f3n de los mejores perfiles para el intercambio de ideas en las mesas de di\u00e1logo. Al detallar su Plan de Ciudad, destac\u00f3&hellip;Leer m\u00e1s...\" \/>\n<meta property=\"og:url\" content=\"https:\/\/www.aliadospuebla.com\/?p=58520\" \/>\n<meta property=\"og:site_name\" content=\"AliadosPuebla\" \/>\n<meta property=\"article:published_time\" content=\"2021-06-22T20:44:54+00:00\" \/>\n<meta property=\"og:image\" content=\"https:\/\/www.aliadospuebla.com\/web2017\/wp-content\/uploads\/2021\/06\/LALO-RIVERA.jpg\" \/>\n\t<meta property=\"og:image:width\" content=\"600\" \/>\n\t<meta property=\"og:image:height\" content=\"450\" \/>\n\t<meta property=\"og:image:type\" content=\"image\/jpeg\" \/>\n<meta name=\"author\" content=\"Aliados Videos\" \/>\n<meta name=\"twitter:card\" content=\"summary_large_image\" \/>\n<meta name=\"twitter:label1\" content=\"Escrito por\" \/>\n\t<meta name=\"twitter:data1\" content=\"Aliados Videos\" \/>\n\t<meta name=\"twitter:label2\" content=\"Tiempo de lectura\" \/>\n\t<meta name=\"twitter:data2\" content=\"2 minutos\" \/>\n<script type=\"application\/ld+json\" class=\"yoast-schema-graph\">{\"@context\":\"https:\\\/\\\/schema.org\",\"@graph\":[{\"@type\":\"Article\",\"@id\":\"https:\\\/\\\/www.aliadospuebla.com\\\/?p=58520#article\",\"isPartOf\":{\"@id\":\"https:\\\/\\\/www.aliadospuebla.com\\\/?p=58520\"},\"author\":{\"name\":\"Aliados Videos\",\"@id\":\"https:\\\/\\\/www.aliadospuebla.com\\\/#\\\/schema\\\/person\\\/0fd017f23cc5c3f7988d5d58850eec8e\"},\"headline\":\"ENCABEZA EDUARDO RIVERA P\u00c9REZ CONFORMACI\u00d3N DE LA COMISI\u00d3N PERMANENTE POR PUEBLA\",\"datePublished\":\"2021-06-22T20:44:54+00:00\",\"mainEntityOfPage\":{\"@id\":\"https:\\\/\\\/www.aliadospuebla.com\\\/?p=58520\"},\"wordCount\":487,\"commentCount\":0,\"image\":{\"@id\":\"https:\\\/\\\/www.aliadospuebla.com\\\/?p=58520#primaryimage\"},\"thumbnailUrl\":\"https:\\\/\\\/www.aliadospuebla.com\\\/web2017\\\/wp-content\\\/uploads\\\/2021\\\/06\\\/LALO-RIVERA.jpg\",\"keywords\":[\"Ayuntamiento\",\"CANACITRA\",\"CANACO\",\"CANIRAC\",\"capital\",\"CMIC\",\"CROM\",\"EDUARDO RIVERA P\u00c9REZ\",\"FROC\",\"ITESM\",\"Leobardo Soto\",\"Municipios\",\"Puebla\",\"UMAD\"],\"articleSection\":[\"Pol\u00edtica\"],\"inLanguage\":\"es\",\"potentialAction\":[{\"@type\":\"CommentAction\",\"name\":\"Comment\",\"target\":[\"https:\\\/\\\/www.aliadospuebla.com\\\/?p=58520#respond\"]}]},{\"@type\":\"WebPage\",\"@id\":\"https:\\\/\\\/www.aliadospuebla.com\\\/?p=58520\",\"url\":\"https:\\\/\\\/www.aliadospuebla.com\\\/?p=58520\",\"name\":\"ENCABEZA EDUARDO RIVERA P\u00c9REZ CONFORMACI\u00d3N DE LA COMISI\u00d3N PERMANENTE POR PUEBLA - AliadosPuebla\",\"isPartOf\":{\"@id\":\"https:\\\/\\\/www.aliadospuebla.com\\\/#website\"},\"primaryImageOfPage\":{\"@id\":\"https:\\\/\\\/www.aliadospuebla.com\\\/?p=58520#primaryimage\"},\"image\":{\"@id\":\"https:\\\/\\\/www.aliadospuebla.com\\\/?p=58520#primaryimage\"},\"thumbnailUrl\":\"https:\\\/\\\/www.aliadospuebla.com\\\/web2017\\\/wp-content\\\/uploads\\\/2021\\\/06\\\/LALO-RIVERA.jpg\",\"datePublished\":\"2021-06-22T20:44:54+00:00\",\"author\":{\"@id\":\"https:\\\/\\\/www.aliadospuebla.com\\\/#\\\/schema\\\/person\\\/0fd017f23cc5c3f7988d5d58850eec8e\"},\"breadcrumb\":{\"@id\":\"https:\\\/\\\/www.aliadospuebla.com\\\/?p=58520#breadcrumb\"},\"inLanguage\":\"es\",\"potentialAction\":[{\"@type\":\"ReadAction\",\"target\":[\"https:\\\/\\\/www.aliadospuebla.com\\\/?p=58520\"]}]},{\"@type\":\"ImageObject\",\"inLanguage\":\"es\",\"@id\":\"https:\\\/\\\/www.aliadospuebla.com\\\/?p=58520#primaryimage\",\"url\":\"https:\\\/\\\/www.aliadospuebla.com\\\/web2017\\\/wp-content\\\/uploads\\\/2021\\\/06\\\/LALO-RIVERA.jpg\",\"contentUrl\":\"https:\\\/\\\/www.aliadospuebla.com\\\/web2017\\\/wp-content\\\/uploads\\\/2021\\\/06\\\/LALO-RIVERA.jpg\",\"width\":600,\"height\":450},{\"@type\":\"BreadcrumbList\",\"@id\":\"https:\\\/\\\/www.aliadospuebla.com\\\/?p=58520#breadcrumb\",\"itemListElement\":[{\"@type\":\"ListItem\",\"position\":1,\"name\":\"Portada\",\"item\":\"https:\\\/\\\/www.aliadospuebla.com\\\/\"},{\"@type\":\"ListItem\",\"position\":2,\"name\":\"ENCABEZA EDUARDO RIVERA P\u00c9REZ CONFORMACI\u00d3N DE LA COMISI\u00d3N PERMANENTE POR PUEBLA\"}]},{\"@type\":\"WebSite\",\"@id\":\"https:\\\/\\\/www.aliadospuebla.com\\\/#website\",\"url\":\"https:\\\/\\\/www.aliadospuebla.com\\\/\",\"name\":\"AliadosPuebla\",\"description\":\"La informaci\u00f3n en tus manos\",\"potentialAction\":[{\"@type\":\"SearchAction\",\"target\":{\"@type\":\"EntryPoint\",\"urlTemplate\":\"https:\\\/\\\/www.aliadospuebla.com\\\/?s={search_term_string}\"},\"query-input\":{\"@type\":\"PropertyValueSpecification\",\"valueRequired\":true,\"valueName\":\"search_term_string\"}}],\"inLanguage\":\"es\"},{\"@type\":\"Person\",\"@id\":\"https:\\\/\\\/www.aliadospuebla.com\\\/#\\\/schema\\\/person\\\/0fd017f23cc5c3f7988d5d58850eec8e\",\"name\":\"Aliados Videos\",\"image\":{\"@type\":\"ImageObject\",\"inLanguage\":\"es\",\"@id\":\"https:\\\/\\\/secure.gravatar.com\\\/avatar\\\/42b92de8b2d8339e1e824f3a73ab023a0bec0ee2e3920248085eb1f3160b4083?s=96&d=mm&r=g\",\"url\":\"https:\\\/\\\/secure.gravatar.com\\\/avatar\\\/42b92de8b2d8339e1e824f3a73ab023a0bec0ee2e3920248085eb1f3160b4083?s=96&d=mm&r=g\",\"contentUrl\":\"https:\\\/\\\/secure.gravatar.com\\\/avatar\\\/42b92de8b2d8339e1e824f3a73ab023a0bec0ee2e3920248085eb1f3160b4083?s=96&d=mm&r=g\",\"caption\":\"Aliados Videos\"},\"url\":\"https:\\\/\\\/www.aliadospuebla.com\\\/?author=3\"}]}<\/script>\n<!-- \/ Yoast SEO plugin. -->","yoast_head_json":{"title":"ENCABEZA EDUARDO RIVERA P\u00c9REZ CONFORMACI\u00d3N DE LA COMISI\u00d3N PERMANENTE POR PUEBLA - AliadosPuebla","robots":{"index":"index","follow":"follow","max-snippet":"max-snippet:-1","max-image-preview":"max-image-preview:large","max-video-preview":"max-video-preview:-1"},"canonical":"https:\/\/www.aliadospuebla.com\/?p=58520","og_locale":"es_ES","og_type":"article","og_title":"ENCABEZA EDUARDO RIVERA P\u00c9REZ CONFORMACI\u00d3N DE LA COMISI\u00d3N PERMANENTE POR PUEBLA - AliadosPuebla","og_description":"Eduardo Rivera P\u00e9rez, Presidente Municipal Electo, encabez\u00f3 la conformaci\u00f3n de la Comisi\u00f3n Permanente por Puebla, que agrupa a representantes de diversos sectores de la sociedad para trabajar de manera conjunta con el fin de corregir el rumbo de la capital poblana. En un hecho hist\u00f3rico, empresarios, acad\u00e9micos, l\u00edderes sindicales y representantes de la sociedad civil acordaron sumarse a este espacio de di\u00e1logo y construcci\u00f3n de alternativas para formular una estrategia coordinada en favor del municipio. \u201cEst\u00e1 clara la voluntad, est\u00e1 claro el rumbo de lo que nos convoca; lo que queremos es corregir el rumbo\u201d expres\u00f3 Rivera P\u00e9rez, al tiempo de solicitarles la participaci\u00f3n de los mejores perfiles para el intercambio de ideas en las mesas de di\u00e1logo. Al detallar su Plan de Ciudad, destac\u00f3&hellip;Leer m\u00e1s...","og_url":"https:\/\/www.aliadospuebla.com\/?p=58520","og_site_name":"AliadosPuebla","article_published_time":"2021-06-22T20:44:54+00:00","og_image":[{"width":600,"height":450,"url":"https:\/\/www.aliadospuebla.com\/web2017\/wp-content\/uploads\/2021\/06\/LALO-RIVERA.jpg","type":"image\/jpeg"}],"author":"Aliados Videos","twitter_card":"summary_large_image","twitter_misc":{"Escrito por":"Aliados Videos","Tiempo de lectura":"2 minutos"},"schema":{"@context":"https:\/\/schema.org","@graph":[{"@type":"Article","@id":"https:\/\/www.aliadospuebla.com\/?p=58520#article","isPartOf":{"@id":"https:\/\/www.aliadospuebla.com\/?p=58520"},"author":{"name":"Aliados Videos","@id":"https:\/\/www.aliadospuebla.com\/#\/schema\/person\/0fd017f23cc5c3f7988d5d58850eec8e"},"headline":"ENCABEZA EDUARDO RIVERA P\u00c9REZ CONFORMACI\u00d3N DE LA COMISI\u00d3N PERMANENTE POR PUEBLA","datePublished":"2021-06-22T20:44:54+00:00","mainEntityOfPage":{"@id":"https:\/\/www.aliadospuebla.com\/?p=58520"},"wordCount":487,"commentCount":0,"image":{"@id":"https:\/\/www.aliadospuebla.com\/?p=58520#primaryimage"},"thumbnailUrl":"https:\/\/www.aliadospuebla.com\/web2017\/wp-content\/uploads\/2021\/06\/LALO-RIVERA.jpg","keywords":["Ayuntamiento","CANACITRA","CANACO","CANIRAC","capital","CMIC","CROM","EDUARDO RIVERA P\u00c9REZ","FROC","ITESM","Leobardo Soto","Municipios","Puebla","UMAD"],"articleSection":["Pol\u00edtica"],"inLanguage":"es","potentialAction":[{"@type":"CommentAction","name":"Comment","target":["https:\/\/www.aliadospuebla.com\/?p=58520#respond"]}]},{"@type":"WebPage","@id":"https:\/\/www.aliadospuebla.com\/?p=58520","url":"https:\/\/www.aliadospuebla.com\/?p=58520","name":"ENCABEZA EDUARDO RIVERA P\u00c9REZ CONFORMACI\u00d3N DE LA COMISI\u00d3N PERMANENTE POR PUEBLA - AliadosPuebla","isPartOf":{"@id":"https:\/\/www.aliadospuebla.com\/#website"},"primaryImageOfPage":{"@id":"https:\/\/www.aliadospuebla.com\/?p=58520#primaryimage"},"image":{"@id":"https:\/\/www.aliadospuebla.com\/?p=58520#primaryimage"},"thumbnailUrl":"https:\/\/www.aliadospuebla.com\/web2017\/wp-content\/uploads\/2021\/06\/LALO-RIVERA.jpg","datePublished":"2021-06-22T20:44:54+00:00","author":{"@id":"https:\/\/www.aliadospuebla.com\/#\/schema\/person\/0fd017f23cc5c3f7988d5d58850eec8e"},"breadcrumb":{"@id":"https:\/\/www.aliadospuebla.com\/?p=58520#breadcrumb"},"inLanguage":"es","potentialAction":[{"@type":"ReadAction","target":["https:\/\/www.aliadospuebla.com\/?p=58520"]}]},{"@type":"ImageObject","inLanguage":"es","@id":"https:\/\/www.aliadospuebla.com\/?p=58520#primaryimage","url":"https:\/\/www.aliadospuebla.com\/web2017\/wp-content\/uploads\/2021\/06\/LALO-RIVERA.jpg","contentUrl":"https:\/\/www.aliadospuebla.com\/web2017\/wp-content\/uploads\/2021\/06\/LALO-RIVERA.jpg","width":600,"height":450},{"@type":"BreadcrumbList","@id":"https:\/\/www.aliadospuebla.com\/?p=58520#breadcrumb","itemListElement":[{"@type":"ListItem","position":1,"name":"Portada","item":"https:\/\/www.aliadospuebla.com\/"},{"@type":"ListItem","position":2,"name":"ENCABEZA EDUARDO RIVERA P\u00c9REZ CONFORMACI\u00d3N DE LA COMISI\u00d3N PERMANENTE POR PUEBLA"}]},{"@type":"WebSite","@id":"https:\/\/www.aliadospuebla.com\/#website","url":"https:\/\/www.aliadospuebla.com\/","name":"AliadosPuebla","description":"La informaci\u00f3n en tus manos","potentialAction":[{"@type":"SearchAction","target":{"@type":"EntryPoint","urlTemplate":"https:\/\/www.aliadospuebla.com\/?s={search_term_string}"},"query-input":{"@type":"PropertyValueSpecification","valueRequired":true,"valueName":"search_term_string"}}],"inLanguage":"es"},{"@type":"Person","@id":"https:\/\/www.aliadospuebla.com\/#\/schema\/person\/0fd017f23cc5c3f7988d5d58850eec8e","name":"Aliados Videos","image":{"@type":"ImageObject","inLanguage":"es","@id":"https:\/\/secure.gravatar.com\/avatar\/42b92de8b2d8339e1e824f3a73ab023a0bec0ee2e3920248085eb1f3160b4083?s=96&d=mm&r=g","url":"https:\/\/secure.gravatar.com\/avatar\/42b92de8b2d8339e1e824f3a73ab023a0bec0ee2e3920248085eb1f3160b4083?s=96&d=mm&r=g","contentUrl":"https:\/\/secure.gravatar.com\/avatar\/42b92de8b2d8339e1e824f3a73ab023a0bec0ee2e3920248085eb1f3160b4083?s=96&d=mm&r=g","caption":"Aliados Videos"},"url":"https:\/\/www.aliadospuebla.com\/?author=3"}]}},"views":13,"_links":{"self":[{"href":"https:\/\/www.aliadospuebla.com\/index.php?rest_route=\/wp\/v2\/posts\/58520","targetHints":{"allow":["GET"]}}],"collection":[{"href":"https:\/\/www.aliadospuebla.com\/index.php?rest_route=\/wp\/v2\/posts"}],"about":[{"href":"https:\/\/www.aliadospuebla.com\/index.php?rest_route=\/wp\/v2\/types\/post"}],"author":[{"embeddable":true,"href":"https:\/\/www.aliadospuebla.com\/index.php?rest_route=\/wp\/v2\/users\/3"}],"replies":[{"embeddable":true,"href":"https:\/\/www.aliadospuebla.com\/index.php?rest_route=%2Fwp%2Fv2%2Fcomments&post=58520"}],"version-history":[{"count":1,"href":"https:\/\/www.aliadospuebla.com\/index.php?rest_route=\/wp\/v2\/posts\/58520\/revisions"}],"predecessor-version":[{"id":58522,"href":"https:\/\/www.aliadospuebla.com\/index.php?rest_route=\/wp\/v2\/posts\/58520\/revisions\/58522"}],"wp:featuredmedia":[{"embeddable":true,"href":"https:\/\/www.aliadospuebla.com\/index.php?rest_route=\/wp\/v2\/media\/58521"}],"wp:attachment":[{"href":"https:\/\/www.aliadospuebla.com\/index.php?rest_route=%2Fwp%2Fv2%2Fmedia&parent=58520"}],"wp:term":[{"taxonomy":"category","embeddable":true,"href":"https:\/\/www.aliadospuebla.com\/index.php?rest_route=%2Fwp%2Fv2%2Fcategories&post=58520"},{"taxonomy":"post_tag","embeddable":true,"href":"https:\/\/www.aliadospuebla.com\/index.php?rest_route=%2Fwp%2Fv2%2Ftags&post=58520"}],"curies":[{"name":"wp","href":"https:\/\/api.w.org\/{rel}","templated":true}]}}