{"id":58253,"date":"2021-06-16T08:02:23","date_gmt":"2021-06-16T13:02:23","guid":{"rendered":"https:\/\/www.aliados17.com\/?p=58253"},"modified":"2021-06-16T08:02:23","modified_gmt":"2021-06-16T13:02:23","slug":"nacho-mier-y-su-ejercito-al-2024","status":"publish","type":"post","link":"https:\/\/www.aliadospuebla.com\/?p=58253","title":{"rendered":"Nacho Mier y su ej\u00e9rcito al 2024"},"content":{"rendered":"<p>\u00bfPedir permiso? \u00a1Ja!<br \/>\n\u00bfA qui\u00e9n?<br \/>\n\u00bfQui\u00e9n es el due\u00f1o de las aspiraciones leg\u00edtimas de Ignacio Mier Velasco para ser candidato de MORENA a gobernador del Estado, de su Estado, en el a\u00f1o 2024?<br \/>\n\u00bfA qui\u00e9n tendr\u00eda que pedirle permiso?<br \/>\nMier es habilidoso. Tiene visi\u00f3n y tiene estrategia. Ah, y tiene estructura.<br \/>\nDe menos, tiene ocho diputados federales poblanos quienes ganaron la elecci\u00f3n por MORENA:<br \/>\nMarco Antonio Natale Guti\u00e9rrez de Huauchinango (Es Verde, pero jala).<br \/>\nF\u00e1tima Cruz Pel\u00e1ez de Zacatl\u00e1n.<br \/>\nEsther Mart\u00ednez Romano de Teziutl\u00e1n.<br \/>\nIn\u00e9s Parra Ju\u00e1rez de Ajalpan.<br \/>\nAlejandro Carvajal Hidalgo de Puebla.<br \/>\nMario Miguel Carrillo de Atlixco.<br \/>\nOdette Nayeri Almaz\u00e1n de Ciudad Serd\u00e1n.<br \/>\nNelly Maceda Carrera de Acatl\u00e1n.<br \/>\nDe varios ser\u00e1 su coordinador de bancada y de otros, ser\u00e1 su aliado, como los Partido Verde y del Trabajo.<br \/>\nObviamente Raymundo Atanacio Luna de Tepeaca, est\u00e1 con el Senador Alejandro Armenta.<br \/>\nMauricio Alonso Toledo de San Mart\u00edn Texmelucan juega para el PT y quien en los hechos gan\u00f3 ese distrito, es Lizeth S\u00e1nchez Garc\u00eda, Secretaria de Bienestar y otra competidora y competente.<br \/>\nBueno, de inicio, Mier tiene a m\u00e1s del 50 por ciento de la estructura pol\u00edtica que representan los diputados federales.<br \/>\nAraceli Celestino Rosas, de Tehuac\u00e1n se le sumar\u00e1 en el camino.<br \/>\nAdem\u00e1s, la estructura que est\u00e1 armando con sus ex compa\u00f1eros diputados locales, es de tomarse en serio.<br \/>\nVamos poco a poco desmenuzando la estructura, la estrategia y el ej\u00e9rcito que se est\u00e1 armando, por si llega a candidato Nacho Mier o por si llega a candidato Nacho Mier.<br \/>\nCon esa estructura \u00bfA qui\u00e9n tiene que pedirle permiso?<br \/>\nPunto.<br \/>\nHe dicho y he escrito.<br \/>\n\u2026<\/p>\n<p>Ni Obama<\/p>\n<p>En San Pedro Cholula se van a cumplir los compromisos cuando finalmente asuma el poder la alcaldesa Paola Ang\u00f3n. La direcci\u00f3n del Sistema Operador de Agua es para Jorge G\u00f3mez Carranco, uno de los aspirante en la pasada elecci\u00f3n. Dicen los que saben, que el puesto no se lo quita, ni Obama.<\/p>\n<p>El Verdugo<br \/>\nParece que finalmente este mi\u00e9rcoles 16 de junio se inaugura la Torre de Rector\u00eda de la BUAP ubicada en Ciudad Universitaria. Ser\u00e1 la gran fiesta del Rector Alfonso Esparza Ort\u00edz. El Verdugo dice: No s\u00e9 a qui\u00e9nes invit\u00f3, pero s\u00ed s\u00e9 qui\u00e9n nom\u00e1s, no va ir.<\/p>\n<p>De Buena Fuente no es la mejor columna pol\u00edtica, pero tiene a los mejores lectores.<br \/>\ncmaciaspalma@yahoo.com.mx<br \/>\ncmaciaspalma0105@gmail.com<br \/>\n@cmaciaspalma<br \/>\nFB: Carlos Mac\u00edas Palma<br \/>\nLunes: 10 horas FactorRadio.<br \/>\nLunes: 21 horas #Elecciones2021 TV (paralelo19.mx)<br \/>\nMi\u00e9rcoles: 17 horas en Carlos Mac\u00edas-Radio (radioenredes.com)<br \/>\nViernes: 10:30 horas en Entre amigos (FB: RevistaUnicaporCincoMujeres)<\/p>\n","protected":false},"excerpt":{"rendered":"<p>\u00bfPedir permiso? \u00a1Ja! \u00bfA qui\u00e9n? \u00bfQui\u00e9n es el due\u00f1o de las aspiraciones leg\u00edtimas de Ignacio Mier Velasco para ser candidato de MORENA a gobernador del Estado, de su Estado, en el a\u00f1o 2024? \u00bfA qui\u00e9n tendr\u00eda que pedirle permiso? Mier es habilidoso. Tiene visi\u00f3n y tiene estrategia. Ah, y tiene estructura. De menos, tiene ocho diputados federales poblanos quienes ganaron la elecci\u00f3n por MORENA: Marco Antonio Natale Guti\u00e9rrez de Huauchinango (Es Verde, pero jala). F\u00e1tima Cruz Pel\u00e1ez de Zacatl\u00e1n. Esther Mart\u00ednez Romano de Teziutl\u00e1n. In\u00e9s Parra Ju\u00e1rez de Ajalpan. Alejandro Carvajal Hidalgo de Puebla. Mario Miguel Carrillo de Atlixco. Odette Nayeri Almaz\u00e1n de Ciudad Serd\u00e1n. Nelly Maceda Carrera de Acatl\u00e1n. De varios ser\u00e1 su coordinador de bancada y de otros, ser\u00e1 su aliado, como los&hellip;<\/p>\n<p class=\"excerpt-more\"><a class=\"blog-excerpt button\" href=\"https:\/\/www.aliadospuebla.com\/?p=58253\">Leer m\u00e1s&#8230;<\/a><\/p>\n","protected":false},"author":2,"featured_media":58254,"comment_status":"open","ping_status":"open","sticky":false,"template":"","format":"standard","meta":{"_monsterinsights_skip_tracking":false,"footnotes":""},"categories":[9],"tags":[2496,769,653,2386,13344,10488,666,15797,387],"class_list":["post-58253","post","type-post","status-publish","format-standard","has-post-thumbnail","hentry","category-columnas","tag-alejandro-armenta-mier","tag-alfonso-esparza-ortiz","tag-buap","tag-ignacio-mier-banuelos","tag-ignacio-mier-velasco","tag-lizeth-sanchez-garcia","tag-morena","tag-paola-angon","tag-san-pedro-cholula"],"yoast_head":"<!-- This site is optimized with the Yoast SEO plugin v28.4 - https:\/\/yoast.com\/product\/yoast-seo-wordpress\/ -->\n<title>Nacho Mier y su ej\u00e9rcito al 2024 - AliadosPuebla<\/title>\n<meta name=\"robots\" content=\"index, follow, max-snippet:-1, max-image-preview:large, max-video-preview:-1\" \/>\n<link rel=\"canonical\" href=\"https:\/\/www.aliadospuebla.com\/?p=58253\" \/>\n<meta property=\"og:locale\" content=\"es_ES\" \/>\n<meta property=\"og:type\" content=\"article\" \/>\n<meta property=\"og:title\" content=\"Nacho Mier y su ej\u00e9rcito al 2024 - AliadosPuebla\" \/>\n<meta property=\"og:description\" content=\"\u00bfPedir permiso? \u00a1Ja! \u00bfA qui\u00e9n? \u00bfQui\u00e9n es el due\u00f1o de las aspiraciones leg\u00edtimas de Ignacio Mier Velasco para ser candidato de MORENA a gobernador del Estado, de su Estado, en el a\u00f1o 2024? \u00bfA qui\u00e9n tendr\u00eda que pedirle permiso? Mier es habilidoso. Tiene visi\u00f3n y tiene estrategia. Ah, y tiene estructura. De menos, tiene ocho diputados federales poblanos quienes ganaron la elecci\u00f3n por MORENA: Marco Antonio Natale Guti\u00e9rrez de Huauchinango (Es Verde, pero jala). F\u00e1tima Cruz Pel\u00e1ez de Zacatl\u00e1n. Esther Mart\u00ednez Romano de Teziutl\u00e1n. In\u00e9s Parra Ju\u00e1rez de Ajalpan. Alejandro Carvajal Hidalgo de Puebla. Mario Miguel Carrillo de Atlixco. Odette Nayeri Almaz\u00e1n de Ciudad Serd\u00e1n. Nelly Maceda Carrera de Acatl\u00e1n. De varios ser\u00e1 su coordinador de bancada y de otros, ser\u00e1 su aliado, como los&hellip;Leer m\u00e1s...\" \/>\n<meta property=\"og:url\" content=\"https:\/\/www.aliadospuebla.com\/?p=58253\" \/>\n<meta property=\"og:site_name\" content=\"AliadosPuebla\" \/>\n<meta property=\"article:author\" content=\"https:\/\/www.facebook.com\/Aliados17Pue\" \/>\n<meta property=\"article:published_time\" content=\"2021-06-16T13:02:23+00:00\" \/>\n<meta property=\"og:image\" content=\"https:\/\/www.aliadospuebla.com\/web2017\/wp-content\/uploads\/2021\/06\/010-Nacho-Mier-Velasco.jpg\" \/>\n\t<meta property=\"og:image:width\" content=\"600\" \/>\n\t<meta property=\"og:image:height\" content=\"450\" \/>\n\t<meta property=\"og:image:type\" content=\"image\/jpeg\" \/>\n<meta name=\"author\" content=\"Aliados17\" \/>\n<meta name=\"twitter:card\" content=\"summary_large_image\" \/>\n<meta name=\"twitter:creator\" content=\"@AliadosPuebla\" \/>\n<meta name=\"twitter:label1\" content=\"Escrito por\" \/>\n\t<meta name=\"twitter:data1\" content=\"Aliados17\" \/>\n\t<meta name=\"twitter:label2\" content=\"Tiempo de lectura\" \/>\n\t<meta name=\"twitter:data2\" content=\"2 minutos\" \/>\n<script type=\"application\/ld+json\" class=\"yoast-schema-graph\">{\"@context\":\"https:\\\/\\\/schema.org\",\"@graph\":[{\"@type\":\"Article\",\"@id\":\"https:\\\/\\\/www.aliadospuebla.com\\\/?p=58253#article\",\"isPartOf\":{\"@id\":\"https:\\\/\\\/www.aliadospuebla.com\\\/?p=58253\"},\"author\":{\"name\":\"Aliados17\",\"@id\":\"https:\\\/\\\/www.aliadospuebla.com\\\/#\\\/schema\\\/person\\\/5da7dd09320bd4f392b710017ed5f8ad\"},\"headline\":\"Nacho Mier y su ej\u00e9rcito al 2024\",\"datePublished\":\"2021-06-16T13:02:23+00:00\",\"mainEntityOfPage\":{\"@id\":\"https:\\\/\\\/www.aliadospuebla.com\\\/?p=58253\"},\"wordCount\":467,\"commentCount\":0,\"image\":{\"@id\":\"https:\\\/\\\/www.aliadospuebla.com\\\/?p=58253#primaryimage\"},\"thumbnailUrl\":\"https:\\\/\\\/www.aliadospuebla.com\\\/web2017\\\/wp-content\\\/uploads\\\/2021\\\/06\\\/010-Nacho-Mier-Velasco.jpg\",\"keywords\":[\"ALEJANDRO ARMENTA MIER\",\"ALFONSO ESPARZA ORT\u00cdZ\",\"BUAP\",\"IGNACIO MIER BA\u00d1UELOS\",\"Ignacio Mier Velasco\",\"LIZETH SANCHEZ GARCIA\",\"MORENA\",\"PAOLA ANGON\",\"SAN PEDRO CHOLULA\"],\"articleSection\":[\"Columnas\"],\"inLanguage\":\"es\",\"potentialAction\":[{\"@type\":\"CommentAction\",\"name\":\"Comment\",\"target\":[\"https:\\\/\\\/www.aliadospuebla.com\\\/?p=58253#respond\"]}]},{\"@type\":\"WebPage\",\"@id\":\"https:\\\/\\\/www.aliadospuebla.com\\\/?p=58253\",\"url\":\"https:\\\/\\\/www.aliadospuebla.com\\\/?p=58253\",\"name\":\"Nacho Mier y su ej\u00e9rcito al 2024 - AliadosPuebla\",\"isPartOf\":{\"@id\":\"https:\\\/\\\/www.aliadospuebla.com\\\/#website\"},\"primaryImageOfPage\":{\"@id\":\"https:\\\/\\\/www.aliadospuebla.com\\\/?p=58253#primaryimage\"},\"image\":{\"@id\":\"https:\\\/\\\/www.aliadospuebla.com\\\/?p=58253#primaryimage\"},\"thumbnailUrl\":\"https:\\\/\\\/www.aliadospuebla.com\\\/web2017\\\/wp-content\\\/uploads\\\/2021\\\/06\\\/010-Nacho-Mier-Velasco.jpg\",\"datePublished\":\"2021-06-16T13:02:23+00:00\",\"author\":{\"@id\":\"https:\\\/\\\/www.aliadospuebla.com\\\/#\\\/schema\\\/person\\\/5da7dd09320bd4f392b710017ed5f8ad\"},\"breadcrumb\":{\"@id\":\"https:\\\/\\\/www.aliadospuebla.com\\\/?p=58253#breadcrumb\"},\"inLanguage\":\"es\",\"potentialAction\":[{\"@type\":\"ReadAction\",\"target\":[\"https:\\\/\\\/www.aliadospuebla.com\\\/?p=58253\"]}]},{\"@type\":\"ImageObject\",\"inLanguage\":\"es\",\"@id\":\"https:\\\/\\\/www.aliadospuebla.com\\\/?p=58253#primaryimage\",\"url\":\"https:\\\/\\\/www.aliadospuebla.com\\\/web2017\\\/wp-content\\\/uploads\\\/2021\\\/06\\\/010-Nacho-Mier-Velasco.jpg\",\"contentUrl\":\"https:\\\/\\\/www.aliadospuebla.com\\\/web2017\\\/wp-content\\\/uploads\\\/2021\\\/06\\\/010-Nacho-Mier-Velasco.jpg\",\"width\":600,\"height\":450},{\"@type\":\"BreadcrumbList\",\"@id\":\"https:\\\/\\\/www.aliadospuebla.com\\\/?p=58253#breadcrumb\",\"itemListElement\":[{\"@type\":\"ListItem\",\"position\":1,\"name\":\"Portada\",\"item\":\"https:\\\/\\\/www.aliadospuebla.com\\\/\"},{\"@type\":\"ListItem\",\"position\":2,\"name\":\"Nacho Mier y su ej\u00e9rcito al 2024\"}]},{\"@type\":\"WebSite\",\"@id\":\"https:\\\/\\\/www.aliadospuebla.com\\\/#website\",\"url\":\"https:\\\/\\\/www.aliadospuebla.com\\\/\",\"name\":\"AliadosPuebla\",\"description\":\"La informaci\u00f3n en tus manos\",\"potentialAction\":[{\"@type\":\"SearchAction\",\"target\":{\"@type\":\"EntryPoint\",\"urlTemplate\":\"https:\\\/\\\/www.aliadospuebla.com\\\/?s={search_term_string}\"},\"query-input\":{\"@type\":\"PropertyValueSpecification\",\"valueRequired\":true,\"valueName\":\"search_term_string\"}}],\"inLanguage\":\"es\"},{\"@type\":\"Person\",\"@id\":\"https:\\\/\\\/www.aliadospuebla.com\\\/#\\\/schema\\\/person\\\/5da7dd09320bd4f392b710017ed5f8ad\",\"name\":\"Aliados17\",\"image\":{\"@type\":\"ImageObject\",\"inLanguage\":\"es\",\"@id\":\"https:\\\/\\\/www.aliadospuebla.com\\\/web2017\\\/wp-content\\\/uploads\\\/2025\\\/03\\\/cropped-para-perfil-8-anos-1-96x96.jpg\",\"url\":\"https:\\\/\\\/www.aliadospuebla.com\\\/web2017\\\/wp-content\\\/uploads\\\/2025\\\/03\\\/cropped-para-perfil-8-anos-1-96x96.jpg\",\"contentUrl\":\"https:\\\/\\\/www.aliadospuebla.com\\\/web2017\\\/wp-content\\\/uploads\\\/2025\\\/03\\\/cropped-para-perfil-8-anos-1-96x96.jpg\",\"caption\":\"Aliados17\"},\"sameAs\":[\"https:\\\/\\\/www.aliados17.com\",\"https:\\\/\\\/www.facebook.com\\\/Aliados17Pue\",\"https:\\\/\\\/x.com\\\/AliadosPuebla\"],\"url\":\"https:\\\/\\\/www.aliadospuebla.com\\\/?author=2\"}]}<\/script>\n<!-- \/ Yoast SEO plugin. -->","yoast_head_json":{"title":"Nacho Mier y su ej\u00e9rcito al 2024 - AliadosPuebla","robots":{"index":"index","follow":"follow","max-snippet":"max-snippet:-1","max-image-preview":"max-image-preview:large","max-video-preview":"max-video-preview:-1"},"canonical":"https:\/\/www.aliadospuebla.com\/?p=58253","og_locale":"es_ES","og_type":"article","og_title":"Nacho Mier y su ej\u00e9rcito al 2024 - AliadosPuebla","og_description":"\u00bfPedir permiso? \u00a1Ja! \u00bfA qui\u00e9n? \u00bfQui\u00e9n es el due\u00f1o de las aspiraciones leg\u00edtimas de Ignacio Mier Velasco para ser candidato de MORENA a gobernador del Estado, de su Estado, en el a\u00f1o 2024? \u00bfA qui\u00e9n tendr\u00eda que pedirle permiso? Mier es habilidoso. Tiene visi\u00f3n y tiene estrategia. Ah, y tiene estructura. De menos, tiene ocho diputados federales poblanos quienes ganaron la elecci\u00f3n por MORENA: Marco Antonio Natale Guti\u00e9rrez de Huauchinango (Es Verde, pero jala). F\u00e1tima Cruz Pel\u00e1ez de Zacatl\u00e1n. Esther Mart\u00ednez Romano de Teziutl\u00e1n. In\u00e9s Parra Ju\u00e1rez de Ajalpan. Alejandro Carvajal Hidalgo de Puebla. Mario Miguel Carrillo de Atlixco. Odette Nayeri Almaz\u00e1n de Ciudad Serd\u00e1n. Nelly Maceda Carrera de Acatl\u00e1n. De varios ser\u00e1 su coordinador de bancada y de otros, ser\u00e1 su aliado, como los&hellip;Leer m\u00e1s...","og_url":"https:\/\/www.aliadospuebla.com\/?p=58253","og_site_name":"AliadosPuebla","article_author":"https:\/\/www.facebook.com\/Aliados17Pue","article_published_time":"2021-06-16T13:02:23+00:00","og_image":[{"width":600,"height":450,"url":"https:\/\/www.aliadospuebla.com\/web2017\/wp-content\/uploads\/2021\/06\/010-Nacho-Mier-Velasco.jpg","type":"image\/jpeg"}],"author":"Aliados17","twitter_card":"summary_large_image","twitter_creator":"@AliadosPuebla","twitter_misc":{"Escrito por":"Aliados17","Tiempo de lectura":"2 minutos"},"schema":{"@context":"https:\/\/schema.org","@graph":[{"@type":"Article","@id":"https:\/\/www.aliadospuebla.com\/?p=58253#article","isPartOf":{"@id":"https:\/\/www.aliadospuebla.com\/?p=58253"},"author":{"name":"Aliados17","@id":"https:\/\/www.aliadospuebla.com\/#\/schema\/person\/5da7dd09320bd4f392b710017ed5f8ad"},"headline":"Nacho Mier y su ej\u00e9rcito al 2024","datePublished":"2021-06-16T13:02:23+00:00","mainEntityOfPage":{"@id":"https:\/\/www.aliadospuebla.com\/?p=58253"},"wordCount":467,"commentCount":0,"image":{"@id":"https:\/\/www.aliadospuebla.com\/?p=58253#primaryimage"},"thumbnailUrl":"https:\/\/www.aliadospuebla.com\/web2017\/wp-content\/uploads\/2021\/06\/010-Nacho-Mier-Velasco.jpg","keywords":["ALEJANDRO ARMENTA MIER","ALFONSO ESPARZA ORT\u00cdZ","BUAP","IGNACIO MIER BA\u00d1UELOS","Ignacio Mier Velasco","LIZETH SANCHEZ GARCIA","MORENA","PAOLA ANGON","SAN PEDRO CHOLULA"],"articleSection":["Columnas"],"inLanguage":"es","potentialAction":[{"@type":"CommentAction","name":"Comment","target":["https:\/\/www.aliadospuebla.com\/?p=58253#respond"]}]},{"@type":"WebPage","@id":"https:\/\/www.aliadospuebla.com\/?p=58253","url":"https:\/\/www.aliadospuebla.com\/?p=58253","name":"Nacho Mier y su ej\u00e9rcito al 2024 - AliadosPuebla","isPartOf":{"@id":"https:\/\/www.aliadospuebla.com\/#website"},"primaryImageOfPage":{"@id":"https:\/\/www.aliadospuebla.com\/?p=58253#primaryimage"},"image":{"@id":"https:\/\/www.aliadospuebla.com\/?p=58253#primaryimage"},"thumbnailUrl":"https:\/\/www.aliadospuebla.com\/web2017\/wp-content\/uploads\/2021\/06\/010-Nacho-Mier-Velasco.jpg","datePublished":"2021-06-16T13:02:23+00:00","author":{"@id":"https:\/\/www.aliadospuebla.com\/#\/schema\/person\/5da7dd09320bd4f392b710017ed5f8ad"},"breadcrumb":{"@id":"https:\/\/www.aliadospuebla.com\/?p=58253#breadcrumb"},"inLanguage":"es","potentialAction":[{"@type":"ReadAction","target":["https:\/\/www.aliadospuebla.com\/?p=58253"]}]},{"@type":"ImageObject","inLanguage":"es","@id":"https:\/\/www.aliadospuebla.com\/?p=58253#primaryimage","url":"https:\/\/www.aliadospuebla.com\/web2017\/wp-content\/uploads\/2021\/06\/010-Nacho-Mier-Velasco.jpg","contentUrl":"https:\/\/www.aliadospuebla.com\/web2017\/wp-content\/uploads\/2021\/06\/010-Nacho-Mier-Velasco.jpg","width":600,"height":450},{"@type":"BreadcrumbList","@id":"https:\/\/www.aliadospuebla.com\/?p=58253#breadcrumb","itemListElement":[{"@type":"ListItem","position":1,"name":"Portada","item":"https:\/\/www.aliadospuebla.com\/"},{"@type":"ListItem","position":2,"name":"Nacho Mier y su ej\u00e9rcito al 2024"}]},{"@type":"WebSite","@id":"https:\/\/www.aliadospuebla.com\/#website","url":"https:\/\/www.aliadospuebla.com\/","name":"AliadosPuebla","description":"La informaci\u00f3n en tus manos","potentialAction":[{"@type":"SearchAction","target":{"@type":"EntryPoint","urlTemplate":"https:\/\/www.aliadospuebla.com\/?s={search_term_string}"},"query-input":{"@type":"PropertyValueSpecification","valueRequired":true,"valueName":"search_term_string"}}],"inLanguage":"es"},{"@type":"Person","@id":"https:\/\/www.aliadospuebla.com\/#\/schema\/person\/5da7dd09320bd4f392b710017ed5f8ad","name":"Aliados17","image":{"@type":"ImageObject","inLanguage":"es","@id":"https:\/\/www.aliadospuebla.com\/web2017\/wp-content\/uploads\/2025\/03\/cropped-para-perfil-8-anos-1-96x96.jpg","url":"https:\/\/www.aliadospuebla.com\/web2017\/wp-content\/uploads\/2025\/03\/cropped-para-perfil-8-anos-1-96x96.jpg","contentUrl":"https:\/\/www.aliadospuebla.com\/web2017\/wp-content\/uploads\/2025\/03\/cropped-para-perfil-8-anos-1-96x96.jpg","caption":"Aliados17"},"sameAs":["https:\/\/www.aliados17.com","https:\/\/www.facebook.com\/Aliados17Pue","https:\/\/x.com\/AliadosPuebla"],"url":"https:\/\/www.aliadospuebla.com\/?author=2"}]}},"views":100,"_links":{"self":[{"href":"https:\/\/www.aliadospuebla.com\/index.php?rest_route=\/wp\/v2\/posts\/58253","targetHints":{"allow":["GET"]}}],"collection":[{"href":"https:\/\/www.aliadospuebla.com\/index.php?rest_route=\/wp\/v2\/posts"}],"about":[{"href":"https:\/\/www.aliadospuebla.com\/index.php?rest_route=\/wp\/v2\/types\/post"}],"author":[{"embeddable":true,"href":"https:\/\/www.aliadospuebla.com\/index.php?rest_route=\/wp\/v2\/users\/2"}],"replies":[{"embeddable":true,"href":"https:\/\/www.aliadospuebla.com\/index.php?rest_route=%2Fwp%2Fv2%2Fcomments&post=58253"}],"version-history":[{"count":1,"href":"https:\/\/www.aliadospuebla.com\/index.php?rest_route=\/wp\/v2\/posts\/58253\/revisions"}],"predecessor-version":[{"id":58255,"href":"https:\/\/www.aliadospuebla.com\/index.php?rest_route=\/wp\/v2\/posts\/58253\/revisions\/58255"}],"wp:featuredmedia":[{"embeddable":true,"href":"https:\/\/www.aliadospuebla.com\/index.php?rest_route=\/wp\/v2\/media\/58254"}],"wp:attachment":[{"href":"https:\/\/www.aliadospuebla.com\/index.php?rest_route=%2Fwp%2Fv2%2Fmedia&parent=58253"}],"wp:term":[{"taxonomy":"category","embeddable":true,"href":"https:\/\/www.aliadospuebla.com\/index.php?rest_route=%2Fwp%2Fv2%2Fcategories&post=58253"},{"taxonomy":"post_tag","embeddable":true,"href":"https:\/\/www.aliadospuebla.com\/index.php?rest_route=%2Fwp%2Fv2%2Ftags&post=58253"}],"curies":[{"name":"wp","href":"https:\/\/api.w.org\/{rel}","templated":true}]}}