{"id":57729,"date":"2021-06-02T21:54:58","date_gmt":"2021-06-03T02:54:58","guid":{"rendered":"https:\/\/www.aliados17.com\/?p=57729"},"modified":"2021-06-02T21:54:58","modified_gmt":"2021-06-03T02:54:58","slug":"recomienda-sesa-mantener-uso-de-cubrebocas-en-espacios-publicos","status":"publish","type":"post","link":"https:\/\/www.aliadospuebla.com\/?p=57729","title":{"rendered":"RECOMIENDA SESA MANTENER USO DE  CUBREBOCAS EN ESPACIOS P\u00daBLICOS"},"content":{"rendered":"<p>La Secretar\u00eda de Salud del Estado (SESA) recomienda a la poblaci\u00f3n mantener el uso de cubrebocas en espacios p\u00fablicos, como medida fundamental para prevenir contagios de Covid-19.<\/p>\n<p>&nbsp;<\/p>\n<p>La dependencia estatal exhorta a seguir fomentando el uso de cubrebocas, sobre todo en personas que por cuestiones laborales deben salir de casa, adem\u00e1s de no relajar las medidas preventivas y de sanidad, ya que son las principales barreras de protecci\u00f3n.<\/p>\n<p>&nbsp;<\/p>\n<p>La SESA asegur\u00f3 que el cubrebocas sirve para protecci\u00f3n personal y de otras personas en nuestro entorno y su efectividad depender\u00e1 de su correcto uso.<\/p>\n<p>&nbsp;<\/p>\n<p>La Secretar\u00eda de Salud tambi\u00e9n consider\u00f3 importante cambiar el cubrebocas cuando: se humedeci\u00f3, si se coloc\u00f3 en el cuello, cabeza o si se retir\u00f3 por alguna raz\u00f3n, o bien, si est\u00e1 roto o desgastado, as\u00ed como despu\u00e9s de visitar a un enfermo.<\/p>\n<p>.<\/p>\n<p>Para el uso correcto del cubrebocas, la dependencia reiter\u00f3 que se deben seguir los siguientes pasos: lavarse las manos antes de colocarlo, revisar cu\u00e1l es lado correcto (las costuras gruesas corresponden a la parte interna del cubrebocas), pasar por la cabeza las bandas el\u00e1sticas y colocarlo cubriendo completamente nariz y boca.<\/p>\n<p>&nbsp;<\/p>\n<p>Tambi\u00e9n es importante no tocar el cubrebocas mientras se traiga puesto, y si tiene que hacerlo debe lavarse las manos, no compartirlo, el cubrebocas debe tapar boca, nariz y al toser y estornudar debe hacerlo con el \u00e1ngulo interno del brazo.<\/p>\n<p>&nbsp;<\/p>\n<p>Asimismo, se recomienda evitar el contacto directo con cualquier persona que presente s\u00edntomas similares a los de la gripe, resfriado y Covid-19.<\/p>\n<p>&nbsp;<\/p>\n<p>En caso de presentar fiebre, tos o dificultad para respirar, la SESA recomienda acudir a la unidad de salud m\u00e1s cercana para recibir atenci\u00f3n m\u00e9dica.<\/p>\n","protected":false},"excerpt":{"rendered":"<p>La Secretar\u00eda de Salud del Estado (SESA) recomienda a la poblaci\u00f3n mantener el uso de cubrebocas en espacios p\u00fablicos, como medida fundamental para prevenir contagios de Covid-19. &nbsp; La dependencia estatal exhorta a seguir fomentando el uso de cubrebocas, sobre todo en personas que por cuestiones laborales deben salir de casa, adem\u00e1s de no relajar las medidas preventivas y de sanidad, ya que son las principales barreras de protecci\u00f3n. &nbsp; La SESA asegur\u00f3 que el cubrebocas sirve para protecci\u00f3n personal y de otras personas en nuestro entorno y su efectividad depender\u00e1 de su correcto uso. &nbsp; La Secretar\u00eda de Salud tambi\u00e9n consider\u00f3 importante cambiar el cubrebocas cuando: se humedeci\u00f3, si se coloc\u00f3 en el cuello, cabeza o si se retir\u00f3 por alguna raz\u00f3n, o bien,&hellip;<\/p>\n<p class=\"excerpt-more\"><a class=\"blog-excerpt button\" href=\"https:\/\/www.aliadospuebla.com\/?p=57729\">Leer m\u00e1s&#8230;<\/a><\/p>\n","protected":false},"author":3,"featured_media":57730,"comment_status":"open","ping_status":"open","sticky":false,"template":"","format":"standard","meta":{"_monsterinsights_skip_tracking":false,"footnotes":""},"categories":[8304],"tags":[171,56,8367,72,365,8355,319],"class_list":["post-57729","post","type-post","status-publish","format-standard","has-post-thumbnail","hentry","category-nacional","tag-ayuntamiento","tag-capital","tag-marco-mena","tag-puebla","tag-salud","tag-sesa","tag-tlaxcala"],"yoast_head":"<!-- This site is optimized with the Yoast SEO plugin v28.4 - https:\/\/yoast.com\/product\/yoast-seo-wordpress\/ -->\n<title>RECOMIENDA SESA MANTENER USO DE CUBREBOCAS EN ESPACIOS P\u00daBLICOS - AliadosPuebla<\/title>\n<meta name=\"robots\" content=\"index, follow, max-snippet:-1, max-image-preview:large, max-video-preview:-1\" \/>\n<link rel=\"canonical\" href=\"https:\/\/www.aliadospuebla.com\/?p=57729\" \/>\n<meta property=\"og:locale\" content=\"es_ES\" \/>\n<meta property=\"og:type\" content=\"article\" \/>\n<meta property=\"og:title\" content=\"RECOMIENDA SESA MANTENER USO DE CUBREBOCAS EN ESPACIOS P\u00daBLICOS - AliadosPuebla\" \/>\n<meta property=\"og:description\" content=\"La Secretar\u00eda de Salud del Estado (SESA) recomienda a la poblaci\u00f3n mantener el uso de cubrebocas en espacios p\u00fablicos, como medida fundamental para prevenir contagios de Covid-19. &nbsp; La dependencia estatal exhorta a seguir fomentando el uso de cubrebocas, sobre todo en personas que por cuestiones laborales deben salir de casa, adem\u00e1s de no relajar las medidas preventivas y de sanidad, ya que son las principales barreras de protecci\u00f3n. &nbsp; La SESA asegur\u00f3 que el cubrebocas sirve para protecci\u00f3n personal y de otras personas en nuestro entorno y su efectividad depender\u00e1 de su correcto uso. &nbsp; La Secretar\u00eda de Salud tambi\u00e9n consider\u00f3 importante cambiar el cubrebocas cuando: se humedeci\u00f3, si se coloc\u00f3 en el cuello, cabeza o si se retir\u00f3 por alguna raz\u00f3n, o bien,&hellip;Leer m\u00e1s...\" \/>\n<meta property=\"og:url\" content=\"https:\/\/www.aliadospuebla.com\/?p=57729\" \/>\n<meta property=\"og:site_name\" content=\"AliadosPuebla\" \/>\n<meta property=\"article:published_time\" content=\"2021-06-03T02:54:58+00:00\" \/>\n<meta property=\"og:image\" content=\"https:\/\/www.aliadospuebla.com\/web2017\/wp-content\/uploads\/2021\/06\/TLAX-1.jpg\" \/>\n\t<meta property=\"og:image:width\" content=\"600\" \/>\n\t<meta property=\"og:image:height\" content=\"450\" \/>\n\t<meta property=\"og:image:type\" content=\"image\/jpeg\" \/>\n<meta name=\"author\" content=\"Aliados Videos\" \/>\n<meta name=\"twitter:card\" content=\"summary_large_image\" \/>\n<meta name=\"twitter:label1\" content=\"Escrito por\" \/>\n\t<meta name=\"twitter:data1\" content=\"Aliados Videos\" \/>\n\t<meta name=\"twitter:label2\" content=\"Tiempo de lectura\" \/>\n\t<meta name=\"twitter:data2\" content=\"1 minuto\" \/>\n<script type=\"application\/ld+json\" class=\"yoast-schema-graph\">{\"@context\":\"https:\\\/\\\/schema.org\",\"@graph\":[{\"@type\":\"Article\",\"@id\":\"https:\\\/\\\/www.aliadospuebla.com\\\/?p=57729#article\",\"isPartOf\":{\"@id\":\"https:\\\/\\\/www.aliadospuebla.com\\\/?p=57729\"},\"author\":{\"name\":\"Aliados Videos\",\"@id\":\"https:\\\/\\\/www.aliadospuebla.com\\\/#\\\/schema\\\/person\\\/0fd017f23cc5c3f7988d5d58850eec8e\"},\"headline\":\"RECOMIENDA SESA MANTENER USO DE CUBREBOCAS EN ESPACIOS P\u00daBLICOS\",\"datePublished\":\"2021-06-03T02:54:58+00:00\",\"mainEntityOfPage\":{\"@id\":\"https:\\\/\\\/www.aliadospuebla.com\\\/?p=57729\"},\"wordCount\":307,\"commentCount\":0,\"image\":{\"@id\":\"https:\\\/\\\/www.aliadospuebla.com\\\/?p=57729#primaryimage\"},\"thumbnailUrl\":\"https:\\\/\\\/www.aliadospuebla.com\\\/web2017\\\/wp-content\\\/uploads\\\/2021\\\/06\\\/TLAX-1.jpg\",\"keywords\":[\"Ayuntamiento\",\"capital\",\"MARCO MENA\",\"Puebla\",\"SALUD\",\"SESA\",\"TLAXCALA\"],\"articleSection\":[\"Nacional\"],\"inLanguage\":\"es\",\"potentialAction\":[{\"@type\":\"CommentAction\",\"name\":\"Comment\",\"target\":[\"https:\\\/\\\/www.aliadospuebla.com\\\/?p=57729#respond\"]}]},{\"@type\":\"WebPage\",\"@id\":\"https:\\\/\\\/www.aliadospuebla.com\\\/?p=57729\",\"url\":\"https:\\\/\\\/www.aliadospuebla.com\\\/?p=57729\",\"name\":\"RECOMIENDA SESA MANTENER USO DE CUBREBOCAS EN ESPACIOS P\u00daBLICOS - AliadosPuebla\",\"isPartOf\":{\"@id\":\"https:\\\/\\\/www.aliadospuebla.com\\\/#website\"},\"primaryImageOfPage\":{\"@id\":\"https:\\\/\\\/www.aliadospuebla.com\\\/?p=57729#primaryimage\"},\"image\":{\"@id\":\"https:\\\/\\\/www.aliadospuebla.com\\\/?p=57729#primaryimage\"},\"thumbnailUrl\":\"https:\\\/\\\/www.aliadospuebla.com\\\/web2017\\\/wp-content\\\/uploads\\\/2021\\\/06\\\/TLAX-1.jpg\",\"datePublished\":\"2021-06-03T02:54:58+00:00\",\"author\":{\"@id\":\"https:\\\/\\\/www.aliadospuebla.com\\\/#\\\/schema\\\/person\\\/0fd017f23cc5c3f7988d5d58850eec8e\"},\"breadcrumb\":{\"@id\":\"https:\\\/\\\/www.aliadospuebla.com\\\/?p=57729#breadcrumb\"},\"inLanguage\":\"es\",\"potentialAction\":[{\"@type\":\"ReadAction\",\"target\":[\"https:\\\/\\\/www.aliadospuebla.com\\\/?p=57729\"]}]},{\"@type\":\"ImageObject\",\"inLanguage\":\"es\",\"@id\":\"https:\\\/\\\/www.aliadospuebla.com\\\/?p=57729#primaryimage\",\"url\":\"https:\\\/\\\/www.aliadospuebla.com\\\/web2017\\\/wp-content\\\/uploads\\\/2021\\\/06\\\/TLAX-1.jpg\",\"contentUrl\":\"https:\\\/\\\/www.aliadospuebla.com\\\/web2017\\\/wp-content\\\/uploads\\\/2021\\\/06\\\/TLAX-1.jpg\",\"width\":600,\"height\":450},{\"@type\":\"BreadcrumbList\",\"@id\":\"https:\\\/\\\/www.aliadospuebla.com\\\/?p=57729#breadcrumb\",\"itemListElement\":[{\"@type\":\"ListItem\",\"position\":1,\"name\":\"Portada\",\"item\":\"https:\\\/\\\/www.aliadospuebla.com\\\/\"},{\"@type\":\"ListItem\",\"position\":2,\"name\":\"RECOMIENDA SESA MANTENER USO DE CUBREBOCAS EN ESPACIOS P\u00daBLICOS\"}]},{\"@type\":\"WebSite\",\"@id\":\"https:\\\/\\\/www.aliadospuebla.com\\\/#website\",\"url\":\"https:\\\/\\\/www.aliadospuebla.com\\\/\",\"name\":\"AliadosPuebla\",\"description\":\"La informaci\u00f3n en tus manos\",\"potentialAction\":[{\"@type\":\"SearchAction\",\"target\":{\"@type\":\"EntryPoint\",\"urlTemplate\":\"https:\\\/\\\/www.aliadospuebla.com\\\/?s={search_term_string}\"},\"query-input\":{\"@type\":\"PropertyValueSpecification\",\"valueRequired\":true,\"valueName\":\"search_term_string\"}}],\"inLanguage\":\"es\"},{\"@type\":\"Person\",\"@id\":\"https:\\\/\\\/www.aliadospuebla.com\\\/#\\\/schema\\\/person\\\/0fd017f23cc5c3f7988d5d58850eec8e\",\"name\":\"Aliados Videos\",\"image\":{\"@type\":\"ImageObject\",\"inLanguage\":\"es\",\"@id\":\"https:\\\/\\\/secure.gravatar.com\\\/avatar\\\/42b92de8b2d8339e1e824f3a73ab023a0bec0ee2e3920248085eb1f3160b4083?s=96&d=mm&r=g\",\"url\":\"https:\\\/\\\/secure.gravatar.com\\\/avatar\\\/42b92de8b2d8339e1e824f3a73ab023a0bec0ee2e3920248085eb1f3160b4083?s=96&d=mm&r=g\",\"contentUrl\":\"https:\\\/\\\/secure.gravatar.com\\\/avatar\\\/42b92de8b2d8339e1e824f3a73ab023a0bec0ee2e3920248085eb1f3160b4083?s=96&d=mm&r=g\",\"caption\":\"Aliados Videos\"},\"url\":\"https:\\\/\\\/www.aliadospuebla.com\\\/?author=3\"}]}<\/script>\n<!-- \/ Yoast SEO plugin. -->","yoast_head_json":{"title":"RECOMIENDA SESA MANTENER USO DE CUBREBOCAS EN ESPACIOS P\u00daBLICOS - AliadosPuebla","robots":{"index":"index","follow":"follow","max-snippet":"max-snippet:-1","max-image-preview":"max-image-preview:large","max-video-preview":"max-video-preview:-1"},"canonical":"https:\/\/www.aliadospuebla.com\/?p=57729","og_locale":"es_ES","og_type":"article","og_title":"RECOMIENDA SESA MANTENER USO DE CUBREBOCAS EN ESPACIOS P\u00daBLICOS - AliadosPuebla","og_description":"La Secretar\u00eda de Salud del Estado (SESA) recomienda a la poblaci\u00f3n mantener el uso de cubrebocas en espacios p\u00fablicos, como medida fundamental para prevenir contagios de Covid-19. &nbsp; La dependencia estatal exhorta a seguir fomentando el uso de cubrebocas, sobre todo en personas que por cuestiones laborales deben salir de casa, adem\u00e1s de no relajar las medidas preventivas y de sanidad, ya que son las principales barreras de protecci\u00f3n. &nbsp; La SESA asegur\u00f3 que el cubrebocas sirve para protecci\u00f3n personal y de otras personas en nuestro entorno y su efectividad depender\u00e1 de su correcto uso. &nbsp; La Secretar\u00eda de Salud tambi\u00e9n consider\u00f3 importante cambiar el cubrebocas cuando: se humedeci\u00f3, si se coloc\u00f3 en el cuello, cabeza o si se retir\u00f3 por alguna raz\u00f3n, o bien,&hellip;Leer m\u00e1s...","og_url":"https:\/\/www.aliadospuebla.com\/?p=57729","og_site_name":"AliadosPuebla","article_published_time":"2021-06-03T02:54:58+00:00","og_image":[{"width":600,"height":450,"url":"https:\/\/www.aliadospuebla.com\/web2017\/wp-content\/uploads\/2021\/06\/TLAX-1.jpg","type":"image\/jpeg"}],"author":"Aliados Videos","twitter_card":"summary_large_image","twitter_misc":{"Escrito por":"Aliados Videos","Tiempo de lectura":"1 minuto"},"schema":{"@context":"https:\/\/schema.org","@graph":[{"@type":"Article","@id":"https:\/\/www.aliadospuebla.com\/?p=57729#article","isPartOf":{"@id":"https:\/\/www.aliadospuebla.com\/?p=57729"},"author":{"name":"Aliados Videos","@id":"https:\/\/www.aliadospuebla.com\/#\/schema\/person\/0fd017f23cc5c3f7988d5d58850eec8e"},"headline":"RECOMIENDA SESA MANTENER USO DE CUBREBOCAS EN ESPACIOS P\u00daBLICOS","datePublished":"2021-06-03T02:54:58+00:00","mainEntityOfPage":{"@id":"https:\/\/www.aliadospuebla.com\/?p=57729"},"wordCount":307,"commentCount":0,"image":{"@id":"https:\/\/www.aliadospuebla.com\/?p=57729#primaryimage"},"thumbnailUrl":"https:\/\/www.aliadospuebla.com\/web2017\/wp-content\/uploads\/2021\/06\/TLAX-1.jpg","keywords":["Ayuntamiento","capital","MARCO MENA","Puebla","SALUD","SESA","TLAXCALA"],"articleSection":["Nacional"],"inLanguage":"es","potentialAction":[{"@type":"CommentAction","name":"Comment","target":["https:\/\/www.aliadospuebla.com\/?p=57729#respond"]}]},{"@type":"WebPage","@id":"https:\/\/www.aliadospuebla.com\/?p=57729","url":"https:\/\/www.aliadospuebla.com\/?p=57729","name":"RECOMIENDA SESA MANTENER USO DE CUBREBOCAS EN ESPACIOS P\u00daBLICOS - AliadosPuebla","isPartOf":{"@id":"https:\/\/www.aliadospuebla.com\/#website"},"primaryImageOfPage":{"@id":"https:\/\/www.aliadospuebla.com\/?p=57729#primaryimage"},"image":{"@id":"https:\/\/www.aliadospuebla.com\/?p=57729#primaryimage"},"thumbnailUrl":"https:\/\/www.aliadospuebla.com\/web2017\/wp-content\/uploads\/2021\/06\/TLAX-1.jpg","datePublished":"2021-06-03T02:54:58+00:00","author":{"@id":"https:\/\/www.aliadospuebla.com\/#\/schema\/person\/0fd017f23cc5c3f7988d5d58850eec8e"},"breadcrumb":{"@id":"https:\/\/www.aliadospuebla.com\/?p=57729#breadcrumb"},"inLanguage":"es","potentialAction":[{"@type":"ReadAction","target":["https:\/\/www.aliadospuebla.com\/?p=57729"]}]},{"@type":"ImageObject","inLanguage":"es","@id":"https:\/\/www.aliadospuebla.com\/?p=57729#primaryimage","url":"https:\/\/www.aliadospuebla.com\/web2017\/wp-content\/uploads\/2021\/06\/TLAX-1.jpg","contentUrl":"https:\/\/www.aliadospuebla.com\/web2017\/wp-content\/uploads\/2021\/06\/TLAX-1.jpg","width":600,"height":450},{"@type":"BreadcrumbList","@id":"https:\/\/www.aliadospuebla.com\/?p=57729#breadcrumb","itemListElement":[{"@type":"ListItem","position":1,"name":"Portada","item":"https:\/\/www.aliadospuebla.com\/"},{"@type":"ListItem","position":2,"name":"RECOMIENDA SESA MANTENER USO DE CUBREBOCAS EN ESPACIOS P\u00daBLICOS"}]},{"@type":"WebSite","@id":"https:\/\/www.aliadospuebla.com\/#website","url":"https:\/\/www.aliadospuebla.com\/","name":"AliadosPuebla","description":"La informaci\u00f3n en tus manos","potentialAction":[{"@type":"SearchAction","target":{"@type":"EntryPoint","urlTemplate":"https:\/\/www.aliadospuebla.com\/?s={search_term_string}"},"query-input":{"@type":"PropertyValueSpecification","valueRequired":true,"valueName":"search_term_string"}}],"inLanguage":"es"},{"@type":"Person","@id":"https:\/\/www.aliadospuebla.com\/#\/schema\/person\/0fd017f23cc5c3f7988d5d58850eec8e","name":"Aliados Videos","image":{"@type":"ImageObject","inLanguage":"es","@id":"https:\/\/secure.gravatar.com\/avatar\/42b92de8b2d8339e1e824f3a73ab023a0bec0ee2e3920248085eb1f3160b4083?s=96&d=mm&r=g","url":"https:\/\/secure.gravatar.com\/avatar\/42b92de8b2d8339e1e824f3a73ab023a0bec0ee2e3920248085eb1f3160b4083?s=96&d=mm&r=g","contentUrl":"https:\/\/secure.gravatar.com\/avatar\/42b92de8b2d8339e1e824f3a73ab023a0bec0ee2e3920248085eb1f3160b4083?s=96&d=mm&r=g","caption":"Aliados Videos"},"url":"https:\/\/www.aliadospuebla.com\/?author=3"}]}},"views":20,"_links":{"self":[{"href":"https:\/\/www.aliadospuebla.com\/index.php?rest_route=\/wp\/v2\/posts\/57729","targetHints":{"allow":["GET"]}}],"collection":[{"href":"https:\/\/www.aliadospuebla.com\/index.php?rest_route=\/wp\/v2\/posts"}],"about":[{"href":"https:\/\/www.aliadospuebla.com\/index.php?rest_route=\/wp\/v2\/types\/post"}],"author":[{"embeddable":true,"href":"https:\/\/www.aliadospuebla.com\/index.php?rest_route=\/wp\/v2\/users\/3"}],"replies":[{"embeddable":true,"href":"https:\/\/www.aliadospuebla.com\/index.php?rest_route=%2Fwp%2Fv2%2Fcomments&post=57729"}],"version-history":[{"count":1,"href":"https:\/\/www.aliadospuebla.com\/index.php?rest_route=\/wp\/v2\/posts\/57729\/revisions"}],"predecessor-version":[{"id":57731,"href":"https:\/\/www.aliadospuebla.com\/index.php?rest_route=\/wp\/v2\/posts\/57729\/revisions\/57731"}],"wp:featuredmedia":[{"embeddable":true,"href":"https:\/\/www.aliadospuebla.com\/index.php?rest_route=\/wp\/v2\/media\/57730"}],"wp:attachment":[{"href":"https:\/\/www.aliadospuebla.com\/index.php?rest_route=%2Fwp%2Fv2%2Fmedia&parent=57729"}],"wp:term":[{"taxonomy":"category","embeddable":true,"href":"https:\/\/www.aliadospuebla.com\/index.php?rest_route=%2Fwp%2Fv2%2Fcategories&post=57729"},{"taxonomy":"post_tag","embeddable":true,"href":"https:\/\/www.aliadospuebla.com\/index.php?rest_route=%2Fwp%2Fv2%2Ftags&post=57729"}],"curies":[{"name":"wp","href":"https:\/\/api.w.org\/{rel}","templated":true}]}}