{"id":57180,"date":"2021-05-24T16:05:02","date_gmt":"2021-05-24T21:05:02","guid":{"rendered":"https:\/\/www.aliados17.com\/?p=57180"},"modified":"2021-05-24T16:05:02","modified_gmt":"2021-05-24T21:05:02","slug":"sigamos-avanzando-de-la-mano-de-valente-sevilla-proximo-presidente-por-el-partido-rsp","status":"publish","type":"post","link":"https:\/\/www.aliadospuebla.com\/?p=57180","title":{"rendered":"Sigamos avanzando de la mano de Valente Sevilla pr\u00f3ximo presidente por el partido (RSP)"},"content":{"rendered":"<div>De acuerdo con la agenda de trabajo el candidato a la Presidencia Municipal por el Partido Redes Sociales Progresistas (RSP), Valente Sevilla Bravo junto con su equipo de contienda continu\u00f3 con las visitas a las colonias de Metepec, Santa Lucia Cosamaloapan, entre otras para presentar a los habitantes sus propuestas de trabajo, con el que mejorar\u00e1 la calidad de vida de todos los sectores poblacionales, adem\u00e1s hubo aceptaci\u00f3n por parte de los habitantes.<\/div>\n<div>\n\u201cEn nuestro gobierno queremos que los ciudadanos se unan a este proyecto, para que trabajemos juntos de la mano, de ciudadano a ciudadano, pues tengo la certeza de que juntos y organizados, ser\u00e1 posible convertir a Atlixco en un municipio de bienestar y desarrollo\u201d, coment\u00f3 el candidato Valent\u00edn Sevilla durante las visitas.<\/p>\n<p>Finalmente asisti\u00f3 al Recreo comunidad peque\u00f1a, pero con ciudadanos que tienen necesidades grandes ya que debido a ser un lugar alejado de la ciudad no cuenta con los recursos necesarios y existe una gran variedad de carencias en los diferentes \u00e1mbitos como la infraestructura y la agricultura.<b><br \/>\n<\/b><\/div>\n<div><\/div>\n","protected":false},"excerpt":{"rendered":"<p>De acuerdo con la agenda de trabajo el candidato a la Presidencia Municipal por el Partido Redes Sociales Progresistas (RSP), Valente Sevilla Bravo junto con su equipo de contienda continu\u00f3 con las visitas a las colonias de Metepec, Santa Lucia Cosamaloapan, entre otras para presentar a los habitantes sus propuestas de trabajo, con el que mejorar\u00e1 la calidad de vida de todos los sectores poblacionales, adem\u00e1s hubo aceptaci\u00f3n por parte de los habitantes. \u201cEn nuestro gobierno queremos que los ciudadanos se unan a este proyecto, para que trabajemos juntos de la mano, de ciudadano a ciudadano, pues tengo la certeza de que juntos y organizados, ser\u00e1 posible convertir a Atlixco en un municipio de bienestar y desarrollo\u201d, coment\u00f3 el candidato Valent\u00edn Sevilla durante las visitas.&hellip;<\/p>\n<p class=\"excerpt-more\"><a class=\"blog-excerpt button\" href=\"https:\/\/www.aliadospuebla.com\/?p=57180\">Leer m\u00e1s&#8230;<\/a><\/p>\n","protected":false},"author":3,"featured_media":57181,"comment_status":"open","ping_status":"open","sticky":false,"template":"","format":"standard","meta":{"_monsterinsights_skip_tracking":false,"footnotes":""},"categories":[6],"tags":[348,56,72,12638,13241],"class_list":["post-57180","post","type-post","status-publish","format-standard","has-post-thumbnail","hentry","category-politica","tag-atlixco","tag-capital","tag-puebla","tag-redes-sociales-progresistas","tag-rsp"],"yoast_head":"<!-- This site is optimized with the Yoast SEO plugin v28.4 - https:\/\/yoast.com\/product\/yoast-seo-wordpress\/ -->\n<title>Sigamos avanzando de la mano de Valente Sevilla pr\u00f3ximo presidente por el partido (RSP) - AliadosPuebla<\/title>\n<meta name=\"robots\" content=\"index, follow, max-snippet:-1, max-image-preview:large, max-video-preview:-1\" \/>\n<link rel=\"canonical\" href=\"https:\/\/www.aliadospuebla.com\/?p=57180\" \/>\n<meta property=\"og:locale\" content=\"es_ES\" \/>\n<meta property=\"og:type\" content=\"article\" \/>\n<meta property=\"og:title\" content=\"Sigamos avanzando de la mano de Valente Sevilla pr\u00f3ximo presidente por el partido (RSP) - AliadosPuebla\" \/>\n<meta property=\"og:description\" content=\"De acuerdo con la agenda de trabajo el candidato a la Presidencia Municipal por el Partido Redes Sociales Progresistas (RSP), Valente Sevilla Bravo junto con su equipo de contienda continu\u00f3 con las visitas a las colonias de Metepec, Santa Lucia Cosamaloapan, entre otras para presentar a los habitantes sus propuestas de trabajo, con el que mejorar\u00e1 la calidad de vida de todos los sectores poblacionales, adem\u00e1s hubo aceptaci\u00f3n por parte de los habitantes. \u201cEn nuestro gobierno queremos que los ciudadanos se unan a este proyecto, para que trabajemos juntos de la mano, de ciudadano a ciudadano, pues tengo la certeza de que juntos y organizados, ser\u00e1 posible convertir a Atlixco en un municipio de bienestar y desarrollo\u201d, coment\u00f3 el candidato Valent\u00edn Sevilla durante las visitas.&hellip;Leer m\u00e1s...\" \/>\n<meta property=\"og:url\" content=\"https:\/\/www.aliadospuebla.com\/?p=57180\" \/>\n<meta property=\"og:site_name\" content=\"AliadosPuebla\" \/>\n<meta property=\"article:published_time\" content=\"2021-05-24T21:05:02+00:00\" \/>\n<meta property=\"og:image\" content=\"https:\/\/www.aliadospuebla.com\/web2017\/wp-content\/uploads\/2021\/05\/RSP-4.jpg\" \/>\n\t<meta property=\"og:image:width\" content=\"600\" \/>\n\t<meta property=\"og:image:height\" content=\"450\" \/>\n\t<meta property=\"og:image:type\" content=\"image\/jpeg\" \/>\n<meta name=\"author\" content=\"Aliados Videos\" \/>\n<meta name=\"twitter:card\" content=\"summary_large_image\" \/>\n<meta name=\"twitter:label1\" content=\"Escrito por\" \/>\n\t<meta name=\"twitter:data1\" content=\"Aliados Videos\" \/>\n\t<meta name=\"twitter:label2\" content=\"Tiempo de lectura\" \/>\n\t<meta name=\"twitter:data2\" content=\"1 minuto\" \/>\n<script type=\"application\/ld+json\" class=\"yoast-schema-graph\">{\"@context\":\"https:\\\/\\\/schema.org\",\"@graph\":[{\"@type\":\"Article\",\"@id\":\"https:\\\/\\\/www.aliadospuebla.com\\\/?p=57180#article\",\"isPartOf\":{\"@id\":\"https:\\\/\\\/www.aliadospuebla.com\\\/?p=57180\"},\"author\":{\"name\":\"Aliados Videos\",\"@id\":\"https:\\\/\\\/www.aliadospuebla.com\\\/#\\\/schema\\\/person\\\/0fd017f23cc5c3f7988d5d58850eec8e\"},\"headline\":\"Sigamos avanzando de la mano de Valente Sevilla pr\u00f3ximo presidente por el partido (RSP)\",\"datePublished\":\"2021-05-24T21:05:02+00:00\",\"mainEntityOfPage\":{\"@id\":\"https:\\\/\\\/www.aliadospuebla.com\\\/?p=57180\"},\"wordCount\":191,\"commentCount\":0,\"image\":{\"@id\":\"https:\\\/\\\/www.aliadospuebla.com\\\/?p=57180#primaryimage\"},\"thumbnailUrl\":\"https:\\\/\\\/www.aliadospuebla.com\\\/web2017\\\/wp-content\\\/uploads\\\/2021\\\/05\\\/RSP-4.jpg\",\"keywords\":[\"ATLIXCO\",\"capital\",\"Puebla\",\"Redes sociales progresistas\",\"RSP\"],\"articleSection\":[\"Pol\u00edtica\"],\"inLanguage\":\"es\",\"potentialAction\":[{\"@type\":\"CommentAction\",\"name\":\"Comment\",\"target\":[\"https:\\\/\\\/www.aliadospuebla.com\\\/?p=57180#respond\"]}]},{\"@type\":\"WebPage\",\"@id\":\"https:\\\/\\\/www.aliadospuebla.com\\\/?p=57180\",\"url\":\"https:\\\/\\\/www.aliadospuebla.com\\\/?p=57180\",\"name\":\"Sigamos avanzando de la mano de Valente Sevilla pr\u00f3ximo presidente por el partido (RSP) - AliadosPuebla\",\"isPartOf\":{\"@id\":\"https:\\\/\\\/www.aliadospuebla.com\\\/#website\"},\"primaryImageOfPage\":{\"@id\":\"https:\\\/\\\/www.aliadospuebla.com\\\/?p=57180#primaryimage\"},\"image\":{\"@id\":\"https:\\\/\\\/www.aliadospuebla.com\\\/?p=57180#primaryimage\"},\"thumbnailUrl\":\"https:\\\/\\\/www.aliadospuebla.com\\\/web2017\\\/wp-content\\\/uploads\\\/2021\\\/05\\\/RSP-4.jpg\",\"datePublished\":\"2021-05-24T21:05:02+00:00\",\"author\":{\"@id\":\"https:\\\/\\\/www.aliadospuebla.com\\\/#\\\/schema\\\/person\\\/0fd017f23cc5c3f7988d5d58850eec8e\"},\"breadcrumb\":{\"@id\":\"https:\\\/\\\/www.aliadospuebla.com\\\/?p=57180#breadcrumb\"},\"inLanguage\":\"es\",\"potentialAction\":[{\"@type\":\"ReadAction\",\"target\":[\"https:\\\/\\\/www.aliadospuebla.com\\\/?p=57180\"]}]},{\"@type\":\"ImageObject\",\"inLanguage\":\"es\",\"@id\":\"https:\\\/\\\/www.aliadospuebla.com\\\/?p=57180#primaryimage\",\"url\":\"https:\\\/\\\/www.aliadospuebla.com\\\/web2017\\\/wp-content\\\/uploads\\\/2021\\\/05\\\/RSP-4.jpg\",\"contentUrl\":\"https:\\\/\\\/www.aliadospuebla.com\\\/web2017\\\/wp-content\\\/uploads\\\/2021\\\/05\\\/RSP-4.jpg\",\"width\":600,\"height\":450},{\"@type\":\"BreadcrumbList\",\"@id\":\"https:\\\/\\\/www.aliadospuebla.com\\\/?p=57180#breadcrumb\",\"itemListElement\":[{\"@type\":\"ListItem\",\"position\":1,\"name\":\"Portada\",\"item\":\"https:\\\/\\\/www.aliadospuebla.com\\\/\"},{\"@type\":\"ListItem\",\"position\":2,\"name\":\"Sigamos avanzando de la mano de Valente Sevilla pr\u00f3ximo presidente por el partido (RSP)\"}]},{\"@type\":\"WebSite\",\"@id\":\"https:\\\/\\\/www.aliadospuebla.com\\\/#website\",\"url\":\"https:\\\/\\\/www.aliadospuebla.com\\\/\",\"name\":\"AliadosPuebla\",\"description\":\"La informaci\u00f3n en tus manos\",\"potentialAction\":[{\"@type\":\"SearchAction\",\"target\":{\"@type\":\"EntryPoint\",\"urlTemplate\":\"https:\\\/\\\/www.aliadospuebla.com\\\/?s={search_term_string}\"},\"query-input\":{\"@type\":\"PropertyValueSpecification\",\"valueRequired\":true,\"valueName\":\"search_term_string\"}}],\"inLanguage\":\"es\"},{\"@type\":\"Person\",\"@id\":\"https:\\\/\\\/www.aliadospuebla.com\\\/#\\\/schema\\\/person\\\/0fd017f23cc5c3f7988d5d58850eec8e\",\"name\":\"Aliados Videos\",\"image\":{\"@type\":\"ImageObject\",\"inLanguage\":\"es\",\"@id\":\"https:\\\/\\\/secure.gravatar.com\\\/avatar\\\/42b92de8b2d8339e1e824f3a73ab023a0bec0ee2e3920248085eb1f3160b4083?s=96&d=mm&r=g\",\"url\":\"https:\\\/\\\/secure.gravatar.com\\\/avatar\\\/42b92de8b2d8339e1e824f3a73ab023a0bec0ee2e3920248085eb1f3160b4083?s=96&d=mm&r=g\",\"contentUrl\":\"https:\\\/\\\/secure.gravatar.com\\\/avatar\\\/42b92de8b2d8339e1e824f3a73ab023a0bec0ee2e3920248085eb1f3160b4083?s=96&d=mm&r=g\",\"caption\":\"Aliados Videos\"},\"url\":\"https:\\\/\\\/www.aliadospuebla.com\\\/?author=3\"}]}<\/script>\n<!-- \/ Yoast SEO plugin. -->","yoast_head_json":{"title":"Sigamos avanzando de la mano de Valente Sevilla pr\u00f3ximo presidente por el partido (RSP) - AliadosPuebla","robots":{"index":"index","follow":"follow","max-snippet":"max-snippet:-1","max-image-preview":"max-image-preview:large","max-video-preview":"max-video-preview:-1"},"canonical":"https:\/\/www.aliadospuebla.com\/?p=57180","og_locale":"es_ES","og_type":"article","og_title":"Sigamos avanzando de la mano de Valente Sevilla pr\u00f3ximo presidente por el partido (RSP) - AliadosPuebla","og_description":"De acuerdo con la agenda de trabajo el candidato a la Presidencia Municipal por el Partido Redes Sociales Progresistas (RSP), Valente Sevilla Bravo junto con su equipo de contienda continu\u00f3 con las visitas a las colonias de Metepec, Santa Lucia Cosamaloapan, entre otras para presentar a los habitantes sus propuestas de trabajo, con el que mejorar\u00e1 la calidad de vida de todos los sectores poblacionales, adem\u00e1s hubo aceptaci\u00f3n por parte de los habitantes. \u201cEn nuestro gobierno queremos que los ciudadanos se unan a este proyecto, para que trabajemos juntos de la mano, de ciudadano a ciudadano, pues tengo la certeza de que juntos y organizados, ser\u00e1 posible convertir a Atlixco en un municipio de bienestar y desarrollo\u201d, coment\u00f3 el candidato Valent\u00edn Sevilla durante las visitas.&hellip;Leer m\u00e1s...","og_url":"https:\/\/www.aliadospuebla.com\/?p=57180","og_site_name":"AliadosPuebla","article_published_time":"2021-05-24T21:05:02+00:00","og_image":[{"width":600,"height":450,"url":"https:\/\/www.aliadospuebla.com\/web2017\/wp-content\/uploads\/2021\/05\/RSP-4.jpg","type":"image\/jpeg"}],"author":"Aliados Videos","twitter_card":"summary_large_image","twitter_misc":{"Escrito por":"Aliados Videos","Tiempo de lectura":"1 minuto"},"schema":{"@context":"https:\/\/schema.org","@graph":[{"@type":"Article","@id":"https:\/\/www.aliadospuebla.com\/?p=57180#article","isPartOf":{"@id":"https:\/\/www.aliadospuebla.com\/?p=57180"},"author":{"name":"Aliados Videos","@id":"https:\/\/www.aliadospuebla.com\/#\/schema\/person\/0fd017f23cc5c3f7988d5d58850eec8e"},"headline":"Sigamos avanzando de la mano de Valente Sevilla pr\u00f3ximo presidente por el partido (RSP)","datePublished":"2021-05-24T21:05:02+00:00","mainEntityOfPage":{"@id":"https:\/\/www.aliadospuebla.com\/?p=57180"},"wordCount":191,"commentCount":0,"image":{"@id":"https:\/\/www.aliadospuebla.com\/?p=57180#primaryimage"},"thumbnailUrl":"https:\/\/www.aliadospuebla.com\/web2017\/wp-content\/uploads\/2021\/05\/RSP-4.jpg","keywords":["ATLIXCO","capital","Puebla","Redes sociales progresistas","RSP"],"articleSection":["Pol\u00edtica"],"inLanguage":"es","potentialAction":[{"@type":"CommentAction","name":"Comment","target":["https:\/\/www.aliadospuebla.com\/?p=57180#respond"]}]},{"@type":"WebPage","@id":"https:\/\/www.aliadospuebla.com\/?p=57180","url":"https:\/\/www.aliadospuebla.com\/?p=57180","name":"Sigamos avanzando de la mano de Valente Sevilla pr\u00f3ximo presidente por el partido (RSP) - AliadosPuebla","isPartOf":{"@id":"https:\/\/www.aliadospuebla.com\/#website"},"primaryImageOfPage":{"@id":"https:\/\/www.aliadospuebla.com\/?p=57180#primaryimage"},"image":{"@id":"https:\/\/www.aliadospuebla.com\/?p=57180#primaryimage"},"thumbnailUrl":"https:\/\/www.aliadospuebla.com\/web2017\/wp-content\/uploads\/2021\/05\/RSP-4.jpg","datePublished":"2021-05-24T21:05:02+00:00","author":{"@id":"https:\/\/www.aliadospuebla.com\/#\/schema\/person\/0fd017f23cc5c3f7988d5d58850eec8e"},"breadcrumb":{"@id":"https:\/\/www.aliadospuebla.com\/?p=57180#breadcrumb"},"inLanguage":"es","potentialAction":[{"@type":"ReadAction","target":["https:\/\/www.aliadospuebla.com\/?p=57180"]}]},{"@type":"ImageObject","inLanguage":"es","@id":"https:\/\/www.aliadospuebla.com\/?p=57180#primaryimage","url":"https:\/\/www.aliadospuebla.com\/web2017\/wp-content\/uploads\/2021\/05\/RSP-4.jpg","contentUrl":"https:\/\/www.aliadospuebla.com\/web2017\/wp-content\/uploads\/2021\/05\/RSP-4.jpg","width":600,"height":450},{"@type":"BreadcrumbList","@id":"https:\/\/www.aliadospuebla.com\/?p=57180#breadcrumb","itemListElement":[{"@type":"ListItem","position":1,"name":"Portada","item":"https:\/\/www.aliadospuebla.com\/"},{"@type":"ListItem","position":2,"name":"Sigamos avanzando de la mano de Valente Sevilla pr\u00f3ximo presidente por el partido (RSP)"}]},{"@type":"WebSite","@id":"https:\/\/www.aliadospuebla.com\/#website","url":"https:\/\/www.aliadospuebla.com\/","name":"AliadosPuebla","description":"La informaci\u00f3n en tus manos","potentialAction":[{"@type":"SearchAction","target":{"@type":"EntryPoint","urlTemplate":"https:\/\/www.aliadospuebla.com\/?s={search_term_string}"},"query-input":{"@type":"PropertyValueSpecification","valueRequired":true,"valueName":"search_term_string"}}],"inLanguage":"es"},{"@type":"Person","@id":"https:\/\/www.aliadospuebla.com\/#\/schema\/person\/0fd017f23cc5c3f7988d5d58850eec8e","name":"Aliados Videos","image":{"@type":"ImageObject","inLanguage":"es","@id":"https:\/\/secure.gravatar.com\/avatar\/42b92de8b2d8339e1e824f3a73ab023a0bec0ee2e3920248085eb1f3160b4083?s=96&d=mm&r=g","url":"https:\/\/secure.gravatar.com\/avatar\/42b92de8b2d8339e1e824f3a73ab023a0bec0ee2e3920248085eb1f3160b4083?s=96&d=mm&r=g","contentUrl":"https:\/\/secure.gravatar.com\/avatar\/42b92de8b2d8339e1e824f3a73ab023a0bec0ee2e3920248085eb1f3160b4083?s=96&d=mm&r=g","caption":"Aliados Videos"},"url":"https:\/\/www.aliadospuebla.com\/?author=3"}]}},"views":9,"_links":{"self":[{"href":"https:\/\/www.aliadospuebla.com\/index.php?rest_route=\/wp\/v2\/posts\/57180","targetHints":{"allow":["GET"]}}],"collection":[{"href":"https:\/\/www.aliadospuebla.com\/index.php?rest_route=\/wp\/v2\/posts"}],"about":[{"href":"https:\/\/www.aliadospuebla.com\/index.php?rest_route=\/wp\/v2\/types\/post"}],"author":[{"embeddable":true,"href":"https:\/\/www.aliadospuebla.com\/index.php?rest_route=\/wp\/v2\/users\/3"}],"replies":[{"embeddable":true,"href":"https:\/\/www.aliadospuebla.com\/index.php?rest_route=%2Fwp%2Fv2%2Fcomments&post=57180"}],"version-history":[{"count":1,"href":"https:\/\/www.aliadospuebla.com\/index.php?rest_route=\/wp\/v2\/posts\/57180\/revisions"}],"predecessor-version":[{"id":57182,"href":"https:\/\/www.aliadospuebla.com\/index.php?rest_route=\/wp\/v2\/posts\/57180\/revisions\/57182"}],"wp:featuredmedia":[{"embeddable":true,"href":"https:\/\/www.aliadospuebla.com\/index.php?rest_route=\/wp\/v2\/media\/57181"}],"wp:attachment":[{"href":"https:\/\/www.aliadospuebla.com\/index.php?rest_route=%2Fwp%2Fv2%2Fmedia&parent=57180"}],"wp:term":[{"taxonomy":"category","embeddable":true,"href":"https:\/\/www.aliadospuebla.com\/index.php?rest_route=%2Fwp%2Fv2%2Fcategories&post=57180"},{"taxonomy":"post_tag","embeddable":true,"href":"https:\/\/www.aliadospuebla.com\/index.php?rest_route=%2Fwp%2Fv2%2Ftags&post=57180"}],"curies":[{"name":"wp","href":"https:\/\/api.w.org\/{rel}","templated":true}]}}