{"id":57177,"date":"2021-05-24T14:44:32","date_gmt":"2021-05-24T19:44:32","guid":{"rendered":"https:\/\/www.aliados17.com\/?p=57177"},"modified":"2021-05-24T14:44:32","modified_gmt":"2021-05-24T19:44:32","slug":"respaldo-mely-macoto-la-inclusion-del-sector-empresarial","status":"publish","type":"post","link":"https:\/\/www.aliadospuebla.com\/?p=57177","title":{"rendered":"Respald\u00f3 Mely Macoto la inclusi\u00f3n del sector empresarial"},"content":{"rendered":"<p><span style=\"font-weight: 400;\">La candidata a diputad local por el Distrito XI de la coalici\u00f3n \u201cVa Por Puebla\u201d, Mely Macoto, asisti\u00f3 a la reuni\u00f3n que sostuvieron este d\u00eda los aspirantes al Congreso del Estado de la alianza PAN-PRI-PRD, con integrantes del Consejo Coordinador Empresarial (CCE), para refrendar la inclusi\u00f3n que promover\u00e1 desde el legislativo con este sector encargado de generar\u00a0 m\u00e1s de un mill\u00f3n de empleos en la entidad.<\/span><\/p>\n<p>&nbsp;<\/p>\n<p><span style=\"font-weight: 400;\">Tras sumarse a la campa\u00f1a, Mely Macoto, manifest\u00f3 que como legisladora establecer\u00e1 y mantendr\u00e1 una vinculaci\u00f3n estrecha con los empresarios: \u201cDesde el Congreso del Estado promover\u00e9 la inclusi\u00f3n del sector empresarial y trabajar\u00e9 en conjunto con las c\u00e1maras empresariales como el Consejo Coordinador Empresarial\u201d, precis\u00f3.<\/span><\/p>\n<p>&nbsp;<\/p>\n<p><span style=\"font-weight: 400;\">Durante el encuentro \u201cX Puebla Quiero\u201d, Jos\u00e9 Ignacio Alarc\u00f3n Rodr\u00edguez Pacheco, presidente del CCE, present\u00f3 las propuestas, entre ellas destac\u00f3: El cumplimiento bajo premisas fundamentales como la inclusi\u00f3n social, la sustentabilidad, el respeto a la ley, la asistencia a las sesiones y de c\u00f3digos de \u00e9tica.\u00a0<\/span><\/p>\n<p>&nbsp;<\/p>\n<p><span style=\"font-weight: 400;\">Solicit\u00f3 normar y asegurar los salarios dignos para los polic\u00edas, aumentar los recursos p\u00fablicos para la cultura, reforzar el sistema de estancias infantiles, normar los recursos necesarios para el ordenamiento territorial, fundar el Instituto Poblano de Emprendedores, Establecer los par\u00e1metros de nivel internacional en materia de educaci\u00f3n y fortalecer el Sistema Estatal Anticorrupci\u00f3n, entre otras.\u00a0<\/span><\/p>\n<p>&nbsp;<\/p>\n<p><span style=\"font-weight: 400;\">\u201cLa soluci\u00f3n al problema de falta de desarrollo y avance del Estado, exige que desde el propio Congreso los mismos diputados, sean quienes con su comportamiento diario, demuestren que si es posible regresar a vivir en un estado de legalidad y progreso\u201d, expres\u00f3.<\/span><\/p>\n","protected":false},"excerpt":{"rendered":"<p>La candidata a diputad local por el Distrito XI de la coalici\u00f3n \u201cVa Por Puebla\u201d, Mely Macoto, asisti\u00f3 a la reuni\u00f3n que sostuvieron este d\u00eda los aspirantes al Congreso del Estado de la alianza PAN-PRI-PRD, con integrantes del Consejo Coordinador Empresarial (CCE), para refrendar la inclusi\u00f3n que promover\u00e1 desde el legislativo con este sector encargado de generar\u00a0 m\u00e1s de un mill\u00f3n de empleos en la entidad. &nbsp; Tras sumarse a la campa\u00f1a, Mely Macoto, manifest\u00f3 que como legisladora establecer\u00e1 y mantendr\u00e1 una vinculaci\u00f3n estrecha con los empresarios: \u201cDesde el Congreso del Estado promover\u00e9 la inclusi\u00f3n del sector empresarial y trabajar\u00e9 en conjunto con las c\u00e1maras empresariales como el Consejo Coordinador Empresarial\u201d, precis\u00f3. &nbsp; Durante el encuentro \u201cX Puebla Quiero\u201d, Jos\u00e9 Ignacio Alarc\u00f3n Rodr\u00edguez Pacheco, presidente&hellip;<\/p>\n<p class=\"excerpt-more\"><a class=\"blog-excerpt button\" href=\"https:\/\/www.aliadospuebla.com\/?p=57177\">Leer m\u00e1s&#8230;<\/a><\/p>\n","protected":false},"author":3,"featured_media":57178,"comment_status":"open","ping_status":"open","sticky":false,"template":"","format":"standard","meta":{"_monsterinsights_skip_tracking":false,"footnotes":""},"categories":[6],"tags":[56,254,77,251,1487,45,72],"class_list":["post-57177","post","type-post","status-publish","format-standard","has-post-thumbnail","hentry","category-politica","tag-capital","tag-mely-macoto","tag-municipios","tag-pan","tag-prd","tag-pri","tag-puebla"],"yoast_head":"<!-- This site is optimized with the Yoast SEO plugin v28.4 - https:\/\/yoast.com\/product\/yoast-seo-wordpress\/ -->\n<title>Respald\u00f3 Mely Macoto la inclusi\u00f3n del sector empresarial - AliadosPuebla<\/title>\n<meta name=\"robots\" content=\"index, follow, max-snippet:-1, max-image-preview:large, max-video-preview:-1\" \/>\n<link rel=\"canonical\" href=\"https:\/\/www.aliadospuebla.com\/?p=57177\" \/>\n<meta property=\"og:locale\" content=\"es_ES\" \/>\n<meta property=\"og:type\" content=\"article\" \/>\n<meta property=\"og:title\" content=\"Respald\u00f3 Mely Macoto la inclusi\u00f3n del sector empresarial - AliadosPuebla\" \/>\n<meta property=\"og:description\" content=\"La candidata a diputad local por el Distrito XI de la coalici\u00f3n \u201cVa Por Puebla\u201d, Mely Macoto, asisti\u00f3 a la reuni\u00f3n que sostuvieron este d\u00eda los aspirantes al Congreso del Estado de la alianza PAN-PRI-PRD, con integrantes del Consejo Coordinador Empresarial (CCE), para refrendar la inclusi\u00f3n que promover\u00e1 desde el legislativo con este sector encargado de generar\u00a0 m\u00e1s de un mill\u00f3n de empleos en la entidad. &nbsp; Tras sumarse a la campa\u00f1a, Mely Macoto, manifest\u00f3 que como legisladora establecer\u00e1 y mantendr\u00e1 una vinculaci\u00f3n estrecha con los empresarios: \u201cDesde el Congreso del Estado promover\u00e9 la inclusi\u00f3n del sector empresarial y trabajar\u00e9 en conjunto con las c\u00e1maras empresariales como el Consejo Coordinador Empresarial\u201d, precis\u00f3. &nbsp; Durante el encuentro \u201cX Puebla Quiero\u201d, Jos\u00e9 Ignacio Alarc\u00f3n Rodr\u00edguez Pacheco, presidente&hellip;Leer m\u00e1s...\" \/>\n<meta property=\"og:url\" content=\"https:\/\/www.aliadospuebla.com\/?p=57177\" \/>\n<meta property=\"og:site_name\" content=\"AliadosPuebla\" \/>\n<meta property=\"article:published_time\" content=\"2021-05-24T19:44:32+00:00\" \/>\n<meta property=\"og:image\" content=\"https:\/\/www.aliadospuebla.com\/web2017\/wp-content\/uploads\/2021\/05\/MELY-13.jpg\" \/>\n\t<meta property=\"og:image:width\" content=\"600\" \/>\n\t<meta property=\"og:image:height\" content=\"450\" \/>\n\t<meta property=\"og:image:type\" content=\"image\/jpeg\" \/>\n<meta name=\"author\" content=\"Aliados Videos\" \/>\n<meta name=\"twitter:card\" content=\"summary_large_image\" \/>\n<meta name=\"twitter:label1\" content=\"Escrito por\" \/>\n\t<meta name=\"twitter:data1\" content=\"Aliados Videos\" \/>\n\t<meta name=\"twitter:label2\" content=\"Tiempo de lectura\" \/>\n\t<meta name=\"twitter:data2\" content=\"1 minuto\" \/>\n<script type=\"application\/ld+json\" class=\"yoast-schema-graph\">{\"@context\":\"https:\\\/\\\/schema.org\",\"@graph\":[{\"@type\":\"Article\",\"@id\":\"https:\\\/\\\/www.aliadospuebla.com\\\/?p=57177#article\",\"isPartOf\":{\"@id\":\"https:\\\/\\\/www.aliadospuebla.com\\\/?p=57177\"},\"author\":{\"name\":\"Aliados Videos\",\"@id\":\"https:\\\/\\\/www.aliadospuebla.com\\\/#\\\/schema\\\/person\\\/0fd017f23cc5c3f7988d5d58850eec8e\"},\"headline\":\"Respald\u00f3 Mely Macoto la inclusi\u00f3n del sector empresarial\",\"datePublished\":\"2021-05-24T19:44:32+00:00\",\"mainEntityOfPage\":{\"@id\":\"https:\\\/\\\/www.aliadospuebla.com\\\/?p=57177\"},\"wordCount\":288,\"commentCount\":0,\"image\":{\"@id\":\"https:\\\/\\\/www.aliadospuebla.com\\\/?p=57177#primaryimage\"},\"thumbnailUrl\":\"https:\\\/\\\/www.aliadospuebla.com\\\/web2017\\\/wp-content\\\/uploads\\\/2021\\\/05\\\/MELY-13.jpg\",\"keywords\":[\"capital\",\"Mely Macoto\",\"Municipios\",\"PAN\",\"PRD\",\"PRI\",\"Puebla\"],\"articleSection\":[\"Pol\u00edtica\"],\"inLanguage\":\"es\",\"potentialAction\":[{\"@type\":\"CommentAction\",\"name\":\"Comment\",\"target\":[\"https:\\\/\\\/www.aliadospuebla.com\\\/?p=57177#respond\"]}]},{\"@type\":\"WebPage\",\"@id\":\"https:\\\/\\\/www.aliadospuebla.com\\\/?p=57177\",\"url\":\"https:\\\/\\\/www.aliadospuebla.com\\\/?p=57177\",\"name\":\"Respald\u00f3 Mely Macoto la inclusi\u00f3n del sector empresarial - AliadosPuebla\",\"isPartOf\":{\"@id\":\"https:\\\/\\\/www.aliadospuebla.com\\\/#website\"},\"primaryImageOfPage\":{\"@id\":\"https:\\\/\\\/www.aliadospuebla.com\\\/?p=57177#primaryimage\"},\"image\":{\"@id\":\"https:\\\/\\\/www.aliadospuebla.com\\\/?p=57177#primaryimage\"},\"thumbnailUrl\":\"https:\\\/\\\/www.aliadospuebla.com\\\/web2017\\\/wp-content\\\/uploads\\\/2021\\\/05\\\/MELY-13.jpg\",\"datePublished\":\"2021-05-24T19:44:32+00:00\",\"author\":{\"@id\":\"https:\\\/\\\/www.aliadospuebla.com\\\/#\\\/schema\\\/person\\\/0fd017f23cc5c3f7988d5d58850eec8e\"},\"breadcrumb\":{\"@id\":\"https:\\\/\\\/www.aliadospuebla.com\\\/?p=57177#breadcrumb\"},\"inLanguage\":\"es\",\"potentialAction\":[{\"@type\":\"ReadAction\",\"target\":[\"https:\\\/\\\/www.aliadospuebla.com\\\/?p=57177\"]}]},{\"@type\":\"ImageObject\",\"inLanguage\":\"es\",\"@id\":\"https:\\\/\\\/www.aliadospuebla.com\\\/?p=57177#primaryimage\",\"url\":\"https:\\\/\\\/www.aliadospuebla.com\\\/web2017\\\/wp-content\\\/uploads\\\/2021\\\/05\\\/MELY-13.jpg\",\"contentUrl\":\"https:\\\/\\\/www.aliadospuebla.com\\\/web2017\\\/wp-content\\\/uploads\\\/2021\\\/05\\\/MELY-13.jpg\",\"width\":600,\"height\":450},{\"@type\":\"BreadcrumbList\",\"@id\":\"https:\\\/\\\/www.aliadospuebla.com\\\/?p=57177#breadcrumb\",\"itemListElement\":[{\"@type\":\"ListItem\",\"position\":1,\"name\":\"Portada\",\"item\":\"https:\\\/\\\/www.aliadospuebla.com\\\/\"},{\"@type\":\"ListItem\",\"position\":2,\"name\":\"Respald\u00f3 Mely Macoto la inclusi\u00f3n del sector empresarial\"}]},{\"@type\":\"WebSite\",\"@id\":\"https:\\\/\\\/www.aliadospuebla.com\\\/#website\",\"url\":\"https:\\\/\\\/www.aliadospuebla.com\\\/\",\"name\":\"AliadosPuebla\",\"description\":\"La informaci\u00f3n en tus manos\",\"potentialAction\":[{\"@type\":\"SearchAction\",\"target\":{\"@type\":\"EntryPoint\",\"urlTemplate\":\"https:\\\/\\\/www.aliadospuebla.com\\\/?s={search_term_string}\"},\"query-input\":{\"@type\":\"PropertyValueSpecification\",\"valueRequired\":true,\"valueName\":\"search_term_string\"}}],\"inLanguage\":\"es\"},{\"@type\":\"Person\",\"@id\":\"https:\\\/\\\/www.aliadospuebla.com\\\/#\\\/schema\\\/person\\\/0fd017f23cc5c3f7988d5d58850eec8e\",\"name\":\"Aliados Videos\",\"image\":{\"@type\":\"ImageObject\",\"inLanguage\":\"es\",\"@id\":\"https:\\\/\\\/secure.gravatar.com\\\/avatar\\\/42b92de8b2d8339e1e824f3a73ab023a0bec0ee2e3920248085eb1f3160b4083?s=96&d=mm&r=g\",\"url\":\"https:\\\/\\\/secure.gravatar.com\\\/avatar\\\/42b92de8b2d8339e1e824f3a73ab023a0bec0ee2e3920248085eb1f3160b4083?s=96&d=mm&r=g\",\"contentUrl\":\"https:\\\/\\\/secure.gravatar.com\\\/avatar\\\/42b92de8b2d8339e1e824f3a73ab023a0bec0ee2e3920248085eb1f3160b4083?s=96&d=mm&r=g\",\"caption\":\"Aliados Videos\"},\"url\":\"https:\\\/\\\/www.aliadospuebla.com\\\/?author=3\"}]}<\/script>\n<!-- \/ Yoast SEO plugin. -->","yoast_head_json":{"title":"Respald\u00f3 Mely Macoto la inclusi\u00f3n del sector empresarial - AliadosPuebla","robots":{"index":"index","follow":"follow","max-snippet":"max-snippet:-1","max-image-preview":"max-image-preview:large","max-video-preview":"max-video-preview:-1"},"canonical":"https:\/\/www.aliadospuebla.com\/?p=57177","og_locale":"es_ES","og_type":"article","og_title":"Respald\u00f3 Mely Macoto la inclusi\u00f3n del sector empresarial - AliadosPuebla","og_description":"La candidata a diputad local por el Distrito XI de la coalici\u00f3n \u201cVa Por Puebla\u201d, Mely Macoto, asisti\u00f3 a la reuni\u00f3n que sostuvieron este d\u00eda los aspirantes al Congreso del Estado de la alianza PAN-PRI-PRD, con integrantes del Consejo Coordinador Empresarial (CCE), para refrendar la inclusi\u00f3n que promover\u00e1 desde el legislativo con este sector encargado de generar\u00a0 m\u00e1s de un mill\u00f3n de empleos en la entidad. &nbsp; Tras sumarse a la campa\u00f1a, Mely Macoto, manifest\u00f3 que como legisladora establecer\u00e1 y mantendr\u00e1 una vinculaci\u00f3n estrecha con los empresarios: \u201cDesde el Congreso del Estado promover\u00e9 la inclusi\u00f3n del sector empresarial y trabajar\u00e9 en conjunto con las c\u00e1maras empresariales como el Consejo Coordinador Empresarial\u201d, precis\u00f3. &nbsp; Durante el encuentro \u201cX Puebla Quiero\u201d, Jos\u00e9 Ignacio Alarc\u00f3n Rodr\u00edguez Pacheco, presidente&hellip;Leer m\u00e1s...","og_url":"https:\/\/www.aliadospuebla.com\/?p=57177","og_site_name":"AliadosPuebla","article_published_time":"2021-05-24T19:44:32+00:00","og_image":[{"width":600,"height":450,"url":"https:\/\/www.aliadospuebla.com\/web2017\/wp-content\/uploads\/2021\/05\/MELY-13.jpg","type":"image\/jpeg"}],"author":"Aliados Videos","twitter_card":"summary_large_image","twitter_misc":{"Escrito por":"Aliados Videos","Tiempo de lectura":"1 minuto"},"schema":{"@context":"https:\/\/schema.org","@graph":[{"@type":"Article","@id":"https:\/\/www.aliadospuebla.com\/?p=57177#article","isPartOf":{"@id":"https:\/\/www.aliadospuebla.com\/?p=57177"},"author":{"name":"Aliados Videos","@id":"https:\/\/www.aliadospuebla.com\/#\/schema\/person\/0fd017f23cc5c3f7988d5d58850eec8e"},"headline":"Respald\u00f3 Mely Macoto la inclusi\u00f3n del sector empresarial","datePublished":"2021-05-24T19:44:32+00:00","mainEntityOfPage":{"@id":"https:\/\/www.aliadospuebla.com\/?p=57177"},"wordCount":288,"commentCount":0,"image":{"@id":"https:\/\/www.aliadospuebla.com\/?p=57177#primaryimage"},"thumbnailUrl":"https:\/\/www.aliadospuebla.com\/web2017\/wp-content\/uploads\/2021\/05\/MELY-13.jpg","keywords":["capital","Mely Macoto","Municipios","PAN","PRD","PRI","Puebla"],"articleSection":["Pol\u00edtica"],"inLanguage":"es","potentialAction":[{"@type":"CommentAction","name":"Comment","target":["https:\/\/www.aliadospuebla.com\/?p=57177#respond"]}]},{"@type":"WebPage","@id":"https:\/\/www.aliadospuebla.com\/?p=57177","url":"https:\/\/www.aliadospuebla.com\/?p=57177","name":"Respald\u00f3 Mely Macoto la inclusi\u00f3n del sector empresarial - AliadosPuebla","isPartOf":{"@id":"https:\/\/www.aliadospuebla.com\/#website"},"primaryImageOfPage":{"@id":"https:\/\/www.aliadospuebla.com\/?p=57177#primaryimage"},"image":{"@id":"https:\/\/www.aliadospuebla.com\/?p=57177#primaryimage"},"thumbnailUrl":"https:\/\/www.aliadospuebla.com\/web2017\/wp-content\/uploads\/2021\/05\/MELY-13.jpg","datePublished":"2021-05-24T19:44:32+00:00","author":{"@id":"https:\/\/www.aliadospuebla.com\/#\/schema\/person\/0fd017f23cc5c3f7988d5d58850eec8e"},"breadcrumb":{"@id":"https:\/\/www.aliadospuebla.com\/?p=57177#breadcrumb"},"inLanguage":"es","potentialAction":[{"@type":"ReadAction","target":["https:\/\/www.aliadospuebla.com\/?p=57177"]}]},{"@type":"ImageObject","inLanguage":"es","@id":"https:\/\/www.aliadospuebla.com\/?p=57177#primaryimage","url":"https:\/\/www.aliadospuebla.com\/web2017\/wp-content\/uploads\/2021\/05\/MELY-13.jpg","contentUrl":"https:\/\/www.aliadospuebla.com\/web2017\/wp-content\/uploads\/2021\/05\/MELY-13.jpg","width":600,"height":450},{"@type":"BreadcrumbList","@id":"https:\/\/www.aliadospuebla.com\/?p=57177#breadcrumb","itemListElement":[{"@type":"ListItem","position":1,"name":"Portada","item":"https:\/\/www.aliadospuebla.com\/"},{"@type":"ListItem","position":2,"name":"Respald\u00f3 Mely Macoto la inclusi\u00f3n del sector empresarial"}]},{"@type":"WebSite","@id":"https:\/\/www.aliadospuebla.com\/#website","url":"https:\/\/www.aliadospuebla.com\/","name":"AliadosPuebla","description":"La informaci\u00f3n en tus manos","potentialAction":[{"@type":"SearchAction","target":{"@type":"EntryPoint","urlTemplate":"https:\/\/www.aliadospuebla.com\/?s={search_term_string}"},"query-input":{"@type":"PropertyValueSpecification","valueRequired":true,"valueName":"search_term_string"}}],"inLanguage":"es"},{"@type":"Person","@id":"https:\/\/www.aliadospuebla.com\/#\/schema\/person\/0fd017f23cc5c3f7988d5d58850eec8e","name":"Aliados Videos","image":{"@type":"ImageObject","inLanguage":"es","@id":"https:\/\/secure.gravatar.com\/avatar\/42b92de8b2d8339e1e824f3a73ab023a0bec0ee2e3920248085eb1f3160b4083?s=96&d=mm&r=g","url":"https:\/\/secure.gravatar.com\/avatar\/42b92de8b2d8339e1e824f3a73ab023a0bec0ee2e3920248085eb1f3160b4083?s=96&d=mm&r=g","contentUrl":"https:\/\/secure.gravatar.com\/avatar\/42b92de8b2d8339e1e824f3a73ab023a0bec0ee2e3920248085eb1f3160b4083?s=96&d=mm&r=g","caption":"Aliados Videos"},"url":"https:\/\/www.aliadospuebla.com\/?author=3"}]}},"views":13,"_links":{"self":[{"href":"https:\/\/www.aliadospuebla.com\/index.php?rest_route=\/wp\/v2\/posts\/57177","targetHints":{"allow":["GET"]}}],"collection":[{"href":"https:\/\/www.aliadospuebla.com\/index.php?rest_route=\/wp\/v2\/posts"}],"about":[{"href":"https:\/\/www.aliadospuebla.com\/index.php?rest_route=\/wp\/v2\/types\/post"}],"author":[{"embeddable":true,"href":"https:\/\/www.aliadospuebla.com\/index.php?rest_route=\/wp\/v2\/users\/3"}],"replies":[{"embeddable":true,"href":"https:\/\/www.aliadospuebla.com\/index.php?rest_route=%2Fwp%2Fv2%2Fcomments&post=57177"}],"version-history":[{"count":1,"href":"https:\/\/www.aliadospuebla.com\/index.php?rest_route=\/wp\/v2\/posts\/57177\/revisions"}],"predecessor-version":[{"id":57179,"href":"https:\/\/www.aliadospuebla.com\/index.php?rest_route=\/wp\/v2\/posts\/57177\/revisions\/57179"}],"wp:featuredmedia":[{"embeddable":true,"href":"https:\/\/www.aliadospuebla.com\/index.php?rest_route=\/wp\/v2\/media\/57178"}],"wp:attachment":[{"href":"https:\/\/www.aliadospuebla.com\/index.php?rest_route=%2Fwp%2Fv2%2Fmedia&parent=57177"}],"wp:term":[{"taxonomy":"category","embeddable":true,"href":"https:\/\/www.aliadospuebla.com\/index.php?rest_route=%2Fwp%2Fv2%2Fcategories&post=57177"},{"taxonomy":"post_tag","embeddable":true,"href":"https:\/\/www.aliadospuebla.com\/index.php?rest_route=%2Fwp%2Fv2%2Ftags&post=57177"}],"curies":[{"name":"wp","href":"https:\/\/api.w.org\/{rel}","templated":true}]}}