{"id":57118,"date":"2021-05-23T19:53:19","date_gmt":"2021-05-24T00:53:19","guid":{"rendered":"https:\/\/www.aliados17.com\/?p=57118"},"modified":"2021-05-23T19:53:19","modified_gmt":"2021-05-24T00:53:19","slug":"con-relacion-a-la-demolicion-del-hospital-general-regional-hgr-no-36-san-alejandro","status":"publish","type":"post","link":"https:\/\/www.aliadospuebla.com\/?p=57118","title":{"rendered":"Con relaci\u00f3n a la demolici\u00f3n del Hospital General Regional (HGR) No. 36 \u201cSan Alejandro\u201d"},"content":{"rendered":"<p style=\"font-weight: 400;\"><strong>Con relaci\u00f3n a la demolici\u00f3n del Hospital General Regional (HGR) No. 36 \u201cSan Alejandro\u201d, el \u00d3rgano de Operaci\u00f3n Administrativa Desconcentrada (OOAD) en Puebla, del Instituto Mexicano del Seguro Social (IMSS), informa:<\/strong><\/p>\n<p style=\"font-weight: 400;\">\n<ul>\n<li style=\"font-weight: 400;\">A partir del 1 de mayo, la Representaci\u00f3n del Instituto en Puebla inici\u00f3 los trabajos preliminares para llevar a cabo la demolici\u00f3n del edificio del Hospital San Alejandro.<\/li>\n<\/ul>\n<p style=\"font-weight: 400;\">\n<ul>\n<li style=\"font-weight: 400;\">En los que destaca la colocaci\u00f3n de barreras de seguridad en todo el per\u00edmetro del hospital, para proteger a quienes transitan junto al nosocomio.<\/li>\n<\/ul>\n<p style=\"font-weight: 400;\">\n<ul>\n<li style=\"font-weight: 400;\">As\u00ed como la limpieza del \u00e1rea en el interior, retiro de material (pl\u00e1stico, vidrio, basura) as\u00ed como de desconexi\u00f3n el\u00e9ctrica, de la red de agua potable y drenaje previos a la demolici\u00f3n.<\/li>\n<\/ul>\n<p style=\"font-weight: 400;\">\n<ul>\n<li style=\"font-weight: 400;\">El siguiente paso estar\u00e1 a cargo del contratista a quien le sea adjudicado la demolici\u00f3n para realizar los trabajos de desmantelamiento y retiro de puertas de madera, herrer\u00eda, canceler\u00eda, muebles, accesorios sanitarios y escombro, entre otros.<\/li>\n<\/ul>\n<p style=\"font-weight: 400;\">\n<ul>\n<li style=\"font-weight: 400;\">Los trabajos de ingenier\u00eda est\u00e1n a cargo del contratista, quien determinar\u00e1 los tiempos y la mejor manera llevar a cabo la demolici\u00f3n, sin afectar las viviendas circundantes al edificio por los riesgos que esto conlleva.<\/li>\n<\/ul>\n<p style=\"font-weight: 400;\">\n<ul>\n<li style=\"font-weight: 400;\">Se encuentra autorizado el registro en cartera con la Secretar\u00eda de Hacienda y Cr\u00e9dito P\u00fablico (SHCP), y el Instituto est\u00e1 en la fase de intercambio de informaci\u00f3n con la Secretar\u00eda de la Defensa Nacional (SEDENA). El control y seguimiento est\u00e1 a cargo de las autoridades nivel central del Instituto.<\/li>\n<\/ul>\n<p style=\"font-weight: 400;\">\n<p style=\"font-weight: 400;\">El Instituto Mexicano del Seguro Social en Puebla reitera su compromiso de realizar las gestiones para acercar los servicios a la poblaci\u00f3n derechohabiente.<\/p>\n<p style=\"font-weight: 400;\">\n","protected":false},"excerpt":{"rendered":"<p>Con relaci\u00f3n a la demolici\u00f3n del Hospital General Regional (HGR) No. 36 \u201cSan Alejandro\u201d, el \u00d3rgano de Operaci\u00f3n Administrativa Desconcentrada (OOAD) en Puebla, del Instituto Mexicano del Seguro Social (IMSS), informa: A partir del 1 de mayo, la Representaci\u00f3n del Instituto en Puebla inici\u00f3 los trabajos preliminares para llevar a cabo la demolici\u00f3n del edificio del Hospital San Alejandro. En los que destaca la colocaci\u00f3n de barreras de seguridad en todo el per\u00edmetro del hospital, para proteger a quienes transitan junto al nosocomio. As\u00ed como la limpieza del \u00e1rea en el interior, retiro de material (pl\u00e1stico, vidrio, basura) as\u00ed como de desconexi\u00f3n el\u00e9ctrica, de la red de agua potable y drenaje previos a la demolici\u00f3n. El siguiente paso estar\u00e1 a cargo del contratista a quien&hellip;<\/p>\n<p class=\"excerpt-more\"><a class=\"blog-excerpt button\" href=\"https:\/\/www.aliadospuebla.com\/?p=57118\">Leer m\u00e1s&#8230;<\/a><\/p>\n","protected":false},"author":3,"featured_media":57119,"comment_status":"open","ping_status":"open","sticky":false,"template":"","format":"standard","meta":{"_monsterinsights_skip_tracking":false,"footnotes":""},"categories":[62],"tags":[56,765,77,72,365,1898],"class_list":["post-57118","post","type-post","status-publish","format-standard","has-post-thumbnail","hentry","category-capital","tag-capital","tag-imss","tag-municipios","tag-puebla","tag-salud","tag-san-alejandro"],"yoast_head":"<!-- This site is optimized with the Yoast SEO plugin v28.4 - https:\/\/yoast.com\/product\/yoast-seo-wordpress\/ -->\n<title>Con relaci\u00f3n a la demolici\u00f3n del Hospital General Regional (HGR) No. 36 \u201cSan Alejandro\u201d - AliadosPuebla<\/title>\n<meta name=\"robots\" content=\"index, follow, max-snippet:-1, max-image-preview:large, max-video-preview:-1\" \/>\n<link rel=\"canonical\" href=\"https:\/\/www.aliadospuebla.com\/?p=57118\" \/>\n<meta property=\"og:locale\" content=\"es_ES\" \/>\n<meta property=\"og:type\" content=\"article\" \/>\n<meta property=\"og:title\" content=\"Con relaci\u00f3n a la demolici\u00f3n del Hospital General Regional (HGR) No. 36 \u201cSan Alejandro\u201d - AliadosPuebla\" \/>\n<meta property=\"og:description\" content=\"Con relaci\u00f3n a la demolici\u00f3n del Hospital General Regional (HGR) No. 36 \u201cSan Alejandro\u201d, el \u00d3rgano de Operaci\u00f3n Administrativa Desconcentrada (OOAD) en Puebla, del Instituto Mexicano del Seguro Social (IMSS), informa: A partir del 1 de mayo, la Representaci\u00f3n del Instituto en Puebla inici\u00f3 los trabajos preliminares para llevar a cabo la demolici\u00f3n del edificio del Hospital San Alejandro. En los que destaca la colocaci\u00f3n de barreras de seguridad en todo el per\u00edmetro del hospital, para proteger a quienes transitan junto al nosocomio. As\u00ed como la limpieza del \u00e1rea en el interior, retiro de material (pl\u00e1stico, vidrio, basura) as\u00ed como de desconexi\u00f3n el\u00e9ctrica, de la red de agua potable y drenaje previos a la demolici\u00f3n. El siguiente paso estar\u00e1 a cargo del contratista a quien&hellip;Leer m\u00e1s...\" \/>\n<meta property=\"og:url\" content=\"https:\/\/www.aliadospuebla.com\/?p=57118\" \/>\n<meta property=\"og:site_name\" content=\"AliadosPuebla\" \/>\n<meta property=\"article:published_time\" content=\"2021-05-24T00:53:19+00:00\" \/>\n<meta property=\"og:image\" content=\"https:\/\/www.aliadospuebla.com\/web2017\/wp-content\/uploads\/2021\/05\/SAN-ALEJANDRO.jpg\" \/>\n\t<meta property=\"og:image:width\" content=\"600\" \/>\n\t<meta property=\"og:image:height\" content=\"450\" \/>\n\t<meta property=\"og:image:type\" content=\"image\/jpeg\" \/>\n<meta name=\"author\" content=\"Aliados Videos\" \/>\n<meta name=\"twitter:card\" content=\"summary_large_image\" \/>\n<meta name=\"twitter:label1\" content=\"Escrito por\" \/>\n\t<meta name=\"twitter:data1\" content=\"Aliados Videos\" \/>\n\t<meta name=\"twitter:label2\" content=\"Tiempo de lectura\" \/>\n\t<meta name=\"twitter:data2\" content=\"1 minuto\" \/>\n<script type=\"application\/ld+json\" class=\"yoast-schema-graph\">{\"@context\":\"https:\\\/\\\/schema.org\",\"@graph\":[{\"@type\":\"Article\",\"@id\":\"https:\\\/\\\/www.aliadospuebla.com\\\/?p=57118#article\",\"isPartOf\":{\"@id\":\"https:\\\/\\\/www.aliadospuebla.com\\\/?p=57118\"},\"author\":{\"name\":\"Aliados Videos\",\"@id\":\"https:\\\/\\\/www.aliadospuebla.com\\\/#\\\/schema\\\/person\\\/0fd017f23cc5c3f7988d5d58850eec8e\"},\"headline\":\"Con relaci\u00f3n a la demolici\u00f3n del Hospital General Regional (HGR) No. 36 \u201cSan Alejandro\u201d\",\"datePublished\":\"2021-05-24T00:53:19+00:00\",\"mainEntityOfPage\":{\"@id\":\"https:\\\/\\\/www.aliadospuebla.com\\\/?p=57118\"},\"wordCount\":294,\"commentCount\":0,\"image\":{\"@id\":\"https:\\\/\\\/www.aliadospuebla.com\\\/?p=57118#primaryimage\"},\"thumbnailUrl\":\"https:\\\/\\\/www.aliadospuebla.com\\\/web2017\\\/wp-content\\\/uploads\\\/2021\\\/05\\\/SAN-ALEJANDRO.jpg\",\"keywords\":[\"capital\",\"IMSS\",\"Municipios\",\"Puebla\",\"SALUD\",\"SAN ALEJANDRO\"],\"articleSection\":[\"Capital\"],\"inLanguage\":\"es\",\"potentialAction\":[{\"@type\":\"CommentAction\",\"name\":\"Comment\",\"target\":[\"https:\\\/\\\/www.aliadospuebla.com\\\/?p=57118#respond\"]}]},{\"@type\":\"WebPage\",\"@id\":\"https:\\\/\\\/www.aliadospuebla.com\\\/?p=57118\",\"url\":\"https:\\\/\\\/www.aliadospuebla.com\\\/?p=57118\",\"name\":\"Con relaci\u00f3n a la demolici\u00f3n del Hospital General Regional (HGR) No. 36 \u201cSan Alejandro\u201d - AliadosPuebla\",\"isPartOf\":{\"@id\":\"https:\\\/\\\/www.aliadospuebla.com\\\/#website\"},\"primaryImageOfPage\":{\"@id\":\"https:\\\/\\\/www.aliadospuebla.com\\\/?p=57118#primaryimage\"},\"image\":{\"@id\":\"https:\\\/\\\/www.aliadospuebla.com\\\/?p=57118#primaryimage\"},\"thumbnailUrl\":\"https:\\\/\\\/www.aliadospuebla.com\\\/web2017\\\/wp-content\\\/uploads\\\/2021\\\/05\\\/SAN-ALEJANDRO.jpg\",\"datePublished\":\"2021-05-24T00:53:19+00:00\",\"author\":{\"@id\":\"https:\\\/\\\/www.aliadospuebla.com\\\/#\\\/schema\\\/person\\\/0fd017f23cc5c3f7988d5d58850eec8e\"},\"breadcrumb\":{\"@id\":\"https:\\\/\\\/www.aliadospuebla.com\\\/?p=57118#breadcrumb\"},\"inLanguage\":\"es\",\"potentialAction\":[{\"@type\":\"ReadAction\",\"target\":[\"https:\\\/\\\/www.aliadospuebla.com\\\/?p=57118\"]}]},{\"@type\":\"ImageObject\",\"inLanguage\":\"es\",\"@id\":\"https:\\\/\\\/www.aliadospuebla.com\\\/?p=57118#primaryimage\",\"url\":\"https:\\\/\\\/www.aliadospuebla.com\\\/web2017\\\/wp-content\\\/uploads\\\/2021\\\/05\\\/SAN-ALEJANDRO.jpg\",\"contentUrl\":\"https:\\\/\\\/www.aliadospuebla.com\\\/web2017\\\/wp-content\\\/uploads\\\/2021\\\/05\\\/SAN-ALEJANDRO.jpg\",\"width\":600,\"height\":450},{\"@type\":\"BreadcrumbList\",\"@id\":\"https:\\\/\\\/www.aliadospuebla.com\\\/?p=57118#breadcrumb\",\"itemListElement\":[{\"@type\":\"ListItem\",\"position\":1,\"name\":\"Portada\",\"item\":\"https:\\\/\\\/www.aliadospuebla.com\\\/\"},{\"@type\":\"ListItem\",\"position\":2,\"name\":\"Con relaci\u00f3n a la demolici\u00f3n del Hospital General Regional (HGR) No. 36 \u201cSan Alejandro\u201d\"}]},{\"@type\":\"WebSite\",\"@id\":\"https:\\\/\\\/www.aliadospuebla.com\\\/#website\",\"url\":\"https:\\\/\\\/www.aliadospuebla.com\\\/\",\"name\":\"AliadosPuebla\",\"description\":\"La informaci\u00f3n en tus manos\",\"potentialAction\":[{\"@type\":\"SearchAction\",\"target\":{\"@type\":\"EntryPoint\",\"urlTemplate\":\"https:\\\/\\\/www.aliadospuebla.com\\\/?s={search_term_string}\"},\"query-input\":{\"@type\":\"PropertyValueSpecification\",\"valueRequired\":true,\"valueName\":\"search_term_string\"}}],\"inLanguage\":\"es\"},{\"@type\":\"Person\",\"@id\":\"https:\\\/\\\/www.aliadospuebla.com\\\/#\\\/schema\\\/person\\\/0fd017f23cc5c3f7988d5d58850eec8e\",\"name\":\"Aliados Videos\",\"image\":{\"@type\":\"ImageObject\",\"inLanguage\":\"es\",\"@id\":\"https:\\\/\\\/secure.gravatar.com\\\/avatar\\\/42b92de8b2d8339e1e824f3a73ab023a0bec0ee2e3920248085eb1f3160b4083?s=96&d=mm&r=g\",\"url\":\"https:\\\/\\\/secure.gravatar.com\\\/avatar\\\/42b92de8b2d8339e1e824f3a73ab023a0bec0ee2e3920248085eb1f3160b4083?s=96&d=mm&r=g\",\"contentUrl\":\"https:\\\/\\\/secure.gravatar.com\\\/avatar\\\/42b92de8b2d8339e1e824f3a73ab023a0bec0ee2e3920248085eb1f3160b4083?s=96&d=mm&r=g\",\"caption\":\"Aliados Videos\"},\"url\":\"https:\\\/\\\/www.aliadospuebla.com\\\/?author=3\"}]}<\/script>\n<!-- \/ Yoast SEO plugin. -->","yoast_head_json":{"title":"Con relaci\u00f3n a la demolici\u00f3n del Hospital General Regional (HGR) No. 36 \u201cSan Alejandro\u201d - AliadosPuebla","robots":{"index":"index","follow":"follow","max-snippet":"max-snippet:-1","max-image-preview":"max-image-preview:large","max-video-preview":"max-video-preview:-1"},"canonical":"https:\/\/www.aliadospuebla.com\/?p=57118","og_locale":"es_ES","og_type":"article","og_title":"Con relaci\u00f3n a la demolici\u00f3n del Hospital General Regional (HGR) No. 36 \u201cSan Alejandro\u201d - AliadosPuebla","og_description":"Con relaci\u00f3n a la demolici\u00f3n del Hospital General Regional (HGR) No. 36 \u201cSan Alejandro\u201d, el \u00d3rgano de Operaci\u00f3n Administrativa Desconcentrada (OOAD) en Puebla, del Instituto Mexicano del Seguro Social (IMSS), informa: A partir del 1 de mayo, la Representaci\u00f3n del Instituto en Puebla inici\u00f3 los trabajos preliminares para llevar a cabo la demolici\u00f3n del edificio del Hospital San Alejandro. En los que destaca la colocaci\u00f3n de barreras de seguridad en todo el per\u00edmetro del hospital, para proteger a quienes transitan junto al nosocomio. As\u00ed como la limpieza del \u00e1rea en el interior, retiro de material (pl\u00e1stico, vidrio, basura) as\u00ed como de desconexi\u00f3n el\u00e9ctrica, de la red de agua potable y drenaje previos a la demolici\u00f3n. El siguiente paso estar\u00e1 a cargo del contratista a quien&hellip;Leer m\u00e1s...","og_url":"https:\/\/www.aliadospuebla.com\/?p=57118","og_site_name":"AliadosPuebla","article_published_time":"2021-05-24T00:53:19+00:00","og_image":[{"width":600,"height":450,"url":"https:\/\/www.aliadospuebla.com\/web2017\/wp-content\/uploads\/2021\/05\/SAN-ALEJANDRO.jpg","type":"image\/jpeg"}],"author":"Aliados Videos","twitter_card":"summary_large_image","twitter_misc":{"Escrito por":"Aliados Videos","Tiempo de lectura":"1 minuto"},"schema":{"@context":"https:\/\/schema.org","@graph":[{"@type":"Article","@id":"https:\/\/www.aliadospuebla.com\/?p=57118#article","isPartOf":{"@id":"https:\/\/www.aliadospuebla.com\/?p=57118"},"author":{"name":"Aliados Videos","@id":"https:\/\/www.aliadospuebla.com\/#\/schema\/person\/0fd017f23cc5c3f7988d5d58850eec8e"},"headline":"Con relaci\u00f3n a la demolici\u00f3n del Hospital General Regional (HGR) No. 36 \u201cSan Alejandro\u201d","datePublished":"2021-05-24T00:53:19+00:00","mainEntityOfPage":{"@id":"https:\/\/www.aliadospuebla.com\/?p=57118"},"wordCount":294,"commentCount":0,"image":{"@id":"https:\/\/www.aliadospuebla.com\/?p=57118#primaryimage"},"thumbnailUrl":"https:\/\/www.aliadospuebla.com\/web2017\/wp-content\/uploads\/2021\/05\/SAN-ALEJANDRO.jpg","keywords":["capital","IMSS","Municipios","Puebla","SALUD","SAN ALEJANDRO"],"articleSection":["Capital"],"inLanguage":"es","potentialAction":[{"@type":"CommentAction","name":"Comment","target":["https:\/\/www.aliadospuebla.com\/?p=57118#respond"]}]},{"@type":"WebPage","@id":"https:\/\/www.aliadospuebla.com\/?p=57118","url":"https:\/\/www.aliadospuebla.com\/?p=57118","name":"Con relaci\u00f3n a la demolici\u00f3n del Hospital General Regional (HGR) No. 36 \u201cSan Alejandro\u201d - AliadosPuebla","isPartOf":{"@id":"https:\/\/www.aliadospuebla.com\/#website"},"primaryImageOfPage":{"@id":"https:\/\/www.aliadospuebla.com\/?p=57118#primaryimage"},"image":{"@id":"https:\/\/www.aliadospuebla.com\/?p=57118#primaryimage"},"thumbnailUrl":"https:\/\/www.aliadospuebla.com\/web2017\/wp-content\/uploads\/2021\/05\/SAN-ALEJANDRO.jpg","datePublished":"2021-05-24T00:53:19+00:00","author":{"@id":"https:\/\/www.aliadospuebla.com\/#\/schema\/person\/0fd017f23cc5c3f7988d5d58850eec8e"},"breadcrumb":{"@id":"https:\/\/www.aliadospuebla.com\/?p=57118#breadcrumb"},"inLanguage":"es","potentialAction":[{"@type":"ReadAction","target":["https:\/\/www.aliadospuebla.com\/?p=57118"]}]},{"@type":"ImageObject","inLanguage":"es","@id":"https:\/\/www.aliadospuebla.com\/?p=57118#primaryimage","url":"https:\/\/www.aliadospuebla.com\/web2017\/wp-content\/uploads\/2021\/05\/SAN-ALEJANDRO.jpg","contentUrl":"https:\/\/www.aliadospuebla.com\/web2017\/wp-content\/uploads\/2021\/05\/SAN-ALEJANDRO.jpg","width":600,"height":450},{"@type":"BreadcrumbList","@id":"https:\/\/www.aliadospuebla.com\/?p=57118#breadcrumb","itemListElement":[{"@type":"ListItem","position":1,"name":"Portada","item":"https:\/\/www.aliadospuebla.com\/"},{"@type":"ListItem","position":2,"name":"Con relaci\u00f3n a la demolici\u00f3n del Hospital General Regional (HGR) No. 36 \u201cSan Alejandro\u201d"}]},{"@type":"WebSite","@id":"https:\/\/www.aliadospuebla.com\/#website","url":"https:\/\/www.aliadospuebla.com\/","name":"AliadosPuebla","description":"La informaci\u00f3n en tus manos","potentialAction":[{"@type":"SearchAction","target":{"@type":"EntryPoint","urlTemplate":"https:\/\/www.aliadospuebla.com\/?s={search_term_string}"},"query-input":{"@type":"PropertyValueSpecification","valueRequired":true,"valueName":"search_term_string"}}],"inLanguage":"es"},{"@type":"Person","@id":"https:\/\/www.aliadospuebla.com\/#\/schema\/person\/0fd017f23cc5c3f7988d5d58850eec8e","name":"Aliados Videos","image":{"@type":"ImageObject","inLanguage":"es","@id":"https:\/\/secure.gravatar.com\/avatar\/42b92de8b2d8339e1e824f3a73ab023a0bec0ee2e3920248085eb1f3160b4083?s=96&d=mm&r=g","url":"https:\/\/secure.gravatar.com\/avatar\/42b92de8b2d8339e1e824f3a73ab023a0bec0ee2e3920248085eb1f3160b4083?s=96&d=mm&r=g","contentUrl":"https:\/\/secure.gravatar.com\/avatar\/42b92de8b2d8339e1e824f3a73ab023a0bec0ee2e3920248085eb1f3160b4083?s=96&d=mm&r=g","caption":"Aliados Videos"},"url":"https:\/\/www.aliadospuebla.com\/?author=3"}]}},"views":17,"_links":{"self":[{"href":"https:\/\/www.aliadospuebla.com\/index.php?rest_route=\/wp\/v2\/posts\/57118","targetHints":{"allow":["GET"]}}],"collection":[{"href":"https:\/\/www.aliadospuebla.com\/index.php?rest_route=\/wp\/v2\/posts"}],"about":[{"href":"https:\/\/www.aliadospuebla.com\/index.php?rest_route=\/wp\/v2\/types\/post"}],"author":[{"embeddable":true,"href":"https:\/\/www.aliadospuebla.com\/index.php?rest_route=\/wp\/v2\/users\/3"}],"replies":[{"embeddable":true,"href":"https:\/\/www.aliadospuebla.com\/index.php?rest_route=%2Fwp%2Fv2%2Fcomments&post=57118"}],"version-history":[{"count":1,"href":"https:\/\/www.aliadospuebla.com\/index.php?rest_route=\/wp\/v2\/posts\/57118\/revisions"}],"predecessor-version":[{"id":57120,"href":"https:\/\/www.aliadospuebla.com\/index.php?rest_route=\/wp\/v2\/posts\/57118\/revisions\/57120"}],"wp:featuredmedia":[{"embeddable":true,"href":"https:\/\/www.aliadospuebla.com\/index.php?rest_route=\/wp\/v2\/media\/57119"}],"wp:attachment":[{"href":"https:\/\/www.aliadospuebla.com\/index.php?rest_route=%2Fwp%2Fv2%2Fmedia&parent=57118"}],"wp:term":[{"taxonomy":"category","embeddable":true,"href":"https:\/\/www.aliadospuebla.com\/index.php?rest_route=%2Fwp%2Fv2%2Fcategories&post=57118"},{"taxonomy":"post_tag","embeddable":true,"href":"https:\/\/www.aliadospuebla.com\/index.php?rest_route=%2Fwp%2Fv2%2Ftags&post=57118"}],"curies":[{"name":"wp","href":"https:\/\/api.w.org\/{rel}","templated":true}]}}