{"id":57009,"date":"2021-05-21T20:04:08","date_gmt":"2021-05-22T01:04:08","guid":{"rendered":"https:\/\/www.aliados17.com\/?p=57009"},"modified":"2021-05-21T20:04:08","modified_gmt":"2021-05-22T01:04:08","slug":"renuncia-comite-al-prd-en-amozoc-y-se-suma-a-la-campana-de-morena","status":"publish","type":"post","link":"https:\/\/www.aliadospuebla.com\/?p=57009","title":{"rendered":"Renuncia comit\u00e9 al PRD en Amozoc y se suma a la campa\u00f1a de Morena"},"content":{"rendered":"<p>Amozoc.- El ex dirigente municipal del Partido de la Revoluci\u00f3n Democr\u00e1tica (PRD), Delfino Hern\u00e1ndez Huerta, renunci\u00f3 a las filas de ese instituto pol\u00edtico para sumarse al partido del Movimiento de Regeneraci\u00f3n Nacional (Morena), en conjunto con su equipo.<\/p>\n<p>El nuevo integrante se\u00f1al\u00f3 que, despu\u00e9s de revisar las mejores propuestas no tiene duda que la del candidato a la presidencia municipal de Amozoc, por los partidos Morena y PT, Mario de la Rosa Romero, es la mejor opci\u00f3n.<\/p>\n<p>As\u00ed mismo detall\u00f3 que, dicha opci\u00f3n trae el mejor proyecto, un gran trabajo de campo y la cercan\u00eda con la gente del municipio, lo cual, sin duda dar\u00e1 el triunfo a Morena, mencion\u00f3.<\/p>\n<p>De igual manera, acus\u00f3 la incongruencia de su ex partido el PRD, al se\u00f1alar que por muchos a\u00f1os combatieron la corrupci\u00f3n del Partido Revolucionario Institucional (PRI) y ahora van en alianza, y adem\u00e1s, les imponen a un candidato que milit\u00f3 toda su vida en el PAN.<\/p>\n<p>Su alianza s\u00f3lo significa la carecencia de un proyecto, de un equipo integral, no tienen propuesta, es juntarse solo para perjudicar a Morena y el proyecto de la 4T, detall\u00f3.<\/p>\n<p>Lo digo abiertamente: la gente con la que he trabajado por a\u00f1os en Mendiz\u00e1bal, La Ex-Hacienda, San Antonio, Casa Blanca, Chachapa y otros lados del municipio, est\u00e1n apoyando al candidato Mario de la Rosa Romero y la 4T. \u00a1Vamos a ganar!<\/p>\n","protected":false},"excerpt":{"rendered":"<p>Amozoc.- El ex dirigente municipal del Partido de la Revoluci\u00f3n Democr\u00e1tica (PRD), Delfino Hern\u00e1ndez Huerta, renunci\u00f3 a las filas de ese instituto pol\u00edtico para sumarse al partido del Movimiento de Regeneraci\u00f3n Nacional (Morena), en conjunto con su equipo. El nuevo integrante se\u00f1al\u00f3 que, despu\u00e9s de revisar las mejores propuestas no tiene duda que la del candidato a la presidencia municipal de Amozoc, por los partidos Morena y PT, Mario de la Rosa Romero, es la mejor opci\u00f3n. As\u00ed mismo detall\u00f3 que, dicha opci\u00f3n trae el mejor proyecto, un gran trabajo de campo y la cercan\u00eda con la gente del municipio, lo cual, sin duda dar\u00e1 el triunfo a Morena, mencion\u00f3. De igual manera, acus\u00f3 la incongruencia de su ex partido el PRD, al se\u00f1alar que&hellip;<\/p>\n<p class=\"excerpt-more\"><a class=\"blog-excerpt button\" href=\"https:\/\/www.aliadospuebla.com\/?p=57009\">Leer m\u00e1s&#8230;<\/a><\/p>\n","protected":false},"author":3,"featured_media":57010,"comment_status":"open","ping_status":"open","sticky":false,"template":"","format":"standard","meta":{"_monsterinsights_skip_tracking":false,"footnotes":""},"categories":[6],"tags":[1667,56,7114,666,77,1487,2551,72],"class_list":["post-57009","post","type-post","status-publish","format-standard","has-post-thumbnail","hentry","category-politica","tag-amozoc","tag-capital","tag-mario-de-la-rosa","tag-morena","tag-municipios","tag-prd","tag-pt","tag-puebla"],"yoast_head":"<!-- This site is optimized with the Yoast SEO plugin v28.4 - https:\/\/yoast.com\/product\/yoast-seo-wordpress\/ -->\n<title>Renuncia comit\u00e9 al PRD en Amozoc y se suma a la campa\u00f1a de Morena - AliadosPuebla<\/title>\n<meta name=\"robots\" content=\"index, follow, max-snippet:-1, max-image-preview:large, max-video-preview:-1\" \/>\n<link rel=\"canonical\" href=\"https:\/\/www.aliadospuebla.com\/?p=57009\" \/>\n<meta property=\"og:locale\" content=\"es_ES\" \/>\n<meta property=\"og:type\" content=\"article\" \/>\n<meta property=\"og:title\" content=\"Renuncia comit\u00e9 al PRD en Amozoc y se suma a la campa\u00f1a de Morena - AliadosPuebla\" \/>\n<meta property=\"og:description\" content=\"Amozoc.- El ex dirigente municipal del Partido de la Revoluci\u00f3n Democr\u00e1tica (PRD), Delfino Hern\u00e1ndez Huerta, renunci\u00f3 a las filas de ese instituto pol\u00edtico para sumarse al partido del Movimiento de Regeneraci\u00f3n Nacional (Morena), en conjunto con su equipo. El nuevo integrante se\u00f1al\u00f3 que, despu\u00e9s de revisar las mejores propuestas no tiene duda que la del candidato a la presidencia municipal de Amozoc, por los partidos Morena y PT, Mario de la Rosa Romero, es la mejor opci\u00f3n. As\u00ed mismo detall\u00f3 que, dicha opci\u00f3n trae el mejor proyecto, un gran trabajo de campo y la cercan\u00eda con la gente del municipio, lo cual, sin duda dar\u00e1 el triunfo a Morena, mencion\u00f3. De igual manera, acus\u00f3 la incongruencia de su ex partido el PRD, al se\u00f1alar que&hellip;Leer m\u00e1s...\" \/>\n<meta property=\"og:url\" content=\"https:\/\/www.aliadospuebla.com\/?p=57009\" \/>\n<meta property=\"og:site_name\" content=\"AliadosPuebla\" \/>\n<meta property=\"article:published_time\" content=\"2021-05-22T01:04:08+00:00\" \/>\n<meta property=\"og:image\" content=\"https:\/\/www.aliadospuebla.com\/web2017\/wp-content\/uploads\/2021\/05\/MARIO-DE-LA-ORSA.jpg\" \/>\n\t<meta property=\"og:image:width\" content=\"600\" \/>\n\t<meta property=\"og:image:height\" content=\"450\" \/>\n\t<meta property=\"og:image:type\" content=\"image\/jpeg\" \/>\n<meta name=\"author\" content=\"Aliados Videos\" \/>\n<meta name=\"twitter:card\" content=\"summary_large_image\" \/>\n<meta name=\"twitter:label1\" content=\"Escrito por\" \/>\n\t<meta name=\"twitter:data1\" content=\"Aliados Videos\" \/>\n\t<meta name=\"twitter:label2\" content=\"Tiempo de lectura\" \/>\n\t<meta name=\"twitter:data2\" content=\"1 minuto\" \/>\n<script type=\"application\/ld+json\" class=\"yoast-schema-graph\">{\"@context\":\"https:\\\/\\\/schema.org\",\"@graph\":[{\"@type\":\"Article\",\"@id\":\"https:\\\/\\\/www.aliadospuebla.com\\\/?p=57009#article\",\"isPartOf\":{\"@id\":\"https:\\\/\\\/www.aliadospuebla.com\\\/?p=57009\"},\"author\":{\"name\":\"Aliados Videos\",\"@id\":\"https:\\\/\\\/www.aliadospuebla.com\\\/#\\\/schema\\\/person\\\/0fd017f23cc5c3f7988d5d58850eec8e\"},\"headline\":\"Renuncia comit\u00e9 al PRD en Amozoc y se suma a la campa\u00f1a de Morena\",\"datePublished\":\"2021-05-22T01:04:08+00:00\",\"mainEntityOfPage\":{\"@id\":\"https:\\\/\\\/www.aliadospuebla.com\\\/?p=57009\"},\"wordCount\":261,\"commentCount\":0,\"image\":{\"@id\":\"https:\\\/\\\/www.aliadospuebla.com\\\/?p=57009#primaryimage\"},\"thumbnailUrl\":\"https:\\\/\\\/www.aliadospuebla.com\\\/web2017\\\/wp-content\\\/uploads\\\/2021\\\/05\\\/MARIO-DE-LA-ORSA.jpg\",\"keywords\":[\"AMOZOC\",\"capital\",\"MARIO DE LA ROSA\",\"MORENA\",\"Municipios\",\"PRD\",\"PT\",\"Puebla\"],\"articleSection\":[\"Pol\u00edtica\"],\"inLanguage\":\"es\",\"potentialAction\":[{\"@type\":\"CommentAction\",\"name\":\"Comment\",\"target\":[\"https:\\\/\\\/www.aliadospuebla.com\\\/?p=57009#respond\"]}]},{\"@type\":\"WebPage\",\"@id\":\"https:\\\/\\\/www.aliadospuebla.com\\\/?p=57009\",\"url\":\"https:\\\/\\\/www.aliadospuebla.com\\\/?p=57009\",\"name\":\"Renuncia comit\u00e9 al PRD en Amozoc y se suma a la campa\u00f1a de Morena - AliadosPuebla\",\"isPartOf\":{\"@id\":\"https:\\\/\\\/www.aliadospuebla.com\\\/#website\"},\"primaryImageOfPage\":{\"@id\":\"https:\\\/\\\/www.aliadospuebla.com\\\/?p=57009#primaryimage\"},\"image\":{\"@id\":\"https:\\\/\\\/www.aliadospuebla.com\\\/?p=57009#primaryimage\"},\"thumbnailUrl\":\"https:\\\/\\\/www.aliadospuebla.com\\\/web2017\\\/wp-content\\\/uploads\\\/2021\\\/05\\\/MARIO-DE-LA-ORSA.jpg\",\"datePublished\":\"2021-05-22T01:04:08+00:00\",\"author\":{\"@id\":\"https:\\\/\\\/www.aliadospuebla.com\\\/#\\\/schema\\\/person\\\/0fd017f23cc5c3f7988d5d58850eec8e\"},\"breadcrumb\":{\"@id\":\"https:\\\/\\\/www.aliadospuebla.com\\\/?p=57009#breadcrumb\"},\"inLanguage\":\"es\",\"potentialAction\":[{\"@type\":\"ReadAction\",\"target\":[\"https:\\\/\\\/www.aliadospuebla.com\\\/?p=57009\"]}]},{\"@type\":\"ImageObject\",\"inLanguage\":\"es\",\"@id\":\"https:\\\/\\\/www.aliadospuebla.com\\\/?p=57009#primaryimage\",\"url\":\"https:\\\/\\\/www.aliadospuebla.com\\\/web2017\\\/wp-content\\\/uploads\\\/2021\\\/05\\\/MARIO-DE-LA-ORSA.jpg\",\"contentUrl\":\"https:\\\/\\\/www.aliadospuebla.com\\\/web2017\\\/wp-content\\\/uploads\\\/2021\\\/05\\\/MARIO-DE-LA-ORSA.jpg\",\"width\":600,\"height\":450},{\"@type\":\"BreadcrumbList\",\"@id\":\"https:\\\/\\\/www.aliadospuebla.com\\\/?p=57009#breadcrumb\",\"itemListElement\":[{\"@type\":\"ListItem\",\"position\":1,\"name\":\"Portada\",\"item\":\"https:\\\/\\\/www.aliadospuebla.com\\\/\"},{\"@type\":\"ListItem\",\"position\":2,\"name\":\"Renuncia comit\u00e9 al PRD en Amozoc y se suma a la campa\u00f1a de Morena\"}]},{\"@type\":\"WebSite\",\"@id\":\"https:\\\/\\\/www.aliadospuebla.com\\\/#website\",\"url\":\"https:\\\/\\\/www.aliadospuebla.com\\\/\",\"name\":\"AliadosPuebla\",\"description\":\"La informaci\u00f3n en tus manos\",\"potentialAction\":[{\"@type\":\"SearchAction\",\"target\":{\"@type\":\"EntryPoint\",\"urlTemplate\":\"https:\\\/\\\/www.aliadospuebla.com\\\/?s={search_term_string}\"},\"query-input\":{\"@type\":\"PropertyValueSpecification\",\"valueRequired\":true,\"valueName\":\"search_term_string\"}}],\"inLanguage\":\"es\"},{\"@type\":\"Person\",\"@id\":\"https:\\\/\\\/www.aliadospuebla.com\\\/#\\\/schema\\\/person\\\/0fd017f23cc5c3f7988d5d58850eec8e\",\"name\":\"Aliados Videos\",\"image\":{\"@type\":\"ImageObject\",\"inLanguage\":\"es\",\"@id\":\"https:\\\/\\\/secure.gravatar.com\\\/avatar\\\/42b92de8b2d8339e1e824f3a73ab023a0bec0ee2e3920248085eb1f3160b4083?s=96&d=mm&r=g\",\"url\":\"https:\\\/\\\/secure.gravatar.com\\\/avatar\\\/42b92de8b2d8339e1e824f3a73ab023a0bec0ee2e3920248085eb1f3160b4083?s=96&d=mm&r=g\",\"contentUrl\":\"https:\\\/\\\/secure.gravatar.com\\\/avatar\\\/42b92de8b2d8339e1e824f3a73ab023a0bec0ee2e3920248085eb1f3160b4083?s=96&d=mm&r=g\",\"caption\":\"Aliados Videos\"},\"url\":\"https:\\\/\\\/www.aliadospuebla.com\\\/?author=3\"}]}<\/script>\n<!-- \/ Yoast SEO plugin. -->","yoast_head_json":{"title":"Renuncia comit\u00e9 al PRD en Amozoc y se suma a la campa\u00f1a de Morena - AliadosPuebla","robots":{"index":"index","follow":"follow","max-snippet":"max-snippet:-1","max-image-preview":"max-image-preview:large","max-video-preview":"max-video-preview:-1"},"canonical":"https:\/\/www.aliadospuebla.com\/?p=57009","og_locale":"es_ES","og_type":"article","og_title":"Renuncia comit\u00e9 al PRD en Amozoc y se suma a la campa\u00f1a de Morena - AliadosPuebla","og_description":"Amozoc.- El ex dirigente municipal del Partido de la Revoluci\u00f3n Democr\u00e1tica (PRD), Delfino Hern\u00e1ndez Huerta, renunci\u00f3 a las filas de ese instituto pol\u00edtico para sumarse al partido del Movimiento de Regeneraci\u00f3n Nacional (Morena), en conjunto con su equipo. El nuevo integrante se\u00f1al\u00f3 que, despu\u00e9s de revisar las mejores propuestas no tiene duda que la del candidato a la presidencia municipal de Amozoc, por los partidos Morena y PT, Mario de la Rosa Romero, es la mejor opci\u00f3n. As\u00ed mismo detall\u00f3 que, dicha opci\u00f3n trae el mejor proyecto, un gran trabajo de campo y la cercan\u00eda con la gente del municipio, lo cual, sin duda dar\u00e1 el triunfo a Morena, mencion\u00f3. De igual manera, acus\u00f3 la incongruencia de su ex partido el PRD, al se\u00f1alar que&hellip;Leer m\u00e1s...","og_url":"https:\/\/www.aliadospuebla.com\/?p=57009","og_site_name":"AliadosPuebla","article_published_time":"2021-05-22T01:04:08+00:00","og_image":[{"width":600,"height":450,"url":"https:\/\/www.aliadospuebla.com\/web2017\/wp-content\/uploads\/2021\/05\/MARIO-DE-LA-ORSA.jpg","type":"image\/jpeg"}],"author":"Aliados Videos","twitter_card":"summary_large_image","twitter_misc":{"Escrito por":"Aliados Videos","Tiempo de lectura":"1 minuto"},"schema":{"@context":"https:\/\/schema.org","@graph":[{"@type":"Article","@id":"https:\/\/www.aliadospuebla.com\/?p=57009#article","isPartOf":{"@id":"https:\/\/www.aliadospuebla.com\/?p=57009"},"author":{"name":"Aliados Videos","@id":"https:\/\/www.aliadospuebla.com\/#\/schema\/person\/0fd017f23cc5c3f7988d5d58850eec8e"},"headline":"Renuncia comit\u00e9 al PRD en Amozoc y se suma a la campa\u00f1a de Morena","datePublished":"2021-05-22T01:04:08+00:00","mainEntityOfPage":{"@id":"https:\/\/www.aliadospuebla.com\/?p=57009"},"wordCount":261,"commentCount":0,"image":{"@id":"https:\/\/www.aliadospuebla.com\/?p=57009#primaryimage"},"thumbnailUrl":"https:\/\/www.aliadospuebla.com\/web2017\/wp-content\/uploads\/2021\/05\/MARIO-DE-LA-ORSA.jpg","keywords":["AMOZOC","capital","MARIO DE LA ROSA","MORENA","Municipios","PRD","PT","Puebla"],"articleSection":["Pol\u00edtica"],"inLanguage":"es","potentialAction":[{"@type":"CommentAction","name":"Comment","target":["https:\/\/www.aliadospuebla.com\/?p=57009#respond"]}]},{"@type":"WebPage","@id":"https:\/\/www.aliadospuebla.com\/?p=57009","url":"https:\/\/www.aliadospuebla.com\/?p=57009","name":"Renuncia comit\u00e9 al PRD en Amozoc y se suma a la campa\u00f1a de Morena - AliadosPuebla","isPartOf":{"@id":"https:\/\/www.aliadospuebla.com\/#website"},"primaryImageOfPage":{"@id":"https:\/\/www.aliadospuebla.com\/?p=57009#primaryimage"},"image":{"@id":"https:\/\/www.aliadospuebla.com\/?p=57009#primaryimage"},"thumbnailUrl":"https:\/\/www.aliadospuebla.com\/web2017\/wp-content\/uploads\/2021\/05\/MARIO-DE-LA-ORSA.jpg","datePublished":"2021-05-22T01:04:08+00:00","author":{"@id":"https:\/\/www.aliadospuebla.com\/#\/schema\/person\/0fd017f23cc5c3f7988d5d58850eec8e"},"breadcrumb":{"@id":"https:\/\/www.aliadospuebla.com\/?p=57009#breadcrumb"},"inLanguage":"es","potentialAction":[{"@type":"ReadAction","target":["https:\/\/www.aliadospuebla.com\/?p=57009"]}]},{"@type":"ImageObject","inLanguage":"es","@id":"https:\/\/www.aliadospuebla.com\/?p=57009#primaryimage","url":"https:\/\/www.aliadospuebla.com\/web2017\/wp-content\/uploads\/2021\/05\/MARIO-DE-LA-ORSA.jpg","contentUrl":"https:\/\/www.aliadospuebla.com\/web2017\/wp-content\/uploads\/2021\/05\/MARIO-DE-LA-ORSA.jpg","width":600,"height":450},{"@type":"BreadcrumbList","@id":"https:\/\/www.aliadospuebla.com\/?p=57009#breadcrumb","itemListElement":[{"@type":"ListItem","position":1,"name":"Portada","item":"https:\/\/www.aliadospuebla.com\/"},{"@type":"ListItem","position":2,"name":"Renuncia comit\u00e9 al PRD en Amozoc y se suma a la campa\u00f1a de Morena"}]},{"@type":"WebSite","@id":"https:\/\/www.aliadospuebla.com\/#website","url":"https:\/\/www.aliadospuebla.com\/","name":"AliadosPuebla","description":"La informaci\u00f3n en tus manos","potentialAction":[{"@type":"SearchAction","target":{"@type":"EntryPoint","urlTemplate":"https:\/\/www.aliadospuebla.com\/?s={search_term_string}"},"query-input":{"@type":"PropertyValueSpecification","valueRequired":true,"valueName":"search_term_string"}}],"inLanguage":"es"},{"@type":"Person","@id":"https:\/\/www.aliadospuebla.com\/#\/schema\/person\/0fd017f23cc5c3f7988d5d58850eec8e","name":"Aliados Videos","image":{"@type":"ImageObject","inLanguage":"es","@id":"https:\/\/secure.gravatar.com\/avatar\/42b92de8b2d8339e1e824f3a73ab023a0bec0ee2e3920248085eb1f3160b4083?s=96&d=mm&r=g","url":"https:\/\/secure.gravatar.com\/avatar\/42b92de8b2d8339e1e824f3a73ab023a0bec0ee2e3920248085eb1f3160b4083?s=96&d=mm&r=g","contentUrl":"https:\/\/secure.gravatar.com\/avatar\/42b92de8b2d8339e1e824f3a73ab023a0bec0ee2e3920248085eb1f3160b4083?s=96&d=mm&r=g","caption":"Aliados Videos"},"url":"https:\/\/www.aliadospuebla.com\/?author=3"}]}},"views":52,"_links":{"self":[{"href":"https:\/\/www.aliadospuebla.com\/index.php?rest_route=\/wp\/v2\/posts\/57009","targetHints":{"allow":["GET"]}}],"collection":[{"href":"https:\/\/www.aliadospuebla.com\/index.php?rest_route=\/wp\/v2\/posts"}],"about":[{"href":"https:\/\/www.aliadospuebla.com\/index.php?rest_route=\/wp\/v2\/types\/post"}],"author":[{"embeddable":true,"href":"https:\/\/www.aliadospuebla.com\/index.php?rest_route=\/wp\/v2\/users\/3"}],"replies":[{"embeddable":true,"href":"https:\/\/www.aliadospuebla.com\/index.php?rest_route=%2Fwp%2Fv2%2Fcomments&post=57009"}],"version-history":[{"count":1,"href":"https:\/\/www.aliadospuebla.com\/index.php?rest_route=\/wp\/v2\/posts\/57009\/revisions"}],"predecessor-version":[{"id":57011,"href":"https:\/\/www.aliadospuebla.com\/index.php?rest_route=\/wp\/v2\/posts\/57009\/revisions\/57011"}],"wp:featuredmedia":[{"embeddable":true,"href":"https:\/\/www.aliadospuebla.com\/index.php?rest_route=\/wp\/v2\/media\/57010"}],"wp:attachment":[{"href":"https:\/\/www.aliadospuebla.com\/index.php?rest_route=%2Fwp%2Fv2%2Fmedia&parent=57009"}],"wp:term":[{"taxonomy":"category","embeddable":true,"href":"https:\/\/www.aliadospuebla.com\/index.php?rest_route=%2Fwp%2Fv2%2Fcategories&post=57009"},{"taxonomy":"post_tag","embeddable":true,"href":"https:\/\/www.aliadospuebla.com\/index.php?rest_route=%2Fwp%2Fv2%2Ftags&post=57009"}],"curies":[{"name":"wp","href":"https:\/\/api.w.org\/{rel}","templated":true}]}}