{"id":56660,"date":"2021-05-17T17:51:15","date_gmt":"2021-05-17T22:51:15","guid":{"rendered":"https:\/\/www.aliados17.com\/?p=56660"},"modified":"2021-05-17T17:51:15","modified_gmt":"2021-05-17T22:51:15","slug":"propone-beto-gil-creacion-de-la-casa-de-la-mujer-para-amozoc","status":"publish","type":"post","link":"https:\/\/www.aliadospuebla.com\/?p=56660","title":{"rendered":"Propone Beto Gil creaci\u00f3n de la Casa de la Mujer para Amozoc"},"content":{"rendered":"<p>Con el prop\u00f3sito de que mujeres de Amozoc puedan contar con un espacio para su desarrollo y atenci\u00f3n en caso de violencia familiar,\u00a0el candidato a Presidente Municipal Beto Gil por la coalici\u00f3n \u201cVa X Amozoc\u201d propuso la creaci\u00f3n de la Casa de la Mujer, un espacio donde se brinde asesor\u00edas jur\u00eddicas y psicol\u00f3gicas, as\u00ed como talleres de capacitaci\u00f3n.<\/p>\n<p>&nbsp;<\/p>\n<p>El abanderado del PRI y PRD, Beto Gil se\u00f1al\u00f3 que la Casa de la Mujer forma parte de su plan de trabajo el cual tendr\u00e1 como objetivo dar celeridad a la ruta de atenci\u00f3n y apoyo a proyectos de emprendimiento para las mujeres, a fin de que puedan generar sus propios ingresos.<\/p>\n<p>&nbsp;<\/p>\n<p>Asimismo, Beto Gil detall\u00f3 que este proyecto contempla un albergue para mujeres que est\u00e9n sufriendo violencia intrafamiliar y que est\u00e9n pasando por problemas, de tal manera, que se pueda generar desde ah\u00ed una red de apoyo, en colaboraci\u00f3n con psic\u00f3logos, abogados y asistentes sociales.<\/p>\n<p>&nbsp;<\/p>\n<p>Durante su recorrido por el Barrio Tepalcayuca y la Colonia Las Cruces veto Gil destac\u00f3 que solo con la suma de voluntades se har\u00e1n posible sus propuestas, por ello, invit\u00f3 a todas y todos los amozoquences a votar por la coalici\u00f3n \u201cVa por Amozoc\u201d este pr\u00f3ximo 6 de junio.<\/p>\n","protected":false},"excerpt":{"rendered":"<p>Con el prop\u00f3sito de que mujeres de Amozoc puedan contar con un espacio para su desarrollo y atenci\u00f3n en caso de violencia familiar,\u00a0el candidato a Presidente Municipal Beto Gil por la coalici\u00f3n \u201cVa X Amozoc\u201d propuso la creaci\u00f3n de la Casa de la Mujer, un espacio donde se brinde asesor\u00edas jur\u00eddicas y psicol\u00f3gicas, as\u00ed como talleres de capacitaci\u00f3n. &nbsp; El abanderado del PRI y PRD, Beto Gil se\u00f1al\u00f3 que la Casa de la Mujer forma parte de su plan de trabajo el cual tendr\u00e1 como objetivo dar celeridad a la ruta de atenci\u00f3n y apoyo a proyectos de emprendimiento para las mujeres, a fin de que puedan generar sus propios ingresos. &nbsp; Asimismo, Beto Gil detall\u00f3 que este proyecto contempla un albergue para mujeres que&hellip;<\/p>\n<p class=\"excerpt-more\"><a class=\"blog-excerpt button\" href=\"https:\/\/www.aliadospuebla.com\/?p=56660\">Leer m\u00e1s&#8230;<\/a><\/p>\n","protected":false},"author":3,"featured_media":56661,"comment_status":"open","ping_status":"open","sticky":false,"template":"","format":"standard","meta":{"_monsterinsights_skip_tracking":false,"footnotes":""},"categories":[6],"tags":[15853,56,77,1487,45,72,15854],"class_list":["post-56660","post","type-post","status-publish","format-standard","has-post-thumbnail","hentry","category-politica","tag-beto-gil","tag-capital","tag-municipios","tag-prd","tag-pri","tag-puebla","tag-tepalcayuca"],"yoast_head":"<!-- This site is optimized with the Yoast SEO plugin v28.4 - https:\/\/yoast.com\/product\/yoast-seo-wordpress\/ -->\n<title>Propone Beto Gil creaci\u00f3n de la Casa de la Mujer para Amozoc - AliadosPuebla<\/title>\n<meta name=\"robots\" content=\"index, follow, max-snippet:-1, max-image-preview:large, max-video-preview:-1\" \/>\n<link rel=\"canonical\" href=\"https:\/\/www.aliadospuebla.com\/?p=56660\" \/>\n<meta property=\"og:locale\" content=\"es_ES\" \/>\n<meta property=\"og:type\" content=\"article\" \/>\n<meta property=\"og:title\" content=\"Propone Beto Gil creaci\u00f3n de la Casa de la Mujer para Amozoc - AliadosPuebla\" \/>\n<meta property=\"og:description\" content=\"Con el prop\u00f3sito de que mujeres de Amozoc puedan contar con un espacio para su desarrollo y atenci\u00f3n en caso de violencia familiar,\u00a0el candidato a Presidente Municipal Beto Gil por la coalici\u00f3n \u201cVa X Amozoc\u201d propuso la creaci\u00f3n de la Casa de la Mujer, un espacio donde se brinde asesor\u00edas jur\u00eddicas y psicol\u00f3gicas, as\u00ed como talleres de capacitaci\u00f3n. &nbsp; El abanderado del PRI y PRD, Beto Gil se\u00f1al\u00f3 que la Casa de la Mujer forma parte de su plan de trabajo el cual tendr\u00e1 como objetivo dar celeridad a la ruta de atenci\u00f3n y apoyo a proyectos de emprendimiento para las mujeres, a fin de que puedan generar sus propios ingresos. &nbsp; Asimismo, Beto Gil detall\u00f3 que este proyecto contempla un albergue para mujeres que&hellip;Leer m\u00e1s...\" \/>\n<meta property=\"og:url\" content=\"https:\/\/www.aliadospuebla.com\/?p=56660\" \/>\n<meta property=\"og:site_name\" content=\"AliadosPuebla\" \/>\n<meta property=\"article:published_time\" content=\"2021-05-17T22:51:15+00:00\" \/>\n<meta property=\"og:image\" content=\"https:\/\/www.aliadospuebla.com\/web2017\/wp-content\/uploads\/2021\/05\/BETO-GIL.jpg\" \/>\n\t<meta property=\"og:image:width\" content=\"600\" \/>\n\t<meta property=\"og:image:height\" content=\"450\" \/>\n\t<meta property=\"og:image:type\" content=\"image\/jpeg\" \/>\n<meta name=\"author\" content=\"Aliados Videos\" \/>\n<meta name=\"twitter:card\" content=\"summary_large_image\" \/>\n<meta name=\"twitter:label1\" content=\"Escrito por\" \/>\n\t<meta name=\"twitter:data1\" content=\"Aliados Videos\" \/>\n\t<meta name=\"twitter:label2\" content=\"Tiempo de lectura\" \/>\n\t<meta name=\"twitter:data2\" content=\"1 minuto\" \/>\n<script type=\"application\/ld+json\" class=\"yoast-schema-graph\">{\"@context\":\"https:\\\/\\\/schema.org\",\"@graph\":[{\"@type\":\"Article\",\"@id\":\"https:\\\/\\\/www.aliadospuebla.com\\\/?p=56660#article\",\"isPartOf\":{\"@id\":\"https:\\\/\\\/www.aliadospuebla.com\\\/?p=56660\"},\"author\":{\"name\":\"Aliados Videos\",\"@id\":\"https:\\\/\\\/www.aliadospuebla.com\\\/#\\\/schema\\\/person\\\/0fd017f23cc5c3f7988d5d58850eec8e\"},\"headline\":\"Propone Beto Gil creaci\u00f3n de la Casa de la Mujer para Amozoc\",\"datePublished\":\"2021-05-17T22:51:15+00:00\",\"mainEntityOfPage\":{\"@id\":\"https:\\\/\\\/www.aliadospuebla.com\\\/?p=56660\"},\"wordCount\":236,\"commentCount\":0,\"image\":{\"@id\":\"https:\\\/\\\/www.aliadospuebla.com\\\/?p=56660#primaryimage\"},\"thumbnailUrl\":\"https:\\\/\\\/www.aliadospuebla.com\\\/web2017\\\/wp-content\\\/uploads\\\/2021\\\/05\\\/BETO-GIL.jpg\",\"keywords\":[\"BETO GIL\",\"capital\",\"Municipios\",\"PRD\",\"PRI\",\"Puebla\",\"TEPALCAYUCA\"],\"articleSection\":[\"Pol\u00edtica\"],\"inLanguage\":\"es\",\"potentialAction\":[{\"@type\":\"CommentAction\",\"name\":\"Comment\",\"target\":[\"https:\\\/\\\/www.aliadospuebla.com\\\/?p=56660#respond\"]}]},{\"@type\":\"WebPage\",\"@id\":\"https:\\\/\\\/www.aliadospuebla.com\\\/?p=56660\",\"url\":\"https:\\\/\\\/www.aliadospuebla.com\\\/?p=56660\",\"name\":\"Propone Beto Gil creaci\u00f3n de la Casa de la Mujer para Amozoc - AliadosPuebla\",\"isPartOf\":{\"@id\":\"https:\\\/\\\/www.aliadospuebla.com\\\/#website\"},\"primaryImageOfPage\":{\"@id\":\"https:\\\/\\\/www.aliadospuebla.com\\\/?p=56660#primaryimage\"},\"image\":{\"@id\":\"https:\\\/\\\/www.aliadospuebla.com\\\/?p=56660#primaryimage\"},\"thumbnailUrl\":\"https:\\\/\\\/www.aliadospuebla.com\\\/web2017\\\/wp-content\\\/uploads\\\/2021\\\/05\\\/BETO-GIL.jpg\",\"datePublished\":\"2021-05-17T22:51:15+00:00\",\"author\":{\"@id\":\"https:\\\/\\\/www.aliadospuebla.com\\\/#\\\/schema\\\/person\\\/0fd017f23cc5c3f7988d5d58850eec8e\"},\"breadcrumb\":{\"@id\":\"https:\\\/\\\/www.aliadospuebla.com\\\/?p=56660#breadcrumb\"},\"inLanguage\":\"es\",\"potentialAction\":[{\"@type\":\"ReadAction\",\"target\":[\"https:\\\/\\\/www.aliadospuebla.com\\\/?p=56660\"]}]},{\"@type\":\"ImageObject\",\"inLanguage\":\"es\",\"@id\":\"https:\\\/\\\/www.aliadospuebla.com\\\/?p=56660#primaryimage\",\"url\":\"https:\\\/\\\/www.aliadospuebla.com\\\/web2017\\\/wp-content\\\/uploads\\\/2021\\\/05\\\/BETO-GIL.jpg\",\"contentUrl\":\"https:\\\/\\\/www.aliadospuebla.com\\\/web2017\\\/wp-content\\\/uploads\\\/2021\\\/05\\\/BETO-GIL.jpg\",\"width\":600,\"height\":450},{\"@type\":\"BreadcrumbList\",\"@id\":\"https:\\\/\\\/www.aliadospuebla.com\\\/?p=56660#breadcrumb\",\"itemListElement\":[{\"@type\":\"ListItem\",\"position\":1,\"name\":\"Portada\",\"item\":\"https:\\\/\\\/www.aliadospuebla.com\\\/\"},{\"@type\":\"ListItem\",\"position\":2,\"name\":\"Propone Beto Gil creaci\u00f3n de la Casa de la Mujer para Amozoc\"}]},{\"@type\":\"WebSite\",\"@id\":\"https:\\\/\\\/www.aliadospuebla.com\\\/#website\",\"url\":\"https:\\\/\\\/www.aliadospuebla.com\\\/\",\"name\":\"AliadosPuebla\",\"description\":\"La informaci\u00f3n en tus manos\",\"potentialAction\":[{\"@type\":\"SearchAction\",\"target\":{\"@type\":\"EntryPoint\",\"urlTemplate\":\"https:\\\/\\\/www.aliadospuebla.com\\\/?s={search_term_string}\"},\"query-input\":{\"@type\":\"PropertyValueSpecification\",\"valueRequired\":true,\"valueName\":\"search_term_string\"}}],\"inLanguage\":\"es\"},{\"@type\":\"Person\",\"@id\":\"https:\\\/\\\/www.aliadospuebla.com\\\/#\\\/schema\\\/person\\\/0fd017f23cc5c3f7988d5d58850eec8e\",\"name\":\"Aliados Videos\",\"image\":{\"@type\":\"ImageObject\",\"inLanguage\":\"es\",\"@id\":\"https:\\\/\\\/secure.gravatar.com\\\/avatar\\\/42b92de8b2d8339e1e824f3a73ab023a0bec0ee2e3920248085eb1f3160b4083?s=96&d=mm&r=g\",\"url\":\"https:\\\/\\\/secure.gravatar.com\\\/avatar\\\/42b92de8b2d8339e1e824f3a73ab023a0bec0ee2e3920248085eb1f3160b4083?s=96&d=mm&r=g\",\"contentUrl\":\"https:\\\/\\\/secure.gravatar.com\\\/avatar\\\/42b92de8b2d8339e1e824f3a73ab023a0bec0ee2e3920248085eb1f3160b4083?s=96&d=mm&r=g\",\"caption\":\"Aliados Videos\"},\"url\":\"https:\\\/\\\/www.aliadospuebla.com\\\/?author=3\"}]}<\/script>\n<!-- \/ Yoast SEO plugin. -->","yoast_head_json":{"title":"Propone Beto Gil creaci\u00f3n de la Casa de la Mujer para Amozoc - AliadosPuebla","robots":{"index":"index","follow":"follow","max-snippet":"max-snippet:-1","max-image-preview":"max-image-preview:large","max-video-preview":"max-video-preview:-1"},"canonical":"https:\/\/www.aliadospuebla.com\/?p=56660","og_locale":"es_ES","og_type":"article","og_title":"Propone Beto Gil creaci\u00f3n de la Casa de la Mujer para Amozoc - AliadosPuebla","og_description":"Con el prop\u00f3sito de que mujeres de Amozoc puedan contar con un espacio para su desarrollo y atenci\u00f3n en caso de violencia familiar,\u00a0el candidato a Presidente Municipal Beto Gil por la coalici\u00f3n \u201cVa X Amozoc\u201d propuso la creaci\u00f3n de la Casa de la Mujer, un espacio donde se brinde asesor\u00edas jur\u00eddicas y psicol\u00f3gicas, as\u00ed como talleres de capacitaci\u00f3n. &nbsp; El abanderado del PRI y PRD, Beto Gil se\u00f1al\u00f3 que la Casa de la Mujer forma parte de su plan de trabajo el cual tendr\u00e1 como objetivo dar celeridad a la ruta de atenci\u00f3n y apoyo a proyectos de emprendimiento para las mujeres, a fin de que puedan generar sus propios ingresos. &nbsp; Asimismo, Beto Gil detall\u00f3 que este proyecto contempla un albergue para mujeres que&hellip;Leer m\u00e1s...","og_url":"https:\/\/www.aliadospuebla.com\/?p=56660","og_site_name":"AliadosPuebla","article_published_time":"2021-05-17T22:51:15+00:00","og_image":[{"width":600,"height":450,"url":"https:\/\/www.aliadospuebla.com\/web2017\/wp-content\/uploads\/2021\/05\/BETO-GIL.jpg","type":"image\/jpeg"}],"author":"Aliados Videos","twitter_card":"summary_large_image","twitter_misc":{"Escrito por":"Aliados Videos","Tiempo de lectura":"1 minuto"},"schema":{"@context":"https:\/\/schema.org","@graph":[{"@type":"Article","@id":"https:\/\/www.aliadospuebla.com\/?p=56660#article","isPartOf":{"@id":"https:\/\/www.aliadospuebla.com\/?p=56660"},"author":{"name":"Aliados Videos","@id":"https:\/\/www.aliadospuebla.com\/#\/schema\/person\/0fd017f23cc5c3f7988d5d58850eec8e"},"headline":"Propone Beto Gil creaci\u00f3n de la Casa de la Mujer para Amozoc","datePublished":"2021-05-17T22:51:15+00:00","mainEntityOfPage":{"@id":"https:\/\/www.aliadospuebla.com\/?p=56660"},"wordCount":236,"commentCount":0,"image":{"@id":"https:\/\/www.aliadospuebla.com\/?p=56660#primaryimage"},"thumbnailUrl":"https:\/\/www.aliadospuebla.com\/web2017\/wp-content\/uploads\/2021\/05\/BETO-GIL.jpg","keywords":["BETO GIL","capital","Municipios","PRD","PRI","Puebla","TEPALCAYUCA"],"articleSection":["Pol\u00edtica"],"inLanguage":"es","potentialAction":[{"@type":"CommentAction","name":"Comment","target":["https:\/\/www.aliadospuebla.com\/?p=56660#respond"]}]},{"@type":"WebPage","@id":"https:\/\/www.aliadospuebla.com\/?p=56660","url":"https:\/\/www.aliadospuebla.com\/?p=56660","name":"Propone Beto Gil creaci\u00f3n de la Casa de la Mujer para Amozoc - AliadosPuebla","isPartOf":{"@id":"https:\/\/www.aliadospuebla.com\/#website"},"primaryImageOfPage":{"@id":"https:\/\/www.aliadospuebla.com\/?p=56660#primaryimage"},"image":{"@id":"https:\/\/www.aliadospuebla.com\/?p=56660#primaryimage"},"thumbnailUrl":"https:\/\/www.aliadospuebla.com\/web2017\/wp-content\/uploads\/2021\/05\/BETO-GIL.jpg","datePublished":"2021-05-17T22:51:15+00:00","author":{"@id":"https:\/\/www.aliadospuebla.com\/#\/schema\/person\/0fd017f23cc5c3f7988d5d58850eec8e"},"breadcrumb":{"@id":"https:\/\/www.aliadospuebla.com\/?p=56660#breadcrumb"},"inLanguage":"es","potentialAction":[{"@type":"ReadAction","target":["https:\/\/www.aliadospuebla.com\/?p=56660"]}]},{"@type":"ImageObject","inLanguage":"es","@id":"https:\/\/www.aliadospuebla.com\/?p=56660#primaryimage","url":"https:\/\/www.aliadospuebla.com\/web2017\/wp-content\/uploads\/2021\/05\/BETO-GIL.jpg","contentUrl":"https:\/\/www.aliadospuebla.com\/web2017\/wp-content\/uploads\/2021\/05\/BETO-GIL.jpg","width":600,"height":450},{"@type":"BreadcrumbList","@id":"https:\/\/www.aliadospuebla.com\/?p=56660#breadcrumb","itemListElement":[{"@type":"ListItem","position":1,"name":"Portada","item":"https:\/\/www.aliadospuebla.com\/"},{"@type":"ListItem","position":2,"name":"Propone Beto Gil creaci\u00f3n de la Casa de la Mujer para Amozoc"}]},{"@type":"WebSite","@id":"https:\/\/www.aliadospuebla.com\/#website","url":"https:\/\/www.aliadospuebla.com\/","name":"AliadosPuebla","description":"La informaci\u00f3n en tus manos","potentialAction":[{"@type":"SearchAction","target":{"@type":"EntryPoint","urlTemplate":"https:\/\/www.aliadospuebla.com\/?s={search_term_string}"},"query-input":{"@type":"PropertyValueSpecification","valueRequired":true,"valueName":"search_term_string"}}],"inLanguage":"es"},{"@type":"Person","@id":"https:\/\/www.aliadospuebla.com\/#\/schema\/person\/0fd017f23cc5c3f7988d5d58850eec8e","name":"Aliados Videos","image":{"@type":"ImageObject","inLanguage":"es","@id":"https:\/\/secure.gravatar.com\/avatar\/42b92de8b2d8339e1e824f3a73ab023a0bec0ee2e3920248085eb1f3160b4083?s=96&d=mm&r=g","url":"https:\/\/secure.gravatar.com\/avatar\/42b92de8b2d8339e1e824f3a73ab023a0bec0ee2e3920248085eb1f3160b4083?s=96&d=mm&r=g","contentUrl":"https:\/\/secure.gravatar.com\/avatar\/42b92de8b2d8339e1e824f3a73ab023a0bec0ee2e3920248085eb1f3160b4083?s=96&d=mm&r=g","caption":"Aliados Videos"},"url":"https:\/\/www.aliadospuebla.com\/?author=3"}]}},"views":6,"_links":{"self":[{"href":"https:\/\/www.aliadospuebla.com\/index.php?rest_route=\/wp\/v2\/posts\/56660","targetHints":{"allow":["GET"]}}],"collection":[{"href":"https:\/\/www.aliadospuebla.com\/index.php?rest_route=\/wp\/v2\/posts"}],"about":[{"href":"https:\/\/www.aliadospuebla.com\/index.php?rest_route=\/wp\/v2\/types\/post"}],"author":[{"embeddable":true,"href":"https:\/\/www.aliadospuebla.com\/index.php?rest_route=\/wp\/v2\/users\/3"}],"replies":[{"embeddable":true,"href":"https:\/\/www.aliadospuebla.com\/index.php?rest_route=%2Fwp%2Fv2%2Fcomments&post=56660"}],"version-history":[{"count":1,"href":"https:\/\/www.aliadospuebla.com\/index.php?rest_route=\/wp\/v2\/posts\/56660\/revisions"}],"predecessor-version":[{"id":56662,"href":"https:\/\/www.aliadospuebla.com\/index.php?rest_route=\/wp\/v2\/posts\/56660\/revisions\/56662"}],"wp:featuredmedia":[{"embeddable":true,"href":"https:\/\/www.aliadospuebla.com\/index.php?rest_route=\/wp\/v2\/media\/56661"}],"wp:attachment":[{"href":"https:\/\/www.aliadospuebla.com\/index.php?rest_route=%2Fwp%2Fv2%2Fmedia&parent=56660"}],"wp:term":[{"taxonomy":"category","embeddable":true,"href":"https:\/\/www.aliadospuebla.com\/index.php?rest_route=%2Fwp%2Fv2%2Fcategories&post=56660"},{"taxonomy":"post_tag","embeddable":true,"href":"https:\/\/www.aliadospuebla.com\/index.php?rest_route=%2Fwp%2Fv2%2Ftags&post=56660"}],"curies":[{"name":"wp","href":"https:\/\/api.w.org\/{rel}","templated":true}]}}