{"id":56475,"date":"2021-05-13T21:14:30","date_gmt":"2021-05-14T02:14:30","guid":{"rendered":"https:\/\/www.aliados17.com\/?p=56475"},"modified":"2021-05-13T21:15:08","modified_gmt":"2021-05-14T02:15:08","slug":"combatiremos-a-favor-del-comercio-formal-las-injustas-cuotas-de-licencia-de-funcionamiento-rafa-alvarez","status":"publish","type":"post","link":"https:\/\/www.aliadospuebla.com\/?p=56475","title":{"rendered":"Combatiremos a favor del comercio formal las injustas cuotas de licencia de funcionamiento: Rafa \u00c1lvarez"},"content":{"rendered":"<p>El candidato a la presidencia municipal de Apizaco por el partido MORENA, Rafael \u00c1lvarez Esc\u00e1rcega ha recorrido diferentes puntos donde integrantes del\u00a0 comercio formal se han acercado para solicitar que a su llegada a la alcald\u00eda sean revisados y en su caso reguladas las cuotas y permisos de funcionamiento, ya que ha decir de los comerciantes los costos actuales de esos permisos rebasan por mucho cuotas que se cobran en otros municipios, incluso estados aleda\u00f1os.<\/p>\n<p>Por su parte\u00a0 Rafa \u00c1lvarez mencion\u00f3 que la cuarta transformaci\u00f3n llegar\u00e1 para trabajar en favor de mejorar las condiciones laborales y eliminar de tajo las injusticias que afectan a miles de familias apizaquenses,\u00a0tambi\u00e9n dio a conocer que durante su gobierno se crear\u00e1n comit\u00e9s de vecinos para que participen en las acciones de desarrollo comunitario.<\/p>\n<p>\u201cLas ganancias realmente se quedar\u00e1n en cada familia, lo que les permitir\u00e1 tener una mejor calidad de vida, nunca m\u00e1s terceras personas se volver\u00e1n aprovechar del trabajo de estas familias\u201d. \u00a1Trabajaremos para eliminar la inseguridad y la corrupci\u00f3n! afirm\u00f3 el candidato de MORENA.<\/p>\n","protected":false},"excerpt":{"rendered":"<p>El candidato a la presidencia municipal de Apizaco por el partido MORENA, Rafael \u00c1lvarez Esc\u00e1rcega ha recorrido diferentes puntos donde integrantes del\u00a0 comercio formal se han acercado para solicitar que a su llegada a la alcald\u00eda sean revisados y en su caso reguladas las cuotas y permisos de funcionamiento, ya que ha decir de los comerciantes los costos actuales de esos permisos rebasan por mucho cuotas que se cobran en otros municipios, incluso estados aleda\u00f1os. Por su parte\u00a0 Rafa \u00c1lvarez mencion\u00f3 que la cuarta transformaci\u00f3n llegar\u00e1 para trabajar en favor de mejorar las condiciones laborales y eliminar de tajo las injusticias que afectan a miles de familias apizaquenses,\u00a0tambi\u00e9n dio a conocer que durante su gobierno se crear\u00e1n comit\u00e9s de vecinos para que participen en las&hellip;<\/p>\n<p class=\"excerpt-more\"><a class=\"blog-excerpt button\" href=\"https:\/\/www.aliadospuebla.com\/?p=56475\">Leer m\u00e1s&#8230;<\/a><\/p>\n","protected":false},"author":2,"featured_media":56476,"comment_status":"open","ping_status":"open","sticky":false,"template":"","format":"standard","meta":{"_monsterinsights_skip_tracking":false,"footnotes":""},"categories":[8304,6],"tags":[8408,5676,666,15839,14816],"class_list":["post-56475","post","type-post","status-publish","format-standard","has-post-thumbnail","hentry","category-nacional","category-politica","tag-apizaco","tag-comerciantes","tag-morena","tag-permisos-de-funcionamiento","tag-rafael-alvarez-escarcega"],"yoast_head":"<!-- This site is optimized with the Yoast SEO plugin v28.3 - https:\/\/yoast.com\/product\/yoast-seo-wordpress\/ -->\n<title>Combatiremos a favor del comercio formal las injustas cuotas de licencia de funcionamiento: Rafa \u00c1lvarez - AliadosPuebla<\/title>\n<meta name=\"robots\" content=\"index, follow, max-snippet:-1, max-image-preview:large, max-video-preview:-1\" \/>\n<link rel=\"canonical\" href=\"https:\/\/www.aliadospuebla.com\/?p=56475\" \/>\n<meta property=\"og:locale\" content=\"es_ES\" \/>\n<meta property=\"og:type\" content=\"article\" \/>\n<meta property=\"og:title\" content=\"Combatiremos a favor del comercio formal las injustas cuotas de licencia de funcionamiento: Rafa \u00c1lvarez - AliadosPuebla\" \/>\n<meta property=\"og:description\" content=\"El candidato a la presidencia municipal de Apizaco por el partido MORENA, Rafael \u00c1lvarez Esc\u00e1rcega ha recorrido diferentes puntos donde integrantes del\u00a0 comercio formal se han acercado para solicitar que a su llegada a la alcald\u00eda sean revisados y en su caso reguladas las cuotas y permisos de funcionamiento, ya que ha decir de los comerciantes los costos actuales de esos permisos rebasan por mucho cuotas que se cobran en otros municipios, incluso estados aleda\u00f1os. Por su parte\u00a0 Rafa \u00c1lvarez mencion\u00f3 que la cuarta transformaci\u00f3n llegar\u00e1 para trabajar en favor de mejorar las condiciones laborales y eliminar de tajo las injusticias que afectan a miles de familias apizaquenses,\u00a0tambi\u00e9n dio a conocer que durante su gobierno se crear\u00e1n comit\u00e9s de vecinos para que participen en las&hellip;Leer m\u00e1s...\" \/>\n<meta property=\"og:url\" content=\"https:\/\/www.aliadospuebla.com\/?p=56475\" \/>\n<meta property=\"og:site_name\" content=\"AliadosPuebla\" \/>\n<meta property=\"article:author\" content=\"https:\/\/www.facebook.com\/Aliados17Pue\" \/>\n<meta property=\"article:published_time\" content=\"2021-05-14T02:14:30+00:00\" \/>\n<meta property=\"article:modified_time\" content=\"2021-05-14T02:15:08+00:00\" \/>\n<meta property=\"og:image\" content=\"https:\/\/www.aliadospuebla.com\/web2017\/wp-content\/uploads\/2021\/05\/009-Rafa-Alvarez.jpg\" \/>\n\t<meta property=\"og:image:width\" content=\"600\" \/>\n\t<meta property=\"og:image:height\" content=\"450\" \/>\n\t<meta property=\"og:image:type\" content=\"image\/jpeg\" \/>\n<meta name=\"author\" content=\"Aliados17\" \/>\n<meta name=\"twitter:card\" content=\"summary_large_image\" \/>\n<meta name=\"twitter:creator\" content=\"@AliadosPuebla\" \/>\n<meta name=\"twitter:label1\" content=\"Escrito por\" \/>\n\t<meta name=\"twitter:data1\" content=\"Aliados17\" \/>\n\t<meta name=\"twitter:label2\" content=\"Tiempo de lectura\" \/>\n\t<meta name=\"twitter:data2\" content=\"1 minuto\" \/>\n<script type=\"application\/ld+json\" class=\"yoast-schema-graph\">{\"@context\":\"https:\\\/\\\/schema.org\",\"@graph\":[{\"@type\":\"Article\",\"@id\":\"https:\\\/\\\/www.aliadospuebla.com\\\/?p=56475#article\",\"isPartOf\":{\"@id\":\"https:\\\/\\\/www.aliadospuebla.com\\\/?p=56475\"},\"author\":{\"name\":\"Aliados17\",\"@id\":\"https:\\\/\\\/www.aliadospuebla.com\\\/#\\\/schema\\\/person\\\/5da7dd09320bd4f392b710017ed5f8ad\"},\"headline\":\"Combatiremos a favor del comercio formal las injustas cuotas de licencia de funcionamiento: Rafa \u00c1lvarez\",\"datePublished\":\"2021-05-14T02:14:30+00:00\",\"dateModified\":\"2021-05-14T02:15:08+00:00\",\"mainEntityOfPage\":{\"@id\":\"https:\\\/\\\/www.aliadospuebla.com\\\/?p=56475\"},\"wordCount\":199,\"commentCount\":0,\"image\":{\"@id\":\"https:\\\/\\\/www.aliadospuebla.com\\\/?p=56475#primaryimage\"},\"thumbnailUrl\":\"https:\\\/\\\/www.aliadospuebla.com\\\/web2017\\\/wp-content\\\/uploads\\\/2021\\\/05\\\/009-Rafa-Alvarez.jpg\",\"keywords\":[\"APIZACO\",\"COMERCIANTES\",\"MORENA\",\"permisos de funcionamiento\",\"Rafael \u00c1lvarez Esc\u00e1rcega\"],\"articleSection\":[\"Nacional\",\"Pol\u00edtica\"],\"inLanguage\":\"es\",\"potentialAction\":[{\"@type\":\"CommentAction\",\"name\":\"Comment\",\"target\":[\"https:\\\/\\\/www.aliadospuebla.com\\\/?p=56475#respond\"]}]},{\"@type\":\"WebPage\",\"@id\":\"https:\\\/\\\/www.aliadospuebla.com\\\/?p=56475\",\"url\":\"https:\\\/\\\/www.aliadospuebla.com\\\/?p=56475\",\"name\":\"Combatiremos a favor del comercio formal las injustas cuotas de licencia de funcionamiento: Rafa \u00c1lvarez - AliadosPuebla\",\"isPartOf\":{\"@id\":\"https:\\\/\\\/www.aliadospuebla.com\\\/#website\"},\"primaryImageOfPage\":{\"@id\":\"https:\\\/\\\/www.aliadospuebla.com\\\/?p=56475#primaryimage\"},\"image\":{\"@id\":\"https:\\\/\\\/www.aliadospuebla.com\\\/?p=56475#primaryimage\"},\"thumbnailUrl\":\"https:\\\/\\\/www.aliadospuebla.com\\\/web2017\\\/wp-content\\\/uploads\\\/2021\\\/05\\\/009-Rafa-Alvarez.jpg\",\"datePublished\":\"2021-05-14T02:14:30+00:00\",\"dateModified\":\"2021-05-14T02:15:08+00:00\",\"author\":{\"@id\":\"https:\\\/\\\/www.aliadospuebla.com\\\/#\\\/schema\\\/person\\\/5da7dd09320bd4f392b710017ed5f8ad\"},\"breadcrumb\":{\"@id\":\"https:\\\/\\\/www.aliadospuebla.com\\\/?p=56475#breadcrumb\"},\"inLanguage\":\"es\",\"potentialAction\":[{\"@type\":\"ReadAction\",\"target\":[\"https:\\\/\\\/www.aliadospuebla.com\\\/?p=56475\"]}]},{\"@type\":\"ImageObject\",\"inLanguage\":\"es\",\"@id\":\"https:\\\/\\\/www.aliadospuebla.com\\\/?p=56475#primaryimage\",\"url\":\"https:\\\/\\\/www.aliadospuebla.com\\\/web2017\\\/wp-content\\\/uploads\\\/2021\\\/05\\\/009-Rafa-Alvarez.jpg\",\"contentUrl\":\"https:\\\/\\\/www.aliadospuebla.com\\\/web2017\\\/wp-content\\\/uploads\\\/2021\\\/05\\\/009-Rafa-Alvarez.jpg\",\"width\":600,\"height\":450},{\"@type\":\"BreadcrumbList\",\"@id\":\"https:\\\/\\\/www.aliadospuebla.com\\\/?p=56475#breadcrumb\",\"itemListElement\":[{\"@type\":\"ListItem\",\"position\":1,\"name\":\"Portada\",\"item\":\"https:\\\/\\\/www.aliadospuebla.com\\\/\"},{\"@type\":\"ListItem\",\"position\":2,\"name\":\"Combatiremos a favor del comercio formal las injustas cuotas de licencia de funcionamiento: Rafa \u00c1lvarez\"}]},{\"@type\":\"WebSite\",\"@id\":\"https:\\\/\\\/www.aliadospuebla.com\\\/#website\",\"url\":\"https:\\\/\\\/www.aliadospuebla.com\\\/\",\"name\":\"AliadosPuebla\",\"description\":\"La informaci\u00f3n en tus manos\",\"potentialAction\":[{\"@type\":\"SearchAction\",\"target\":{\"@type\":\"EntryPoint\",\"urlTemplate\":\"https:\\\/\\\/www.aliadospuebla.com\\\/?s={search_term_string}\"},\"query-input\":{\"@type\":\"PropertyValueSpecification\",\"valueRequired\":true,\"valueName\":\"search_term_string\"}}],\"inLanguage\":\"es\"},{\"@type\":\"Person\",\"@id\":\"https:\\\/\\\/www.aliadospuebla.com\\\/#\\\/schema\\\/person\\\/5da7dd09320bd4f392b710017ed5f8ad\",\"name\":\"Aliados17\",\"image\":{\"@type\":\"ImageObject\",\"inLanguage\":\"es\",\"@id\":\"https:\\\/\\\/www.aliadospuebla.com\\\/web2017\\\/wp-content\\\/uploads\\\/2025\\\/03\\\/cropped-para-perfil-8-anos-1-96x96.jpg\",\"url\":\"https:\\\/\\\/www.aliadospuebla.com\\\/web2017\\\/wp-content\\\/uploads\\\/2025\\\/03\\\/cropped-para-perfil-8-anos-1-96x96.jpg\",\"contentUrl\":\"https:\\\/\\\/www.aliadospuebla.com\\\/web2017\\\/wp-content\\\/uploads\\\/2025\\\/03\\\/cropped-para-perfil-8-anos-1-96x96.jpg\",\"caption\":\"Aliados17\"},\"sameAs\":[\"https:\\\/\\\/www.aliados17.com\",\"https:\\\/\\\/www.facebook.com\\\/Aliados17Pue\",\"https:\\\/\\\/x.com\\\/AliadosPuebla\"],\"url\":\"https:\\\/\\\/www.aliadospuebla.com\\\/?author=2\"}]}<\/script>\n<!-- \/ Yoast SEO plugin. -->","yoast_head_json":{"title":"Combatiremos a favor del comercio formal las injustas cuotas de licencia de funcionamiento: Rafa \u00c1lvarez - AliadosPuebla","robots":{"index":"index","follow":"follow","max-snippet":"max-snippet:-1","max-image-preview":"max-image-preview:large","max-video-preview":"max-video-preview:-1"},"canonical":"https:\/\/www.aliadospuebla.com\/?p=56475","og_locale":"es_ES","og_type":"article","og_title":"Combatiremos a favor del comercio formal las injustas cuotas de licencia de funcionamiento: Rafa \u00c1lvarez - AliadosPuebla","og_description":"El candidato a la presidencia municipal de Apizaco por el partido MORENA, Rafael \u00c1lvarez Esc\u00e1rcega ha recorrido diferentes puntos donde integrantes del\u00a0 comercio formal se han acercado para solicitar que a su llegada a la alcald\u00eda sean revisados y en su caso reguladas las cuotas y permisos de funcionamiento, ya que ha decir de los comerciantes los costos actuales de esos permisos rebasan por mucho cuotas que se cobran en otros municipios, incluso estados aleda\u00f1os. Por su parte\u00a0 Rafa \u00c1lvarez mencion\u00f3 que la cuarta transformaci\u00f3n llegar\u00e1 para trabajar en favor de mejorar las condiciones laborales y eliminar de tajo las injusticias que afectan a miles de familias apizaquenses,\u00a0tambi\u00e9n dio a conocer que durante su gobierno se crear\u00e1n comit\u00e9s de vecinos para que participen en las&hellip;Leer m\u00e1s...","og_url":"https:\/\/www.aliadospuebla.com\/?p=56475","og_site_name":"AliadosPuebla","article_author":"https:\/\/www.facebook.com\/Aliados17Pue","article_published_time":"2021-05-14T02:14:30+00:00","article_modified_time":"2021-05-14T02:15:08+00:00","og_image":[{"width":600,"height":450,"url":"https:\/\/www.aliadospuebla.com\/web2017\/wp-content\/uploads\/2021\/05\/009-Rafa-Alvarez.jpg","type":"image\/jpeg"}],"author":"Aliados17","twitter_card":"summary_large_image","twitter_creator":"@AliadosPuebla","twitter_misc":{"Escrito por":"Aliados17","Tiempo de lectura":"1 minuto"},"schema":{"@context":"https:\/\/schema.org","@graph":[{"@type":"Article","@id":"https:\/\/www.aliadospuebla.com\/?p=56475#article","isPartOf":{"@id":"https:\/\/www.aliadospuebla.com\/?p=56475"},"author":{"name":"Aliados17","@id":"https:\/\/www.aliadospuebla.com\/#\/schema\/person\/5da7dd09320bd4f392b710017ed5f8ad"},"headline":"Combatiremos a favor del comercio formal las injustas cuotas de licencia de funcionamiento: Rafa \u00c1lvarez","datePublished":"2021-05-14T02:14:30+00:00","dateModified":"2021-05-14T02:15:08+00:00","mainEntityOfPage":{"@id":"https:\/\/www.aliadospuebla.com\/?p=56475"},"wordCount":199,"commentCount":0,"image":{"@id":"https:\/\/www.aliadospuebla.com\/?p=56475#primaryimage"},"thumbnailUrl":"https:\/\/www.aliadospuebla.com\/web2017\/wp-content\/uploads\/2021\/05\/009-Rafa-Alvarez.jpg","keywords":["APIZACO","COMERCIANTES","MORENA","permisos de funcionamiento","Rafael \u00c1lvarez Esc\u00e1rcega"],"articleSection":["Nacional","Pol\u00edtica"],"inLanguage":"es","potentialAction":[{"@type":"CommentAction","name":"Comment","target":["https:\/\/www.aliadospuebla.com\/?p=56475#respond"]}]},{"@type":"WebPage","@id":"https:\/\/www.aliadospuebla.com\/?p=56475","url":"https:\/\/www.aliadospuebla.com\/?p=56475","name":"Combatiremos a favor del comercio formal las injustas cuotas de licencia de funcionamiento: Rafa \u00c1lvarez - AliadosPuebla","isPartOf":{"@id":"https:\/\/www.aliadospuebla.com\/#website"},"primaryImageOfPage":{"@id":"https:\/\/www.aliadospuebla.com\/?p=56475#primaryimage"},"image":{"@id":"https:\/\/www.aliadospuebla.com\/?p=56475#primaryimage"},"thumbnailUrl":"https:\/\/www.aliadospuebla.com\/web2017\/wp-content\/uploads\/2021\/05\/009-Rafa-Alvarez.jpg","datePublished":"2021-05-14T02:14:30+00:00","dateModified":"2021-05-14T02:15:08+00:00","author":{"@id":"https:\/\/www.aliadospuebla.com\/#\/schema\/person\/5da7dd09320bd4f392b710017ed5f8ad"},"breadcrumb":{"@id":"https:\/\/www.aliadospuebla.com\/?p=56475#breadcrumb"},"inLanguage":"es","potentialAction":[{"@type":"ReadAction","target":["https:\/\/www.aliadospuebla.com\/?p=56475"]}]},{"@type":"ImageObject","inLanguage":"es","@id":"https:\/\/www.aliadospuebla.com\/?p=56475#primaryimage","url":"https:\/\/www.aliadospuebla.com\/web2017\/wp-content\/uploads\/2021\/05\/009-Rafa-Alvarez.jpg","contentUrl":"https:\/\/www.aliadospuebla.com\/web2017\/wp-content\/uploads\/2021\/05\/009-Rafa-Alvarez.jpg","width":600,"height":450},{"@type":"BreadcrumbList","@id":"https:\/\/www.aliadospuebla.com\/?p=56475#breadcrumb","itemListElement":[{"@type":"ListItem","position":1,"name":"Portada","item":"https:\/\/www.aliadospuebla.com\/"},{"@type":"ListItem","position":2,"name":"Combatiremos a favor del comercio formal las injustas cuotas de licencia de funcionamiento: Rafa \u00c1lvarez"}]},{"@type":"WebSite","@id":"https:\/\/www.aliadospuebla.com\/#website","url":"https:\/\/www.aliadospuebla.com\/","name":"AliadosPuebla","description":"La informaci\u00f3n en tus manos","potentialAction":[{"@type":"SearchAction","target":{"@type":"EntryPoint","urlTemplate":"https:\/\/www.aliadospuebla.com\/?s={search_term_string}"},"query-input":{"@type":"PropertyValueSpecification","valueRequired":true,"valueName":"search_term_string"}}],"inLanguage":"es"},{"@type":"Person","@id":"https:\/\/www.aliadospuebla.com\/#\/schema\/person\/5da7dd09320bd4f392b710017ed5f8ad","name":"Aliados17","image":{"@type":"ImageObject","inLanguage":"es","@id":"https:\/\/www.aliadospuebla.com\/web2017\/wp-content\/uploads\/2025\/03\/cropped-para-perfil-8-anos-1-96x96.jpg","url":"https:\/\/www.aliadospuebla.com\/web2017\/wp-content\/uploads\/2025\/03\/cropped-para-perfil-8-anos-1-96x96.jpg","contentUrl":"https:\/\/www.aliadospuebla.com\/web2017\/wp-content\/uploads\/2025\/03\/cropped-para-perfil-8-anos-1-96x96.jpg","caption":"Aliados17"},"sameAs":["https:\/\/www.aliados17.com","https:\/\/www.facebook.com\/Aliados17Pue","https:\/\/x.com\/AliadosPuebla"],"url":"https:\/\/www.aliadospuebla.com\/?author=2"}]}},"views":34,"_links":{"self":[{"href":"https:\/\/www.aliadospuebla.com\/index.php?rest_route=\/wp\/v2\/posts\/56475","targetHints":{"allow":["GET"]}}],"collection":[{"href":"https:\/\/www.aliadospuebla.com\/index.php?rest_route=\/wp\/v2\/posts"}],"about":[{"href":"https:\/\/www.aliadospuebla.com\/index.php?rest_route=\/wp\/v2\/types\/post"}],"author":[{"embeddable":true,"href":"https:\/\/www.aliadospuebla.com\/index.php?rest_route=\/wp\/v2\/users\/2"}],"replies":[{"embeddable":true,"href":"https:\/\/www.aliadospuebla.com\/index.php?rest_route=%2Fwp%2Fv2%2Fcomments&post=56475"}],"version-history":[{"count":1,"href":"https:\/\/www.aliadospuebla.com\/index.php?rest_route=\/wp\/v2\/posts\/56475\/revisions"}],"predecessor-version":[{"id":56477,"href":"https:\/\/www.aliadospuebla.com\/index.php?rest_route=\/wp\/v2\/posts\/56475\/revisions\/56477"}],"wp:featuredmedia":[{"embeddable":true,"href":"https:\/\/www.aliadospuebla.com\/index.php?rest_route=\/wp\/v2\/media\/56476"}],"wp:attachment":[{"href":"https:\/\/www.aliadospuebla.com\/index.php?rest_route=%2Fwp%2Fv2%2Fmedia&parent=56475"}],"wp:term":[{"taxonomy":"category","embeddable":true,"href":"https:\/\/www.aliadospuebla.com\/index.php?rest_route=%2Fwp%2Fv2%2Fcategories&post=56475"},{"taxonomy":"post_tag","embeddable":true,"href":"https:\/\/www.aliadospuebla.com\/index.php?rest_route=%2Fwp%2Fv2%2Ftags&post=56475"}],"curies":[{"name":"wp","href":"https:\/\/api.w.org\/{rel}","templated":true}]}}