{"id":54530,"date":"2021-03-29T12:37:55","date_gmt":"2021-03-29T18:37:55","guid":{"rendered":"https:\/\/www.aliados17.com\/?p=54530"},"modified":"2021-03-29T12:37:55","modified_gmt":"2021-03-29T18:37:55","slug":"gilbon-a-la-sucesion-de-la-buap","status":"publish","type":"post","link":"https:\/\/www.aliadospuebla.com\/?p=54530","title":{"rendered":"Gilb\u00f3n, a la sucesi\u00f3n de la BUAP"},"content":{"rendered":"<p>\u00abAs\u00ed como no queriendo\u201d, el rector de la BUAP reincorpor\u00f3 a Oscar Gilb\u00f3n Rosete al proceso de sucesi\u00f3n.<br \/>\nCon ello, vuelve a cerrarse a tres y s\u00f3lo tres, el n\u00famero de aspirantes a suceder a Alfonso Esparza Ort\u00edz en la rector\u00eda de la Benem\u00e9rita Universidad Aut\u00f3noma de Puebla (BUAP):<br \/>\nGuadalupe Grajales Porras, Secretar\u00eda General.<br \/>\nOscar Gilb\u00f3n Rosete, Coordinador General de Capacitaci\u00f3n.<br \/>\nJaime V\u00e1zquez L\u00f3pez, titular de la Universidad para Adultos.<br \/>\nDesde el 26 de febrero de 2021, De Buena Fuente dio a conocer la terna final, misma que ahora, un mes despu\u00e9s, confirm\u00f3 el mismo rector, cuando cre\u00f3 la Coordinaci\u00f3n General de Capacitaci\u00f3n.<br \/>\n\u00bfQui\u00e9n va a ganar? No lo s\u00e9.<br \/>\nPero a c\u00f3mo est\u00e1n las cosas en Puebla, lo \u00fanico que me queda claro es que Esparza logr\u00f3 \u201csacar de la sucesi\u00f3n\u201d, al gobernador Luis Miguel Barbosa.<br \/>\nPunto.<br \/>\nHe dicho y he escrito.<br \/>\n\u2026<\/p>\n<p>El TEE \u201ctirar\u00e1\u201d a Arturo de Rosas<br \/>\nA m\u00ed se me hace que Arturo de Rosas va a regresar a Atzizintla, su pueblo, como \u201cel perro arrepentido\u201d de la serie de \u201cEl Chavo del Ocho\u201d\u2026<br \/>\nY es que el Tribunal Electoral del Estado (bueno, lo poco que queda) deber\u00e1 fallar en la pr\u00f3ximas horas, sobre la denuncia que por violencia de g\u00e9nero, interpuso el PRD de Tecamachalco en contra del diputado local con licencia.<br \/>\nRecordemos que Arturo de Rosas, durante una sesi\u00f3n del Congreso del Estado (Sin la H de Honorable) le dijo: \u201c\u2026hija de la chin\u2026\u201d a su compa\u00f1era diputada Tonantzin Fern\u00e1ndez D\u00edaz.<br \/>\nQue no se nos olvide que nuestro personaje, fue alcalde de Atizizintla en dos ocasiones y ahora es, candidato a alcalde pero de Tecamachalco, representando al ala del PRD que regentean los hermanos Roxana y Vladimir Luna Porquillo.<br \/>\nPero bueno, sin tanto rollo, Arturo de Rosas Cuevas est\u00e1 por recibir su merecido: Que las medidas cautelares del Tribunal Electoral del Estado (TTE), obliguen al Instituto Electoral del Estado (IEE) a retirarle la candidatura a la presidencia municipal.<br \/>\nEl PRD no se queda \u201ccojo\u201d. De inmediato se reconocer\u00eda a la planilla que en tiempo y forma, present\u00f3 ante el IEE el aspirante Emilio Men\u00e9ndez. De hecho, el presidente estatal Carlos Martinez Amador tiene m\u00e1s afinidad con este sector perredista.<br \/>\nMientras todo lo legal sucede, el se\u00f1or Arturo de Rosas tendr\u00eda que dar cuenta, del costo de los tinacos que llevan su logotipo: \u201cEl del sombrerito\u201d.<br \/>\nPunto.<br \/>\nHe dicho y he escrito.<br \/>\n\u2026<\/p>\n<p>Ni Obama<br \/>\nFormado y forjado en la clase pol\u00edtica pol\u00edtica del PRI, Andr\u00e9s Manuel L\u00f3pez Obrador no pod\u00eda ser diferente. A final del d\u00eda, el gobernador Luis Miguel Barbosa, fue \u201cchamaqueado\u201d por el Presidente (Caso Claudia)\u2026 y esto ya no lo cambia, ni Obama.<\/p>\n<p>El Verdugo<br \/>\nSuena l\u00f3gico y\u2026 suena met\u00e1lico. Si est\u00e1 vacante la Secretar\u00eda de Movilidad y Transporte y Gabriel Biestro Medinilla, es una especie de desempleado electoral \u00bfPor qu\u00e9 esperar a su designaci\u00f3n? Tarde o temprano, volver\u00e1 a perder. Aunque en una de esas, me lo sacan de Puebla\u2026 hasta con polic\u00edas. El Verdugo dice: Al estilo de mi gobernador.<\/p>\n<p>De Buena Fuente no es la mejor columna pol\u00edtica, pero tiene a los mejores lectores.<br \/>\ncmaciaspalma@yahoo.com.mx<br \/>\ncmaciaspalma0105@gmail.com<br \/>\n@cmaciaspalma<br \/>\nFB: Carlos Mac\u00edas Palma<br \/>\nLunes: 10 horas FactorRadio y 21 horas #Elecciones2021 TV (paralelo19.mx)<br \/>\nMi\u00e9rcoles: 17 horas en Carlos Mac\u00edas-Radio (radioenredes.com)<br \/>\nViernes: 10:30 horas en Entre amigos (RevistaUnicaporCincoMujeres<\/p>\n","protected":false},"excerpt":{"rendered":"<p>\u00abAs\u00ed como no queriendo\u201d, el rector de la BUAP reincorpor\u00f3 a Oscar Gilb\u00f3n Rosete al proceso de sucesi\u00f3n. Con ello, vuelve a cerrarse a tres y s\u00f3lo tres, el n\u00famero de aspirantes a suceder a Alfonso Esparza Ort\u00edz en la rector\u00eda de la Benem\u00e9rita Universidad Aut\u00f3noma de Puebla (BUAP): Guadalupe Grajales Porras, Secretar\u00eda General. Oscar Gilb\u00f3n Rosete, Coordinador General de Capacitaci\u00f3n. Jaime V\u00e1zquez L\u00f3pez, titular de la Universidad para Adultos. Desde el 26 de febrero de 2021, De Buena Fuente dio a conocer la terna final, misma que ahora, un mes despu\u00e9s, confirm\u00f3 el mismo rector, cuando cre\u00f3 la Coordinaci\u00f3n General de Capacitaci\u00f3n. \u00bfQui\u00e9n va a ganar? No lo s\u00e9. Pero a c\u00f3mo est\u00e1n las cosas en Puebla, lo \u00fanico que me queda claro es&hellip;<\/p>\n<p class=\"excerpt-more\"><a class=\"blog-excerpt button\" href=\"https:\/\/www.aliadospuebla.com\/?p=54530\">Leer m\u00e1s&#8230;<\/a><\/p>\n","protected":false},"author":2,"featured_media":54531,"comment_status":"open","ping_status":"open","sticky":false,"template":"","format":"standard","meta":{"_monsterinsights_skip_tracking":false,"footnotes":""},"categories":[9],"tags":[769,10079,653,7393,3255,14751,15694,15693,15695,7394,1050],"class_list":["post-54530","post","type-post","status-publish","format-standard","has-post-thumbnail","hentry","category-columnas","tag-alfonso-esparza-ortiz","tag-arturo-de-rosas","tag-buap","tag-gabriel-biestro-medinilla","tag-iee-puebla","tag-luis-miguel-geronimo-barbosa-huerta","tag-oscar-gilbon","tag-sucesion","tag-tee","tag-tonantzin-fernandez","tag-violencia-de-genero"],"yoast_head":"<!-- This site is optimized with the Yoast SEO plugin v28.4 - https:\/\/yoast.com\/product\/yoast-seo-wordpress\/ -->\n<title>Gilb\u00f3n, a la sucesi\u00f3n de la BUAP - AliadosPuebla<\/title>\n<meta name=\"robots\" content=\"index, follow, max-snippet:-1, max-image-preview:large, max-video-preview:-1\" \/>\n<link rel=\"canonical\" href=\"https:\/\/www.aliadospuebla.com\/?p=54530\" \/>\n<meta property=\"og:locale\" content=\"es_ES\" \/>\n<meta property=\"og:type\" content=\"article\" \/>\n<meta property=\"og:title\" content=\"Gilb\u00f3n, a la sucesi\u00f3n de la BUAP - AliadosPuebla\" \/>\n<meta property=\"og:description\" content=\"\u00abAs\u00ed como no queriendo\u201d, el rector de la BUAP reincorpor\u00f3 a Oscar Gilb\u00f3n Rosete al proceso de sucesi\u00f3n. Con ello, vuelve a cerrarse a tres y s\u00f3lo tres, el n\u00famero de aspirantes a suceder a Alfonso Esparza Ort\u00edz en la rector\u00eda de la Benem\u00e9rita Universidad Aut\u00f3noma de Puebla (BUAP): Guadalupe Grajales Porras, Secretar\u00eda General. Oscar Gilb\u00f3n Rosete, Coordinador General de Capacitaci\u00f3n. Jaime V\u00e1zquez L\u00f3pez, titular de la Universidad para Adultos. Desde el 26 de febrero de 2021, De Buena Fuente dio a conocer la terna final, misma que ahora, un mes despu\u00e9s, confirm\u00f3 el mismo rector, cuando cre\u00f3 la Coordinaci\u00f3n General de Capacitaci\u00f3n. \u00bfQui\u00e9n va a ganar? No lo s\u00e9. Pero a c\u00f3mo est\u00e1n las cosas en Puebla, lo \u00fanico que me queda claro es&hellip;Leer m\u00e1s...\" \/>\n<meta property=\"og:url\" content=\"https:\/\/www.aliadospuebla.com\/?p=54530\" \/>\n<meta property=\"og:site_name\" content=\"AliadosPuebla\" \/>\n<meta property=\"article:author\" content=\"https:\/\/www.facebook.com\/Aliados17Pue\" \/>\n<meta property=\"article:published_time\" content=\"2021-03-29T18:37:55+00:00\" \/>\n<meta property=\"og:image\" content=\"https:\/\/www.aliadospuebla.com\/web2017\/wp-content\/uploads\/2021\/03\/083-columna.jpg\" \/>\n\t<meta property=\"og:image:width\" content=\"600\" \/>\n\t<meta property=\"og:image:height\" content=\"450\" \/>\n\t<meta property=\"og:image:type\" content=\"image\/jpeg\" \/>\n<meta name=\"author\" content=\"Aliados17\" \/>\n<meta name=\"twitter:card\" content=\"summary_large_image\" \/>\n<meta name=\"twitter:creator\" content=\"@AliadosPuebla\" \/>\n<meta name=\"twitter:label1\" content=\"Escrito por\" \/>\n\t<meta name=\"twitter:data1\" content=\"Aliados17\" \/>\n\t<meta name=\"twitter:label2\" content=\"Tiempo de lectura\" \/>\n\t<meta name=\"twitter:data2\" content=\"3 minutos\" \/>\n<script type=\"application\/ld+json\" class=\"yoast-schema-graph\">{\"@context\":\"https:\\\/\\\/schema.org\",\"@graph\":[{\"@type\":\"Article\",\"@id\":\"https:\\\/\\\/www.aliadospuebla.com\\\/?p=54530#article\",\"isPartOf\":{\"@id\":\"https:\\\/\\\/www.aliadospuebla.com\\\/?p=54530\"},\"author\":{\"name\":\"Aliados17\",\"@id\":\"https:\\\/\\\/www.aliadospuebla.com\\\/#\\\/schema\\\/person\\\/5da7dd09320bd4f392b710017ed5f8ad\"},\"headline\":\"Gilb\u00f3n, a la sucesi\u00f3n de la BUAP\",\"datePublished\":\"2021-03-29T18:37:55+00:00\",\"mainEntityOfPage\":{\"@id\":\"https:\\\/\\\/www.aliadospuebla.com\\\/?p=54530\"},\"wordCount\":602,\"commentCount\":0,\"image\":{\"@id\":\"https:\\\/\\\/www.aliadospuebla.com\\\/?p=54530#primaryimage\"},\"thumbnailUrl\":\"https:\\\/\\\/www.aliadospuebla.com\\\/web2017\\\/wp-content\\\/uploads\\\/2021\\\/03\\\/083-columna.jpg\",\"keywords\":[\"ALFONSO ESPARZA ORT\u00cdZ\",\"Arturo de Rosas\",\"BUAP\",\"GABRIEL BIESTRO MEDINILLA\",\"IEE PUEBLA\",\"Luis Miguel Ger\u00f3nimo Barbosa Huerta\",\"Oscar Gilb\u00f3n\",\"sucesi\u00f3n\",\"TEE\",\"TONANTZIN FERN\u00c1NDEZ\",\"VIOLENCIA DE G\u00c9NERO\"],\"articleSection\":[\"Columnas\"],\"inLanguage\":\"es\",\"potentialAction\":[{\"@type\":\"CommentAction\",\"name\":\"Comment\",\"target\":[\"https:\\\/\\\/www.aliadospuebla.com\\\/?p=54530#respond\"]}]},{\"@type\":\"WebPage\",\"@id\":\"https:\\\/\\\/www.aliadospuebla.com\\\/?p=54530\",\"url\":\"https:\\\/\\\/www.aliadospuebla.com\\\/?p=54530\",\"name\":\"Gilb\u00f3n, a la sucesi\u00f3n de la BUAP - AliadosPuebla\",\"isPartOf\":{\"@id\":\"https:\\\/\\\/www.aliadospuebla.com\\\/#website\"},\"primaryImageOfPage\":{\"@id\":\"https:\\\/\\\/www.aliadospuebla.com\\\/?p=54530#primaryimage\"},\"image\":{\"@id\":\"https:\\\/\\\/www.aliadospuebla.com\\\/?p=54530#primaryimage\"},\"thumbnailUrl\":\"https:\\\/\\\/www.aliadospuebla.com\\\/web2017\\\/wp-content\\\/uploads\\\/2021\\\/03\\\/083-columna.jpg\",\"datePublished\":\"2021-03-29T18:37:55+00:00\",\"author\":{\"@id\":\"https:\\\/\\\/www.aliadospuebla.com\\\/#\\\/schema\\\/person\\\/5da7dd09320bd4f392b710017ed5f8ad\"},\"breadcrumb\":{\"@id\":\"https:\\\/\\\/www.aliadospuebla.com\\\/?p=54530#breadcrumb\"},\"inLanguage\":\"es\",\"potentialAction\":[{\"@type\":\"ReadAction\",\"target\":[\"https:\\\/\\\/www.aliadospuebla.com\\\/?p=54530\"]}]},{\"@type\":\"ImageObject\",\"inLanguage\":\"es\",\"@id\":\"https:\\\/\\\/www.aliadospuebla.com\\\/?p=54530#primaryimage\",\"url\":\"https:\\\/\\\/www.aliadospuebla.com\\\/web2017\\\/wp-content\\\/uploads\\\/2021\\\/03\\\/083-columna.jpg\",\"contentUrl\":\"https:\\\/\\\/www.aliadospuebla.com\\\/web2017\\\/wp-content\\\/uploads\\\/2021\\\/03\\\/083-columna.jpg\",\"width\":600,\"height\":450},{\"@type\":\"BreadcrumbList\",\"@id\":\"https:\\\/\\\/www.aliadospuebla.com\\\/?p=54530#breadcrumb\",\"itemListElement\":[{\"@type\":\"ListItem\",\"position\":1,\"name\":\"Portada\",\"item\":\"https:\\\/\\\/www.aliadospuebla.com\\\/\"},{\"@type\":\"ListItem\",\"position\":2,\"name\":\"Gilb\u00f3n, a la sucesi\u00f3n de la BUAP\"}]},{\"@type\":\"WebSite\",\"@id\":\"https:\\\/\\\/www.aliadospuebla.com\\\/#website\",\"url\":\"https:\\\/\\\/www.aliadospuebla.com\\\/\",\"name\":\"AliadosPuebla\",\"description\":\"La informaci\u00f3n en tus manos\",\"potentialAction\":[{\"@type\":\"SearchAction\",\"target\":{\"@type\":\"EntryPoint\",\"urlTemplate\":\"https:\\\/\\\/www.aliadospuebla.com\\\/?s={search_term_string}\"},\"query-input\":{\"@type\":\"PropertyValueSpecification\",\"valueRequired\":true,\"valueName\":\"search_term_string\"}}],\"inLanguage\":\"es\"},{\"@type\":\"Person\",\"@id\":\"https:\\\/\\\/www.aliadospuebla.com\\\/#\\\/schema\\\/person\\\/5da7dd09320bd4f392b710017ed5f8ad\",\"name\":\"Aliados17\",\"image\":{\"@type\":\"ImageObject\",\"inLanguage\":\"es\",\"@id\":\"https:\\\/\\\/www.aliadospuebla.com\\\/web2017\\\/wp-content\\\/uploads\\\/2025\\\/03\\\/cropped-para-perfil-8-anos-1-96x96.jpg\",\"url\":\"https:\\\/\\\/www.aliadospuebla.com\\\/web2017\\\/wp-content\\\/uploads\\\/2025\\\/03\\\/cropped-para-perfil-8-anos-1-96x96.jpg\",\"contentUrl\":\"https:\\\/\\\/www.aliadospuebla.com\\\/web2017\\\/wp-content\\\/uploads\\\/2025\\\/03\\\/cropped-para-perfil-8-anos-1-96x96.jpg\",\"caption\":\"Aliados17\"},\"sameAs\":[\"https:\\\/\\\/www.aliados17.com\",\"https:\\\/\\\/www.facebook.com\\\/Aliados17Pue\",\"https:\\\/\\\/x.com\\\/AliadosPuebla\"],\"url\":\"https:\\\/\\\/www.aliadospuebla.com\\\/?author=2\"}]}<\/script>\n<!-- \/ Yoast SEO plugin. -->","yoast_head_json":{"title":"Gilb\u00f3n, a la sucesi\u00f3n de la BUAP - AliadosPuebla","robots":{"index":"index","follow":"follow","max-snippet":"max-snippet:-1","max-image-preview":"max-image-preview:large","max-video-preview":"max-video-preview:-1"},"canonical":"https:\/\/www.aliadospuebla.com\/?p=54530","og_locale":"es_ES","og_type":"article","og_title":"Gilb\u00f3n, a la sucesi\u00f3n de la BUAP - AliadosPuebla","og_description":"\u00abAs\u00ed como no queriendo\u201d, el rector de la BUAP reincorpor\u00f3 a Oscar Gilb\u00f3n Rosete al proceso de sucesi\u00f3n. Con ello, vuelve a cerrarse a tres y s\u00f3lo tres, el n\u00famero de aspirantes a suceder a Alfonso Esparza Ort\u00edz en la rector\u00eda de la Benem\u00e9rita Universidad Aut\u00f3noma de Puebla (BUAP): Guadalupe Grajales Porras, Secretar\u00eda General. Oscar Gilb\u00f3n Rosete, Coordinador General de Capacitaci\u00f3n. Jaime V\u00e1zquez L\u00f3pez, titular de la Universidad para Adultos. Desde el 26 de febrero de 2021, De Buena Fuente dio a conocer la terna final, misma que ahora, un mes despu\u00e9s, confirm\u00f3 el mismo rector, cuando cre\u00f3 la Coordinaci\u00f3n General de Capacitaci\u00f3n. \u00bfQui\u00e9n va a ganar? No lo s\u00e9. Pero a c\u00f3mo est\u00e1n las cosas en Puebla, lo \u00fanico que me queda claro es&hellip;Leer m\u00e1s...","og_url":"https:\/\/www.aliadospuebla.com\/?p=54530","og_site_name":"AliadosPuebla","article_author":"https:\/\/www.facebook.com\/Aliados17Pue","article_published_time":"2021-03-29T18:37:55+00:00","og_image":[{"width":600,"height":450,"url":"https:\/\/www.aliadospuebla.com\/web2017\/wp-content\/uploads\/2021\/03\/083-columna.jpg","type":"image\/jpeg"}],"author":"Aliados17","twitter_card":"summary_large_image","twitter_creator":"@AliadosPuebla","twitter_misc":{"Escrito por":"Aliados17","Tiempo de lectura":"3 minutos"},"schema":{"@context":"https:\/\/schema.org","@graph":[{"@type":"Article","@id":"https:\/\/www.aliadospuebla.com\/?p=54530#article","isPartOf":{"@id":"https:\/\/www.aliadospuebla.com\/?p=54530"},"author":{"name":"Aliados17","@id":"https:\/\/www.aliadospuebla.com\/#\/schema\/person\/5da7dd09320bd4f392b710017ed5f8ad"},"headline":"Gilb\u00f3n, a la sucesi\u00f3n de la BUAP","datePublished":"2021-03-29T18:37:55+00:00","mainEntityOfPage":{"@id":"https:\/\/www.aliadospuebla.com\/?p=54530"},"wordCount":602,"commentCount":0,"image":{"@id":"https:\/\/www.aliadospuebla.com\/?p=54530#primaryimage"},"thumbnailUrl":"https:\/\/www.aliadospuebla.com\/web2017\/wp-content\/uploads\/2021\/03\/083-columna.jpg","keywords":["ALFONSO ESPARZA ORT\u00cdZ","Arturo de Rosas","BUAP","GABRIEL BIESTRO MEDINILLA","IEE PUEBLA","Luis Miguel Ger\u00f3nimo Barbosa Huerta","Oscar Gilb\u00f3n","sucesi\u00f3n","TEE","TONANTZIN FERN\u00c1NDEZ","VIOLENCIA DE G\u00c9NERO"],"articleSection":["Columnas"],"inLanguage":"es","potentialAction":[{"@type":"CommentAction","name":"Comment","target":["https:\/\/www.aliadospuebla.com\/?p=54530#respond"]}]},{"@type":"WebPage","@id":"https:\/\/www.aliadospuebla.com\/?p=54530","url":"https:\/\/www.aliadospuebla.com\/?p=54530","name":"Gilb\u00f3n, a la sucesi\u00f3n de la BUAP - AliadosPuebla","isPartOf":{"@id":"https:\/\/www.aliadospuebla.com\/#website"},"primaryImageOfPage":{"@id":"https:\/\/www.aliadospuebla.com\/?p=54530#primaryimage"},"image":{"@id":"https:\/\/www.aliadospuebla.com\/?p=54530#primaryimage"},"thumbnailUrl":"https:\/\/www.aliadospuebla.com\/web2017\/wp-content\/uploads\/2021\/03\/083-columna.jpg","datePublished":"2021-03-29T18:37:55+00:00","author":{"@id":"https:\/\/www.aliadospuebla.com\/#\/schema\/person\/5da7dd09320bd4f392b710017ed5f8ad"},"breadcrumb":{"@id":"https:\/\/www.aliadospuebla.com\/?p=54530#breadcrumb"},"inLanguage":"es","potentialAction":[{"@type":"ReadAction","target":["https:\/\/www.aliadospuebla.com\/?p=54530"]}]},{"@type":"ImageObject","inLanguage":"es","@id":"https:\/\/www.aliadospuebla.com\/?p=54530#primaryimage","url":"https:\/\/www.aliadospuebla.com\/web2017\/wp-content\/uploads\/2021\/03\/083-columna.jpg","contentUrl":"https:\/\/www.aliadospuebla.com\/web2017\/wp-content\/uploads\/2021\/03\/083-columna.jpg","width":600,"height":450},{"@type":"BreadcrumbList","@id":"https:\/\/www.aliadospuebla.com\/?p=54530#breadcrumb","itemListElement":[{"@type":"ListItem","position":1,"name":"Portada","item":"https:\/\/www.aliadospuebla.com\/"},{"@type":"ListItem","position":2,"name":"Gilb\u00f3n, a la sucesi\u00f3n de la BUAP"}]},{"@type":"WebSite","@id":"https:\/\/www.aliadospuebla.com\/#website","url":"https:\/\/www.aliadospuebla.com\/","name":"AliadosPuebla","description":"La informaci\u00f3n en tus manos","potentialAction":[{"@type":"SearchAction","target":{"@type":"EntryPoint","urlTemplate":"https:\/\/www.aliadospuebla.com\/?s={search_term_string}"},"query-input":{"@type":"PropertyValueSpecification","valueRequired":true,"valueName":"search_term_string"}}],"inLanguage":"es"},{"@type":"Person","@id":"https:\/\/www.aliadospuebla.com\/#\/schema\/person\/5da7dd09320bd4f392b710017ed5f8ad","name":"Aliados17","image":{"@type":"ImageObject","inLanguage":"es","@id":"https:\/\/www.aliadospuebla.com\/web2017\/wp-content\/uploads\/2025\/03\/cropped-para-perfil-8-anos-1-96x96.jpg","url":"https:\/\/www.aliadospuebla.com\/web2017\/wp-content\/uploads\/2025\/03\/cropped-para-perfil-8-anos-1-96x96.jpg","contentUrl":"https:\/\/www.aliadospuebla.com\/web2017\/wp-content\/uploads\/2025\/03\/cropped-para-perfil-8-anos-1-96x96.jpg","caption":"Aliados17"},"sameAs":["https:\/\/www.aliados17.com","https:\/\/www.facebook.com\/Aliados17Pue","https:\/\/x.com\/AliadosPuebla"],"url":"https:\/\/www.aliadospuebla.com\/?author=2"}]}},"views":61,"_links":{"self":[{"href":"https:\/\/www.aliadospuebla.com\/index.php?rest_route=\/wp\/v2\/posts\/54530","targetHints":{"allow":["GET"]}}],"collection":[{"href":"https:\/\/www.aliadospuebla.com\/index.php?rest_route=\/wp\/v2\/posts"}],"about":[{"href":"https:\/\/www.aliadospuebla.com\/index.php?rest_route=\/wp\/v2\/types\/post"}],"author":[{"embeddable":true,"href":"https:\/\/www.aliadospuebla.com\/index.php?rest_route=\/wp\/v2\/users\/2"}],"replies":[{"embeddable":true,"href":"https:\/\/www.aliadospuebla.com\/index.php?rest_route=%2Fwp%2Fv2%2Fcomments&post=54530"}],"version-history":[{"count":1,"href":"https:\/\/www.aliadospuebla.com\/index.php?rest_route=\/wp\/v2\/posts\/54530\/revisions"}],"predecessor-version":[{"id":54532,"href":"https:\/\/www.aliadospuebla.com\/index.php?rest_route=\/wp\/v2\/posts\/54530\/revisions\/54532"}],"wp:featuredmedia":[{"embeddable":true,"href":"https:\/\/www.aliadospuebla.com\/index.php?rest_route=\/wp\/v2\/media\/54531"}],"wp:attachment":[{"href":"https:\/\/www.aliadospuebla.com\/index.php?rest_route=%2Fwp%2Fv2%2Fmedia&parent=54530"}],"wp:term":[{"taxonomy":"category","embeddable":true,"href":"https:\/\/www.aliadospuebla.com\/index.php?rest_route=%2Fwp%2Fv2%2Fcategories&post=54530"},{"taxonomy":"post_tag","embeddable":true,"href":"https:\/\/www.aliadospuebla.com\/index.php?rest_route=%2Fwp%2Fv2%2Ftags&post=54530"}],"curies":[{"name":"wp","href":"https:\/\/api.w.org\/{rel}","templated":true}]}}