{"id":54340,"date":"2021-03-25T09:49:03","date_gmt":"2021-03-25T15:49:03","guid":{"rendered":"https:\/\/www.aliados17.com\/?p=54340"},"modified":"2021-03-25T09:49:03","modified_gmt":"2021-03-25T15:49:03","slug":"confirma-sesa-19-personas-recuperadas-4-defunciones-y-25-casos-positivos-en-tlaxcala-de-covid-19","status":"publish","type":"post","link":"https:\/\/www.aliadospuebla.com\/?p=54340","title":{"rendered":"CONFIRMA SESA 19 PERSONAS RECUPERADAS, 4 DEFUNCIONES  Y 25 CASOS POSITIVOS EN TLAXCALA DE COVID-19"},"content":{"rendered":"<p style=\"font-weight: 400;\">De acuerdo con el reporte del 24 de marzo, la Secretar\u00eda de Salud del Estado confirm\u00f3 19 personas recuperadas, 4 fallecimientos y 25 casos positivos de Covid-19 de tlaxcaltecas identificados en el estado y 10 en otras entidades.<\/p>\n<p style=\"font-weight: 400;\">De esta manera, el estado registra 11 mil 782 personas recuperadas, 16 mil 690 casos positivos y dos mil 249 fallecimientos.<\/p>\n<p style=\"font-weight: 400;\">La dependencia inform\u00f3 que de las defunciones una se registr\u00f3 en la SESA y corresponde a una mujer de 52 a\u00f1os sin ninguna comorbilidad.<\/p>\n<p style=\"font-weight: 400;\">En el IMSS falleci\u00f3 una mujer de 70 a\u00f1os con diabetes mellitus e hipertensi\u00f3n arterial sist\u00e9mica y un masculino de 82 a\u00f1os con hipertensi\u00f3n arterial sist\u00e9mica, mientras que en el Issste falleci\u00f3 un masculino de 64 a\u00f1os.<\/p>\n<p style=\"font-weight: 400;\">El estado registra, hasta este momento, 33 mil 81 casos negativos y cinco mil 878 se encuentran en espera de resultado.<\/p>\n<p style=\"font-weight: 400;\">Del total de casos positivos, seis mil 891 se han registrado en la SESA, seis mil 463 en el IMSS, mil 787 en el Issste y mil 549 en otros espacios m\u00e9dicos.<\/p>\n<p style=\"font-weight: 400;\">Mientras, del total de fallecimientos, 746 se han registrado en la SESA, mil 56 en el IMSS, 405 en el Issste, 12 en otras instituciones, uno en domicilio particular y 29 en hospital privado.<\/p>\n<p style=\"font-weight: 400;\">Hasta este momento, Tlaxcala registra tres mil 100 casos, Apizaco dos mil 51, Chiautempan mil 121, Huamantla 841, Zacatelco 779, Yauhquemehcan 567, Contla 469, San Pablo del Monte 451, Ixtacuixtla 423, Calpulalpan 396, Tetla 394, Totolac 379, Panotla 357, Tlaxco 353, Papalotla 322, Apetatitl\u00e1n 307.<\/p>\n<p style=\"font-weight: 400;\">Santa Cruz Tlaxcala 299, Tzompantepec 294, Teolocholco 271, Xaloztoc 269, Tepeyanco 214, Nativitas 201, Amaxac 185, Xicohtzinco 172, Tlaltelulco 164, Tepetitla 141, Xaltocan 135, Tenancingo 130.<\/p>\n<p style=\"font-weight: 400;\">Nanacamilpa 105, Terrenate 104, Tetlatlahuca 103, Ayometla 96, Hueyotlipan 94, Tetlanohcan 91, Acuamanala 79, Ixtenco y Cuaxomulco 78, Nopalucan 77, Tequexquitla 74, Huactzinco 73, Tocatl\u00e1n 70, Axocomanitla 69, Cuapiaxtla 64, Zacualpan 58, Atltzayanca y Xiloxoxtla 50.<\/p>\n<p style=\"font-weight: 400;\">San Jos\u00e9 Teacalco 48, Zitlaltepec 46, Atlangatepec 45, Texoloc 44, Sanct\u00f3rum 41, Mu\u00f1oz de Domingo Arenas 39, Mazatecochco 38, Santa Apolonia Teacalco y Espa\u00f1ita 37, Quilehtla 32, Tecopilco 26, L\u00e1zaro C\u00e1rdenas 25, Benito Ju\u00e1rez 23 y Emiliano Zapata 11.<\/p>\n","protected":false},"excerpt":{"rendered":"<p>De acuerdo con el reporte del 24 de marzo, la Secretar\u00eda de Salud del Estado confirm\u00f3 19 personas recuperadas, 4 fallecimientos y 25 casos positivos de Covid-19 de tlaxcaltecas identificados en el estado y 10 en otras entidades. De esta manera, el estado registra 11 mil 782 personas recuperadas, 16 mil 690 casos positivos y dos mil 249 fallecimientos. La dependencia inform\u00f3 que de las defunciones una se registr\u00f3 en la SESA y corresponde a una mujer de 52 a\u00f1os sin ninguna comorbilidad. En el IMSS falleci\u00f3 una mujer de 70 a\u00f1os con diabetes mellitus e hipertensi\u00f3n arterial sist\u00e9mica y un masculino de 82 a\u00f1os con hipertensi\u00f3n arterial sist\u00e9mica, mientras que en el Issste falleci\u00f3 un masculino de 64 a\u00f1os. El estado registra, hasta este&hellip;<\/p>\n<p class=\"excerpt-more\"><a class=\"blog-excerpt button\" href=\"https:\/\/www.aliadospuebla.com\/?p=54340\">Leer m\u00e1s&#8230;<\/a><\/p>\n","protected":false},"author":2,"featured_media":54341,"comment_status":"open","ping_status":"open","sticky":false,"template":"","format":"standard","meta":{"_monsterinsights_skip_tracking":false,"footnotes":""},"categories":[8304],"tags":[7493,12478,365,8355,319],"class_list":["post-54340","post","type-post","status-publish","format-standard","has-post-thumbnail","hentry","category-nacional","tag-nuevos-casos","tag-personas-recuperadas","tag-salud","tag-sesa","tag-tlaxcala"],"yoast_head":"<!-- This site is optimized with the Yoast SEO plugin v28.4 - https:\/\/yoast.com\/product\/yoast-seo-wordpress\/ -->\n<title>CONFIRMA SESA 19 PERSONAS RECUPERADAS, 4 DEFUNCIONES Y 25 CASOS POSITIVOS EN TLAXCALA DE COVID-19 - AliadosPuebla<\/title>\n<meta name=\"robots\" content=\"index, follow, max-snippet:-1, max-image-preview:large, max-video-preview:-1\" \/>\n<link rel=\"canonical\" href=\"https:\/\/www.aliadospuebla.com\/?p=54340\" \/>\n<meta property=\"og:locale\" content=\"es_ES\" \/>\n<meta property=\"og:type\" content=\"article\" \/>\n<meta property=\"og:title\" content=\"CONFIRMA SESA 19 PERSONAS RECUPERADAS, 4 DEFUNCIONES Y 25 CASOS POSITIVOS EN TLAXCALA DE COVID-19 - AliadosPuebla\" \/>\n<meta property=\"og:description\" content=\"De acuerdo con el reporte del 24 de marzo, la Secretar\u00eda de Salud del Estado confirm\u00f3 19 personas recuperadas, 4 fallecimientos y 25 casos positivos de Covid-19 de tlaxcaltecas identificados en el estado y 10 en otras entidades. De esta manera, el estado registra 11 mil 782 personas recuperadas, 16 mil 690 casos positivos y dos mil 249 fallecimientos. La dependencia inform\u00f3 que de las defunciones una se registr\u00f3 en la SESA y corresponde a una mujer de 52 a\u00f1os sin ninguna comorbilidad. En el IMSS falleci\u00f3 una mujer de 70 a\u00f1os con diabetes mellitus e hipertensi\u00f3n arterial sist\u00e9mica y un masculino de 82 a\u00f1os con hipertensi\u00f3n arterial sist\u00e9mica, mientras que en el Issste falleci\u00f3 un masculino de 64 a\u00f1os. El estado registra, hasta este&hellip;Leer m\u00e1s...\" \/>\n<meta property=\"og:url\" content=\"https:\/\/www.aliadospuebla.com\/?p=54340\" \/>\n<meta property=\"og:site_name\" content=\"AliadosPuebla\" \/>\n<meta property=\"article:author\" content=\"https:\/\/www.facebook.com\/Aliados17Pue\" \/>\n<meta property=\"article:published_time\" content=\"2021-03-25T15:49:03+00:00\" \/>\n<meta property=\"og:image\" content=\"https:\/\/www.aliadospuebla.com\/web2017\/wp-content\/uploads\/2021\/03\/079-sesa.jpg\" \/>\n\t<meta property=\"og:image:width\" content=\"600\" \/>\n\t<meta property=\"og:image:height\" content=\"450\" \/>\n\t<meta property=\"og:image:type\" content=\"image\/jpeg\" \/>\n<meta name=\"author\" content=\"Aliados17\" \/>\n<meta name=\"twitter:card\" content=\"summary_large_image\" \/>\n<meta name=\"twitter:creator\" content=\"@AliadosPuebla\" \/>\n<meta name=\"twitter:label1\" content=\"Escrito por\" \/>\n\t<meta name=\"twitter:data1\" content=\"Aliados17\" \/>\n\t<meta name=\"twitter:label2\" content=\"Tiempo de lectura\" \/>\n\t<meta name=\"twitter:data2\" content=\"1 minuto\" \/>\n<script type=\"application\/ld+json\" class=\"yoast-schema-graph\">{\"@context\":\"https:\\\/\\\/schema.org\",\"@graph\":[{\"@type\":\"Article\",\"@id\":\"https:\\\/\\\/www.aliadospuebla.com\\\/?p=54340#article\",\"isPartOf\":{\"@id\":\"https:\\\/\\\/www.aliadospuebla.com\\\/?p=54340\"},\"author\":{\"name\":\"Aliados17\",\"@id\":\"https:\\\/\\\/www.aliadospuebla.com\\\/#\\\/schema\\\/person\\\/5da7dd09320bd4f392b710017ed5f8ad\"},\"headline\":\"CONFIRMA SESA 19 PERSONAS RECUPERADAS, 4 DEFUNCIONES Y 25 CASOS POSITIVOS EN TLAXCALA DE COVID-19\",\"datePublished\":\"2021-03-25T15:49:03+00:00\",\"mainEntityOfPage\":{\"@id\":\"https:\\\/\\\/www.aliadospuebla.com\\\/?p=54340\"},\"wordCount\":300,\"commentCount\":0,\"image\":{\"@id\":\"https:\\\/\\\/www.aliadospuebla.com\\\/?p=54340#primaryimage\"},\"thumbnailUrl\":\"https:\\\/\\\/www.aliadospuebla.com\\\/web2017\\\/wp-content\\\/uploads\\\/2021\\\/03\\\/079-sesa.jpg\",\"keywords\":[\"NUEVOS CASOS\",\"personas recuperadas\",\"SALUD\",\"SESA\",\"TLAXCALA\"],\"articleSection\":[\"Nacional\"],\"inLanguage\":\"es\",\"potentialAction\":[{\"@type\":\"CommentAction\",\"name\":\"Comment\",\"target\":[\"https:\\\/\\\/www.aliadospuebla.com\\\/?p=54340#respond\"]}]},{\"@type\":\"WebPage\",\"@id\":\"https:\\\/\\\/www.aliadospuebla.com\\\/?p=54340\",\"url\":\"https:\\\/\\\/www.aliadospuebla.com\\\/?p=54340\",\"name\":\"CONFIRMA SESA 19 PERSONAS RECUPERADAS, 4 DEFUNCIONES Y 25 CASOS POSITIVOS EN TLAXCALA DE COVID-19 - AliadosPuebla\",\"isPartOf\":{\"@id\":\"https:\\\/\\\/www.aliadospuebla.com\\\/#website\"},\"primaryImageOfPage\":{\"@id\":\"https:\\\/\\\/www.aliadospuebla.com\\\/?p=54340#primaryimage\"},\"image\":{\"@id\":\"https:\\\/\\\/www.aliadospuebla.com\\\/?p=54340#primaryimage\"},\"thumbnailUrl\":\"https:\\\/\\\/www.aliadospuebla.com\\\/web2017\\\/wp-content\\\/uploads\\\/2021\\\/03\\\/079-sesa.jpg\",\"datePublished\":\"2021-03-25T15:49:03+00:00\",\"author\":{\"@id\":\"https:\\\/\\\/www.aliadospuebla.com\\\/#\\\/schema\\\/person\\\/5da7dd09320bd4f392b710017ed5f8ad\"},\"breadcrumb\":{\"@id\":\"https:\\\/\\\/www.aliadospuebla.com\\\/?p=54340#breadcrumb\"},\"inLanguage\":\"es\",\"potentialAction\":[{\"@type\":\"ReadAction\",\"target\":[\"https:\\\/\\\/www.aliadospuebla.com\\\/?p=54340\"]}]},{\"@type\":\"ImageObject\",\"inLanguage\":\"es\",\"@id\":\"https:\\\/\\\/www.aliadospuebla.com\\\/?p=54340#primaryimage\",\"url\":\"https:\\\/\\\/www.aliadospuebla.com\\\/web2017\\\/wp-content\\\/uploads\\\/2021\\\/03\\\/079-sesa.jpg\",\"contentUrl\":\"https:\\\/\\\/www.aliadospuebla.com\\\/web2017\\\/wp-content\\\/uploads\\\/2021\\\/03\\\/079-sesa.jpg\",\"width\":600,\"height\":450},{\"@type\":\"BreadcrumbList\",\"@id\":\"https:\\\/\\\/www.aliadospuebla.com\\\/?p=54340#breadcrumb\",\"itemListElement\":[{\"@type\":\"ListItem\",\"position\":1,\"name\":\"Portada\",\"item\":\"https:\\\/\\\/www.aliadospuebla.com\\\/\"},{\"@type\":\"ListItem\",\"position\":2,\"name\":\"CONFIRMA SESA 19 PERSONAS RECUPERADAS, 4 DEFUNCIONES Y 25 CASOS POSITIVOS EN TLAXCALA DE COVID-19\"}]},{\"@type\":\"WebSite\",\"@id\":\"https:\\\/\\\/www.aliadospuebla.com\\\/#website\",\"url\":\"https:\\\/\\\/www.aliadospuebla.com\\\/\",\"name\":\"AliadosPuebla\",\"description\":\"La informaci\u00f3n en tus manos\",\"potentialAction\":[{\"@type\":\"SearchAction\",\"target\":{\"@type\":\"EntryPoint\",\"urlTemplate\":\"https:\\\/\\\/www.aliadospuebla.com\\\/?s={search_term_string}\"},\"query-input\":{\"@type\":\"PropertyValueSpecification\",\"valueRequired\":true,\"valueName\":\"search_term_string\"}}],\"inLanguage\":\"es\"},{\"@type\":\"Person\",\"@id\":\"https:\\\/\\\/www.aliadospuebla.com\\\/#\\\/schema\\\/person\\\/5da7dd09320bd4f392b710017ed5f8ad\",\"name\":\"Aliados17\",\"image\":{\"@type\":\"ImageObject\",\"inLanguage\":\"es\",\"@id\":\"https:\\\/\\\/www.aliadospuebla.com\\\/web2017\\\/wp-content\\\/uploads\\\/2025\\\/03\\\/cropped-para-perfil-8-anos-1-96x96.jpg\",\"url\":\"https:\\\/\\\/www.aliadospuebla.com\\\/web2017\\\/wp-content\\\/uploads\\\/2025\\\/03\\\/cropped-para-perfil-8-anos-1-96x96.jpg\",\"contentUrl\":\"https:\\\/\\\/www.aliadospuebla.com\\\/web2017\\\/wp-content\\\/uploads\\\/2025\\\/03\\\/cropped-para-perfil-8-anos-1-96x96.jpg\",\"caption\":\"Aliados17\"},\"sameAs\":[\"https:\\\/\\\/www.aliados17.com\",\"https:\\\/\\\/www.facebook.com\\\/Aliados17Pue\",\"https:\\\/\\\/x.com\\\/AliadosPuebla\"],\"url\":\"https:\\\/\\\/www.aliadospuebla.com\\\/?author=2\"}]}<\/script>\n<!-- \/ Yoast SEO plugin. -->","yoast_head_json":{"title":"CONFIRMA SESA 19 PERSONAS RECUPERADAS, 4 DEFUNCIONES Y 25 CASOS POSITIVOS EN TLAXCALA DE COVID-19 - AliadosPuebla","robots":{"index":"index","follow":"follow","max-snippet":"max-snippet:-1","max-image-preview":"max-image-preview:large","max-video-preview":"max-video-preview:-1"},"canonical":"https:\/\/www.aliadospuebla.com\/?p=54340","og_locale":"es_ES","og_type":"article","og_title":"CONFIRMA SESA 19 PERSONAS RECUPERADAS, 4 DEFUNCIONES Y 25 CASOS POSITIVOS EN TLAXCALA DE COVID-19 - AliadosPuebla","og_description":"De acuerdo con el reporte del 24 de marzo, la Secretar\u00eda de Salud del Estado confirm\u00f3 19 personas recuperadas, 4 fallecimientos y 25 casos positivos de Covid-19 de tlaxcaltecas identificados en el estado y 10 en otras entidades. De esta manera, el estado registra 11 mil 782 personas recuperadas, 16 mil 690 casos positivos y dos mil 249 fallecimientos. La dependencia inform\u00f3 que de las defunciones una se registr\u00f3 en la SESA y corresponde a una mujer de 52 a\u00f1os sin ninguna comorbilidad. En el IMSS falleci\u00f3 una mujer de 70 a\u00f1os con diabetes mellitus e hipertensi\u00f3n arterial sist\u00e9mica y un masculino de 82 a\u00f1os con hipertensi\u00f3n arterial sist\u00e9mica, mientras que en el Issste falleci\u00f3 un masculino de 64 a\u00f1os. El estado registra, hasta este&hellip;Leer m\u00e1s...","og_url":"https:\/\/www.aliadospuebla.com\/?p=54340","og_site_name":"AliadosPuebla","article_author":"https:\/\/www.facebook.com\/Aliados17Pue","article_published_time":"2021-03-25T15:49:03+00:00","og_image":[{"width":600,"height":450,"url":"https:\/\/www.aliadospuebla.com\/web2017\/wp-content\/uploads\/2021\/03\/079-sesa.jpg","type":"image\/jpeg"}],"author":"Aliados17","twitter_card":"summary_large_image","twitter_creator":"@AliadosPuebla","twitter_misc":{"Escrito por":"Aliados17","Tiempo de lectura":"1 minuto"},"schema":{"@context":"https:\/\/schema.org","@graph":[{"@type":"Article","@id":"https:\/\/www.aliadospuebla.com\/?p=54340#article","isPartOf":{"@id":"https:\/\/www.aliadospuebla.com\/?p=54340"},"author":{"name":"Aliados17","@id":"https:\/\/www.aliadospuebla.com\/#\/schema\/person\/5da7dd09320bd4f392b710017ed5f8ad"},"headline":"CONFIRMA SESA 19 PERSONAS RECUPERADAS, 4 DEFUNCIONES Y 25 CASOS POSITIVOS EN TLAXCALA DE COVID-19","datePublished":"2021-03-25T15:49:03+00:00","mainEntityOfPage":{"@id":"https:\/\/www.aliadospuebla.com\/?p=54340"},"wordCount":300,"commentCount":0,"image":{"@id":"https:\/\/www.aliadospuebla.com\/?p=54340#primaryimage"},"thumbnailUrl":"https:\/\/www.aliadospuebla.com\/web2017\/wp-content\/uploads\/2021\/03\/079-sesa.jpg","keywords":["NUEVOS CASOS","personas recuperadas","SALUD","SESA","TLAXCALA"],"articleSection":["Nacional"],"inLanguage":"es","potentialAction":[{"@type":"CommentAction","name":"Comment","target":["https:\/\/www.aliadospuebla.com\/?p=54340#respond"]}]},{"@type":"WebPage","@id":"https:\/\/www.aliadospuebla.com\/?p=54340","url":"https:\/\/www.aliadospuebla.com\/?p=54340","name":"CONFIRMA SESA 19 PERSONAS RECUPERADAS, 4 DEFUNCIONES Y 25 CASOS POSITIVOS EN TLAXCALA DE COVID-19 - AliadosPuebla","isPartOf":{"@id":"https:\/\/www.aliadospuebla.com\/#website"},"primaryImageOfPage":{"@id":"https:\/\/www.aliadospuebla.com\/?p=54340#primaryimage"},"image":{"@id":"https:\/\/www.aliadospuebla.com\/?p=54340#primaryimage"},"thumbnailUrl":"https:\/\/www.aliadospuebla.com\/web2017\/wp-content\/uploads\/2021\/03\/079-sesa.jpg","datePublished":"2021-03-25T15:49:03+00:00","author":{"@id":"https:\/\/www.aliadospuebla.com\/#\/schema\/person\/5da7dd09320bd4f392b710017ed5f8ad"},"breadcrumb":{"@id":"https:\/\/www.aliadospuebla.com\/?p=54340#breadcrumb"},"inLanguage":"es","potentialAction":[{"@type":"ReadAction","target":["https:\/\/www.aliadospuebla.com\/?p=54340"]}]},{"@type":"ImageObject","inLanguage":"es","@id":"https:\/\/www.aliadospuebla.com\/?p=54340#primaryimage","url":"https:\/\/www.aliadospuebla.com\/web2017\/wp-content\/uploads\/2021\/03\/079-sesa.jpg","contentUrl":"https:\/\/www.aliadospuebla.com\/web2017\/wp-content\/uploads\/2021\/03\/079-sesa.jpg","width":600,"height":450},{"@type":"BreadcrumbList","@id":"https:\/\/www.aliadospuebla.com\/?p=54340#breadcrumb","itemListElement":[{"@type":"ListItem","position":1,"name":"Portada","item":"https:\/\/www.aliadospuebla.com\/"},{"@type":"ListItem","position":2,"name":"CONFIRMA SESA 19 PERSONAS RECUPERADAS, 4 DEFUNCIONES Y 25 CASOS POSITIVOS EN TLAXCALA DE COVID-19"}]},{"@type":"WebSite","@id":"https:\/\/www.aliadospuebla.com\/#website","url":"https:\/\/www.aliadospuebla.com\/","name":"AliadosPuebla","description":"La informaci\u00f3n en tus manos","potentialAction":[{"@type":"SearchAction","target":{"@type":"EntryPoint","urlTemplate":"https:\/\/www.aliadospuebla.com\/?s={search_term_string}"},"query-input":{"@type":"PropertyValueSpecification","valueRequired":true,"valueName":"search_term_string"}}],"inLanguage":"es"},{"@type":"Person","@id":"https:\/\/www.aliadospuebla.com\/#\/schema\/person\/5da7dd09320bd4f392b710017ed5f8ad","name":"Aliados17","image":{"@type":"ImageObject","inLanguage":"es","@id":"https:\/\/www.aliadospuebla.com\/web2017\/wp-content\/uploads\/2025\/03\/cropped-para-perfil-8-anos-1-96x96.jpg","url":"https:\/\/www.aliadospuebla.com\/web2017\/wp-content\/uploads\/2025\/03\/cropped-para-perfil-8-anos-1-96x96.jpg","contentUrl":"https:\/\/www.aliadospuebla.com\/web2017\/wp-content\/uploads\/2025\/03\/cropped-para-perfil-8-anos-1-96x96.jpg","caption":"Aliados17"},"sameAs":["https:\/\/www.aliados17.com","https:\/\/www.facebook.com\/Aliados17Pue","https:\/\/x.com\/AliadosPuebla"],"url":"https:\/\/www.aliadospuebla.com\/?author=2"}]}},"views":17,"_links":{"self":[{"href":"https:\/\/www.aliadospuebla.com\/index.php?rest_route=\/wp\/v2\/posts\/54340","targetHints":{"allow":["GET"]}}],"collection":[{"href":"https:\/\/www.aliadospuebla.com\/index.php?rest_route=\/wp\/v2\/posts"}],"about":[{"href":"https:\/\/www.aliadospuebla.com\/index.php?rest_route=\/wp\/v2\/types\/post"}],"author":[{"embeddable":true,"href":"https:\/\/www.aliadospuebla.com\/index.php?rest_route=\/wp\/v2\/users\/2"}],"replies":[{"embeddable":true,"href":"https:\/\/www.aliadospuebla.com\/index.php?rest_route=%2Fwp%2Fv2%2Fcomments&post=54340"}],"version-history":[{"count":1,"href":"https:\/\/www.aliadospuebla.com\/index.php?rest_route=\/wp\/v2\/posts\/54340\/revisions"}],"predecessor-version":[{"id":54342,"href":"https:\/\/www.aliadospuebla.com\/index.php?rest_route=\/wp\/v2\/posts\/54340\/revisions\/54342"}],"wp:featuredmedia":[{"embeddable":true,"href":"https:\/\/www.aliadospuebla.com\/index.php?rest_route=\/wp\/v2\/media\/54341"}],"wp:attachment":[{"href":"https:\/\/www.aliadospuebla.com\/index.php?rest_route=%2Fwp%2Fv2%2Fmedia&parent=54340"}],"wp:term":[{"taxonomy":"category","embeddable":true,"href":"https:\/\/www.aliadospuebla.com\/index.php?rest_route=%2Fwp%2Fv2%2Fcategories&post=54340"},{"taxonomy":"post_tag","embeddable":true,"href":"https:\/\/www.aliadospuebla.com\/index.php?rest_route=%2Fwp%2Fv2%2Ftags&post=54340"}],"curies":[{"name":"wp","href":"https:\/\/api.w.org\/{rel}","templated":true}]}}