{"id":53217,"date":"2021-03-04T09:49:11","date_gmt":"2021-03-04T15:49:11","guid":{"rendered":"https:\/\/www.aliados17.com\/?p=53217"},"modified":"2021-03-04T09:49:11","modified_gmt":"2021-03-04T15:49:11","slug":"en-estrategia-gano-claudia","status":"publish","type":"post","link":"https:\/\/www.aliadospuebla.com\/?p=53217","title":{"rendered":"En estrategia, gan\u00f3 Claudia"},"content":{"rendered":"<p>Claudia result\u00f3 mejor estratega que Barbosa.<br \/>\nBueno, eso dicen los hechos pol\u00edticos.<br \/>\nNo es invento m\u00edo \u00bfYo qui\u00e9n soy para opinar?<br \/>\nAnalicemos, si se me permite:<br \/>\nLos candidatos, digamos, \u201cbarbosistas\u201d, se apuraron a anunciar su solicitud de licencia para ser alcaldes o diputados. Con ello, intentan presionan a Claudia Rivera Vivanco, presidenta municipal de Puebla para que se separe del cargo este fin de semana.<br \/>\nLes urge que Claudia deje el Ayuntamiento de Puebla, pero no, porque la ley no se lo exige.<br \/>\nO si se sale (pide licencia), ser\u00e1 cuando ella quiera y no cuando el gobernador lo ordene.<br \/>\nMientras Claudia avanza en su campa\u00f1a por la reelecci\u00f3n con la figura de alcaldesa, pero sin los recursos de la alcald\u00eda, \u201clos barbosistas\u201d (Karina, Norma, Biestro, Ang\u00e9lica, Marisol, etc.), se quedar\u00e1n como el chinito.<br \/>\nCuando quieran recuperar terreno, Claudia les llevar\u00e1 una ventaja, que pudiera ser, hasta inalcanzable.<br \/>\nArrepentida que se van a dar.<br \/>\nDir\u00eda mi comadre Yolanda: No por mucho madrugar, se ganan las elecciones internas.<br \/>\nPunto.<br \/>\nHe dicho y he escrito.<br \/>\n\u2026<\/p>\n<p>Andr\u00e9s Cer\u00f3n gana encuesta<br \/>\nEl distrito local electoral 19, se ha vuelto muy apetitoso en las \u00faltimas semanas para los aspirantes de MORENA.<br \/>\nAhora resulta que todos ya quieren ir all\u00e1 a competir, porque est\u00e1 c\u00f3modamente al sur de la ciudad, despu\u00e9s de que en su vida o en media vida, no se pararon, ni en el mercado.<br \/>\nDigamos que no los conoce, ni Obama.<br \/>\nAunque por disciplina metodol\u00f3gica deben incluirse en las mediciones a diferentes personajes, en verdad en el distrito 19, quien se mantiene en la cabeza es Andr\u00e9s Cer\u00f3n Salas.<br \/>\nPor ejemplo, en intenci\u00f3n de voto los n\u00fameros dicen:<br \/>\nAndr\u00e9s Cer\u00f3n tiene 40.6 por ciento.<br \/>\nIv\u00e1n Herrera 34.4.<br \/>\nJuli\u00e1n Rend\u00f3n 16.4.<br \/>\nAlejandro Flores 8.8.<br \/>\nAs\u00ed de f\u00e1cil es.<br \/>\nSi MORENA quiere ganar, el candidato es Andr\u00e9s.<br \/>\nSi no, pues no.<br \/>\nPunto.<br \/>\nHe dicho y he sentenciado.<\/p>\n<p>Amozoc: Mariano por el PT<br \/>\nMariano Hern\u00e1ndez Reyes del Partido del Trabajo, va a ser candidato a diputaci\u00f3n local del distrito 12 con cabecera en Amozoc.<br \/>\nMariano tendr\u00e1 que competir en las urnas, hacer campa\u00f1a y cargar a los malos gobiernos de MORENA en la regi\u00f3n.<br \/>\nTiene que hacer su esfuerzo para competir en la elecci\u00f3n y, vaya que un gran esfuerzo.<br \/>\nPunto.<br \/>\nHe dicho.<br \/>\n\u2026<\/p>\n<p>Tehuac\u00e1n. Lucio al frente<br \/>\nPara cumplir con el tr\u00e1mite, Lucio Rangel Mendoza, se inscribi\u00f3 en el PAN para ser su candidato a la presidencia municipal de Tehuac\u00e1n.<br \/>\nQue es el m\u00e1s competitivo, lo saben los panistas de aqu\u00ed, de all\u00e1 y de \u201cacull\u00e1\u201d. Como la canci\u00f3n: Lo saben, lo saben.<br \/>\nQue sus competidores son de respetarse, tambi\u00e9n.<br \/>\nPero Lucio, no dej\u00f3 de caminar Tehuac\u00e1n y ah\u00ed est\u00e1n los resultados.<br \/>\nPunto.<br \/>\nHe escrito.<br \/>\n\u2026<\/p>\n<p>Edgar Tlatelpa, quiere Tepeaca<br \/>\nEl PRI decidi\u00f3 que Edgar Tlatelpa, sea su candidato a la presidencia municipal de Tepeaca.<br \/>\nBueno, no tanto el PRI, m\u00e1s bien los poderes f\u00e1cticos de la regi\u00f3n, encabezados por Jes\u00fas Morales Flores, padre del candidato a diputado federal por el PAN, Jes\u00fas Morales Rodr\u00edguez.<br \/>\nEl acuerdo de panistas y perredistas, fue ceder al PRI esa cabecera municipal, para concretar la alianza.<br \/>\nEs el reporte.<br \/>\nPunto.<br \/>\n\u2026<\/p>\n<p>Serd\u00e1n. PRI con Lalo Gonz\u00e1lez<br \/>\nEn Ciudad Serd\u00e1n el PRI tiene candidato a la presidencia municipal.<br \/>\n\u00a1Que pase el agraciado!<br \/>\nSe trata de Eduardo Gonz\u00e1lez Cort\u00e9s. Ya busc\u00f3 la alcald\u00eda hace poco, pero por el partido Compromiso por Puebla, que si es de Puebla pero no tiene compromiso.<br \/>\nEduardo se enfrentar\u00e1 en las urnas a Anabel Garc\u00eda Morales de MORENA y sus aliados y a Edgar Jim\u00e9nez, de Acci\u00f3n Nacional y sus aliados.<br \/>\nNo m\u00e1s como dato, Anabel es sobrina del ex gobernador Melquiades Morales y por ende de su hermano Jes\u00fas. Por lo tanto es prima de Jes\u00fas (hijo), candidato a diputado federal en Tepeaca y de Fernando, presidente estatal del partido Movimiento Ciudadano.<br \/>\nNo s\u00e9 si \u00abLos Morales\u201d est\u00e1n en todos los partidos o todos los partidos son de \u00abLos Morales\u201d.<br \/>\nPunto.<br \/>\nHe informado.<br \/>\n\u2026<\/p>\n<p>Ni Obama<br \/>\nPuebla es \u00fanica. All\u00e1 en las C\u00e1maras de Diputados y de Senadores las cosas son diferentes. All\u00e1 es all\u00e1 y ac\u00e1 es ac\u00e1. As\u00ed es que ahora que la oposici\u00f3n se apodere del Congreso local, a ya saben quien, no se las perdona, ni Obama<\/p>\n<p>El Verdugo<br \/>\nSi no le quitaron la candidatura Salgado Macedonio acusado de violaci\u00f3n a varias mujeres, menos van a sancionar a los diputados quienes han ofendido a las diputadas poblanas. El Verdugo dice: \u00bfQu\u00e9 opinar\u00e1 do\u00f1a \u201cCharito\u201d, de tal impunidad?<\/p>\n<p>De Buena Fuente no es la mejor columna pol\u00edtica, pero tiene a los mejores lectores.<\/p>\n<p>cmaciaspalma@yahoo.com.mx<br \/>\ncmaciaspalma0105@gmail.com<br \/>\n@cmaciaspalma<br \/>\nFB: Carlos Mac\u00edas Palma<br \/>\nLunes: 10 horas FactorRadio y 21 horas #Elecciones2021 TV (paralelo19.mx)<br \/>\nMi\u00e9rcoles: 17 horas en Carlos Mac\u00edas-Radio (radioenredes.com)<br \/>\nViernes: 10:30 horas en Entre amigos (RevistaUnicaporCincoMujeres)<\/p>\n","protected":false},"excerpt":{"rendered":"<p>Claudia result\u00f3 mejor estratega que Barbosa. Bueno, eso dicen los hechos pol\u00edticos. No es invento m\u00edo \u00bfYo qui\u00e9n soy para opinar? Analicemos, si se me permite: Los candidatos, digamos, \u201cbarbosistas\u201d, se apuraron a anunciar su solicitud de licencia para ser alcaldes o diputados. Con ello, intentan presionan a Claudia Rivera Vivanco, presidenta municipal de Puebla para que se separe del cargo este fin de semana. Les urge que Claudia deje el Ayuntamiento de Puebla, pero no, porque la ley no se lo exige. O si se sale (pide licencia), ser\u00e1 cuando ella quiera y no cuando el gobernador lo ordene. Mientras Claudia avanza en su campa\u00f1a por la reelecci\u00f3n con la figura de alcaldesa, pero sin los recursos de la alcald\u00eda, \u201clos barbosistas\u201d (Karina, Norma,&hellip;<\/p>\n<p class=\"excerpt-more\"><a class=\"blog-excerpt button\" href=\"https:\/\/www.aliadospuebla.com\/?p=53217\">Leer m\u00e1s&#8230;<\/a><\/p>\n","protected":false},"author":2,"featured_media":53218,"comment_status":"open","ping_status":"open","sticky":false,"template":"","format":"standard","meta":{"_monsterinsights_skip_tracking":false,"footnotes":""},"categories":[9],"tags":[14529,5362,15579,15577,13242,14751,15578,666,2551],"class_list":["post-53217","post","type-post","status-publish","format-standard","has-post-thumbnail","hentry","category-columnas","tag-andres-ceron","tag-claudia-rivera-vivanco","tag-eduardo-gonzalez-cortes","tag-elecciones-internas","tag-lucio-rangel-mendoza","tag-luis-miguel-geronimo-barbosa-huerta","tag-mariano-hernandez-reyes","tag-morena","tag-pt"],"yoast_head":"<!-- This site is optimized with the Yoast SEO plugin v28.3 - https:\/\/yoast.com\/product\/yoast-seo-wordpress\/ -->\n<title>En estrategia, gan\u00f3 Claudia - AliadosPuebla<\/title>\n<meta name=\"robots\" content=\"index, follow, max-snippet:-1, max-image-preview:large, max-video-preview:-1\" \/>\n<link rel=\"canonical\" href=\"https:\/\/www.aliadospuebla.com\/?p=53217\" \/>\n<meta property=\"og:locale\" content=\"es_ES\" \/>\n<meta property=\"og:type\" content=\"article\" \/>\n<meta property=\"og:title\" content=\"En estrategia, gan\u00f3 Claudia - AliadosPuebla\" \/>\n<meta property=\"og:description\" content=\"Claudia result\u00f3 mejor estratega que Barbosa. Bueno, eso dicen los hechos pol\u00edticos. No es invento m\u00edo \u00bfYo qui\u00e9n soy para opinar? Analicemos, si se me permite: Los candidatos, digamos, \u201cbarbosistas\u201d, se apuraron a anunciar su solicitud de licencia para ser alcaldes o diputados. Con ello, intentan presionan a Claudia Rivera Vivanco, presidenta municipal de Puebla para que se separe del cargo este fin de semana. Les urge que Claudia deje el Ayuntamiento de Puebla, pero no, porque la ley no se lo exige. O si se sale (pide licencia), ser\u00e1 cuando ella quiera y no cuando el gobernador lo ordene. Mientras Claudia avanza en su campa\u00f1a por la reelecci\u00f3n con la figura de alcaldesa, pero sin los recursos de la alcald\u00eda, \u201clos barbosistas\u201d (Karina, Norma,&hellip;Leer m\u00e1s...\" \/>\n<meta property=\"og:url\" content=\"https:\/\/www.aliadospuebla.com\/?p=53217\" \/>\n<meta property=\"og:site_name\" content=\"AliadosPuebla\" \/>\n<meta property=\"article:author\" content=\"https:\/\/www.facebook.com\/Aliados17Pue\" \/>\n<meta property=\"article:published_time\" content=\"2021-03-04T15:49:11+00:00\" \/>\n<meta property=\"og:image\" content=\"https:\/\/www.aliadospuebla.com\/web2017\/wp-content\/uploads\/2021\/03\/015-Columna.jpg\" \/>\n\t<meta property=\"og:image:width\" content=\"600\" \/>\n\t<meta property=\"og:image:height\" content=\"450\" \/>\n\t<meta property=\"og:image:type\" content=\"image\/jpeg\" \/>\n<meta name=\"author\" content=\"Aliados17\" \/>\n<meta name=\"twitter:card\" content=\"summary_large_image\" \/>\n<meta name=\"twitter:creator\" content=\"@AliadosPuebla\" \/>\n<meta name=\"twitter:label1\" content=\"Escrito por\" \/>\n\t<meta name=\"twitter:data1\" content=\"Aliados17\" \/>\n\t<meta name=\"twitter:label2\" content=\"Tiempo de lectura\" \/>\n\t<meta name=\"twitter:data2\" content=\"4 minutos\" \/>\n<script type=\"application\/ld+json\" class=\"yoast-schema-graph\">{\"@context\":\"https:\\\/\\\/schema.org\",\"@graph\":[{\"@type\":\"Article\",\"@id\":\"https:\\\/\\\/www.aliadospuebla.com\\\/?p=53217#article\",\"isPartOf\":{\"@id\":\"https:\\\/\\\/www.aliadospuebla.com\\\/?p=53217\"},\"author\":{\"name\":\"Aliados17\",\"@id\":\"https:\\\/\\\/www.aliadospuebla.com\\\/#\\\/schema\\\/person\\\/5da7dd09320bd4f392b710017ed5f8ad\"},\"headline\":\"En estrategia, gan\u00f3 Claudia\",\"datePublished\":\"2021-03-04T15:49:11+00:00\",\"mainEntityOfPage\":{\"@id\":\"https:\\\/\\\/www.aliadospuebla.com\\\/?p=53217\"},\"wordCount\":853,\"commentCount\":0,\"image\":{\"@id\":\"https:\\\/\\\/www.aliadospuebla.com\\\/?p=53217#primaryimage\"},\"thumbnailUrl\":\"https:\\\/\\\/www.aliadospuebla.com\\\/web2017\\\/wp-content\\\/uploads\\\/2021\\\/03\\\/015-Columna.jpg\",\"keywords\":[\"Andr\u00e9s Cer\u00f3n\",\"CLAUDIA RIVERA VIVANCO\",\"Eduardo Gonz\u00e1lez Cort\u00e9s\",\"elecciones internas\",\"Lucio Rangel Mendoza\",\"Luis Miguel Ger\u00f3nimo Barbosa Huerta\",\"Mariano Hern\u00e1ndez Reyes\",\"MORENA\",\"PT\"],\"articleSection\":[\"Columnas\"],\"inLanguage\":\"es\",\"potentialAction\":[{\"@type\":\"CommentAction\",\"name\":\"Comment\",\"target\":[\"https:\\\/\\\/www.aliadospuebla.com\\\/?p=53217#respond\"]}]},{\"@type\":\"WebPage\",\"@id\":\"https:\\\/\\\/www.aliadospuebla.com\\\/?p=53217\",\"url\":\"https:\\\/\\\/www.aliadospuebla.com\\\/?p=53217\",\"name\":\"En estrategia, gan\u00f3 Claudia - AliadosPuebla\",\"isPartOf\":{\"@id\":\"https:\\\/\\\/www.aliadospuebla.com\\\/#website\"},\"primaryImageOfPage\":{\"@id\":\"https:\\\/\\\/www.aliadospuebla.com\\\/?p=53217#primaryimage\"},\"image\":{\"@id\":\"https:\\\/\\\/www.aliadospuebla.com\\\/?p=53217#primaryimage\"},\"thumbnailUrl\":\"https:\\\/\\\/www.aliadospuebla.com\\\/web2017\\\/wp-content\\\/uploads\\\/2021\\\/03\\\/015-Columna.jpg\",\"datePublished\":\"2021-03-04T15:49:11+00:00\",\"author\":{\"@id\":\"https:\\\/\\\/www.aliadospuebla.com\\\/#\\\/schema\\\/person\\\/5da7dd09320bd4f392b710017ed5f8ad\"},\"breadcrumb\":{\"@id\":\"https:\\\/\\\/www.aliadospuebla.com\\\/?p=53217#breadcrumb\"},\"inLanguage\":\"es\",\"potentialAction\":[{\"@type\":\"ReadAction\",\"target\":[\"https:\\\/\\\/www.aliadospuebla.com\\\/?p=53217\"]}]},{\"@type\":\"ImageObject\",\"inLanguage\":\"es\",\"@id\":\"https:\\\/\\\/www.aliadospuebla.com\\\/?p=53217#primaryimage\",\"url\":\"https:\\\/\\\/www.aliadospuebla.com\\\/web2017\\\/wp-content\\\/uploads\\\/2021\\\/03\\\/015-Columna.jpg\",\"contentUrl\":\"https:\\\/\\\/www.aliadospuebla.com\\\/web2017\\\/wp-content\\\/uploads\\\/2021\\\/03\\\/015-Columna.jpg\",\"width\":600,\"height\":450},{\"@type\":\"BreadcrumbList\",\"@id\":\"https:\\\/\\\/www.aliadospuebla.com\\\/?p=53217#breadcrumb\",\"itemListElement\":[{\"@type\":\"ListItem\",\"position\":1,\"name\":\"Portada\",\"item\":\"https:\\\/\\\/www.aliadospuebla.com\\\/\"},{\"@type\":\"ListItem\",\"position\":2,\"name\":\"En estrategia, gan\u00f3 Claudia\"}]},{\"@type\":\"WebSite\",\"@id\":\"https:\\\/\\\/www.aliadospuebla.com\\\/#website\",\"url\":\"https:\\\/\\\/www.aliadospuebla.com\\\/\",\"name\":\"AliadosPuebla\",\"description\":\"La informaci\u00f3n en tus manos\",\"potentialAction\":[{\"@type\":\"SearchAction\",\"target\":{\"@type\":\"EntryPoint\",\"urlTemplate\":\"https:\\\/\\\/www.aliadospuebla.com\\\/?s={search_term_string}\"},\"query-input\":{\"@type\":\"PropertyValueSpecification\",\"valueRequired\":true,\"valueName\":\"search_term_string\"}}],\"inLanguage\":\"es\"},{\"@type\":\"Person\",\"@id\":\"https:\\\/\\\/www.aliadospuebla.com\\\/#\\\/schema\\\/person\\\/5da7dd09320bd4f392b710017ed5f8ad\",\"name\":\"Aliados17\",\"image\":{\"@type\":\"ImageObject\",\"inLanguage\":\"es\",\"@id\":\"https:\\\/\\\/www.aliadospuebla.com\\\/web2017\\\/wp-content\\\/uploads\\\/2025\\\/03\\\/cropped-para-perfil-8-anos-1-96x96.jpg\",\"url\":\"https:\\\/\\\/www.aliadospuebla.com\\\/web2017\\\/wp-content\\\/uploads\\\/2025\\\/03\\\/cropped-para-perfil-8-anos-1-96x96.jpg\",\"contentUrl\":\"https:\\\/\\\/www.aliadospuebla.com\\\/web2017\\\/wp-content\\\/uploads\\\/2025\\\/03\\\/cropped-para-perfil-8-anos-1-96x96.jpg\",\"caption\":\"Aliados17\"},\"sameAs\":[\"https:\\\/\\\/www.aliados17.com\",\"https:\\\/\\\/www.facebook.com\\\/Aliados17Pue\",\"https:\\\/\\\/x.com\\\/AliadosPuebla\"],\"url\":\"https:\\\/\\\/www.aliadospuebla.com\\\/?author=2\"}]}<\/script>\n<!-- \/ Yoast SEO plugin. -->","yoast_head_json":{"title":"En estrategia, gan\u00f3 Claudia - AliadosPuebla","robots":{"index":"index","follow":"follow","max-snippet":"max-snippet:-1","max-image-preview":"max-image-preview:large","max-video-preview":"max-video-preview:-1"},"canonical":"https:\/\/www.aliadospuebla.com\/?p=53217","og_locale":"es_ES","og_type":"article","og_title":"En estrategia, gan\u00f3 Claudia - AliadosPuebla","og_description":"Claudia result\u00f3 mejor estratega que Barbosa. Bueno, eso dicen los hechos pol\u00edticos. No es invento m\u00edo \u00bfYo qui\u00e9n soy para opinar? Analicemos, si se me permite: Los candidatos, digamos, \u201cbarbosistas\u201d, se apuraron a anunciar su solicitud de licencia para ser alcaldes o diputados. Con ello, intentan presionan a Claudia Rivera Vivanco, presidenta municipal de Puebla para que se separe del cargo este fin de semana. Les urge que Claudia deje el Ayuntamiento de Puebla, pero no, porque la ley no se lo exige. O si se sale (pide licencia), ser\u00e1 cuando ella quiera y no cuando el gobernador lo ordene. Mientras Claudia avanza en su campa\u00f1a por la reelecci\u00f3n con la figura de alcaldesa, pero sin los recursos de la alcald\u00eda, \u201clos barbosistas\u201d (Karina, Norma,&hellip;Leer m\u00e1s...","og_url":"https:\/\/www.aliadospuebla.com\/?p=53217","og_site_name":"AliadosPuebla","article_author":"https:\/\/www.facebook.com\/Aliados17Pue","article_published_time":"2021-03-04T15:49:11+00:00","og_image":[{"width":600,"height":450,"url":"https:\/\/www.aliadospuebla.com\/web2017\/wp-content\/uploads\/2021\/03\/015-Columna.jpg","type":"image\/jpeg"}],"author":"Aliados17","twitter_card":"summary_large_image","twitter_creator":"@AliadosPuebla","twitter_misc":{"Escrito por":"Aliados17","Tiempo de lectura":"4 minutos"},"schema":{"@context":"https:\/\/schema.org","@graph":[{"@type":"Article","@id":"https:\/\/www.aliadospuebla.com\/?p=53217#article","isPartOf":{"@id":"https:\/\/www.aliadospuebla.com\/?p=53217"},"author":{"name":"Aliados17","@id":"https:\/\/www.aliadospuebla.com\/#\/schema\/person\/5da7dd09320bd4f392b710017ed5f8ad"},"headline":"En estrategia, gan\u00f3 Claudia","datePublished":"2021-03-04T15:49:11+00:00","mainEntityOfPage":{"@id":"https:\/\/www.aliadospuebla.com\/?p=53217"},"wordCount":853,"commentCount":0,"image":{"@id":"https:\/\/www.aliadospuebla.com\/?p=53217#primaryimage"},"thumbnailUrl":"https:\/\/www.aliadospuebla.com\/web2017\/wp-content\/uploads\/2021\/03\/015-Columna.jpg","keywords":["Andr\u00e9s Cer\u00f3n","CLAUDIA RIVERA VIVANCO","Eduardo Gonz\u00e1lez Cort\u00e9s","elecciones internas","Lucio Rangel Mendoza","Luis Miguel Ger\u00f3nimo Barbosa Huerta","Mariano Hern\u00e1ndez Reyes","MORENA","PT"],"articleSection":["Columnas"],"inLanguage":"es","potentialAction":[{"@type":"CommentAction","name":"Comment","target":["https:\/\/www.aliadospuebla.com\/?p=53217#respond"]}]},{"@type":"WebPage","@id":"https:\/\/www.aliadospuebla.com\/?p=53217","url":"https:\/\/www.aliadospuebla.com\/?p=53217","name":"En estrategia, gan\u00f3 Claudia - AliadosPuebla","isPartOf":{"@id":"https:\/\/www.aliadospuebla.com\/#website"},"primaryImageOfPage":{"@id":"https:\/\/www.aliadospuebla.com\/?p=53217#primaryimage"},"image":{"@id":"https:\/\/www.aliadospuebla.com\/?p=53217#primaryimage"},"thumbnailUrl":"https:\/\/www.aliadospuebla.com\/web2017\/wp-content\/uploads\/2021\/03\/015-Columna.jpg","datePublished":"2021-03-04T15:49:11+00:00","author":{"@id":"https:\/\/www.aliadospuebla.com\/#\/schema\/person\/5da7dd09320bd4f392b710017ed5f8ad"},"breadcrumb":{"@id":"https:\/\/www.aliadospuebla.com\/?p=53217#breadcrumb"},"inLanguage":"es","potentialAction":[{"@type":"ReadAction","target":["https:\/\/www.aliadospuebla.com\/?p=53217"]}]},{"@type":"ImageObject","inLanguage":"es","@id":"https:\/\/www.aliadospuebla.com\/?p=53217#primaryimage","url":"https:\/\/www.aliadospuebla.com\/web2017\/wp-content\/uploads\/2021\/03\/015-Columna.jpg","contentUrl":"https:\/\/www.aliadospuebla.com\/web2017\/wp-content\/uploads\/2021\/03\/015-Columna.jpg","width":600,"height":450},{"@type":"BreadcrumbList","@id":"https:\/\/www.aliadospuebla.com\/?p=53217#breadcrumb","itemListElement":[{"@type":"ListItem","position":1,"name":"Portada","item":"https:\/\/www.aliadospuebla.com\/"},{"@type":"ListItem","position":2,"name":"En estrategia, gan\u00f3 Claudia"}]},{"@type":"WebSite","@id":"https:\/\/www.aliadospuebla.com\/#website","url":"https:\/\/www.aliadospuebla.com\/","name":"AliadosPuebla","description":"La informaci\u00f3n en tus manos","potentialAction":[{"@type":"SearchAction","target":{"@type":"EntryPoint","urlTemplate":"https:\/\/www.aliadospuebla.com\/?s={search_term_string}"},"query-input":{"@type":"PropertyValueSpecification","valueRequired":true,"valueName":"search_term_string"}}],"inLanguage":"es"},{"@type":"Person","@id":"https:\/\/www.aliadospuebla.com\/#\/schema\/person\/5da7dd09320bd4f392b710017ed5f8ad","name":"Aliados17","image":{"@type":"ImageObject","inLanguage":"es","@id":"https:\/\/www.aliadospuebla.com\/web2017\/wp-content\/uploads\/2025\/03\/cropped-para-perfil-8-anos-1-96x96.jpg","url":"https:\/\/www.aliadospuebla.com\/web2017\/wp-content\/uploads\/2025\/03\/cropped-para-perfil-8-anos-1-96x96.jpg","contentUrl":"https:\/\/www.aliadospuebla.com\/web2017\/wp-content\/uploads\/2025\/03\/cropped-para-perfil-8-anos-1-96x96.jpg","caption":"Aliados17"},"sameAs":["https:\/\/www.aliados17.com","https:\/\/www.facebook.com\/Aliados17Pue","https:\/\/x.com\/AliadosPuebla"],"url":"https:\/\/www.aliadospuebla.com\/?author=2"}]}},"views":217,"_links":{"self":[{"href":"https:\/\/www.aliadospuebla.com\/index.php?rest_route=\/wp\/v2\/posts\/53217","targetHints":{"allow":["GET"]}}],"collection":[{"href":"https:\/\/www.aliadospuebla.com\/index.php?rest_route=\/wp\/v2\/posts"}],"about":[{"href":"https:\/\/www.aliadospuebla.com\/index.php?rest_route=\/wp\/v2\/types\/post"}],"author":[{"embeddable":true,"href":"https:\/\/www.aliadospuebla.com\/index.php?rest_route=\/wp\/v2\/users\/2"}],"replies":[{"embeddable":true,"href":"https:\/\/www.aliadospuebla.com\/index.php?rest_route=%2Fwp%2Fv2%2Fcomments&post=53217"}],"version-history":[{"count":1,"href":"https:\/\/www.aliadospuebla.com\/index.php?rest_route=\/wp\/v2\/posts\/53217\/revisions"}],"predecessor-version":[{"id":53219,"href":"https:\/\/www.aliadospuebla.com\/index.php?rest_route=\/wp\/v2\/posts\/53217\/revisions\/53219"}],"wp:featuredmedia":[{"embeddable":true,"href":"https:\/\/www.aliadospuebla.com\/index.php?rest_route=\/wp\/v2\/media\/53218"}],"wp:attachment":[{"href":"https:\/\/www.aliadospuebla.com\/index.php?rest_route=%2Fwp%2Fv2%2Fmedia&parent=53217"}],"wp:term":[{"taxonomy":"category","embeddable":true,"href":"https:\/\/www.aliadospuebla.com\/index.php?rest_route=%2Fwp%2Fv2%2Fcategories&post=53217"},{"taxonomy":"post_tag","embeddable":true,"href":"https:\/\/www.aliadospuebla.com\/index.php?rest_route=%2Fwp%2Fv2%2Ftags&post=53217"}],"curies":[{"name":"wp","href":"https:\/\/api.w.org\/{rel}","templated":true}]}}