{"id":52727,"date":"2021-02-23T17:35:57","date_gmt":"2021-02-23T23:35:57","guid":{"rendered":"https:\/\/www.aliados17.com\/?p=52727"},"modified":"2021-02-23T17:35:57","modified_gmt":"2021-02-23T23:35:57","slug":"en-comision-de-la-lx-legislatura-aprueba-exhortar-a-los-pueblos-magicos-lanzar-la-campana-te-quiero-limpio-te-quiero-bello-porque-eres-magico","status":"publish","type":"post","link":"https:\/\/www.aliadospuebla.com\/?p=52727","title":{"rendered":"En Comisi\u00f3n de la LX Legislatura, aprueba exhortar a los Pueblos M\u00e1gicos lanzar la campa\u00f1a \u201cTe quiero limpio, te quiero bello, porque eres m\u00e1gico\u201d"},"content":{"rendered":"<p>En sesi\u00f3n p\u00fablica virtual, las y los integrantes de la Comisi\u00f3n Especial de Pueblos M\u00e1gicos para su Desarrollo Econ\u00f3mico, Tur\u00edstico y Social, aprobaron por unanimidad el Acuerdo presentado por la diputada Guadalupe Muci\u00f1o Mu\u00f1oz, por el cual se exhorta al titular del ayuntamiento de Cholula, Xicotepec de Ju\u00e1rez, Pahuatl\u00e1n, Tetela de Ocampo, Atlixco, Zacatl\u00e1n, Tlatlauquitepec, Huauchinango, Chignahuapan y Cuetzalan del Progreso, para que de acuerdo a su capacidad presupuestaria lancen la campa\u00f1a, \u201cTe quiero limpio, te quiero bello, porque eres m\u00e1gico\u201d con la finalidad de dar un mensaje a la sociedad local y tur\u00edstica para evitar exceso de basura en las calles.<\/p>\n<p>&nbsp;<\/p>\n<p>En el uso de la voz, la diputada Guadalupe Muci\u00f1o argument\u00f3 que, la denominaci\u00f3n de Pueblos M\u00e1gicos, trae consigo para la sociedad y las autoridades responsabilidades, siendo una de ellas, el mantenerlos limpios, acci\u00f3n que no se debe ver como sin\u00f3nimo de apariencia o cuidado de imagen sino de un problema de contaminaci\u00f3n o de salud para los habitantes y personas que los visitan.<\/p>\n<p>&nbsp;<\/p>\n<p>En el an\u00e1lisis, discusi\u00f3n y dictaminaci\u00f3n del Acuerdo, las diputadas M\u00f3nica Lara Ch\u00e1vez, Nancy Jim\u00e9nez Morales y Tonantzin Fern\u00e1ndez D\u00edaz, coincidieron en argumentar que resulta relevante enfocar los esfuerzos para garantizar la salud de la poblaci\u00f3n y de quienes visitan los Pueblos M\u00e1gicos en la entidad, para poder consolidarlos y dar una buena imagen que coadyuve a detonar el desarrollo, la econom\u00eda y la generaci\u00f3n de empleos.<\/p>\n<p>&nbsp;<\/p>\n<p>Expresaron que, los Pueblos M\u00e1gicos representan las ra\u00edces, cultura y tradiciones de quienes los habitan, por ello, consideraron positiva la propuesta, tras analizar las repercusiones que dejar\u00eda en el turismo la imagen de lugares sucios y generadores de focos de infecci\u00f3n; situaci\u00f3n a la que se le debe de anexar las afectaciones que est\u00e1 dejando la pandemia originada por la Covid-19 en materia econ\u00f3mica y de servicios, la cual mantiene paralizados en su econom\u00eda a los Pueblos M\u00e1gicos.<\/p>\n<p>&nbsp;<\/p>\n<p>El Acuerdo luego de ser analizado y dictaminado por las y los integrantes de la Comisi\u00f3n Especial de Pueblos M\u00e1gicos para su Desarrollo Econ\u00f3mico, Tur\u00edstico y Social, lo turnaron al Pleno de la LX Legislatura para su aprobaci\u00f3n final.<\/p>\n","protected":false},"excerpt":{"rendered":"<p>En sesi\u00f3n p\u00fablica virtual, las y los integrantes de la Comisi\u00f3n Especial de Pueblos M\u00e1gicos para su Desarrollo Econ\u00f3mico, Tur\u00edstico y Social, aprobaron por unanimidad el Acuerdo presentado por la diputada Guadalupe Muci\u00f1o Mu\u00f1oz, por el cual se exhorta al titular del ayuntamiento de Cholula, Xicotepec de Ju\u00e1rez, Pahuatl\u00e1n, Tetela de Ocampo, Atlixco, Zacatl\u00e1n, Tlatlauquitepec, Huauchinango, Chignahuapan y Cuetzalan del Progreso, para que de acuerdo a su capacidad presupuestaria lancen la campa\u00f1a, \u201cTe quiero limpio, te quiero bello, porque eres m\u00e1gico\u201d con la finalidad de dar un mensaje a la sociedad local y tur\u00edstica para evitar exceso de basura en las calles. &nbsp; En el uso de la voz, la diputada Guadalupe Muci\u00f1o argument\u00f3 que, la denominaci\u00f3n de Pueblos M\u00e1gicos, trae consigo para la sociedad&hellip;<\/p>\n<p class=\"excerpt-more\"><a class=\"blog-excerpt button\" href=\"https:\/\/www.aliadospuebla.com\/?p=52727\">Leer m\u00e1s&#8230;<\/a><\/p>\n","protected":false},"author":3,"featured_media":52728,"comment_status":"open","ping_status":"open","sticky":false,"template":"","format":"standard","meta":{"_monsterinsights_skip_tracking":false,"footnotes":""},"categories":[6],"tags":[171,56,8367,850,666,77,72,3002],"class_list":["post-52727","post","type-post","status-publish","format-standard","has-post-thumbnail","hentry","category-politica","tag-ayuntamiento","tag-capital","tag-marco-mena","tag-miguel-barbosa","tag-morena","tag-municipios","tag-puebla","tag-regidores"],"yoast_head":"<!-- This site is optimized with the Yoast SEO plugin v28.4 - https:\/\/yoast.com\/product\/yoast-seo-wordpress\/ -->\n<title>En Comisi\u00f3n de la LX Legislatura, aprueba exhortar a los Pueblos M\u00e1gicos lanzar la campa\u00f1a \u201cTe quiero limpio, te quiero bello, porque eres m\u00e1gico\u201d - AliadosPuebla<\/title>\n<meta name=\"robots\" content=\"index, follow, max-snippet:-1, max-image-preview:large, max-video-preview:-1\" \/>\n<link rel=\"canonical\" href=\"https:\/\/www.aliadospuebla.com\/?p=52727\" \/>\n<meta property=\"og:locale\" content=\"es_ES\" \/>\n<meta property=\"og:type\" content=\"article\" \/>\n<meta property=\"og:title\" content=\"En Comisi\u00f3n de la LX Legislatura, aprueba exhortar a los Pueblos M\u00e1gicos lanzar la campa\u00f1a \u201cTe quiero limpio, te quiero bello, porque eres m\u00e1gico\u201d - AliadosPuebla\" \/>\n<meta property=\"og:description\" content=\"En sesi\u00f3n p\u00fablica virtual, las y los integrantes de la Comisi\u00f3n Especial de Pueblos M\u00e1gicos para su Desarrollo Econ\u00f3mico, Tur\u00edstico y Social, aprobaron por unanimidad el Acuerdo presentado por la diputada Guadalupe Muci\u00f1o Mu\u00f1oz, por el cual se exhorta al titular del ayuntamiento de Cholula, Xicotepec de Ju\u00e1rez, Pahuatl\u00e1n, Tetela de Ocampo, Atlixco, Zacatl\u00e1n, Tlatlauquitepec, Huauchinango, Chignahuapan y Cuetzalan del Progreso, para que de acuerdo a su capacidad presupuestaria lancen la campa\u00f1a, \u201cTe quiero limpio, te quiero bello, porque eres m\u00e1gico\u201d con la finalidad de dar un mensaje a la sociedad local y tur\u00edstica para evitar exceso de basura en las calles. &nbsp; En el uso de la voz, la diputada Guadalupe Muci\u00f1o argument\u00f3 que, la denominaci\u00f3n de Pueblos M\u00e1gicos, trae consigo para la sociedad&hellip;Leer m\u00e1s...\" \/>\n<meta property=\"og:url\" content=\"https:\/\/www.aliadospuebla.com\/?p=52727\" \/>\n<meta property=\"og:site_name\" content=\"AliadosPuebla\" \/>\n<meta property=\"article:published_time\" content=\"2021-02-23T23:35:57+00:00\" \/>\n<meta property=\"og:image\" content=\"https:\/\/www.aliadospuebla.com\/web2017\/wp-content\/uploads\/2021\/02\/CONGRESO-1.jpg\" \/>\n\t<meta property=\"og:image:width\" content=\"600\" \/>\n\t<meta property=\"og:image:height\" content=\"450\" \/>\n\t<meta property=\"og:image:type\" content=\"image\/jpeg\" \/>\n<meta name=\"author\" content=\"Aliados Videos\" \/>\n<meta name=\"twitter:card\" content=\"summary_large_image\" \/>\n<meta name=\"twitter:label1\" content=\"Escrito por\" \/>\n\t<meta name=\"twitter:data1\" content=\"Aliados Videos\" \/>\n\t<meta name=\"twitter:label2\" content=\"Tiempo de lectura\" \/>\n\t<meta name=\"twitter:data2\" content=\"2 minutos\" \/>\n<script type=\"application\/ld+json\" class=\"yoast-schema-graph\">{\"@context\":\"https:\\\/\\\/schema.org\",\"@graph\":[{\"@type\":\"Article\",\"@id\":\"https:\\\/\\\/www.aliadospuebla.com\\\/?p=52727#article\",\"isPartOf\":{\"@id\":\"https:\\\/\\\/www.aliadospuebla.com\\\/?p=52727\"},\"author\":{\"name\":\"Aliados Videos\",\"@id\":\"https:\\\/\\\/www.aliadospuebla.com\\\/#\\\/schema\\\/person\\\/0fd017f23cc5c3f7988d5d58850eec8e\"},\"headline\":\"En Comisi\u00f3n de la LX Legislatura, aprueba exhortar a los Pueblos M\u00e1gicos lanzar la campa\u00f1a \u201cTe quiero limpio, te quiero bello, porque eres m\u00e1gico\u201d\",\"datePublished\":\"2021-02-23T23:35:57+00:00\",\"mainEntityOfPage\":{\"@id\":\"https:\\\/\\\/www.aliadospuebla.com\\\/?p=52727\"},\"wordCount\":427,\"commentCount\":0,\"image\":{\"@id\":\"https:\\\/\\\/www.aliadospuebla.com\\\/?p=52727#primaryimage\"},\"thumbnailUrl\":\"https:\\\/\\\/www.aliadospuebla.com\\\/web2017\\\/wp-content\\\/uploads\\\/2021\\\/02\\\/CONGRESO-1.jpg\",\"keywords\":[\"Ayuntamiento\",\"capital\",\"MARCO MENA\",\"MIGUEL BARBOSA\",\"MORENA\",\"Municipios\",\"Puebla\",\"REGIDORES\"],\"articleSection\":[\"Pol\u00edtica\"],\"inLanguage\":\"es\",\"potentialAction\":[{\"@type\":\"CommentAction\",\"name\":\"Comment\",\"target\":[\"https:\\\/\\\/www.aliadospuebla.com\\\/?p=52727#respond\"]}]},{\"@type\":\"WebPage\",\"@id\":\"https:\\\/\\\/www.aliadospuebla.com\\\/?p=52727\",\"url\":\"https:\\\/\\\/www.aliadospuebla.com\\\/?p=52727\",\"name\":\"En Comisi\u00f3n de la LX Legislatura, aprueba exhortar a los Pueblos M\u00e1gicos lanzar la campa\u00f1a \u201cTe quiero limpio, te quiero bello, porque eres m\u00e1gico\u201d - AliadosPuebla\",\"isPartOf\":{\"@id\":\"https:\\\/\\\/www.aliadospuebla.com\\\/#website\"},\"primaryImageOfPage\":{\"@id\":\"https:\\\/\\\/www.aliadospuebla.com\\\/?p=52727#primaryimage\"},\"image\":{\"@id\":\"https:\\\/\\\/www.aliadospuebla.com\\\/?p=52727#primaryimage\"},\"thumbnailUrl\":\"https:\\\/\\\/www.aliadospuebla.com\\\/web2017\\\/wp-content\\\/uploads\\\/2021\\\/02\\\/CONGRESO-1.jpg\",\"datePublished\":\"2021-02-23T23:35:57+00:00\",\"author\":{\"@id\":\"https:\\\/\\\/www.aliadospuebla.com\\\/#\\\/schema\\\/person\\\/0fd017f23cc5c3f7988d5d58850eec8e\"},\"breadcrumb\":{\"@id\":\"https:\\\/\\\/www.aliadospuebla.com\\\/?p=52727#breadcrumb\"},\"inLanguage\":\"es\",\"potentialAction\":[{\"@type\":\"ReadAction\",\"target\":[\"https:\\\/\\\/www.aliadospuebla.com\\\/?p=52727\"]}]},{\"@type\":\"ImageObject\",\"inLanguage\":\"es\",\"@id\":\"https:\\\/\\\/www.aliadospuebla.com\\\/?p=52727#primaryimage\",\"url\":\"https:\\\/\\\/www.aliadospuebla.com\\\/web2017\\\/wp-content\\\/uploads\\\/2021\\\/02\\\/CONGRESO-1.jpg\",\"contentUrl\":\"https:\\\/\\\/www.aliadospuebla.com\\\/web2017\\\/wp-content\\\/uploads\\\/2021\\\/02\\\/CONGRESO-1.jpg\",\"width\":600,\"height\":450},{\"@type\":\"BreadcrumbList\",\"@id\":\"https:\\\/\\\/www.aliadospuebla.com\\\/?p=52727#breadcrumb\",\"itemListElement\":[{\"@type\":\"ListItem\",\"position\":1,\"name\":\"Portada\",\"item\":\"https:\\\/\\\/www.aliadospuebla.com\\\/\"},{\"@type\":\"ListItem\",\"position\":2,\"name\":\"En Comisi\u00f3n de la LX Legislatura, aprueba exhortar a los Pueblos M\u00e1gicos lanzar la campa\u00f1a \u201cTe quiero limpio, te quiero bello, porque eres m\u00e1gico\u201d\"}]},{\"@type\":\"WebSite\",\"@id\":\"https:\\\/\\\/www.aliadospuebla.com\\\/#website\",\"url\":\"https:\\\/\\\/www.aliadospuebla.com\\\/\",\"name\":\"AliadosPuebla\",\"description\":\"La informaci\u00f3n en tus manos\",\"potentialAction\":[{\"@type\":\"SearchAction\",\"target\":{\"@type\":\"EntryPoint\",\"urlTemplate\":\"https:\\\/\\\/www.aliadospuebla.com\\\/?s={search_term_string}\"},\"query-input\":{\"@type\":\"PropertyValueSpecification\",\"valueRequired\":true,\"valueName\":\"search_term_string\"}}],\"inLanguage\":\"es\"},{\"@type\":\"Person\",\"@id\":\"https:\\\/\\\/www.aliadospuebla.com\\\/#\\\/schema\\\/person\\\/0fd017f23cc5c3f7988d5d58850eec8e\",\"name\":\"Aliados Videos\",\"image\":{\"@type\":\"ImageObject\",\"inLanguage\":\"es\",\"@id\":\"https:\\\/\\\/secure.gravatar.com\\\/avatar\\\/42b92de8b2d8339e1e824f3a73ab023a0bec0ee2e3920248085eb1f3160b4083?s=96&d=mm&r=g\",\"url\":\"https:\\\/\\\/secure.gravatar.com\\\/avatar\\\/42b92de8b2d8339e1e824f3a73ab023a0bec0ee2e3920248085eb1f3160b4083?s=96&d=mm&r=g\",\"contentUrl\":\"https:\\\/\\\/secure.gravatar.com\\\/avatar\\\/42b92de8b2d8339e1e824f3a73ab023a0bec0ee2e3920248085eb1f3160b4083?s=96&d=mm&r=g\",\"caption\":\"Aliados Videos\"},\"url\":\"https:\\\/\\\/www.aliadospuebla.com\\\/?author=3\"}]}<\/script>\n<!-- \/ Yoast SEO plugin. -->","yoast_head_json":{"title":"En Comisi\u00f3n de la LX Legislatura, aprueba exhortar a los Pueblos M\u00e1gicos lanzar la campa\u00f1a \u201cTe quiero limpio, te quiero bello, porque eres m\u00e1gico\u201d - AliadosPuebla","robots":{"index":"index","follow":"follow","max-snippet":"max-snippet:-1","max-image-preview":"max-image-preview:large","max-video-preview":"max-video-preview:-1"},"canonical":"https:\/\/www.aliadospuebla.com\/?p=52727","og_locale":"es_ES","og_type":"article","og_title":"En Comisi\u00f3n de la LX Legislatura, aprueba exhortar a los Pueblos M\u00e1gicos lanzar la campa\u00f1a \u201cTe quiero limpio, te quiero bello, porque eres m\u00e1gico\u201d - AliadosPuebla","og_description":"En sesi\u00f3n p\u00fablica virtual, las y los integrantes de la Comisi\u00f3n Especial de Pueblos M\u00e1gicos para su Desarrollo Econ\u00f3mico, Tur\u00edstico y Social, aprobaron por unanimidad el Acuerdo presentado por la diputada Guadalupe Muci\u00f1o Mu\u00f1oz, por el cual se exhorta al titular del ayuntamiento de Cholula, Xicotepec de Ju\u00e1rez, Pahuatl\u00e1n, Tetela de Ocampo, Atlixco, Zacatl\u00e1n, Tlatlauquitepec, Huauchinango, Chignahuapan y Cuetzalan del Progreso, para que de acuerdo a su capacidad presupuestaria lancen la campa\u00f1a, \u201cTe quiero limpio, te quiero bello, porque eres m\u00e1gico\u201d con la finalidad de dar un mensaje a la sociedad local y tur\u00edstica para evitar exceso de basura en las calles. &nbsp; En el uso de la voz, la diputada Guadalupe Muci\u00f1o argument\u00f3 que, la denominaci\u00f3n de Pueblos M\u00e1gicos, trae consigo para la sociedad&hellip;Leer m\u00e1s...","og_url":"https:\/\/www.aliadospuebla.com\/?p=52727","og_site_name":"AliadosPuebla","article_published_time":"2021-02-23T23:35:57+00:00","og_image":[{"width":600,"height":450,"url":"https:\/\/www.aliadospuebla.com\/web2017\/wp-content\/uploads\/2021\/02\/CONGRESO-1.jpg","type":"image\/jpeg"}],"author":"Aliados Videos","twitter_card":"summary_large_image","twitter_misc":{"Escrito por":"Aliados Videos","Tiempo de lectura":"2 minutos"},"schema":{"@context":"https:\/\/schema.org","@graph":[{"@type":"Article","@id":"https:\/\/www.aliadospuebla.com\/?p=52727#article","isPartOf":{"@id":"https:\/\/www.aliadospuebla.com\/?p=52727"},"author":{"name":"Aliados Videos","@id":"https:\/\/www.aliadospuebla.com\/#\/schema\/person\/0fd017f23cc5c3f7988d5d58850eec8e"},"headline":"En Comisi\u00f3n de la LX Legislatura, aprueba exhortar a los Pueblos M\u00e1gicos lanzar la campa\u00f1a \u201cTe quiero limpio, te quiero bello, porque eres m\u00e1gico\u201d","datePublished":"2021-02-23T23:35:57+00:00","mainEntityOfPage":{"@id":"https:\/\/www.aliadospuebla.com\/?p=52727"},"wordCount":427,"commentCount":0,"image":{"@id":"https:\/\/www.aliadospuebla.com\/?p=52727#primaryimage"},"thumbnailUrl":"https:\/\/www.aliadospuebla.com\/web2017\/wp-content\/uploads\/2021\/02\/CONGRESO-1.jpg","keywords":["Ayuntamiento","capital","MARCO MENA","MIGUEL BARBOSA","MORENA","Municipios","Puebla","REGIDORES"],"articleSection":["Pol\u00edtica"],"inLanguage":"es","potentialAction":[{"@type":"CommentAction","name":"Comment","target":["https:\/\/www.aliadospuebla.com\/?p=52727#respond"]}]},{"@type":"WebPage","@id":"https:\/\/www.aliadospuebla.com\/?p=52727","url":"https:\/\/www.aliadospuebla.com\/?p=52727","name":"En Comisi\u00f3n de la LX Legislatura, aprueba exhortar a los Pueblos M\u00e1gicos lanzar la campa\u00f1a \u201cTe quiero limpio, te quiero bello, porque eres m\u00e1gico\u201d - AliadosPuebla","isPartOf":{"@id":"https:\/\/www.aliadospuebla.com\/#website"},"primaryImageOfPage":{"@id":"https:\/\/www.aliadospuebla.com\/?p=52727#primaryimage"},"image":{"@id":"https:\/\/www.aliadospuebla.com\/?p=52727#primaryimage"},"thumbnailUrl":"https:\/\/www.aliadospuebla.com\/web2017\/wp-content\/uploads\/2021\/02\/CONGRESO-1.jpg","datePublished":"2021-02-23T23:35:57+00:00","author":{"@id":"https:\/\/www.aliadospuebla.com\/#\/schema\/person\/0fd017f23cc5c3f7988d5d58850eec8e"},"breadcrumb":{"@id":"https:\/\/www.aliadospuebla.com\/?p=52727#breadcrumb"},"inLanguage":"es","potentialAction":[{"@type":"ReadAction","target":["https:\/\/www.aliadospuebla.com\/?p=52727"]}]},{"@type":"ImageObject","inLanguage":"es","@id":"https:\/\/www.aliadospuebla.com\/?p=52727#primaryimage","url":"https:\/\/www.aliadospuebla.com\/web2017\/wp-content\/uploads\/2021\/02\/CONGRESO-1.jpg","contentUrl":"https:\/\/www.aliadospuebla.com\/web2017\/wp-content\/uploads\/2021\/02\/CONGRESO-1.jpg","width":600,"height":450},{"@type":"BreadcrumbList","@id":"https:\/\/www.aliadospuebla.com\/?p=52727#breadcrumb","itemListElement":[{"@type":"ListItem","position":1,"name":"Portada","item":"https:\/\/www.aliadospuebla.com\/"},{"@type":"ListItem","position":2,"name":"En Comisi\u00f3n de la LX Legislatura, aprueba exhortar a los Pueblos M\u00e1gicos lanzar la campa\u00f1a \u201cTe quiero limpio, te quiero bello, porque eres m\u00e1gico\u201d"}]},{"@type":"WebSite","@id":"https:\/\/www.aliadospuebla.com\/#website","url":"https:\/\/www.aliadospuebla.com\/","name":"AliadosPuebla","description":"La informaci\u00f3n en tus manos","potentialAction":[{"@type":"SearchAction","target":{"@type":"EntryPoint","urlTemplate":"https:\/\/www.aliadospuebla.com\/?s={search_term_string}"},"query-input":{"@type":"PropertyValueSpecification","valueRequired":true,"valueName":"search_term_string"}}],"inLanguage":"es"},{"@type":"Person","@id":"https:\/\/www.aliadospuebla.com\/#\/schema\/person\/0fd017f23cc5c3f7988d5d58850eec8e","name":"Aliados Videos","image":{"@type":"ImageObject","inLanguage":"es","@id":"https:\/\/secure.gravatar.com\/avatar\/42b92de8b2d8339e1e824f3a73ab023a0bec0ee2e3920248085eb1f3160b4083?s=96&d=mm&r=g","url":"https:\/\/secure.gravatar.com\/avatar\/42b92de8b2d8339e1e824f3a73ab023a0bec0ee2e3920248085eb1f3160b4083?s=96&d=mm&r=g","contentUrl":"https:\/\/secure.gravatar.com\/avatar\/42b92de8b2d8339e1e824f3a73ab023a0bec0ee2e3920248085eb1f3160b4083?s=96&d=mm&r=g","caption":"Aliados Videos"},"url":"https:\/\/www.aliadospuebla.com\/?author=3"}]}},"views":11,"_links":{"self":[{"href":"https:\/\/www.aliadospuebla.com\/index.php?rest_route=\/wp\/v2\/posts\/52727","targetHints":{"allow":["GET"]}}],"collection":[{"href":"https:\/\/www.aliadospuebla.com\/index.php?rest_route=\/wp\/v2\/posts"}],"about":[{"href":"https:\/\/www.aliadospuebla.com\/index.php?rest_route=\/wp\/v2\/types\/post"}],"author":[{"embeddable":true,"href":"https:\/\/www.aliadospuebla.com\/index.php?rest_route=\/wp\/v2\/users\/3"}],"replies":[{"embeddable":true,"href":"https:\/\/www.aliadospuebla.com\/index.php?rest_route=%2Fwp%2Fv2%2Fcomments&post=52727"}],"version-history":[{"count":1,"href":"https:\/\/www.aliadospuebla.com\/index.php?rest_route=\/wp\/v2\/posts\/52727\/revisions"}],"predecessor-version":[{"id":52729,"href":"https:\/\/www.aliadospuebla.com\/index.php?rest_route=\/wp\/v2\/posts\/52727\/revisions\/52729"}],"wp:featuredmedia":[{"embeddable":true,"href":"https:\/\/www.aliadospuebla.com\/index.php?rest_route=\/wp\/v2\/media\/52728"}],"wp:attachment":[{"href":"https:\/\/www.aliadospuebla.com\/index.php?rest_route=%2Fwp%2Fv2%2Fmedia&parent=52727"}],"wp:term":[{"taxonomy":"category","embeddable":true,"href":"https:\/\/www.aliadospuebla.com\/index.php?rest_route=%2Fwp%2Fv2%2Fcategories&post=52727"},{"taxonomy":"post_tag","embeddable":true,"href":"https:\/\/www.aliadospuebla.com\/index.php?rest_route=%2Fwp%2Fv2%2Ftags&post=52727"}],"curies":[{"name":"wp","href":"https:\/\/api.w.org\/{rel}","templated":true}]}}