{"id":52337,"date":"2021-02-16T19:49:06","date_gmt":"2021-02-17T01:49:06","guid":{"rendered":"https:\/\/www.aliados17.com\/?p=52337"},"modified":"2021-02-16T19:49:06","modified_gmt":"2021-02-17T01:49:06","slug":"militantes-del-partido-accion-nacional-respaldaron-la-alianza-pri-pan-prd-en-el-municipio-de-chignahuapan","status":"publish","type":"post","link":"https:\/\/www.aliadospuebla.com\/?p=52337","title":{"rendered":"Militantes del Partido Acci\u00f3n Nacional, respaldaron la alianza PRI-PAN-PRD en el municipio de Chignahuapan"},"content":{"rendered":"<p>\u201cComo militantes del Partido Acci\u00f3n Nacional queremos informar a la ciudadan\u00eda chignahuapense, nuestro deseo de unificarnos por el bien com\u00fan de todos. Esta alianza es un gran paso a nivel nacional y queremos que ocurra aqu\u00ed en el municipio\u201d, destac\u00f3 Pablo Castro, militante panista y Ex Secretario del Ayuntamiento.<\/p>\n<p>&nbsp;<\/p>\n<p>Destacaron que se debe buscar el mejor perfil, el m\u00e1s preparado y quien traiga ideas nuevas y frescas, que saque adelante el trabajo y tenga inter\u00e9s en la unificaci\u00f3n de los grupos, ya que conciliar beneficiar\u00e1 a todos.<\/p>\n<p>&nbsp;<\/p>\n<p>Afirmaron que el candidato deber\u00e1 ser elegido por los mecanismos consultivos como la encuesta que ser\u00e1 aprobada por la Comisi\u00f3n Permanente, como lo marcan los estatutos.<\/p>\n<p>&nbsp;<\/p>\n<p>\u201cSe debe cambiar la forma de Gobierno y buscar un perfil que realmente beneficie a la ciudadan\u00eda, debemos sumarnos por un proyecto que convenga al municipio, no por intereses personales\u201d.<\/p>\n<p>&nbsp;<\/p>\n<p>A esta rueda de prensa, asistieron Pablo Castro, Ex Secretario del Ayuntamiento, Antol\u00edn Trejo, Ex Regidor y Secretario de Organizaci\u00f3n, V\u00edctor Huerta, Secretario de Acci\u00f3n por el campo y de medio ambiente, Rafael Castro, Promotor del voto y Jaime Medina Mart\u00ednez, Ex secretario Juvenil, todos ellos con m\u00e1s de 12 a\u00f1os de militancia panista.<\/p>\n<p>&nbsp;<\/p>\n","protected":false},"excerpt":{"rendered":"<p>\u201cComo militantes del Partido Acci\u00f3n Nacional queremos informar a la ciudadan\u00eda chignahuapense, nuestro deseo de unificarnos por el bien com\u00fan de todos. Esta alianza es un gran paso a nivel nacional y queremos que ocurra aqu\u00ed en el municipio\u201d, destac\u00f3 Pablo Castro, militante panista y Ex Secretario del Ayuntamiento. &nbsp; Destacaron que se debe buscar el mejor perfil, el m\u00e1s preparado y quien traiga ideas nuevas y frescas, que saque adelante el trabajo y tenga inter\u00e9s en la unificaci\u00f3n de los grupos, ya que conciliar beneficiar\u00e1 a todos. &nbsp; Afirmaron que el candidato deber\u00e1 ser elegido por los mecanismos consultivos como la encuesta que ser\u00e1 aprobada por la Comisi\u00f3n Permanente, como lo marcan los estatutos. &nbsp; \u201cSe debe cambiar la forma de Gobierno y buscar&hellip;<\/p>\n<p class=\"excerpt-more\"><a class=\"blog-excerpt button\" href=\"https:\/\/www.aliadospuebla.com\/?p=52337\">Leer m\u00e1s&#8230;<\/a><\/p>\n","protected":false},"author":3,"featured_media":52338,"comment_status":"open","ping_status":"open","sticky":false,"template":"","format":"standard","meta":{"_monsterinsights_skip_tracking":false,"footnotes":""},"categories":[6],"tags":[171,56,8367,850,77,72,3002],"class_list":["post-52337","post","type-post","status-publish","format-standard","has-post-thumbnail","hentry","category-politica","tag-ayuntamiento","tag-capital","tag-marco-mena","tag-miguel-barbosa","tag-municipios","tag-puebla","tag-regidores"],"yoast_head":"<!-- This site is optimized with the Yoast SEO plugin v28.4 - https:\/\/yoast.com\/product\/yoast-seo-wordpress\/ -->\n<title>Militantes del Partido Acci\u00f3n Nacional, respaldaron la alianza PRI-PAN-PRD en el municipio de Chignahuapan - AliadosPuebla<\/title>\n<meta name=\"robots\" content=\"index, follow, max-snippet:-1, max-image-preview:large, max-video-preview:-1\" \/>\n<link rel=\"canonical\" href=\"https:\/\/www.aliadospuebla.com\/?p=52337\" \/>\n<meta property=\"og:locale\" content=\"es_ES\" \/>\n<meta property=\"og:type\" content=\"article\" \/>\n<meta property=\"og:title\" content=\"Militantes del Partido Acci\u00f3n Nacional, respaldaron la alianza PRI-PAN-PRD en el municipio de Chignahuapan - AliadosPuebla\" \/>\n<meta property=\"og:description\" content=\"\u201cComo militantes del Partido Acci\u00f3n Nacional queremos informar a la ciudadan\u00eda chignahuapense, nuestro deseo de unificarnos por el bien com\u00fan de todos. Esta alianza es un gran paso a nivel nacional y queremos que ocurra aqu\u00ed en el municipio\u201d, destac\u00f3 Pablo Castro, militante panista y Ex Secretario del Ayuntamiento. &nbsp; Destacaron que se debe buscar el mejor perfil, el m\u00e1s preparado y quien traiga ideas nuevas y frescas, que saque adelante el trabajo y tenga inter\u00e9s en la unificaci\u00f3n de los grupos, ya que conciliar beneficiar\u00e1 a todos. &nbsp; Afirmaron que el candidato deber\u00e1 ser elegido por los mecanismos consultivos como la encuesta que ser\u00e1 aprobada por la Comisi\u00f3n Permanente, como lo marcan los estatutos. &nbsp; \u201cSe debe cambiar la forma de Gobierno y buscar&hellip;Leer m\u00e1s...\" \/>\n<meta property=\"og:url\" content=\"https:\/\/www.aliadospuebla.com\/?p=52337\" \/>\n<meta property=\"og:site_name\" content=\"AliadosPuebla\" \/>\n<meta property=\"article:published_time\" content=\"2021-02-17T01:49:06+00:00\" \/>\n<meta property=\"og:image\" content=\"https:\/\/www.aliadospuebla.com\/web2017\/wp-content\/uploads\/2021\/02\/PAN-2.jpg\" \/>\n\t<meta property=\"og:image:width\" content=\"600\" \/>\n\t<meta property=\"og:image:height\" content=\"450\" \/>\n\t<meta property=\"og:image:type\" content=\"image\/jpeg\" \/>\n<meta name=\"author\" content=\"Aliados Videos\" \/>\n<meta name=\"twitter:card\" content=\"summary_large_image\" \/>\n<meta name=\"twitter:label1\" content=\"Escrito por\" \/>\n\t<meta name=\"twitter:data1\" content=\"Aliados Videos\" \/>\n\t<meta name=\"twitter:label2\" content=\"Tiempo de lectura\" \/>\n\t<meta name=\"twitter:data2\" content=\"1 minuto\" \/>\n<script type=\"application\/ld+json\" class=\"yoast-schema-graph\">{\"@context\":\"https:\\\/\\\/schema.org\",\"@graph\":[{\"@type\":\"Article\",\"@id\":\"https:\\\/\\\/www.aliadospuebla.com\\\/?p=52337#article\",\"isPartOf\":{\"@id\":\"https:\\\/\\\/www.aliadospuebla.com\\\/?p=52337\"},\"author\":{\"name\":\"Aliados Videos\",\"@id\":\"https:\\\/\\\/www.aliadospuebla.com\\\/#\\\/schema\\\/person\\\/0fd017f23cc5c3f7988d5d58850eec8e\"},\"headline\":\"Militantes del Partido Acci\u00f3n Nacional, respaldaron la alianza PRI-PAN-PRD en el municipio de Chignahuapan\",\"datePublished\":\"2021-02-17T01:49:06+00:00\",\"mainEntityOfPage\":{\"@id\":\"https:\\\/\\\/www.aliadospuebla.com\\\/?p=52337\"},\"wordCount\":231,\"commentCount\":0,\"image\":{\"@id\":\"https:\\\/\\\/www.aliadospuebla.com\\\/?p=52337#primaryimage\"},\"thumbnailUrl\":\"https:\\\/\\\/www.aliadospuebla.com\\\/web2017\\\/wp-content\\\/uploads\\\/2021\\\/02\\\/PAN-2.jpg\",\"keywords\":[\"Ayuntamiento\",\"capital\",\"MARCO MENA\",\"MIGUEL BARBOSA\",\"Municipios\",\"Puebla\",\"REGIDORES\"],\"articleSection\":[\"Pol\u00edtica\"],\"inLanguage\":\"es\",\"potentialAction\":[{\"@type\":\"CommentAction\",\"name\":\"Comment\",\"target\":[\"https:\\\/\\\/www.aliadospuebla.com\\\/?p=52337#respond\"]}]},{\"@type\":\"WebPage\",\"@id\":\"https:\\\/\\\/www.aliadospuebla.com\\\/?p=52337\",\"url\":\"https:\\\/\\\/www.aliadospuebla.com\\\/?p=52337\",\"name\":\"Militantes del Partido Acci\u00f3n Nacional, respaldaron la alianza PRI-PAN-PRD en el municipio de Chignahuapan - AliadosPuebla\",\"isPartOf\":{\"@id\":\"https:\\\/\\\/www.aliadospuebla.com\\\/#website\"},\"primaryImageOfPage\":{\"@id\":\"https:\\\/\\\/www.aliadospuebla.com\\\/?p=52337#primaryimage\"},\"image\":{\"@id\":\"https:\\\/\\\/www.aliadospuebla.com\\\/?p=52337#primaryimage\"},\"thumbnailUrl\":\"https:\\\/\\\/www.aliadospuebla.com\\\/web2017\\\/wp-content\\\/uploads\\\/2021\\\/02\\\/PAN-2.jpg\",\"datePublished\":\"2021-02-17T01:49:06+00:00\",\"author\":{\"@id\":\"https:\\\/\\\/www.aliadospuebla.com\\\/#\\\/schema\\\/person\\\/0fd017f23cc5c3f7988d5d58850eec8e\"},\"breadcrumb\":{\"@id\":\"https:\\\/\\\/www.aliadospuebla.com\\\/?p=52337#breadcrumb\"},\"inLanguage\":\"es\",\"potentialAction\":[{\"@type\":\"ReadAction\",\"target\":[\"https:\\\/\\\/www.aliadospuebla.com\\\/?p=52337\"]}]},{\"@type\":\"ImageObject\",\"inLanguage\":\"es\",\"@id\":\"https:\\\/\\\/www.aliadospuebla.com\\\/?p=52337#primaryimage\",\"url\":\"https:\\\/\\\/www.aliadospuebla.com\\\/web2017\\\/wp-content\\\/uploads\\\/2021\\\/02\\\/PAN-2.jpg\",\"contentUrl\":\"https:\\\/\\\/www.aliadospuebla.com\\\/web2017\\\/wp-content\\\/uploads\\\/2021\\\/02\\\/PAN-2.jpg\",\"width\":600,\"height\":450},{\"@type\":\"BreadcrumbList\",\"@id\":\"https:\\\/\\\/www.aliadospuebla.com\\\/?p=52337#breadcrumb\",\"itemListElement\":[{\"@type\":\"ListItem\",\"position\":1,\"name\":\"Portada\",\"item\":\"https:\\\/\\\/www.aliadospuebla.com\\\/\"},{\"@type\":\"ListItem\",\"position\":2,\"name\":\"Militantes del Partido Acci\u00f3n Nacional, respaldaron la alianza PRI-PAN-PRD en el municipio de Chignahuapan\"}]},{\"@type\":\"WebSite\",\"@id\":\"https:\\\/\\\/www.aliadospuebla.com\\\/#website\",\"url\":\"https:\\\/\\\/www.aliadospuebla.com\\\/\",\"name\":\"AliadosPuebla\",\"description\":\"La informaci\u00f3n en tus manos\",\"potentialAction\":[{\"@type\":\"SearchAction\",\"target\":{\"@type\":\"EntryPoint\",\"urlTemplate\":\"https:\\\/\\\/www.aliadospuebla.com\\\/?s={search_term_string}\"},\"query-input\":{\"@type\":\"PropertyValueSpecification\",\"valueRequired\":true,\"valueName\":\"search_term_string\"}}],\"inLanguage\":\"es\"},{\"@type\":\"Person\",\"@id\":\"https:\\\/\\\/www.aliadospuebla.com\\\/#\\\/schema\\\/person\\\/0fd017f23cc5c3f7988d5d58850eec8e\",\"name\":\"Aliados Videos\",\"image\":{\"@type\":\"ImageObject\",\"inLanguage\":\"es\",\"@id\":\"https:\\\/\\\/secure.gravatar.com\\\/avatar\\\/42b92de8b2d8339e1e824f3a73ab023a0bec0ee2e3920248085eb1f3160b4083?s=96&d=mm&r=g\",\"url\":\"https:\\\/\\\/secure.gravatar.com\\\/avatar\\\/42b92de8b2d8339e1e824f3a73ab023a0bec0ee2e3920248085eb1f3160b4083?s=96&d=mm&r=g\",\"contentUrl\":\"https:\\\/\\\/secure.gravatar.com\\\/avatar\\\/42b92de8b2d8339e1e824f3a73ab023a0bec0ee2e3920248085eb1f3160b4083?s=96&d=mm&r=g\",\"caption\":\"Aliados Videos\"},\"url\":\"https:\\\/\\\/www.aliadospuebla.com\\\/?author=3\"}]}<\/script>\n<!-- \/ Yoast SEO plugin. -->","yoast_head_json":{"title":"Militantes del Partido Acci\u00f3n Nacional, respaldaron la alianza PRI-PAN-PRD en el municipio de Chignahuapan - AliadosPuebla","robots":{"index":"index","follow":"follow","max-snippet":"max-snippet:-1","max-image-preview":"max-image-preview:large","max-video-preview":"max-video-preview:-1"},"canonical":"https:\/\/www.aliadospuebla.com\/?p=52337","og_locale":"es_ES","og_type":"article","og_title":"Militantes del Partido Acci\u00f3n Nacional, respaldaron la alianza PRI-PAN-PRD en el municipio de Chignahuapan - AliadosPuebla","og_description":"\u201cComo militantes del Partido Acci\u00f3n Nacional queremos informar a la ciudadan\u00eda chignahuapense, nuestro deseo de unificarnos por el bien com\u00fan de todos. Esta alianza es un gran paso a nivel nacional y queremos que ocurra aqu\u00ed en el municipio\u201d, destac\u00f3 Pablo Castro, militante panista y Ex Secretario del Ayuntamiento. &nbsp; Destacaron que se debe buscar el mejor perfil, el m\u00e1s preparado y quien traiga ideas nuevas y frescas, que saque adelante el trabajo y tenga inter\u00e9s en la unificaci\u00f3n de los grupos, ya que conciliar beneficiar\u00e1 a todos. &nbsp; Afirmaron que el candidato deber\u00e1 ser elegido por los mecanismos consultivos como la encuesta que ser\u00e1 aprobada por la Comisi\u00f3n Permanente, como lo marcan los estatutos. &nbsp; \u201cSe debe cambiar la forma de Gobierno y buscar&hellip;Leer m\u00e1s...","og_url":"https:\/\/www.aliadospuebla.com\/?p=52337","og_site_name":"AliadosPuebla","article_published_time":"2021-02-17T01:49:06+00:00","og_image":[{"width":600,"height":450,"url":"https:\/\/www.aliadospuebla.com\/web2017\/wp-content\/uploads\/2021\/02\/PAN-2.jpg","type":"image\/jpeg"}],"author":"Aliados Videos","twitter_card":"summary_large_image","twitter_misc":{"Escrito por":"Aliados Videos","Tiempo de lectura":"1 minuto"},"schema":{"@context":"https:\/\/schema.org","@graph":[{"@type":"Article","@id":"https:\/\/www.aliadospuebla.com\/?p=52337#article","isPartOf":{"@id":"https:\/\/www.aliadospuebla.com\/?p=52337"},"author":{"name":"Aliados Videos","@id":"https:\/\/www.aliadospuebla.com\/#\/schema\/person\/0fd017f23cc5c3f7988d5d58850eec8e"},"headline":"Militantes del Partido Acci\u00f3n Nacional, respaldaron la alianza PRI-PAN-PRD en el municipio de Chignahuapan","datePublished":"2021-02-17T01:49:06+00:00","mainEntityOfPage":{"@id":"https:\/\/www.aliadospuebla.com\/?p=52337"},"wordCount":231,"commentCount":0,"image":{"@id":"https:\/\/www.aliadospuebla.com\/?p=52337#primaryimage"},"thumbnailUrl":"https:\/\/www.aliadospuebla.com\/web2017\/wp-content\/uploads\/2021\/02\/PAN-2.jpg","keywords":["Ayuntamiento","capital","MARCO MENA","MIGUEL BARBOSA","Municipios","Puebla","REGIDORES"],"articleSection":["Pol\u00edtica"],"inLanguage":"es","potentialAction":[{"@type":"CommentAction","name":"Comment","target":["https:\/\/www.aliadospuebla.com\/?p=52337#respond"]}]},{"@type":"WebPage","@id":"https:\/\/www.aliadospuebla.com\/?p=52337","url":"https:\/\/www.aliadospuebla.com\/?p=52337","name":"Militantes del Partido Acci\u00f3n Nacional, respaldaron la alianza PRI-PAN-PRD en el municipio de Chignahuapan - AliadosPuebla","isPartOf":{"@id":"https:\/\/www.aliadospuebla.com\/#website"},"primaryImageOfPage":{"@id":"https:\/\/www.aliadospuebla.com\/?p=52337#primaryimage"},"image":{"@id":"https:\/\/www.aliadospuebla.com\/?p=52337#primaryimage"},"thumbnailUrl":"https:\/\/www.aliadospuebla.com\/web2017\/wp-content\/uploads\/2021\/02\/PAN-2.jpg","datePublished":"2021-02-17T01:49:06+00:00","author":{"@id":"https:\/\/www.aliadospuebla.com\/#\/schema\/person\/0fd017f23cc5c3f7988d5d58850eec8e"},"breadcrumb":{"@id":"https:\/\/www.aliadospuebla.com\/?p=52337#breadcrumb"},"inLanguage":"es","potentialAction":[{"@type":"ReadAction","target":["https:\/\/www.aliadospuebla.com\/?p=52337"]}]},{"@type":"ImageObject","inLanguage":"es","@id":"https:\/\/www.aliadospuebla.com\/?p=52337#primaryimage","url":"https:\/\/www.aliadospuebla.com\/web2017\/wp-content\/uploads\/2021\/02\/PAN-2.jpg","contentUrl":"https:\/\/www.aliadospuebla.com\/web2017\/wp-content\/uploads\/2021\/02\/PAN-2.jpg","width":600,"height":450},{"@type":"BreadcrumbList","@id":"https:\/\/www.aliadospuebla.com\/?p=52337#breadcrumb","itemListElement":[{"@type":"ListItem","position":1,"name":"Portada","item":"https:\/\/www.aliadospuebla.com\/"},{"@type":"ListItem","position":2,"name":"Militantes del Partido Acci\u00f3n Nacional, respaldaron la alianza PRI-PAN-PRD en el municipio de Chignahuapan"}]},{"@type":"WebSite","@id":"https:\/\/www.aliadospuebla.com\/#website","url":"https:\/\/www.aliadospuebla.com\/","name":"AliadosPuebla","description":"La informaci\u00f3n en tus manos","potentialAction":[{"@type":"SearchAction","target":{"@type":"EntryPoint","urlTemplate":"https:\/\/www.aliadospuebla.com\/?s={search_term_string}"},"query-input":{"@type":"PropertyValueSpecification","valueRequired":true,"valueName":"search_term_string"}}],"inLanguage":"es"},{"@type":"Person","@id":"https:\/\/www.aliadospuebla.com\/#\/schema\/person\/0fd017f23cc5c3f7988d5d58850eec8e","name":"Aliados Videos","image":{"@type":"ImageObject","inLanguage":"es","@id":"https:\/\/secure.gravatar.com\/avatar\/42b92de8b2d8339e1e824f3a73ab023a0bec0ee2e3920248085eb1f3160b4083?s=96&d=mm&r=g","url":"https:\/\/secure.gravatar.com\/avatar\/42b92de8b2d8339e1e824f3a73ab023a0bec0ee2e3920248085eb1f3160b4083?s=96&d=mm&r=g","contentUrl":"https:\/\/secure.gravatar.com\/avatar\/42b92de8b2d8339e1e824f3a73ab023a0bec0ee2e3920248085eb1f3160b4083?s=96&d=mm&r=g","caption":"Aliados Videos"},"url":"https:\/\/www.aliadospuebla.com\/?author=3"}]}},"views":23,"_links":{"self":[{"href":"https:\/\/www.aliadospuebla.com\/index.php?rest_route=\/wp\/v2\/posts\/52337","targetHints":{"allow":["GET"]}}],"collection":[{"href":"https:\/\/www.aliadospuebla.com\/index.php?rest_route=\/wp\/v2\/posts"}],"about":[{"href":"https:\/\/www.aliadospuebla.com\/index.php?rest_route=\/wp\/v2\/types\/post"}],"author":[{"embeddable":true,"href":"https:\/\/www.aliadospuebla.com\/index.php?rest_route=\/wp\/v2\/users\/3"}],"replies":[{"embeddable":true,"href":"https:\/\/www.aliadospuebla.com\/index.php?rest_route=%2Fwp%2Fv2%2Fcomments&post=52337"}],"version-history":[{"count":1,"href":"https:\/\/www.aliadospuebla.com\/index.php?rest_route=\/wp\/v2\/posts\/52337\/revisions"}],"predecessor-version":[{"id":52339,"href":"https:\/\/www.aliadospuebla.com\/index.php?rest_route=\/wp\/v2\/posts\/52337\/revisions\/52339"}],"wp:featuredmedia":[{"embeddable":true,"href":"https:\/\/www.aliadospuebla.com\/index.php?rest_route=\/wp\/v2\/media\/52338"}],"wp:attachment":[{"href":"https:\/\/www.aliadospuebla.com\/index.php?rest_route=%2Fwp%2Fv2%2Fmedia&parent=52337"}],"wp:term":[{"taxonomy":"category","embeddable":true,"href":"https:\/\/www.aliadospuebla.com\/index.php?rest_route=%2Fwp%2Fv2%2Fcategories&post=52337"},{"taxonomy":"post_tag","embeddable":true,"href":"https:\/\/www.aliadospuebla.com\/index.php?rest_route=%2Fwp%2Fv2%2Ftags&post=52337"}],"curies":[{"name":"wp","href":"https:\/\/api.w.org\/{rel}","templated":true}]}}