{"id":52053,"date":"2021-02-09T22:50:28","date_gmt":"2021-02-10T04:50:28","guid":{"rendered":"https:\/\/www.aliados17.com\/?p=52053"},"modified":"2021-02-09T22:50:28","modified_gmt":"2021-02-10T04:50:28","slug":"reconoce-ayuntamiento-de-puebla-la-participacion-ciudadana-a-favor-de-la-construccion-de-la-paz","status":"publish","type":"post","link":"https:\/\/www.aliadospuebla.com\/?p=52053","title":{"rendered":"Reconoce Ayuntamiento de Puebla la participaci\u00f3n ciudadana a favor de la construcci\u00f3n de la paz"},"content":{"rendered":"<p style=\"font-weight: 400;\">El Gobierno de la Ciudad, encabezado por Claudia Rivera Vivanco, realiz\u00f3 la cuarta entrega de reconocimientos a representantes de los comit\u00e9s del Programa Vecinos en Construcci\u00f3n de la Paz.<\/p>\n<p style=\"font-weight: 400;\">\n<p style=\"font-weight: 400;\">En presencia de los jefes de las zonas 1 a 5, se reconoci\u00f3 la participaci\u00f3n de 60 l\u00edderes vecinales el Municipio, destacando su labor en la generaci\u00f3n de sinergias con las autoridades municipales que permiten la prosperidad de su comunidad.<\/p>\n<p style=\"font-weight: 400;\">\n<p style=\"font-weight: 400;\">La Presidenta Municipal, Claudia Rivera Vivanco, destac\u00f3 la constancia de las y los vecinos galardonados ya que, en el modelo actual de gobernanza, se necesita la participaci\u00f3n de la ciudadan\u00eda. Adem\u00e1s, destac\u00f3 la importancia de dar a conocer los resultados de todo el trabajo y acompa\u00f1amiento con los responsables de vector en los diferentes puntos del Municipio.<\/p>\n<p style=\"font-weight: 400;\">\n<p style=\"font-weight: 400;\">La Secretar\u00eda de Seguridad Ciudadana refrenda su compromiso de seguir fomentando esquemas de trabajo colaborativo, que permitan la coordinaci\u00f3n de las autoridades y la sociedad, para una ciudad libre de violencia.<\/p>\n","protected":false},"excerpt":{"rendered":"<p>El Gobierno de la Ciudad, encabezado por Claudia Rivera Vivanco, realiz\u00f3 la cuarta entrega de reconocimientos a representantes de los comit\u00e9s del Programa Vecinos en Construcci\u00f3n de la Paz. En presencia de los jefes de las zonas 1 a 5, se reconoci\u00f3 la participaci\u00f3n de 60 l\u00edderes vecinales el Municipio, destacando su labor en la generaci\u00f3n de sinergias con las autoridades municipales que permiten la prosperidad de su comunidad. La Presidenta Municipal, Claudia Rivera Vivanco, destac\u00f3 la constancia de las y los vecinos galardonados ya que, en el modelo actual de gobernanza, se necesita la participaci\u00f3n de la ciudadan\u00eda. Adem\u00e1s, destac\u00f3 la importancia de dar a conocer los resultados de todo el trabajo y acompa\u00f1amiento con los responsables de vector en los diferentes puntos del&hellip;<\/p>\n<p class=\"excerpt-more\"><a class=\"blog-excerpt button\" href=\"https:\/\/www.aliadospuebla.com\/?p=52053\">Leer m\u00e1s&#8230;<\/a><\/p>\n","protected":false},"author":3,"featured_media":52054,"comment_status":"open","ping_status":"open","sticky":false,"template":"","format":"standard","meta":{"_monsterinsights_skip_tracking":false,"footnotes":""},"categories":[62],"tags":[171,56,8367,77,72,3002,365,8355,319],"class_list":["post-52053","post","type-post","status-publish","format-standard","has-post-thumbnail","hentry","category-capital","tag-ayuntamiento","tag-capital","tag-marco-mena","tag-municipios","tag-puebla","tag-regidores","tag-salud","tag-sesa","tag-tlaxcala"],"yoast_head":"<!-- This site is optimized with the Yoast SEO plugin v28.4 - https:\/\/yoast.com\/product\/yoast-seo-wordpress\/ -->\n<title>Reconoce Ayuntamiento de Puebla la participaci\u00f3n ciudadana a favor de la construcci\u00f3n de la paz - AliadosPuebla<\/title>\n<meta name=\"robots\" content=\"index, follow, max-snippet:-1, max-image-preview:large, max-video-preview:-1\" \/>\n<link rel=\"canonical\" href=\"https:\/\/www.aliadospuebla.com\/?p=52053\" \/>\n<meta property=\"og:locale\" content=\"es_ES\" \/>\n<meta property=\"og:type\" content=\"article\" \/>\n<meta property=\"og:title\" content=\"Reconoce Ayuntamiento de Puebla la participaci\u00f3n ciudadana a favor de la construcci\u00f3n de la paz - AliadosPuebla\" \/>\n<meta property=\"og:description\" content=\"El Gobierno de la Ciudad, encabezado por Claudia Rivera Vivanco, realiz\u00f3 la cuarta entrega de reconocimientos a representantes de los comit\u00e9s del Programa Vecinos en Construcci\u00f3n de la Paz. En presencia de los jefes de las zonas 1 a 5, se reconoci\u00f3 la participaci\u00f3n de 60 l\u00edderes vecinales el Municipio, destacando su labor en la generaci\u00f3n de sinergias con las autoridades municipales que permiten la prosperidad de su comunidad. La Presidenta Municipal, Claudia Rivera Vivanco, destac\u00f3 la constancia de las y los vecinos galardonados ya que, en el modelo actual de gobernanza, se necesita la participaci\u00f3n de la ciudadan\u00eda. Adem\u00e1s, destac\u00f3 la importancia de dar a conocer los resultados de todo el trabajo y acompa\u00f1amiento con los responsables de vector en los diferentes puntos del&hellip;Leer m\u00e1s...\" \/>\n<meta property=\"og:url\" content=\"https:\/\/www.aliadospuebla.com\/?p=52053\" \/>\n<meta property=\"og:site_name\" content=\"AliadosPuebla\" \/>\n<meta property=\"article:published_time\" content=\"2021-02-10T04:50:28+00:00\" \/>\n<meta property=\"og:image\" content=\"https:\/\/www.aliadospuebla.com\/web2017\/wp-content\/uploads\/2021\/02\/CAPITAL-23.jpg\" \/>\n\t<meta property=\"og:image:width\" content=\"600\" \/>\n\t<meta property=\"og:image:height\" content=\"450\" \/>\n\t<meta property=\"og:image:type\" content=\"image\/jpeg\" \/>\n<meta name=\"author\" content=\"Aliados Videos\" \/>\n<meta name=\"twitter:card\" content=\"summary_large_image\" \/>\n<meta name=\"twitter:label1\" content=\"Escrito por\" \/>\n\t<meta name=\"twitter:data1\" content=\"Aliados Videos\" \/>\n\t<meta name=\"twitter:label2\" content=\"Tiempo de lectura\" \/>\n\t<meta name=\"twitter:data2\" content=\"1 minuto\" \/>\n<script type=\"application\/ld+json\" class=\"yoast-schema-graph\">{\"@context\":\"https:\\\/\\\/schema.org\",\"@graph\":[{\"@type\":\"Article\",\"@id\":\"https:\\\/\\\/www.aliadospuebla.com\\\/?p=52053#article\",\"isPartOf\":{\"@id\":\"https:\\\/\\\/www.aliadospuebla.com\\\/?p=52053\"},\"author\":{\"name\":\"Aliados Videos\",\"@id\":\"https:\\\/\\\/www.aliadospuebla.com\\\/#\\\/schema\\\/person\\\/0fd017f23cc5c3f7988d5d58850eec8e\"},\"headline\":\"Reconoce Ayuntamiento de Puebla la participaci\u00f3n ciudadana a favor de la construcci\u00f3n de la paz\",\"datePublished\":\"2021-02-10T04:50:28+00:00\",\"mainEntityOfPage\":{\"@id\":\"https:\\\/\\\/www.aliadospuebla.com\\\/?p=52053\"},\"wordCount\":182,\"commentCount\":0,\"image\":{\"@id\":\"https:\\\/\\\/www.aliadospuebla.com\\\/?p=52053#primaryimage\"},\"thumbnailUrl\":\"https:\\\/\\\/www.aliadospuebla.com\\\/web2017\\\/wp-content\\\/uploads\\\/2021\\\/02\\\/CAPITAL-23.jpg\",\"keywords\":[\"Ayuntamiento\",\"capital\",\"MARCO MENA\",\"Municipios\",\"Puebla\",\"REGIDORES\",\"SALUD\",\"SESA\",\"TLAXCALA\"],\"articleSection\":[\"Capital\"],\"inLanguage\":\"es\",\"potentialAction\":[{\"@type\":\"CommentAction\",\"name\":\"Comment\",\"target\":[\"https:\\\/\\\/www.aliadospuebla.com\\\/?p=52053#respond\"]}]},{\"@type\":\"WebPage\",\"@id\":\"https:\\\/\\\/www.aliadospuebla.com\\\/?p=52053\",\"url\":\"https:\\\/\\\/www.aliadospuebla.com\\\/?p=52053\",\"name\":\"Reconoce Ayuntamiento de Puebla la participaci\u00f3n ciudadana a favor de la construcci\u00f3n de la paz - AliadosPuebla\",\"isPartOf\":{\"@id\":\"https:\\\/\\\/www.aliadospuebla.com\\\/#website\"},\"primaryImageOfPage\":{\"@id\":\"https:\\\/\\\/www.aliadospuebla.com\\\/?p=52053#primaryimage\"},\"image\":{\"@id\":\"https:\\\/\\\/www.aliadospuebla.com\\\/?p=52053#primaryimage\"},\"thumbnailUrl\":\"https:\\\/\\\/www.aliadospuebla.com\\\/web2017\\\/wp-content\\\/uploads\\\/2021\\\/02\\\/CAPITAL-23.jpg\",\"datePublished\":\"2021-02-10T04:50:28+00:00\",\"author\":{\"@id\":\"https:\\\/\\\/www.aliadospuebla.com\\\/#\\\/schema\\\/person\\\/0fd017f23cc5c3f7988d5d58850eec8e\"},\"breadcrumb\":{\"@id\":\"https:\\\/\\\/www.aliadospuebla.com\\\/?p=52053#breadcrumb\"},\"inLanguage\":\"es\",\"potentialAction\":[{\"@type\":\"ReadAction\",\"target\":[\"https:\\\/\\\/www.aliadospuebla.com\\\/?p=52053\"]}]},{\"@type\":\"ImageObject\",\"inLanguage\":\"es\",\"@id\":\"https:\\\/\\\/www.aliadospuebla.com\\\/?p=52053#primaryimage\",\"url\":\"https:\\\/\\\/www.aliadospuebla.com\\\/web2017\\\/wp-content\\\/uploads\\\/2021\\\/02\\\/CAPITAL-23.jpg\",\"contentUrl\":\"https:\\\/\\\/www.aliadospuebla.com\\\/web2017\\\/wp-content\\\/uploads\\\/2021\\\/02\\\/CAPITAL-23.jpg\",\"width\":600,\"height\":450},{\"@type\":\"BreadcrumbList\",\"@id\":\"https:\\\/\\\/www.aliadospuebla.com\\\/?p=52053#breadcrumb\",\"itemListElement\":[{\"@type\":\"ListItem\",\"position\":1,\"name\":\"Portada\",\"item\":\"https:\\\/\\\/www.aliadospuebla.com\\\/\"},{\"@type\":\"ListItem\",\"position\":2,\"name\":\"Reconoce Ayuntamiento de Puebla la participaci\u00f3n ciudadana a favor de la construcci\u00f3n de la paz\"}]},{\"@type\":\"WebSite\",\"@id\":\"https:\\\/\\\/www.aliadospuebla.com\\\/#website\",\"url\":\"https:\\\/\\\/www.aliadospuebla.com\\\/\",\"name\":\"AliadosPuebla\",\"description\":\"La informaci\u00f3n en tus manos\",\"potentialAction\":[{\"@type\":\"SearchAction\",\"target\":{\"@type\":\"EntryPoint\",\"urlTemplate\":\"https:\\\/\\\/www.aliadospuebla.com\\\/?s={search_term_string}\"},\"query-input\":{\"@type\":\"PropertyValueSpecification\",\"valueRequired\":true,\"valueName\":\"search_term_string\"}}],\"inLanguage\":\"es\"},{\"@type\":\"Person\",\"@id\":\"https:\\\/\\\/www.aliadospuebla.com\\\/#\\\/schema\\\/person\\\/0fd017f23cc5c3f7988d5d58850eec8e\",\"name\":\"Aliados Videos\",\"image\":{\"@type\":\"ImageObject\",\"inLanguage\":\"es\",\"@id\":\"https:\\\/\\\/secure.gravatar.com\\\/avatar\\\/42b92de8b2d8339e1e824f3a73ab023a0bec0ee2e3920248085eb1f3160b4083?s=96&d=mm&r=g\",\"url\":\"https:\\\/\\\/secure.gravatar.com\\\/avatar\\\/42b92de8b2d8339e1e824f3a73ab023a0bec0ee2e3920248085eb1f3160b4083?s=96&d=mm&r=g\",\"contentUrl\":\"https:\\\/\\\/secure.gravatar.com\\\/avatar\\\/42b92de8b2d8339e1e824f3a73ab023a0bec0ee2e3920248085eb1f3160b4083?s=96&d=mm&r=g\",\"caption\":\"Aliados Videos\"},\"url\":\"https:\\\/\\\/www.aliadospuebla.com\\\/?author=3\"}]}<\/script>\n<!-- \/ Yoast SEO plugin. -->","yoast_head_json":{"title":"Reconoce Ayuntamiento de Puebla la participaci\u00f3n ciudadana a favor de la construcci\u00f3n de la paz - AliadosPuebla","robots":{"index":"index","follow":"follow","max-snippet":"max-snippet:-1","max-image-preview":"max-image-preview:large","max-video-preview":"max-video-preview:-1"},"canonical":"https:\/\/www.aliadospuebla.com\/?p=52053","og_locale":"es_ES","og_type":"article","og_title":"Reconoce Ayuntamiento de Puebla la participaci\u00f3n ciudadana a favor de la construcci\u00f3n de la paz - AliadosPuebla","og_description":"El Gobierno de la Ciudad, encabezado por Claudia Rivera Vivanco, realiz\u00f3 la cuarta entrega de reconocimientos a representantes de los comit\u00e9s del Programa Vecinos en Construcci\u00f3n de la Paz. En presencia de los jefes de las zonas 1 a 5, se reconoci\u00f3 la participaci\u00f3n de 60 l\u00edderes vecinales el Municipio, destacando su labor en la generaci\u00f3n de sinergias con las autoridades municipales que permiten la prosperidad de su comunidad. La Presidenta Municipal, Claudia Rivera Vivanco, destac\u00f3 la constancia de las y los vecinos galardonados ya que, en el modelo actual de gobernanza, se necesita la participaci\u00f3n de la ciudadan\u00eda. Adem\u00e1s, destac\u00f3 la importancia de dar a conocer los resultados de todo el trabajo y acompa\u00f1amiento con los responsables de vector en los diferentes puntos del&hellip;Leer m\u00e1s...","og_url":"https:\/\/www.aliadospuebla.com\/?p=52053","og_site_name":"AliadosPuebla","article_published_time":"2021-02-10T04:50:28+00:00","og_image":[{"width":600,"height":450,"url":"https:\/\/www.aliadospuebla.com\/web2017\/wp-content\/uploads\/2021\/02\/CAPITAL-23.jpg","type":"image\/jpeg"}],"author":"Aliados Videos","twitter_card":"summary_large_image","twitter_misc":{"Escrito por":"Aliados Videos","Tiempo de lectura":"1 minuto"},"schema":{"@context":"https:\/\/schema.org","@graph":[{"@type":"Article","@id":"https:\/\/www.aliadospuebla.com\/?p=52053#article","isPartOf":{"@id":"https:\/\/www.aliadospuebla.com\/?p=52053"},"author":{"name":"Aliados Videos","@id":"https:\/\/www.aliadospuebla.com\/#\/schema\/person\/0fd017f23cc5c3f7988d5d58850eec8e"},"headline":"Reconoce Ayuntamiento de Puebla la participaci\u00f3n ciudadana a favor de la construcci\u00f3n de la paz","datePublished":"2021-02-10T04:50:28+00:00","mainEntityOfPage":{"@id":"https:\/\/www.aliadospuebla.com\/?p=52053"},"wordCount":182,"commentCount":0,"image":{"@id":"https:\/\/www.aliadospuebla.com\/?p=52053#primaryimage"},"thumbnailUrl":"https:\/\/www.aliadospuebla.com\/web2017\/wp-content\/uploads\/2021\/02\/CAPITAL-23.jpg","keywords":["Ayuntamiento","capital","MARCO MENA","Municipios","Puebla","REGIDORES","SALUD","SESA","TLAXCALA"],"articleSection":["Capital"],"inLanguage":"es","potentialAction":[{"@type":"CommentAction","name":"Comment","target":["https:\/\/www.aliadospuebla.com\/?p=52053#respond"]}]},{"@type":"WebPage","@id":"https:\/\/www.aliadospuebla.com\/?p=52053","url":"https:\/\/www.aliadospuebla.com\/?p=52053","name":"Reconoce Ayuntamiento de Puebla la participaci\u00f3n ciudadana a favor de la construcci\u00f3n de la paz - AliadosPuebla","isPartOf":{"@id":"https:\/\/www.aliadospuebla.com\/#website"},"primaryImageOfPage":{"@id":"https:\/\/www.aliadospuebla.com\/?p=52053#primaryimage"},"image":{"@id":"https:\/\/www.aliadospuebla.com\/?p=52053#primaryimage"},"thumbnailUrl":"https:\/\/www.aliadospuebla.com\/web2017\/wp-content\/uploads\/2021\/02\/CAPITAL-23.jpg","datePublished":"2021-02-10T04:50:28+00:00","author":{"@id":"https:\/\/www.aliadospuebla.com\/#\/schema\/person\/0fd017f23cc5c3f7988d5d58850eec8e"},"breadcrumb":{"@id":"https:\/\/www.aliadospuebla.com\/?p=52053#breadcrumb"},"inLanguage":"es","potentialAction":[{"@type":"ReadAction","target":["https:\/\/www.aliadospuebla.com\/?p=52053"]}]},{"@type":"ImageObject","inLanguage":"es","@id":"https:\/\/www.aliadospuebla.com\/?p=52053#primaryimage","url":"https:\/\/www.aliadospuebla.com\/web2017\/wp-content\/uploads\/2021\/02\/CAPITAL-23.jpg","contentUrl":"https:\/\/www.aliadospuebla.com\/web2017\/wp-content\/uploads\/2021\/02\/CAPITAL-23.jpg","width":600,"height":450},{"@type":"BreadcrumbList","@id":"https:\/\/www.aliadospuebla.com\/?p=52053#breadcrumb","itemListElement":[{"@type":"ListItem","position":1,"name":"Portada","item":"https:\/\/www.aliadospuebla.com\/"},{"@type":"ListItem","position":2,"name":"Reconoce Ayuntamiento de Puebla la participaci\u00f3n ciudadana a favor de la construcci\u00f3n de la paz"}]},{"@type":"WebSite","@id":"https:\/\/www.aliadospuebla.com\/#website","url":"https:\/\/www.aliadospuebla.com\/","name":"AliadosPuebla","description":"La informaci\u00f3n en tus manos","potentialAction":[{"@type":"SearchAction","target":{"@type":"EntryPoint","urlTemplate":"https:\/\/www.aliadospuebla.com\/?s={search_term_string}"},"query-input":{"@type":"PropertyValueSpecification","valueRequired":true,"valueName":"search_term_string"}}],"inLanguage":"es"},{"@type":"Person","@id":"https:\/\/www.aliadospuebla.com\/#\/schema\/person\/0fd017f23cc5c3f7988d5d58850eec8e","name":"Aliados Videos","image":{"@type":"ImageObject","inLanguage":"es","@id":"https:\/\/secure.gravatar.com\/avatar\/42b92de8b2d8339e1e824f3a73ab023a0bec0ee2e3920248085eb1f3160b4083?s=96&d=mm&r=g","url":"https:\/\/secure.gravatar.com\/avatar\/42b92de8b2d8339e1e824f3a73ab023a0bec0ee2e3920248085eb1f3160b4083?s=96&d=mm&r=g","contentUrl":"https:\/\/secure.gravatar.com\/avatar\/42b92de8b2d8339e1e824f3a73ab023a0bec0ee2e3920248085eb1f3160b4083?s=96&d=mm&r=g","caption":"Aliados Videos"},"url":"https:\/\/www.aliadospuebla.com\/?author=3"}]}},"views":20,"_links":{"self":[{"href":"https:\/\/www.aliadospuebla.com\/index.php?rest_route=\/wp\/v2\/posts\/52053","targetHints":{"allow":["GET"]}}],"collection":[{"href":"https:\/\/www.aliadospuebla.com\/index.php?rest_route=\/wp\/v2\/posts"}],"about":[{"href":"https:\/\/www.aliadospuebla.com\/index.php?rest_route=\/wp\/v2\/types\/post"}],"author":[{"embeddable":true,"href":"https:\/\/www.aliadospuebla.com\/index.php?rest_route=\/wp\/v2\/users\/3"}],"replies":[{"embeddable":true,"href":"https:\/\/www.aliadospuebla.com\/index.php?rest_route=%2Fwp%2Fv2%2Fcomments&post=52053"}],"version-history":[{"count":1,"href":"https:\/\/www.aliadospuebla.com\/index.php?rest_route=\/wp\/v2\/posts\/52053\/revisions"}],"predecessor-version":[{"id":52055,"href":"https:\/\/www.aliadospuebla.com\/index.php?rest_route=\/wp\/v2\/posts\/52053\/revisions\/52055"}],"wp:featuredmedia":[{"embeddable":true,"href":"https:\/\/www.aliadospuebla.com\/index.php?rest_route=\/wp\/v2\/media\/52054"}],"wp:attachment":[{"href":"https:\/\/www.aliadospuebla.com\/index.php?rest_route=%2Fwp%2Fv2%2Fmedia&parent=52053"}],"wp:term":[{"taxonomy":"category","embeddable":true,"href":"https:\/\/www.aliadospuebla.com\/index.php?rest_route=%2Fwp%2Fv2%2Fcategories&post=52053"},{"taxonomy":"post_tag","embeddable":true,"href":"https:\/\/www.aliadospuebla.com\/index.php?rest_route=%2Fwp%2Fv2%2Ftags&post=52053"}],"curies":[{"name":"wp","href":"https:\/\/api.w.org\/{rel}","templated":true}]}}