{"id":51836,"date":"2021-02-05T18:53:12","date_gmt":"2021-02-06T00:53:12","guid":{"rendered":"https:\/\/www.aliados17.com\/?p=51836"},"modified":"2021-02-05T18:53:12","modified_gmt":"2021-02-06T00:53:12","slug":"tlaxcala-por-arriba-de-la-media-nacional-en-aplicacion-de-pruebas-de-covid-19-sesa","status":"publish","type":"post","link":"https:\/\/www.aliadospuebla.com\/?p=51836","title":{"rendered":"TLAXCALA POR ARRIBA DE LA MEDIA NACIONAL EN  APLICACI\u00d3N DE PRUEBAS DE COVID-19: SESA"},"content":{"rendered":"<p style=\"font-weight: 400;\">La Secretar\u00eda de Salud (SESA) inform\u00f3 que, Tlaxcala se ubica por arriba de la media nacional en aplicaci\u00f3n de pruebas para la detecci\u00f3n de Covid-19, con un total de 42 mil 656 pruebas.<\/p>\n<p style=\"font-weight: 400;\">En conferencia de prensa, Ren\u00e9 Lima Morales, Secretario de Salud, reiter\u00f3 la importancia de continuar con el fortalecimiento de las medidas preventivas para reducir el riesgo de contagio, adem\u00e1s de llamar a la poblaci\u00f3n a sumarse a estas acciones a trav\u00e9s del uso de cubrebocas en espacios p\u00fablicos, el lavado de manos frecuente y el distanciamiento social.<\/p>\n<p style=\"font-weight: 400;\">Asimismo, Lima Morales subray\u00f3 que el Centro Regulador de Urgencias M\u00e9dicas de Tlaxcala (Crumt) realiza labores de valoraci\u00f3n y traslado de paciente de Covid-19.<\/p>\n<p style=\"font-weight: 400;\">\u201cEl Crumt es la \u00fanica instancia, en estos momentos, capacitada y con equipo para atender y trasladar a pacientes con Covid-19; adem\u00e1s cuenta con los insumos para brindar atenci\u00f3n a la poblaci\u00f3n\u00bb, enfatiz\u00f3.<\/p>\n<p style=\"font-weight: 400;\">Como parte de la informaci\u00f3n que present\u00f3 la SESA se inform\u00f3 que, de acuerdo con el reporte del 04 de febrero, se confirmaron 153 personas recuperadas, 61 casos positivos de Covid-19 de tlaxcaltecas identificados en el estado, adem\u00e1s de 12 fallecimientos, de los cuales tres se registraron en la SESA, ocho en el IMSS y uno en el Issste.<\/p>\n<p style=\"font-weight: 400;\">El estado registra, hasta este momento, 10 mil 236 personas recuperadas, 14 mil 608 casos positivos y mil 906 fallecimientos.<\/p>\n<p style=\"font-weight: 400;\">La SESA dio a conocer los resultados de las \u201cBrigadas Cu\u00eddate\u201d, las cuales han realizado 99 mil 347 acciones, entre las que destacan 13 mil 777 visitas domiciliarias, 14 mil 187 tomas de PCR, 4 mil 867 seguimientos presenciales, 9 mil 591 seguimientos telef\u00f3nicos, 18 mil 17 rastreos telef\u00f3nicos, ocho mil 177 tratamientos entregados, 29 mil 572 acciones de promoci\u00f3n a la salud y 76 operativos en tianguis.<\/p>\n<p style=\"font-weight: 400;\">En tanto, las \u201cBrigadas Municipales\u201d suman 310 mil 33 d\u00edpticos entregados, 156 mil 463 viviendas atendidas, 617 mil 356 personas informadas y 25 mil 779 manzanas recorridas.<\/p>\n<p style=\"font-weight: 400;\">Las \u201cBrigadas Jurisdiccionales\u201d han entregado seis mil 350 tratamientos, suman 394 pruebas PCR realizadas, dos mil 88 valoraciones y mil 182 seguimientos telef\u00f3nicos. Las Brigadas \u201cTlaxcala se cuida\u201d suman 31 mil 300 establecimientos recorridos.<\/p>\n<p style=\"font-weight: 400;\">De esta manera, la Estrategia Integral de Salud en el Estado de Tlaxcala suma m\u00e1s de 757 mil 571 acciones en total.<\/p>\n","protected":false},"excerpt":{"rendered":"<p>La Secretar\u00eda de Salud (SESA) inform\u00f3 que, Tlaxcala se ubica por arriba de la media nacional en aplicaci\u00f3n de pruebas para la detecci\u00f3n de Covid-19, con un total de 42 mil 656 pruebas. En conferencia de prensa, Ren\u00e9 Lima Morales, Secretario de Salud, reiter\u00f3 la importancia de continuar con el fortalecimiento de las medidas preventivas para reducir el riesgo de contagio, adem\u00e1s de llamar a la poblaci\u00f3n a sumarse a estas acciones a trav\u00e9s del uso de cubrebocas en espacios p\u00fablicos, el lavado de manos frecuente y el distanciamiento social. Asimismo, Lima Morales subray\u00f3 que el Centro Regulador de Urgencias M\u00e9dicas de Tlaxcala (Crumt) realiza labores de valoraci\u00f3n y traslado de paciente de Covid-19. \u201cEl Crumt es la \u00fanica instancia, en estos momentos, capacitada y&hellip;<\/p>\n<p class=\"excerpt-more\"><a class=\"blog-excerpt button\" href=\"https:\/\/www.aliadospuebla.com\/?p=51836\">Leer m\u00e1s&#8230;<\/a><\/p>\n","protected":false},"author":3,"featured_media":51839,"comment_status":"open","ping_status":"open","sticky":false,"template":"","format":"standard","meta":{"_monsterinsights_skip_tracking":false,"footnotes":""},"categories":[8304],"tags":[11738,8649,8367,8355,319],"class_list":["post-51836","post","type-post","status-publish","format-standard","has-post-thumbnail","hentry","category-nacional","tag-covid-19","tag-crumt","tag-marco-mena","tag-sesa","tag-tlaxcala"],"yoast_head":"<!-- This site is optimized with the Yoast SEO plugin v28.4 - https:\/\/yoast.com\/product\/yoast-seo-wordpress\/ -->\n<title>TLAXCALA POR ARRIBA DE LA MEDIA NACIONAL EN APLICACI\u00d3N DE PRUEBAS DE COVID-19: SESA - AliadosPuebla<\/title>\n<meta name=\"robots\" content=\"index, follow, max-snippet:-1, max-image-preview:large, max-video-preview:-1\" \/>\n<link rel=\"canonical\" href=\"https:\/\/www.aliadospuebla.com\/?p=51836\" \/>\n<meta property=\"og:locale\" content=\"es_ES\" \/>\n<meta property=\"og:type\" content=\"article\" \/>\n<meta property=\"og:title\" content=\"TLAXCALA POR ARRIBA DE LA MEDIA NACIONAL EN APLICACI\u00d3N DE PRUEBAS DE COVID-19: SESA - AliadosPuebla\" \/>\n<meta property=\"og:description\" content=\"La Secretar\u00eda de Salud (SESA) inform\u00f3 que, Tlaxcala se ubica por arriba de la media nacional en aplicaci\u00f3n de pruebas para la detecci\u00f3n de Covid-19, con un total de 42 mil 656 pruebas. En conferencia de prensa, Ren\u00e9 Lima Morales, Secretario de Salud, reiter\u00f3 la importancia de continuar con el fortalecimiento de las medidas preventivas para reducir el riesgo de contagio, adem\u00e1s de llamar a la poblaci\u00f3n a sumarse a estas acciones a trav\u00e9s del uso de cubrebocas en espacios p\u00fablicos, el lavado de manos frecuente y el distanciamiento social. Asimismo, Lima Morales subray\u00f3 que el Centro Regulador de Urgencias M\u00e9dicas de Tlaxcala (Crumt) realiza labores de valoraci\u00f3n y traslado de paciente de Covid-19. \u201cEl Crumt es la \u00fanica instancia, en estos momentos, capacitada y&hellip;Leer m\u00e1s...\" \/>\n<meta property=\"og:url\" content=\"https:\/\/www.aliadospuebla.com\/?p=51836\" \/>\n<meta property=\"og:site_name\" content=\"AliadosPuebla\" \/>\n<meta property=\"article:published_time\" content=\"2021-02-06T00:53:12+00:00\" \/>\n<meta property=\"og:image\" content=\"https:\/\/www.aliadospuebla.com\/web2017\/wp-content\/uploads\/2021\/02\/TLAXCALA-9.jpg\" \/>\n\t<meta property=\"og:image:width\" content=\"600\" \/>\n\t<meta property=\"og:image:height\" content=\"450\" \/>\n\t<meta property=\"og:image:type\" content=\"image\/jpeg\" \/>\n<meta name=\"author\" content=\"Aliados Videos\" \/>\n<meta name=\"twitter:card\" content=\"summary_large_image\" \/>\n<meta name=\"twitter:label1\" content=\"Escrito por\" \/>\n\t<meta name=\"twitter:data1\" content=\"Aliados Videos\" \/>\n\t<meta name=\"twitter:label2\" content=\"Tiempo de lectura\" \/>\n\t<meta name=\"twitter:data2\" content=\"2 minutos\" \/>\n<script type=\"application\/ld+json\" class=\"yoast-schema-graph\">{\"@context\":\"https:\\\/\\\/schema.org\",\"@graph\":[{\"@type\":\"Article\",\"@id\":\"https:\\\/\\\/www.aliadospuebla.com\\\/?p=51836#article\",\"isPartOf\":{\"@id\":\"https:\\\/\\\/www.aliadospuebla.com\\\/?p=51836\"},\"author\":{\"name\":\"Aliados Videos\",\"@id\":\"https:\\\/\\\/www.aliadospuebla.com\\\/#\\\/schema\\\/person\\\/0fd017f23cc5c3f7988d5d58850eec8e\"},\"headline\":\"TLAXCALA POR ARRIBA DE LA MEDIA NACIONAL EN APLICACI\u00d3N DE PRUEBAS DE COVID-19: SESA\",\"datePublished\":\"2021-02-06T00:53:12+00:00\",\"mainEntityOfPage\":{\"@id\":\"https:\\\/\\\/www.aliadospuebla.com\\\/?p=51836\"},\"wordCount\":370,\"commentCount\":0,\"image\":{\"@id\":\"https:\\\/\\\/www.aliadospuebla.com\\\/?p=51836#primaryimage\"},\"thumbnailUrl\":\"https:\\\/\\\/www.aliadospuebla.com\\\/web2017\\\/wp-content\\\/uploads\\\/2021\\\/02\\\/TLAXCALA-9.jpg\",\"keywords\":[\"COVID-19\",\"CRUMT\",\"MARCO MENA\",\"SESA\",\"TLAXCALA\"],\"articleSection\":[\"Nacional\"],\"inLanguage\":\"es\",\"potentialAction\":[{\"@type\":\"CommentAction\",\"name\":\"Comment\",\"target\":[\"https:\\\/\\\/www.aliadospuebla.com\\\/?p=51836#respond\"]}]},{\"@type\":\"WebPage\",\"@id\":\"https:\\\/\\\/www.aliadospuebla.com\\\/?p=51836\",\"url\":\"https:\\\/\\\/www.aliadospuebla.com\\\/?p=51836\",\"name\":\"TLAXCALA POR ARRIBA DE LA MEDIA NACIONAL EN APLICACI\u00d3N DE PRUEBAS DE COVID-19: SESA - AliadosPuebla\",\"isPartOf\":{\"@id\":\"https:\\\/\\\/www.aliadospuebla.com\\\/#website\"},\"primaryImageOfPage\":{\"@id\":\"https:\\\/\\\/www.aliadospuebla.com\\\/?p=51836#primaryimage\"},\"image\":{\"@id\":\"https:\\\/\\\/www.aliadospuebla.com\\\/?p=51836#primaryimage\"},\"thumbnailUrl\":\"https:\\\/\\\/www.aliadospuebla.com\\\/web2017\\\/wp-content\\\/uploads\\\/2021\\\/02\\\/TLAXCALA-9.jpg\",\"datePublished\":\"2021-02-06T00:53:12+00:00\",\"author\":{\"@id\":\"https:\\\/\\\/www.aliadospuebla.com\\\/#\\\/schema\\\/person\\\/0fd017f23cc5c3f7988d5d58850eec8e\"},\"breadcrumb\":{\"@id\":\"https:\\\/\\\/www.aliadospuebla.com\\\/?p=51836#breadcrumb\"},\"inLanguage\":\"es\",\"potentialAction\":[{\"@type\":\"ReadAction\",\"target\":[\"https:\\\/\\\/www.aliadospuebla.com\\\/?p=51836\"]}]},{\"@type\":\"ImageObject\",\"inLanguage\":\"es\",\"@id\":\"https:\\\/\\\/www.aliadospuebla.com\\\/?p=51836#primaryimage\",\"url\":\"https:\\\/\\\/www.aliadospuebla.com\\\/web2017\\\/wp-content\\\/uploads\\\/2021\\\/02\\\/TLAXCALA-9.jpg\",\"contentUrl\":\"https:\\\/\\\/www.aliadospuebla.com\\\/web2017\\\/wp-content\\\/uploads\\\/2021\\\/02\\\/TLAXCALA-9.jpg\",\"width\":600,\"height\":450},{\"@type\":\"BreadcrumbList\",\"@id\":\"https:\\\/\\\/www.aliadospuebla.com\\\/?p=51836#breadcrumb\",\"itemListElement\":[{\"@type\":\"ListItem\",\"position\":1,\"name\":\"Portada\",\"item\":\"https:\\\/\\\/www.aliadospuebla.com\\\/\"},{\"@type\":\"ListItem\",\"position\":2,\"name\":\"TLAXCALA POR ARRIBA DE LA MEDIA NACIONAL EN APLICACI\u00d3N DE PRUEBAS DE COVID-19: SESA\"}]},{\"@type\":\"WebSite\",\"@id\":\"https:\\\/\\\/www.aliadospuebla.com\\\/#website\",\"url\":\"https:\\\/\\\/www.aliadospuebla.com\\\/\",\"name\":\"AliadosPuebla\",\"description\":\"La informaci\u00f3n en tus manos\",\"potentialAction\":[{\"@type\":\"SearchAction\",\"target\":{\"@type\":\"EntryPoint\",\"urlTemplate\":\"https:\\\/\\\/www.aliadospuebla.com\\\/?s={search_term_string}\"},\"query-input\":{\"@type\":\"PropertyValueSpecification\",\"valueRequired\":true,\"valueName\":\"search_term_string\"}}],\"inLanguage\":\"es\"},{\"@type\":\"Person\",\"@id\":\"https:\\\/\\\/www.aliadospuebla.com\\\/#\\\/schema\\\/person\\\/0fd017f23cc5c3f7988d5d58850eec8e\",\"name\":\"Aliados Videos\",\"image\":{\"@type\":\"ImageObject\",\"inLanguage\":\"es\",\"@id\":\"https:\\\/\\\/secure.gravatar.com\\\/avatar\\\/42b92de8b2d8339e1e824f3a73ab023a0bec0ee2e3920248085eb1f3160b4083?s=96&d=mm&r=g\",\"url\":\"https:\\\/\\\/secure.gravatar.com\\\/avatar\\\/42b92de8b2d8339e1e824f3a73ab023a0bec0ee2e3920248085eb1f3160b4083?s=96&d=mm&r=g\",\"contentUrl\":\"https:\\\/\\\/secure.gravatar.com\\\/avatar\\\/42b92de8b2d8339e1e824f3a73ab023a0bec0ee2e3920248085eb1f3160b4083?s=96&d=mm&r=g\",\"caption\":\"Aliados Videos\"},\"url\":\"https:\\\/\\\/www.aliadospuebla.com\\\/?author=3\"}]}<\/script>\n<!-- \/ Yoast SEO plugin. -->","yoast_head_json":{"title":"TLAXCALA POR ARRIBA DE LA MEDIA NACIONAL EN APLICACI\u00d3N DE PRUEBAS DE COVID-19: SESA - AliadosPuebla","robots":{"index":"index","follow":"follow","max-snippet":"max-snippet:-1","max-image-preview":"max-image-preview:large","max-video-preview":"max-video-preview:-1"},"canonical":"https:\/\/www.aliadospuebla.com\/?p=51836","og_locale":"es_ES","og_type":"article","og_title":"TLAXCALA POR ARRIBA DE LA MEDIA NACIONAL EN APLICACI\u00d3N DE PRUEBAS DE COVID-19: SESA - AliadosPuebla","og_description":"La Secretar\u00eda de Salud (SESA) inform\u00f3 que, Tlaxcala se ubica por arriba de la media nacional en aplicaci\u00f3n de pruebas para la detecci\u00f3n de Covid-19, con un total de 42 mil 656 pruebas. En conferencia de prensa, Ren\u00e9 Lima Morales, Secretario de Salud, reiter\u00f3 la importancia de continuar con el fortalecimiento de las medidas preventivas para reducir el riesgo de contagio, adem\u00e1s de llamar a la poblaci\u00f3n a sumarse a estas acciones a trav\u00e9s del uso de cubrebocas en espacios p\u00fablicos, el lavado de manos frecuente y el distanciamiento social. Asimismo, Lima Morales subray\u00f3 que el Centro Regulador de Urgencias M\u00e9dicas de Tlaxcala (Crumt) realiza labores de valoraci\u00f3n y traslado de paciente de Covid-19. \u201cEl Crumt es la \u00fanica instancia, en estos momentos, capacitada y&hellip;Leer m\u00e1s...","og_url":"https:\/\/www.aliadospuebla.com\/?p=51836","og_site_name":"AliadosPuebla","article_published_time":"2021-02-06T00:53:12+00:00","og_image":[{"width":600,"height":450,"url":"https:\/\/www.aliadospuebla.com\/web2017\/wp-content\/uploads\/2021\/02\/TLAXCALA-9.jpg","type":"image\/jpeg"}],"author":"Aliados Videos","twitter_card":"summary_large_image","twitter_misc":{"Escrito por":"Aliados Videos","Tiempo de lectura":"2 minutos"},"schema":{"@context":"https:\/\/schema.org","@graph":[{"@type":"Article","@id":"https:\/\/www.aliadospuebla.com\/?p=51836#article","isPartOf":{"@id":"https:\/\/www.aliadospuebla.com\/?p=51836"},"author":{"name":"Aliados Videos","@id":"https:\/\/www.aliadospuebla.com\/#\/schema\/person\/0fd017f23cc5c3f7988d5d58850eec8e"},"headline":"TLAXCALA POR ARRIBA DE LA MEDIA NACIONAL EN APLICACI\u00d3N DE PRUEBAS DE COVID-19: SESA","datePublished":"2021-02-06T00:53:12+00:00","mainEntityOfPage":{"@id":"https:\/\/www.aliadospuebla.com\/?p=51836"},"wordCount":370,"commentCount":0,"image":{"@id":"https:\/\/www.aliadospuebla.com\/?p=51836#primaryimage"},"thumbnailUrl":"https:\/\/www.aliadospuebla.com\/web2017\/wp-content\/uploads\/2021\/02\/TLAXCALA-9.jpg","keywords":["COVID-19","CRUMT","MARCO MENA","SESA","TLAXCALA"],"articleSection":["Nacional"],"inLanguage":"es","potentialAction":[{"@type":"CommentAction","name":"Comment","target":["https:\/\/www.aliadospuebla.com\/?p=51836#respond"]}]},{"@type":"WebPage","@id":"https:\/\/www.aliadospuebla.com\/?p=51836","url":"https:\/\/www.aliadospuebla.com\/?p=51836","name":"TLAXCALA POR ARRIBA DE LA MEDIA NACIONAL EN APLICACI\u00d3N DE PRUEBAS DE COVID-19: SESA - AliadosPuebla","isPartOf":{"@id":"https:\/\/www.aliadospuebla.com\/#website"},"primaryImageOfPage":{"@id":"https:\/\/www.aliadospuebla.com\/?p=51836#primaryimage"},"image":{"@id":"https:\/\/www.aliadospuebla.com\/?p=51836#primaryimage"},"thumbnailUrl":"https:\/\/www.aliadospuebla.com\/web2017\/wp-content\/uploads\/2021\/02\/TLAXCALA-9.jpg","datePublished":"2021-02-06T00:53:12+00:00","author":{"@id":"https:\/\/www.aliadospuebla.com\/#\/schema\/person\/0fd017f23cc5c3f7988d5d58850eec8e"},"breadcrumb":{"@id":"https:\/\/www.aliadospuebla.com\/?p=51836#breadcrumb"},"inLanguage":"es","potentialAction":[{"@type":"ReadAction","target":["https:\/\/www.aliadospuebla.com\/?p=51836"]}]},{"@type":"ImageObject","inLanguage":"es","@id":"https:\/\/www.aliadospuebla.com\/?p=51836#primaryimage","url":"https:\/\/www.aliadospuebla.com\/web2017\/wp-content\/uploads\/2021\/02\/TLAXCALA-9.jpg","contentUrl":"https:\/\/www.aliadospuebla.com\/web2017\/wp-content\/uploads\/2021\/02\/TLAXCALA-9.jpg","width":600,"height":450},{"@type":"BreadcrumbList","@id":"https:\/\/www.aliadospuebla.com\/?p=51836#breadcrumb","itemListElement":[{"@type":"ListItem","position":1,"name":"Portada","item":"https:\/\/www.aliadospuebla.com\/"},{"@type":"ListItem","position":2,"name":"TLAXCALA POR ARRIBA DE LA MEDIA NACIONAL EN APLICACI\u00d3N DE PRUEBAS DE COVID-19: SESA"}]},{"@type":"WebSite","@id":"https:\/\/www.aliadospuebla.com\/#website","url":"https:\/\/www.aliadospuebla.com\/","name":"AliadosPuebla","description":"La informaci\u00f3n en tus manos","potentialAction":[{"@type":"SearchAction","target":{"@type":"EntryPoint","urlTemplate":"https:\/\/www.aliadospuebla.com\/?s={search_term_string}"},"query-input":{"@type":"PropertyValueSpecification","valueRequired":true,"valueName":"search_term_string"}}],"inLanguage":"es"},{"@type":"Person","@id":"https:\/\/www.aliadospuebla.com\/#\/schema\/person\/0fd017f23cc5c3f7988d5d58850eec8e","name":"Aliados Videos","image":{"@type":"ImageObject","inLanguage":"es","@id":"https:\/\/secure.gravatar.com\/avatar\/42b92de8b2d8339e1e824f3a73ab023a0bec0ee2e3920248085eb1f3160b4083?s=96&d=mm&r=g","url":"https:\/\/secure.gravatar.com\/avatar\/42b92de8b2d8339e1e824f3a73ab023a0bec0ee2e3920248085eb1f3160b4083?s=96&d=mm&r=g","contentUrl":"https:\/\/secure.gravatar.com\/avatar\/42b92de8b2d8339e1e824f3a73ab023a0bec0ee2e3920248085eb1f3160b4083?s=96&d=mm&r=g","caption":"Aliados Videos"},"url":"https:\/\/www.aliadospuebla.com\/?author=3"}]}},"views":13,"_links":{"self":[{"href":"https:\/\/www.aliadospuebla.com\/index.php?rest_route=\/wp\/v2\/posts\/51836","targetHints":{"allow":["GET"]}}],"collection":[{"href":"https:\/\/www.aliadospuebla.com\/index.php?rest_route=\/wp\/v2\/posts"}],"about":[{"href":"https:\/\/www.aliadospuebla.com\/index.php?rest_route=\/wp\/v2\/types\/post"}],"author":[{"embeddable":true,"href":"https:\/\/www.aliadospuebla.com\/index.php?rest_route=\/wp\/v2\/users\/3"}],"replies":[{"embeddable":true,"href":"https:\/\/www.aliadospuebla.com\/index.php?rest_route=%2Fwp%2Fv2%2Fcomments&post=51836"}],"version-history":[{"count":1,"href":"https:\/\/www.aliadospuebla.com\/index.php?rest_route=\/wp\/v2\/posts\/51836\/revisions"}],"predecessor-version":[{"id":51840,"href":"https:\/\/www.aliadospuebla.com\/index.php?rest_route=\/wp\/v2\/posts\/51836\/revisions\/51840"}],"wp:featuredmedia":[{"embeddable":true,"href":"https:\/\/www.aliadospuebla.com\/index.php?rest_route=\/wp\/v2\/media\/51839"}],"wp:attachment":[{"href":"https:\/\/www.aliadospuebla.com\/index.php?rest_route=%2Fwp%2Fv2%2Fmedia&parent=51836"}],"wp:term":[{"taxonomy":"category","embeddable":true,"href":"https:\/\/www.aliadospuebla.com\/index.php?rest_route=%2Fwp%2Fv2%2Fcategories&post=51836"},{"taxonomy":"post_tag","embeddable":true,"href":"https:\/\/www.aliadospuebla.com\/index.php?rest_route=%2Fwp%2Fv2%2Ftags&post=51836"}],"curies":[{"name":"wp","href":"https:\/\/api.w.org\/{rel}","templated":true}]}}