{"id":51784,"date":"2021-02-04T20:36:52","date_gmt":"2021-02-05T02:36:52","guid":{"rendered":"https:\/\/www.aliados17.com\/?p=51784"},"modified":"2021-02-04T20:36:52","modified_gmt":"2021-02-05T02:36:52","slug":"gobierno-de-amozoc-inaugura-dispensario-medico-en-chachapa","status":"publish","type":"post","link":"https:\/\/www.aliadospuebla.com\/?p=51784","title":{"rendered":"Gobierno de Amozoc, inaugura dispensario m\u00e9dico en Chachapa"},"content":{"rendered":"<p>Con el prop\u00f3sito de acercar los servicios de salud a las personas m\u00e1s vulnerables de la localidad de San Salvador Chachapa en Amozoc, el presidente municipal, Mario de la Rosa Romero, inaugur\u00f3 el segundo dispensario m\u00e9dico en el municipio.<\/p>\n<p>Siguiendo las medidas de prevenci\u00f3n ante la emergencia sanitaria por Covid-19, el alcalde De la Rosa Romero hizo el corte de list\u00f3n del nuevo dispensario m\u00e9dico, resaltando que la salud es un derecho de todos y no el privilegio de unos cu\u00e1ntos.<\/p>\n<p>Al evento, tambi\u00e9n asistieron la delegada de Gobernaci\u00f3n, Karla Ivette Venancio Orea; el Jefe del Departamento de Participaci\u00f3n Ciudadana, Pablo D\u00edaz Contreras; el presidente de la Fundaci\u00f3n Fundanlent, Miguel \u00c1ngel Guti\u00e9rrez P\u00e9rez, as\u00ed como vecinos de la Junta Auxiliar.<\/p>\n<p>Por su parte, Pablo Contreras, Jefe del Departamento de Participaci\u00f3n Ciudadana, mencion\u00f3 que las personas que acudan al dispensario encontrar\u00e1n medicamentos gratuitos que ser\u00e1n entregados con previa receta, as\u00ed como lentes o aparatos auditivos a muy bajo costo, entre otros beneficios.<\/p>\n<p>Es importante se\u00f1alar que, durante la inauguraci\u00f3n el presidente municipal, Mario de la Rosa hizo entrega de lentes, bastones y sillas de ruedas a personas vulnerables.<\/p>\n<p>El dispensario m\u00e9dico de Chachapa, estar\u00e1 disponible en un horario de 9:00 a. m. a 3:00 p. m. y se encuentra ubicado en: Calle 2 Poniente n\u00famero 206 a tan s\u00f3lo dos calles del z\u00f3calo de Chachapa.<\/p>\n<p>Cabe recordar que, el primer dispensario m\u00e9dico se encuentra ubicado dentro de Casas Coloradas en la cabecera municipal y atiende en un horario de 9:00 a.m. a 17: 00 horas.<\/p>\n<p>Nuevamente con resultados contundentes, el Ayuntamiento de Amozoc, refrenda su compromiso para trabajar en pro de la salud y protecci\u00f3n de los grupos m\u00e1s vulnerables del municipio.<\/p>\n","protected":false},"excerpt":{"rendered":"<p>Con el prop\u00f3sito de acercar los servicios de salud a las personas m\u00e1s vulnerables de la localidad de San Salvador Chachapa en Amozoc, el presidente municipal, Mario de la Rosa Romero, inaugur\u00f3 el segundo dispensario m\u00e9dico en el municipio. Siguiendo las medidas de prevenci\u00f3n ante la emergencia sanitaria por Covid-19, el alcalde De la Rosa Romero hizo el corte de list\u00f3n del nuevo dispensario m\u00e9dico, resaltando que la salud es un derecho de todos y no el privilegio de unos cu\u00e1ntos. Al evento, tambi\u00e9n asistieron la delegada de Gobernaci\u00f3n, Karla Ivette Venancio Orea; el Jefe del Departamento de Participaci\u00f3n Ciudadana, Pablo D\u00edaz Contreras; el presidente de la Fundaci\u00f3n Fundanlent, Miguel \u00c1ngel Guti\u00e9rrez P\u00e9rez, as\u00ed como vecinos de la Junta Auxiliar. Por su parte, Pablo Contreras,&hellip;<\/p>\n<p class=\"excerpt-more\"><a class=\"blog-excerpt button\" href=\"https:\/\/www.aliadospuebla.com\/?p=51784\">Leer m\u00e1s&#8230;<\/a><\/p>\n","protected":false},"author":3,"featured_media":51786,"comment_status":"open","ping_status":"open","sticky":false,"template":"","format":"standard","meta":{"_monsterinsights_skip_tracking":false,"footnotes":""},"categories":[4],"tags":[1667,8192,72,365],"class_list":["post-51784","post","type-post","status-publish","format-standard","has-post-thumbnail","hentry","category-municipios","tag-amozoc","tag-chachapa","tag-puebla","tag-salud"],"yoast_head":"<!-- This site is optimized with the Yoast SEO plugin v28.4 - https:\/\/yoast.com\/product\/yoast-seo-wordpress\/ -->\n<title>Gobierno de Amozoc, inaugura dispensario m\u00e9dico en Chachapa - AliadosPuebla<\/title>\n<meta name=\"robots\" content=\"index, follow, max-snippet:-1, max-image-preview:large, max-video-preview:-1\" \/>\n<link rel=\"canonical\" href=\"https:\/\/www.aliadospuebla.com\/?p=51784\" \/>\n<meta property=\"og:locale\" content=\"es_ES\" \/>\n<meta property=\"og:type\" content=\"article\" \/>\n<meta property=\"og:title\" content=\"Gobierno de Amozoc, inaugura dispensario m\u00e9dico en Chachapa - AliadosPuebla\" \/>\n<meta property=\"og:description\" content=\"Con el prop\u00f3sito de acercar los servicios de salud a las personas m\u00e1s vulnerables de la localidad de San Salvador Chachapa en Amozoc, el presidente municipal, Mario de la Rosa Romero, inaugur\u00f3 el segundo dispensario m\u00e9dico en el municipio. Siguiendo las medidas de prevenci\u00f3n ante la emergencia sanitaria por Covid-19, el alcalde De la Rosa Romero hizo el corte de list\u00f3n del nuevo dispensario m\u00e9dico, resaltando que la salud es un derecho de todos y no el privilegio de unos cu\u00e1ntos. Al evento, tambi\u00e9n asistieron la delegada de Gobernaci\u00f3n, Karla Ivette Venancio Orea; el Jefe del Departamento de Participaci\u00f3n Ciudadana, Pablo D\u00edaz Contreras; el presidente de la Fundaci\u00f3n Fundanlent, Miguel \u00c1ngel Guti\u00e9rrez P\u00e9rez, as\u00ed como vecinos de la Junta Auxiliar. Por su parte, Pablo Contreras,&hellip;Leer m\u00e1s...\" \/>\n<meta property=\"og:url\" content=\"https:\/\/www.aliadospuebla.com\/?p=51784\" \/>\n<meta property=\"og:site_name\" content=\"AliadosPuebla\" \/>\n<meta property=\"article:published_time\" content=\"2021-02-05T02:36:52+00:00\" \/>\n<meta property=\"og:image\" content=\"https:\/\/www.aliadospuebla.com\/web2017\/wp-content\/uploads\/2021\/02\/AMOZOC-2.jpg\" \/>\n\t<meta property=\"og:image:width\" content=\"600\" \/>\n\t<meta property=\"og:image:height\" content=\"450\" \/>\n\t<meta property=\"og:image:type\" content=\"image\/jpeg\" \/>\n<meta name=\"author\" content=\"Aliados Videos\" \/>\n<meta name=\"twitter:card\" content=\"summary_large_image\" \/>\n<meta name=\"twitter:label1\" content=\"Escrito por\" \/>\n\t<meta name=\"twitter:data1\" content=\"Aliados Videos\" \/>\n\t<meta name=\"twitter:label2\" content=\"Tiempo de lectura\" \/>\n\t<meta name=\"twitter:data2\" content=\"2 minutos\" \/>\n<script type=\"application\/ld+json\" class=\"yoast-schema-graph\">{\"@context\":\"https:\\\/\\\/schema.org\",\"@graph\":[{\"@type\":\"Article\",\"@id\":\"https:\\\/\\\/www.aliadospuebla.com\\\/?p=51784#article\",\"isPartOf\":{\"@id\":\"https:\\\/\\\/www.aliadospuebla.com\\\/?p=51784\"},\"author\":{\"name\":\"Aliados Videos\",\"@id\":\"https:\\\/\\\/www.aliadospuebla.com\\\/#\\\/schema\\\/person\\\/0fd017f23cc5c3f7988d5d58850eec8e\"},\"headline\":\"Gobierno de Amozoc, inaugura dispensario m\u00e9dico en Chachapa\",\"datePublished\":\"2021-02-05T02:36:52+00:00\",\"mainEntityOfPage\":{\"@id\":\"https:\\\/\\\/www.aliadospuebla.com\\\/?p=51784\"},\"wordCount\":310,\"commentCount\":0,\"image\":{\"@id\":\"https:\\\/\\\/www.aliadospuebla.com\\\/?p=51784#primaryimage\"},\"thumbnailUrl\":\"https:\\\/\\\/www.aliadospuebla.com\\\/web2017\\\/wp-content\\\/uploads\\\/2021\\\/02\\\/AMOZOC-2.jpg\",\"keywords\":[\"AMOZOC\",\"CHACHAPA\",\"Puebla\",\"SALUD\"],\"articleSection\":[\"Municipios\"],\"inLanguage\":\"es\",\"potentialAction\":[{\"@type\":\"CommentAction\",\"name\":\"Comment\",\"target\":[\"https:\\\/\\\/www.aliadospuebla.com\\\/?p=51784#respond\"]}]},{\"@type\":\"WebPage\",\"@id\":\"https:\\\/\\\/www.aliadospuebla.com\\\/?p=51784\",\"url\":\"https:\\\/\\\/www.aliadospuebla.com\\\/?p=51784\",\"name\":\"Gobierno de Amozoc, inaugura dispensario m\u00e9dico en Chachapa - AliadosPuebla\",\"isPartOf\":{\"@id\":\"https:\\\/\\\/www.aliadospuebla.com\\\/#website\"},\"primaryImageOfPage\":{\"@id\":\"https:\\\/\\\/www.aliadospuebla.com\\\/?p=51784#primaryimage\"},\"image\":{\"@id\":\"https:\\\/\\\/www.aliadospuebla.com\\\/?p=51784#primaryimage\"},\"thumbnailUrl\":\"https:\\\/\\\/www.aliadospuebla.com\\\/web2017\\\/wp-content\\\/uploads\\\/2021\\\/02\\\/AMOZOC-2.jpg\",\"datePublished\":\"2021-02-05T02:36:52+00:00\",\"author\":{\"@id\":\"https:\\\/\\\/www.aliadospuebla.com\\\/#\\\/schema\\\/person\\\/0fd017f23cc5c3f7988d5d58850eec8e\"},\"breadcrumb\":{\"@id\":\"https:\\\/\\\/www.aliadospuebla.com\\\/?p=51784#breadcrumb\"},\"inLanguage\":\"es\",\"potentialAction\":[{\"@type\":\"ReadAction\",\"target\":[\"https:\\\/\\\/www.aliadospuebla.com\\\/?p=51784\"]}]},{\"@type\":\"ImageObject\",\"inLanguage\":\"es\",\"@id\":\"https:\\\/\\\/www.aliadospuebla.com\\\/?p=51784#primaryimage\",\"url\":\"https:\\\/\\\/www.aliadospuebla.com\\\/web2017\\\/wp-content\\\/uploads\\\/2021\\\/02\\\/AMOZOC-2.jpg\",\"contentUrl\":\"https:\\\/\\\/www.aliadospuebla.com\\\/web2017\\\/wp-content\\\/uploads\\\/2021\\\/02\\\/AMOZOC-2.jpg\",\"width\":600,\"height\":450},{\"@type\":\"BreadcrumbList\",\"@id\":\"https:\\\/\\\/www.aliadospuebla.com\\\/?p=51784#breadcrumb\",\"itemListElement\":[{\"@type\":\"ListItem\",\"position\":1,\"name\":\"Portada\",\"item\":\"https:\\\/\\\/www.aliadospuebla.com\\\/\"},{\"@type\":\"ListItem\",\"position\":2,\"name\":\"Gobierno de Amozoc, inaugura dispensario m\u00e9dico en Chachapa\"}]},{\"@type\":\"WebSite\",\"@id\":\"https:\\\/\\\/www.aliadospuebla.com\\\/#website\",\"url\":\"https:\\\/\\\/www.aliadospuebla.com\\\/\",\"name\":\"AliadosPuebla\",\"description\":\"La informaci\u00f3n en tus manos\",\"potentialAction\":[{\"@type\":\"SearchAction\",\"target\":{\"@type\":\"EntryPoint\",\"urlTemplate\":\"https:\\\/\\\/www.aliadospuebla.com\\\/?s={search_term_string}\"},\"query-input\":{\"@type\":\"PropertyValueSpecification\",\"valueRequired\":true,\"valueName\":\"search_term_string\"}}],\"inLanguage\":\"es\"},{\"@type\":\"Person\",\"@id\":\"https:\\\/\\\/www.aliadospuebla.com\\\/#\\\/schema\\\/person\\\/0fd017f23cc5c3f7988d5d58850eec8e\",\"name\":\"Aliados Videos\",\"image\":{\"@type\":\"ImageObject\",\"inLanguage\":\"es\",\"@id\":\"https:\\\/\\\/secure.gravatar.com\\\/avatar\\\/42b92de8b2d8339e1e824f3a73ab023a0bec0ee2e3920248085eb1f3160b4083?s=96&d=mm&r=g\",\"url\":\"https:\\\/\\\/secure.gravatar.com\\\/avatar\\\/42b92de8b2d8339e1e824f3a73ab023a0bec0ee2e3920248085eb1f3160b4083?s=96&d=mm&r=g\",\"contentUrl\":\"https:\\\/\\\/secure.gravatar.com\\\/avatar\\\/42b92de8b2d8339e1e824f3a73ab023a0bec0ee2e3920248085eb1f3160b4083?s=96&d=mm&r=g\",\"caption\":\"Aliados Videos\"},\"url\":\"https:\\\/\\\/www.aliadospuebla.com\\\/?author=3\"}]}<\/script>\n<!-- \/ Yoast SEO plugin. -->","yoast_head_json":{"title":"Gobierno de Amozoc, inaugura dispensario m\u00e9dico en Chachapa - AliadosPuebla","robots":{"index":"index","follow":"follow","max-snippet":"max-snippet:-1","max-image-preview":"max-image-preview:large","max-video-preview":"max-video-preview:-1"},"canonical":"https:\/\/www.aliadospuebla.com\/?p=51784","og_locale":"es_ES","og_type":"article","og_title":"Gobierno de Amozoc, inaugura dispensario m\u00e9dico en Chachapa - AliadosPuebla","og_description":"Con el prop\u00f3sito de acercar los servicios de salud a las personas m\u00e1s vulnerables de la localidad de San Salvador Chachapa en Amozoc, el presidente municipal, Mario de la Rosa Romero, inaugur\u00f3 el segundo dispensario m\u00e9dico en el municipio. Siguiendo las medidas de prevenci\u00f3n ante la emergencia sanitaria por Covid-19, el alcalde De la Rosa Romero hizo el corte de list\u00f3n del nuevo dispensario m\u00e9dico, resaltando que la salud es un derecho de todos y no el privilegio de unos cu\u00e1ntos. Al evento, tambi\u00e9n asistieron la delegada de Gobernaci\u00f3n, Karla Ivette Venancio Orea; el Jefe del Departamento de Participaci\u00f3n Ciudadana, Pablo D\u00edaz Contreras; el presidente de la Fundaci\u00f3n Fundanlent, Miguel \u00c1ngel Guti\u00e9rrez P\u00e9rez, as\u00ed como vecinos de la Junta Auxiliar. Por su parte, Pablo Contreras,&hellip;Leer m\u00e1s...","og_url":"https:\/\/www.aliadospuebla.com\/?p=51784","og_site_name":"AliadosPuebla","article_published_time":"2021-02-05T02:36:52+00:00","og_image":[{"width":600,"height":450,"url":"https:\/\/www.aliadospuebla.com\/web2017\/wp-content\/uploads\/2021\/02\/AMOZOC-2.jpg","type":"image\/jpeg"}],"author":"Aliados Videos","twitter_card":"summary_large_image","twitter_misc":{"Escrito por":"Aliados Videos","Tiempo de lectura":"2 minutos"},"schema":{"@context":"https:\/\/schema.org","@graph":[{"@type":"Article","@id":"https:\/\/www.aliadospuebla.com\/?p=51784#article","isPartOf":{"@id":"https:\/\/www.aliadospuebla.com\/?p=51784"},"author":{"name":"Aliados Videos","@id":"https:\/\/www.aliadospuebla.com\/#\/schema\/person\/0fd017f23cc5c3f7988d5d58850eec8e"},"headline":"Gobierno de Amozoc, inaugura dispensario m\u00e9dico en Chachapa","datePublished":"2021-02-05T02:36:52+00:00","mainEntityOfPage":{"@id":"https:\/\/www.aliadospuebla.com\/?p=51784"},"wordCount":310,"commentCount":0,"image":{"@id":"https:\/\/www.aliadospuebla.com\/?p=51784#primaryimage"},"thumbnailUrl":"https:\/\/www.aliadospuebla.com\/web2017\/wp-content\/uploads\/2021\/02\/AMOZOC-2.jpg","keywords":["AMOZOC","CHACHAPA","Puebla","SALUD"],"articleSection":["Municipios"],"inLanguage":"es","potentialAction":[{"@type":"CommentAction","name":"Comment","target":["https:\/\/www.aliadospuebla.com\/?p=51784#respond"]}]},{"@type":"WebPage","@id":"https:\/\/www.aliadospuebla.com\/?p=51784","url":"https:\/\/www.aliadospuebla.com\/?p=51784","name":"Gobierno de Amozoc, inaugura dispensario m\u00e9dico en Chachapa - AliadosPuebla","isPartOf":{"@id":"https:\/\/www.aliadospuebla.com\/#website"},"primaryImageOfPage":{"@id":"https:\/\/www.aliadospuebla.com\/?p=51784#primaryimage"},"image":{"@id":"https:\/\/www.aliadospuebla.com\/?p=51784#primaryimage"},"thumbnailUrl":"https:\/\/www.aliadospuebla.com\/web2017\/wp-content\/uploads\/2021\/02\/AMOZOC-2.jpg","datePublished":"2021-02-05T02:36:52+00:00","author":{"@id":"https:\/\/www.aliadospuebla.com\/#\/schema\/person\/0fd017f23cc5c3f7988d5d58850eec8e"},"breadcrumb":{"@id":"https:\/\/www.aliadospuebla.com\/?p=51784#breadcrumb"},"inLanguage":"es","potentialAction":[{"@type":"ReadAction","target":["https:\/\/www.aliadospuebla.com\/?p=51784"]}]},{"@type":"ImageObject","inLanguage":"es","@id":"https:\/\/www.aliadospuebla.com\/?p=51784#primaryimage","url":"https:\/\/www.aliadospuebla.com\/web2017\/wp-content\/uploads\/2021\/02\/AMOZOC-2.jpg","contentUrl":"https:\/\/www.aliadospuebla.com\/web2017\/wp-content\/uploads\/2021\/02\/AMOZOC-2.jpg","width":600,"height":450},{"@type":"BreadcrumbList","@id":"https:\/\/www.aliadospuebla.com\/?p=51784#breadcrumb","itemListElement":[{"@type":"ListItem","position":1,"name":"Portada","item":"https:\/\/www.aliadospuebla.com\/"},{"@type":"ListItem","position":2,"name":"Gobierno de Amozoc, inaugura dispensario m\u00e9dico en Chachapa"}]},{"@type":"WebSite","@id":"https:\/\/www.aliadospuebla.com\/#website","url":"https:\/\/www.aliadospuebla.com\/","name":"AliadosPuebla","description":"La informaci\u00f3n en tus manos","potentialAction":[{"@type":"SearchAction","target":{"@type":"EntryPoint","urlTemplate":"https:\/\/www.aliadospuebla.com\/?s={search_term_string}"},"query-input":{"@type":"PropertyValueSpecification","valueRequired":true,"valueName":"search_term_string"}}],"inLanguage":"es"},{"@type":"Person","@id":"https:\/\/www.aliadospuebla.com\/#\/schema\/person\/0fd017f23cc5c3f7988d5d58850eec8e","name":"Aliados Videos","image":{"@type":"ImageObject","inLanguage":"es","@id":"https:\/\/secure.gravatar.com\/avatar\/42b92de8b2d8339e1e824f3a73ab023a0bec0ee2e3920248085eb1f3160b4083?s=96&d=mm&r=g","url":"https:\/\/secure.gravatar.com\/avatar\/42b92de8b2d8339e1e824f3a73ab023a0bec0ee2e3920248085eb1f3160b4083?s=96&d=mm&r=g","contentUrl":"https:\/\/secure.gravatar.com\/avatar\/42b92de8b2d8339e1e824f3a73ab023a0bec0ee2e3920248085eb1f3160b4083?s=96&d=mm&r=g","caption":"Aliados Videos"},"url":"https:\/\/www.aliadospuebla.com\/?author=3"}]}},"views":35,"_links":{"self":[{"href":"https:\/\/www.aliadospuebla.com\/index.php?rest_route=\/wp\/v2\/posts\/51784","targetHints":{"allow":["GET"]}}],"collection":[{"href":"https:\/\/www.aliadospuebla.com\/index.php?rest_route=\/wp\/v2\/posts"}],"about":[{"href":"https:\/\/www.aliadospuebla.com\/index.php?rest_route=\/wp\/v2\/types\/post"}],"author":[{"embeddable":true,"href":"https:\/\/www.aliadospuebla.com\/index.php?rest_route=\/wp\/v2\/users\/3"}],"replies":[{"embeddable":true,"href":"https:\/\/www.aliadospuebla.com\/index.php?rest_route=%2Fwp%2Fv2%2Fcomments&post=51784"}],"version-history":[{"count":1,"href":"https:\/\/www.aliadospuebla.com\/index.php?rest_route=\/wp\/v2\/posts\/51784\/revisions"}],"predecessor-version":[{"id":51787,"href":"https:\/\/www.aliadospuebla.com\/index.php?rest_route=\/wp\/v2\/posts\/51784\/revisions\/51787"}],"wp:featuredmedia":[{"embeddable":true,"href":"https:\/\/www.aliadospuebla.com\/index.php?rest_route=\/wp\/v2\/media\/51786"}],"wp:attachment":[{"href":"https:\/\/www.aliadospuebla.com\/index.php?rest_route=%2Fwp%2Fv2%2Fmedia&parent=51784"}],"wp:term":[{"taxonomy":"category","embeddable":true,"href":"https:\/\/www.aliadospuebla.com\/index.php?rest_route=%2Fwp%2Fv2%2Fcategories&post=51784"},{"taxonomy":"post_tag","embeddable":true,"href":"https:\/\/www.aliadospuebla.com\/index.php?rest_route=%2Fwp%2Fv2%2Ftags&post=51784"}],"curies":[{"name":"wp","href":"https:\/\/api.w.org\/{rel}","templated":true}]}}