{"id":51574,"date":"2021-02-01T23:20:03","date_gmt":"2021-02-02T05:20:03","guid":{"rendered":"http:\/\/www.aliados17.com\/?p=51574"},"modified":"2021-02-01T23:20:03","modified_gmt":"2021-02-02T05:20:03","slug":"aprueba-comision-permanente-coalicion-total-en-los-26-distritos-locales","status":"publish","type":"post","link":"https:\/\/www.aliadospuebla.com\/?p=51574","title":{"rendered":"Aprueba Comisi\u00f3n Permanente Coalici\u00f3n total en los 26 distritos locales"},"content":{"rendered":"<p>La Comisi\u00f3n Permanente Estatal del Partido Acci\u00f3n Nacional aprob\u00f3 este d\u00eda el<br \/>\nacuerdo de coalici\u00f3n total para los 26 distritos locales con los partidos Revolucionario<br \/>\nInstitucional (PRI) y de la Revoluci\u00f3n Democr\u00e1tica (PRD), misma que ser\u00e1 registrada<br \/>\nen pr\u00f3ximos d\u00edas ante el Instituto Estatal Electoral.<br \/>\nEn sesi\u00f3n extraordinaria, los integrantes de dicho \u00f3rgano partidista acordaron distribuir<br \/>\nlas candidaturas al Congreso del estado de la siguiente manera: 12 para Acci\u00f3n<br \/>\nNacional, 10 para el Revolucionario Institucional y cuatro para el de la Revoluci\u00f3n<br \/>\nDemocr\u00e1tica.<br \/>\nDe la misma manera, la Comisi\u00f3n aprob\u00f3 las propuestas de candidatura a diputaciones<br \/>\nfederales de mayor\u00eda relativa que le corresponden al partido, quedando de la siguiente<br \/>\nmanera:<br \/>\nDistrito 7 (Tepeaca): Jes\u00fas Roberto Morales Rodr\u00edguez como propietario y Valeriano<br \/>\nSalvador G\u00f3mez como Suplente.<br \/>\nDistrito 9 (Puebla): Ana Teresa Aranda Orozco como propietaria y Amalia Jaime de la<br \/>\nRosa como suplente.<br \/>\nDistrito 10 (Cholula): Marco Humberto Aguilar Coronado como propietario y Oscar<br \/>\nCamacho Coronado como suplente.<br \/>\nDistrito 11 (Puebla): Carolina Beauregard Mart\u00ednez como propietaria y Tanya Serrano<br \/>\nP\u00e9rez como suplente.<br \/>\nDistrito 12 (Puebla): Mario Gerardo Riestra Pi\u00f1a como propietario y Juan Manuel<br \/>\nCol\u00edn Garc\u00eda como Suplente.<br \/>\nCabe mencionar que la lista de aspirantes a diputados federales ser\u00e1 notificada al<br \/>\nComit\u00e9 Ejecutivo Nacional del PAN para su consiguiente ratificaci\u00f3n.<br \/>\nAl respecto, Francisco Fraile mostr\u00f3 su benepl\u00e1cito por la madurez pol\u00edtica, el esp\u00edritu<br \/>\nde inclusi\u00f3n y de generosidad de los integrantes de la Comisi\u00f3n al configurar una lista<br \/>\nplural para las candidaturas, con las que el PAN seguramente obtendr\u00e1 la victoria en<br \/>\nlos pr\u00f3ximos comicios.<\/p>\n","protected":false},"excerpt":{"rendered":"<p>La Comisi\u00f3n Permanente Estatal del Partido Acci\u00f3n Nacional aprob\u00f3 este d\u00eda el acuerdo de coalici\u00f3n total para los 26 distritos locales con los partidos Revolucionario Institucional (PRI) y de la Revoluci\u00f3n Democr\u00e1tica (PRD), misma que ser\u00e1 registrada en pr\u00f3ximos d\u00edas ante el Instituto Estatal Electoral. En sesi\u00f3n extraordinaria, los integrantes de dicho \u00f3rgano partidista acordaron distribuir las candidaturas al Congreso del estado de la siguiente manera: 12 para Acci\u00f3n Nacional, 10 para el Revolucionario Institucional y cuatro para el de la Revoluci\u00f3n Democr\u00e1tica. De la misma manera, la Comisi\u00f3n aprob\u00f3 las propuestas de candidatura a diputaciones federales de mayor\u00eda relativa que le corresponden al partido, quedando de la siguiente manera: Distrito 7 (Tepeaca): Jes\u00fas Roberto Morales Rodr\u00edguez como propietario y Valeriano Salvador G\u00f3mez como Suplente.&hellip;<\/p>\n<p class=\"excerpt-more\"><a class=\"blog-excerpt button\" href=\"https:\/\/www.aliadospuebla.com\/?p=51574\">Leer m\u00e1s&#8230;<\/a><\/p>\n","protected":false},"author":3,"featured_media":51575,"comment_status":"open","ping_status":"open","sticky":false,"template":"","format":"standard","meta":{"_monsterinsights_skip_tracking":false,"footnotes":""},"categories":[6],"tags":[56,77,251,1487,45,72],"class_list":["post-51574","post","type-post","status-publish","format-standard","has-post-thumbnail","hentry","category-politica","tag-capital","tag-municipios","tag-pan","tag-prd","tag-pri","tag-puebla"],"yoast_head":"<!-- This site is optimized with the Yoast SEO plugin v28.4 - https:\/\/yoast.com\/product\/yoast-seo-wordpress\/ -->\n<title>Aprueba Comisi\u00f3n Permanente Coalici\u00f3n total en los 26 distritos locales - AliadosPuebla<\/title>\n<meta name=\"robots\" content=\"index, follow, max-snippet:-1, max-image-preview:large, max-video-preview:-1\" \/>\n<link rel=\"canonical\" href=\"https:\/\/www.aliadospuebla.com\/?p=51574\" \/>\n<meta property=\"og:locale\" content=\"es_ES\" \/>\n<meta property=\"og:type\" content=\"article\" \/>\n<meta property=\"og:title\" content=\"Aprueba Comisi\u00f3n Permanente Coalici\u00f3n total en los 26 distritos locales - AliadosPuebla\" \/>\n<meta property=\"og:description\" content=\"La Comisi\u00f3n Permanente Estatal del Partido Acci\u00f3n Nacional aprob\u00f3 este d\u00eda el acuerdo de coalici\u00f3n total para los 26 distritos locales con los partidos Revolucionario Institucional (PRI) y de la Revoluci\u00f3n Democr\u00e1tica (PRD), misma que ser\u00e1 registrada en pr\u00f3ximos d\u00edas ante el Instituto Estatal Electoral. En sesi\u00f3n extraordinaria, los integrantes de dicho \u00f3rgano partidista acordaron distribuir las candidaturas al Congreso del estado de la siguiente manera: 12 para Acci\u00f3n Nacional, 10 para el Revolucionario Institucional y cuatro para el de la Revoluci\u00f3n Democr\u00e1tica. De la misma manera, la Comisi\u00f3n aprob\u00f3 las propuestas de candidatura a diputaciones federales de mayor\u00eda relativa que le corresponden al partido, quedando de la siguiente manera: Distrito 7 (Tepeaca): Jes\u00fas Roberto Morales Rodr\u00edguez como propietario y Valeriano Salvador G\u00f3mez como Suplente.&hellip;Leer m\u00e1s...\" \/>\n<meta property=\"og:url\" content=\"https:\/\/www.aliadospuebla.com\/?p=51574\" \/>\n<meta property=\"og:site_name\" content=\"AliadosPuebla\" \/>\n<meta property=\"article:published_time\" content=\"2021-02-02T05:20:03+00:00\" \/>\n<meta property=\"og:image\" content=\"https:\/\/www.aliadospuebla.com\/web2017\/wp-content\/uploads\/2021\/02\/pan-pri-prd-logo-coalicion.jpg\" \/>\n\t<meta property=\"og:image:width\" content=\"600\" \/>\n\t<meta property=\"og:image:height\" content=\"450\" \/>\n\t<meta property=\"og:image:type\" content=\"image\/jpeg\" \/>\n<meta name=\"author\" content=\"Aliados Videos\" \/>\n<meta name=\"twitter:card\" content=\"summary_large_image\" \/>\n<meta name=\"twitter:label1\" content=\"Escrito por\" \/>\n\t<meta name=\"twitter:data1\" content=\"Aliados Videos\" \/>\n\t<meta name=\"twitter:label2\" content=\"Tiempo de lectura\" \/>\n\t<meta name=\"twitter:data2\" content=\"1 minuto\" \/>\n<script type=\"application\/ld+json\" class=\"yoast-schema-graph\">{\"@context\":\"https:\\\/\\\/schema.org\",\"@graph\":[{\"@type\":\"Article\",\"@id\":\"https:\\\/\\\/www.aliadospuebla.com\\\/?p=51574#article\",\"isPartOf\":{\"@id\":\"https:\\\/\\\/www.aliadospuebla.com\\\/?p=51574\"},\"author\":{\"name\":\"Aliados Videos\",\"@id\":\"https:\\\/\\\/www.aliadospuebla.com\\\/#\\\/schema\\\/person\\\/0fd017f23cc5c3f7988d5d58850eec8e\"},\"headline\":\"Aprueba Comisi\u00f3n Permanente Coalici\u00f3n total en los 26 distritos locales\",\"datePublished\":\"2021-02-02T05:20:03+00:00\",\"mainEntityOfPage\":{\"@id\":\"https:\\\/\\\/www.aliadospuebla.com\\\/?p=51574\"},\"wordCount\":286,\"commentCount\":0,\"image\":{\"@id\":\"https:\\\/\\\/www.aliadospuebla.com\\\/?p=51574#primaryimage\"},\"thumbnailUrl\":\"https:\\\/\\\/www.aliadospuebla.com\\\/web2017\\\/wp-content\\\/uploads\\\/2021\\\/02\\\/pan-pri-prd-logo-coalicion.jpg\",\"keywords\":[\"capital\",\"Municipios\",\"PAN\",\"PRD\",\"PRI\",\"Puebla\"],\"articleSection\":[\"Pol\u00edtica\"],\"inLanguage\":\"es\",\"potentialAction\":[{\"@type\":\"CommentAction\",\"name\":\"Comment\",\"target\":[\"https:\\\/\\\/www.aliadospuebla.com\\\/?p=51574#respond\"]}]},{\"@type\":\"WebPage\",\"@id\":\"https:\\\/\\\/www.aliadospuebla.com\\\/?p=51574\",\"url\":\"https:\\\/\\\/www.aliadospuebla.com\\\/?p=51574\",\"name\":\"Aprueba Comisi\u00f3n Permanente Coalici\u00f3n total en los 26 distritos locales - AliadosPuebla\",\"isPartOf\":{\"@id\":\"https:\\\/\\\/www.aliadospuebla.com\\\/#website\"},\"primaryImageOfPage\":{\"@id\":\"https:\\\/\\\/www.aliadospuebla.com\\\/?p=51574#primaryimage\"},\"image\":{\"@id\":\"https:\\\/\\\/www.aliadospuebla.com\\\/?p=51574#primaryimage\"},\"thumbnailUrl\":\"https:\\\/\\\/www.aliadospuebla.com\\\/web2017\\\/wp-content\\\/uploads\\\/2021\\\/02\\\/pan-pri-prd-logo-coalicion.jpg\",\"datePublished\":\"2021-02-02T05:20:03+00:00\",\"author\":{\"@id\":\"https:\\\/\\\/www.aliadospuebla.com\\\/#\\\/schema\\\/person\\\/0fd017f23cc5c3f7988d5d58850eec8e\"},\"breadcrumb\":{\"@id\":\"https:\\\/\\\/www.aliadospuebla.com\\\/?p=51574#breadcrumb\"},\"inLanguage\":\"es\",\"potentialAction\":[{\"@type\":\"ReadAction\",\"target\":[\"https:\\\/\\\/www.aliadospuebla.com\\\/?p=51574\"]}]},{\"@type\":\"ImageObject\",\"inLanguage\":\"es\",\"@id\":\"https:\\\/\\\/www.aliadospuebla.com\\\/?p=51574#primaryimage\",\"url\":\"https:\\\/\\\/www.aliadospuebla.com\\\/web2017\\\/wp-content\\\/uploads\\\/2021\\\/02\\\/pan-pri-prd-logo-coalicion.jpg\",\"contentUrl\":\"https:\\\/\\\/www.aliadospuebla.com\\\/web2017\\\/wp-content\\\/uploads\\\/2021\\\/02\\\/pan-pri-prd-logo-coalicion.jpg\",\"width\":600,\"height\":450},{\"@type\":\"BreadcrumbList\",\"@id\":\"https:\\\/\\\/www.aliadospuebla.com\\\/?p=51574#breadcrumb\",\"itemListElement\":[{\"@type\":\"ListItem\",\"position\":1,\"name\":\"Portada\",\"item\":\"https:\\\/\\\/www.aliadospuebla.com\\\/\"},{\"@type\":\"ListItem\",\"position\":2,\"name\":\"Aprueba Comisi\u00f3n Permanente Coalici\u00f3n total en los 26 distritos locales\"}]},{\"@type\":\"WebSite\",\"@id\":\"https:\\\/\\\/www.aliadospuebla.com\\\/#website\",\"url\":\"https:\\\/\\\/www.aliadospuebla.com\\\/\",\"name\":\"AliadosPuebla\",\"description\":\"La informaci\u00f3n en tus manos\",\"potentialAction\":[{\"@type\":\"SearchAction\",\"target\":{\"@type\":\"EntryPoint\",\"urlTemplate\":\"https:\\\/\\\/www.aliadospuebla.com\\\/?s={search_term_string}\"},\"query-input\":{\"@type\":\"PropertyValueSpecification\",\"valueRequired\":true,\"valueName\":\"search_term_string\"}}],\"inLanguage\":\"es\"},{\"@type\":\"Person\",\"@id\":\"https:\\\/\\\/www.aliadospuebla.com\\\/#\\\/schema\\\/person\\\/0fd017f23cc5c3f7988d5d58850eec8e\",\"name\":\"Aliados Videos\",\"image\":{\"@type\":\"ImageObject\",\"inLanguage\":\"es\",\"@id\":\"https:\\\/\\\/secure.gravatar.com\\\/avatar\\\/42b92de8b2d8339e1e824f3a73ab023a0bec0ee2e3920248085eb1f3160b4083?s=96&d=mm&r=g\",\"url\":\"https:\\\/\\\/secure.gravatar.com\\\/avatar\\\/42b92de8b2d8339e1e824f3a73ab023a0bec0ee2e3920248085eb1f3160b4083?s=96&d=mm&r=g\",\"contentUrl\":\"https:\\\/\\\/secure.gravatar.com\\\/avatar\\\/42b92de8b2d8339e1e824f3a73ab023a0bec0ee2e3920248085eb1f3160b4083?s=96&d=mm&r=g\",\"caption\":\"Aliados Videos\"},\"url\":\"https:\\\/\\\/www.aliadospuebla.com\\\/?author=3\"}]}<\/script>\n<!-- \/ Yoast SEO plugin. -->","yoast_head_json":{"title":"Aprueba Comisi\u00f3n Permanente Coalici\u00f3n total en los 26 distritos locales - AliadosPuebla","robots":{"index":"index","follow":"follow","max-snippet":"max-snippet:-1","max-image-preview":"max-image-preview:large","max-video-preview":"max-video-preview:-1"},"canonical":"https:\/\/www.aliadospuebla.com\/?p=51574","og_locale":"es_ES","og_type":"article","og_title":"Aprueba Comisi\u00f3n Permanente Coalici\u00f3n total en los 26 distritos locales - AliadosPuebla","og_description":"La Comisi\u00f3n Permanente Estatal del Partido Acci\u00f3n Nacional aprob\u00f3 este d\u00eda el acuerdo de coalici\u00f3n total para los 26 distritos locales con los partidos Revolucionario Institucional (PRI) y de la Revoluci\u00f3n Democr\u00e1tica (PRD), misma que ser\u00e1 registrada en pr\u00f3ximos d\u00edas ante el Instituto Estatal Electoral. En sesi\u00f3n extraordinaria, los integrantes de dicho \u00f3rgano partidista acordaron distribuir las candidaturas al Congreso del estado de la siguiente manera: 12 para Acci\u00f3n Nacional, 10 para el Revolucionario Institucional y cuatro para el de la Revoluci\u00f3n Democr\u00e1tica. De la misma manera, la Comisi\u00f3n aprob\u00f3 las propuestas de candidatura a diputaciones federales de mayor\u00eda relativa que le corresponden al partido, quedando de la siguiente manera: Distrito 7 (Tepeaca): Jes\u00fas Roberto Morales Rodr\u00edguez como propietario y Valeriano Salvador G\u00f3mez como Suplente.&hellip;Leer m\u00e1s...","og_url":"https:\/\/www.aliadospuebla.com\/?p=51574","og_site_name":"AliadosPuebla","article_published_time":"2021-02-02T05:20:03+00:00","og_image":[{"width":600,"height":450,"url":"https:\/\/www.aliadospuebla.com\/web2017\/wp-content\/uploads\/2021\/02\/pan-pri-prd-logo-coalicion.jpg","type":"image\/jpeg"}],"author":"Aliados Videos","twitter_card":"summary_large_image","twitter_misc":{"Escrito por":"Aliados Videos","Tiempo de lectura":"1 minuto"},"schema":{"@context":"https:\/\/schema.org","@graph":[{"@type":"Article","@id":"https:\/\/www.aliadospuebla.com\/?p=51574#article","isPartOf":{"@id":"https:\/\/www.aliadospuebla.com\/?p=51574"},"author":{"name":"Aliados Videos","@id":"https:\/\/www.aliadospuebla.com\/#\/schema\/person\/0fd017f23cc5c3f7988d5d58850eec8e"},"headline":"Aprueba Comisi\u00f3n Permanente Coalici\u00f3n total en los 26 distritos locales","datePublished":"2021-02-02T05:20:03+00:00","mainEntityOfPage":{"@id":"https:\/\/www.aliadospuebla.com\/?p=51574"},"wordCount":286,"commentCount":0,"image":{"@id":"https:\/\/www.aliadospuebla.com\/?p=51574#primaryimage"},"thumbnailUrl":"https:\/\/www.aliadospuebla.com\/web2017\/wp-content\/uploads\/2021\/02\/pan-pri-prd-logo-coalicion.jpg","keywords":["capital","Municipios","PAN","PRD","PRI","Puebla"],"articleSection":["Pol\u00edtica"],"inLanguage":"es","potentialAction":[{"@type":"CommentAction","name":"Comment","target":["https:\/\/www.aliadospuebla.com\/?p=51574#respond"]}]},{"@type":"WebPage","@id":"https:\/\/www.aliadospuebla.com\/?p=51574","url":"https:\/\/www.aliadospuebla.com\/?p=51574","name":"Aprueba Comisi\u00f3n Permanente Coalici\u00f3n total en los 26 distritos locales - AliadosPuebla","isPartOf":{"@id":"https:\/\/www.aliadospuebla.com\/#website"},"primaryImageOfPage":{"@id":"https:\/\/www.aliadospuebla.com\/?p=51574#primaryimage"},"image":{"@id":"https:\/\/www.aliadospuebla.com\/?p=51574#primaryimage"},"thumbnailUrl":"https:\/\/www.aliadospuebla.com\/web2017\/wp-content\/uploads\/2021\/02\/pan-pri-prd-logo-coalicion.jpg","datePublished":"2021-02-02T05:20:03+00:00","author":{"@id":"https:\/\/www.aliadospuebla.com\/#\/schema\/person\/0fd017f23cc5c3f7988d5d58850eec8e"},"breadcrumb":{"@id":"https:\/\/www.aliadospuebla.com\/?p=51574#breadcrumb"},"inLanguage":"es","potentialAction":[{"@type":"ReadAction","target":["https:\/\/www.aliadospuebla.com\/?p=51574"]}]},{"@type":"ImageObject","inLanguage":"es","@id":"https:\/\/www.aliadospuebla.com\/?p=51574#primaryimage","url":"https:\/\/www.aliadospuebla.com\/web2017\/wp-content\/uploads\/2021\/02\/pan-pri-prd-logo-coalicion.jpg","contentUrl":"https:\/\/www.aliadospuebla.com\/web2017\/wp-content\/uploads\/2021\/02\/pan-pri-prd-logo-coalicion.jpg","width":600,"height":450},{"@type":"BreadcrumbList","@id":"https:\/\/www.aliadospuebla.com\/?p=51574#breadcrumb","itemListElement":[{"@type":"ListItem","position":1,"name":"Portada","item":"https:\/\/www.aliadospuebla.com\/"},{"@type":"ListItem","position":2,"name":"Aprueba Comisi\u00f3n Permanente Coalici\u00f3n total en los 26 distritos locales"}]},{"@type":"WebSite","@id":"https:\/\/www.aliadospuebla.com\/#website","url":"https:\/\/www.aliadospuebla.com\/","name":"AliadosPuebla","description":"La informaci\u00f3n en tus manos","potentialAction":[{"@type":"SearchAction","target":{"@type":"EntryPoint","urlTemplate":"https:\/\/www.aliadospuebla.com\/?s={search_term_string}"},"query-input":{"@type":"PropertyValueSpecification","valueRequired":true,"valueName":"search_term_string"}}],"inLanguage":"es"},{"@type":"Person","@id":"https:\/\/www.aliadospuebla.com\/#\/schema\/person\/0fd017f23cc5c3f7988d5d58850eec8e","name":"Aliados Videos","image":{"@type":"ImageObject","inLanguage":"es","@id":"https:\/\/secure.gravatar.com\/avatar\/42b92de8b2d8339e1e824f3a73ab023a0bec0ee2e3920248085eb1f3160b4083?s=96&d=mm&r=g","url":"https:\/\/secure.gravatar.com\/avatar\/42b92de8b2d8339e1e824f3a73ab023a0bec0ee2e3920248085eb1f3160b4083?s=96&d=mm&r=g","contentUrl":"https:\/\/secure.gravatar.com\/avatar\/42b92de8b2d8339e1e824f3a73ab023a0bec0ee2e3920248085eb1f3160b4083?s=96&d=mm&r=g","caption":"Aliados Videos"},"url":"https:\/\/www.aliadospuebla.com\/?author=3"}]}},"views":11,"_links":{"self":[{"href":"https:\/\/www.aliadospuebla.com\/index.php?rest_route=\/wp\/v2\/posts\/51574","targetHints":{"allow":["GET"]}}],"collection":[{"href":"https:\/\/www.aliadospuebla.com\/index.php?rest_route=\/wp\/v2\/posts"}],"about":[{"href":"https:\/\/www.aliadospuebla.com\/index.php?rest_route=\/wp\/v2\/types\/post"}],"author":[{"embeddable":true,"href":"https:\/\/www.aliadospuebla.com\/index.php?rest_route=\/wp\/v2\/users\/3"}],"replies":[{"embeddable":true,"href":"https:\/\/www.aliadospuebla.com\/index.php?rest_route=%2Fwp%2Fv2%2Fcomments&post=51574"}],"version-history":[{"count":1,"href":"https:\/\/www.aliadospuebla.com\/index.php?rest_route=\/wp\/v2\/posts\/51574\/revisions"}],"predecessor-version":[{"id":51576,"href":"https:\/\/www.aliadospuebla.com\/index.php?rest_route=\/wp\/v2\/posts\/51574\/revisions\/51576"}],"wp:featuredmedia":[{"embeddable":true,"href":"https:\/\/www.aliadospuebla.com\/index.php?rest_route=\/wp\/v2\/media\/51575"}],"wp:attachment":[{"href":"https:\/\/www.aliadospuebla.com\/index.php?rest_route=%2Fwp%2Fv2%2Fmedia&parent=51574"}],"wp:term":[{"taxonomy":"category","embeddable":true,"href":"https:\/\/www.aliadospuebla.com\/index.php?rest_route=%2Fwp%2Fv2%2Fcategories&post=51574"},{"taxonomy":"post_tag","embeddable":true,"href":"https:\/\/www.aliadospuebla.com\/index.php?rest_route=%2Fwp%2Fv2%2Ftags&post=51574"}],"curies":[{"name":"wp","href":"https:\/\/api.w.org\/{rel}","templated":true}]}}