{"id":50738,"date":"2021-01-14T20:19:57","date_gmt":"2021-01-15T02:19:57","guid":{"rendered":"http:\/\/www.aliados17.com\/?p=50738"},"modified":"2021-01-14T20:45:32","modified_gmt":"2021-01-15T02:45:32","slug":"gobierno-de-texmelucan-suspende-de-manera-temporal-el-pago-de-parquimetros","status":"publish","type":"post","link":"https:\/\/www.aliadospuebla.com\/?p=50738","title":{"rendered":"GOBIERNO DE TEXMELUCAN SUSPENDE DE MANERA TEMPORAL EL PAGO DE PARQU\u00cdMETROS"},"content":{"rendered":"<p>Ante las medidas que establece el Decreto del Estado en relaci\u00f3n a la suspensi\u00f3n de actividades no esenciales, el Gobierno de Texmelucan informa que por Acuerdo Municipal, se suspende temporalmente el Servicio de Parqu\u00edmetros hasta nuevo aviso.<\/p>\n<p>Cabe destacar que los ciudadanos realizan el pago de su parqu\u00edmetro de tres maneras: en negocios que cuenten con sistema de cobro de parqu\u00edmetro, v\u00eda SMS y mediante aplicaci\u00f3n.<\/p>\n<p>La gran mayor\u00eda de usuarios recurre a la primera opci\u00f3n de pago en negocios, pero por el momento muchos de estos establecimientos se mantienen cerrados, por lo que con esta medida se apoya a las y los texmeluquenses que hacen uso de este servicio.<\/p>\n<p>El pago del Servicio de Parqu\u00edmetros se reanudar\u00e1 alineado a las disposiciones del Gobierno del Estado y ser\u00e1 informado a trav\u00e9s de los canales oficiales del Ayuntamiento. Con este beneficio para las y los texmeluquenses, la presidenta Norma Lay\u00f3n se muestra solidaria y exhorta a continuar aplicando todas las medidas de prevenci\u00f3n.<\/p>\n","protected":false},"excerpt":{"rendered":"<p>Ante las medidas que establece el Decreto del Estado en relaci\u00f3n a la suspensi\u00f3n de actividades no esenciales, el Gobierno de Texmelucan informa que por Acuerdo Municipal, se suspende temporalmente el Servicio de Parqu\u00edmetros hasta nuevo aviso. Cabe destacar que los ciudadanos realizan el pago de su parqu\u00edmetro de tres maneras: en negocios que cuenten con sistema de cobro de parqu\u00edmetro, v\u00eda SMS y mediante aplicaci\u00f3n. La gran mayor\u00eda de usuarios recurre a la primera opci\u00f3n de pago en negocios, pero por el momento muchos de estos establecimientos se mantienen cerrados, por lo que con esta medida se apoya a las y los texmeluquenses que hacen uso de este servicio. El pago del Servicio de Parqu\u00edmetros se reanudar\u00e1 alineado a las disposiciones del Gobierno del&hellip;<\/p>\n<p class=\"excerpt-more\"><a class=\"blog-excerpt button\" href=\"https:\/\/www.aliadospuebla.com\/?p=50738\">Leer m\u00e1s&#8230;<\/a><\/p>\n","protected":false},"author":2,"featured_media":50744,"comment_status":"open","ping_status":"open","sticky":false,"template":"","format":"standard","meta":{"_monsterinsights_skip_tracking":false,"footnotes":""},"categories":[4],"tags":[15206,6950,1337,29,710],"class_list":["post-50738","post","type-post","status-publish","format-standard","has-post-thumbnail","hentry","category-municipios","tag-decreto-del-estado","tag-norma-layon","tag-parquimetros","tag-prevencion","tag-san-martin-texmelucan"],"yoast_head":"<!-- This site is optimized with the Yoast SEO plugin v28.4 - https:\/\/yoast.com\/product\/yoast-seo-wordpress\/ -->\n<title>GOBIERNO DE TEXMELUCAN SUSPENDE DE MANERA TEMPORAL EL PAGO DE PARQU\u00cdMETROS - AliadosPuebla<\/title>\n<meta name=\"robots\" content=\"index, follow, max-snippet:-1, max-image-preview:large, max-video-preview:-1\" \/>\n<link rel=\"canonical\" href=\"https:\/\/www.aliadospuebla.com\/?p=50738\" \/>\n<meta property=\"og:locale\" content=\"es_ES\" \/>\n<meta property=\"og:type\" content=\"article\" \/>\n<meta property=\"og:title\" content=\"GOBIERNO DE TEXMELUCAN SUSPENDE DE MANERA TEMPORAL EL PAGO DE PARQU\u00cdMETROS - AliadosPuebla\" \/>\n<meta property=\"og:description\" content=\"Ante las medidas que establece el Decreto del Estado en relaci\u00f3n a la suspensi\u00f3n de actividades no esenciales, el Gobierno de Texmelucan informa que por Acuerdo Municipal, se suspende temporalmente el Servicio de Parqu\u00edmetros hasta nuevo aviso. Cabe destacar que los ciudadanos realizan el pago de su parqu\u00edmetro de tres maneras: en negocios que cuenten con sistema de cobro de parqu\u00edmetro, v\u00eda SMS y mediante aplicaci\u00f3n. La gran mayor\u00eda de usuarios recurre a la primera opci\u00f3n de pago en negocios, pero por el momento muchos de estos establecimientos se mantienen cerrados, por lo que con esta medida se apoya a las y los texmeluquenses que hacen uso de este servicio. El pago del Servicio de Parqu\u00edmetros se reanudar\u00e1 alineado a las disposiciones del Gobierno del&hellip;Leer m\u00e1s...\" \/>\n<meta property=\"og:url\" content=\"https:\/\/www.aliadospuebla.com\/?p=50738\" \/>\n<meta property=\"og:site_name\" content=\"AliadosPuebla\" \/>\n<meta property=\"article:author\" content=\"https:\/\/www.facebook.com\/Aliados17Pue\" \/>\n<meta property=\"article:published_time\" content=\"2021-01-15T02:19:57+00:00\" \/>\n<meta property=\"article:modified_time\" content=\"2021-01-15T02:45:32+00:00\" \/>\n<meta property=\"og:image\" content=\"https:\/\/www.aliadospuebla.com\/web2017\/wp-content\/uploads\/2021\/01\/82-suspension-de-parquimetros.jpg\" \/>\n\t<meta property=\"og:image:width\" content=\"600\" \/>\n\t<meta property=\"og:image:height\" content=\"450\" \/>\n\t<meta property=\"og:image:type\" content=\"image\/jpeg\" \/>\n<meta name=\"author\" content=\"Aliados17\" \/>\n<meta name=\"twitter:card\" content=\"summary_large_image\" \/>\n<meta name=\"twitter:creator\" content=\"@AliadosPuebla\" \/>\n<meta name=\"twitter:label1\" content=\"Escrito por\" \/>\n\t<meta name=\"twitter:data1\" content=\"Aliados17\" \/>\n\t<meta name=\"twitter:label2\" content=\"Tiempo de lectura\" \/>\n\t<meta name=\"twitter:data2\" content=\"1 minuto\" \/>\n<script type=\"application\/ld+json\" class=\"yoast-schema-graph\">{\"@context\":\"https:\\\/\\\/schema.org\",\"@graph\":[{\"@type\":\"Article\",\"@id\":\"https:\\\/\\\/www.aliadospuebla.com\\\/?p=50738#article\",\"isPartOf\":{\"@id\":\"https:\\\/\\\/www.aliadospuebla.com\\\/?p=50738\"},\"author\":{\"name\":\"Aliados17\",\"@id\":\"https:\\\/\\\/www.aliadospuebla.com\\\/#\\\/schema\\\/person\\\/5da7dd09320bd4f392b710017ed5f8ad\"},\"headline\":\"GOBIERNO DE TEXMELUCAN SUSPENDE DE MANERA TEMPORAL EL PAGO DE PARQU\u00cdMETROS\",\"datePublished\":\"2021-01-15T02:19:57+00:00\",\"dateModified\":\"2021-01-15T02:45:32+00:00\",\"mainEntityOfPage\":{\"@id\":\"https:\\\/\\\/www.aliadospuebla.com\\\/?p=50738\"},\"wordCount\":187,\"commentCount\":0,\"image\":{\"@id\":\"https:\\\/\\\/www.aliadospuebla.com\\\/?p=50738#primaryimage\"},\"thumbnailUrl\":\"https:\\\/\\\/www.aliadospuebla.com\\\/web2017\\\/wp-content\\\/uploads\\\/2021\\\/01\\\/82-suspension-de-parquimetros.jpg\",\"keywords\":[\"Decreto del estado\",\"NORMA LAY\u00d3N\",\"PARQU\u00cdMETROS\",\"Prevencion\",\"SAN MART\u00cdN TEXMELUCAN\"],\"articleSection\":[\"Municipios\"],\"inLanguage\":\"es\",\"potentialAction\":[{\"@type\":\"CommentAction\",\"name\":\"Comment\",\"target\":[\"https:\\\/\\\/www.aliadospuebla.com\\\/?p=50738#respond\"]}]},{\"@type\":\"WebPage\",\"@id\":\"https:\\\/\\\/www.aliadospuebla.com\\\/?p=50738\",\"url\":\"https:\\\/\\\/www.aliadospuebla.com\\\/?p=50738\",\"name\":\"GOBIERNO DE TEXMELUCAN SUSPENDE DE MANERA TEMPORAL EL PAGO DE PARQU\u00cdMETROS - AliadosPuebla\",\"isPartOf\":{\"@id\":\"https:\\\/\\\/www.aliadospuebla.com\\\/#website\"},\"primaryImageOfPage\":{\"@id\":\"https:\\\/\\\/www.aliadospuebla.com\\\/?p=50738#primaryimage\"},\"image\":{\"@id\":\"https:\\\/\\\/www.aliadospuebla.com\\\/?p=50738#primaryimage\"},\"thumbnailUrl\":\"https:\\\/\\\/www.aliadospuebla.com\\\/web2017\\\/wp-content\\\/uploads\\\/2021\\\/01\\\/82-suspension-de-parquimetros.jpg\",\"datePublished\":\"2021-01-15T02:19:57+00:00\",\"dateModified\":\"2021-01-15T02:45:32+00:00\",\"author\":{\"@id\":\"https:\\\/\\\/www.aliadospuebla.com\\\/#\\\/schema\\\/person\\\/5da7dd09320bd4f392b710017ed5f8ad\"},\"breadcrumb\":{\"@id\":\"https:\\\/\\\/www.aliadospuebla.com\\\/?p=50738#breadcrumb\"},\"inLanguage\":\"es\",\"potentialAction\":[{\"@type\":\"ReadAction\",\"target\":[\"https:\\\/\\\/www.aliadospuebla.com\\\/?p=50738\"]}]},{\"@type\":\"ImageObject\",\"inLanguage\":\"es\",\"@id\":\"https:\\\/\\\/www.aliadospuebla.com\\\/?p=50738#primaryimage\",\"url\":\"https:\\\/\\\/www.aliadospuebla.com\\\/web2017\\\/wp-content\\\/uploads\\\/2021\\\/01\\\/82-suspension-de-parquimetros.jpg\",\"contentUrl\":\"https:\\\/\\\/www.aliadospuebla.com\\\/web2017\\\/wp-content\\\/uploads\\\/2021\\\/01\\\/82-suspension-de-parquimetros.jpg\",\"width\":600,\"height\":450},{\"@type\":\"BreadcrumbList\",\"@id\":\"https:\\\/\\\/www.aliadospuebla.com\\\/?p=50738#breadcrumb\",\"itemListElement\":[{\"@type\":\"ListItem\",\"position\":1,\"name\":\"Portada\",\"item\":\"https:\\\/\\\/www.aliadospuebla.com\\\/\"},{\"@type\":\"ListItem\",\"position\":2,\"name\":\"GOBIERNO DE TEXMELUCAN SUSPENDE DE MANERA TEMPORAL EL PAGO DE PARQU\u00cdMETROS\"}]},{\"@type\":\"WebSite\",\"@id\":\"https:\\\/\\\/www.aliadospuebla.com\\\/#website\",\"url\":\"https:\\\/\\\/www.aliadospuebla.com\\\/\",\"name\":\"AliadosPuebla\",\"description\":\"La informaci\u00f3n en tus manos\",\"potentialAction\":[{\"@type\":\"SearchAction\",\"target\":{\"@type\":\"EntryPoint\",\"urlTemplate\":\"https:\\\/\\\/www.aliadospuebla.com\\\/?s={search_term_string}\"},\"query-input\":{\"@type\":\"PropertyValueSpecification\",\"valueRequired\":true,\"valueName\":\"search_term_string\"}}],\"inLanguage\":\"es\"},{\"@type\":\"Person\",\"@id\":\"https:\\\/\\\/www.aliadospuebla.com\\\/#\\\/schema\\\/person\\\/5da7dd09320bd4f392b710017ed5f8ad\",\"name\":\"Aliados17\",\"image\":{\"@type\":\"ImageObject\",\"inLanguage\":\"es\",\"@id\":\"https:\\\/\\\/www.aliadospuebla.com\\\/web2017\\\/wp-content\\\/uploads\\\/2025\\\/03\\\/cropped-para-perfil-8-anos-1-96x96.jpg\",\"url\":\"https:\\\/\\\/www.aliadospuebla.com\\\/web2017\\\/wp-content\\\/uploads\\\/2025\\\/03\\\/cropped-para-perfil-8-anos-1-96x96.jpg\",\"contentUrl\":\"https:\\\/\\\/www.aliadospuebla.com\\\/web2017\\\/wp-content\\\/uploads\\\/2025\\\/03\\\/cropped-para-perfil-8-anos-1-96x96.jpg\",\"caption\":\"Aliados17\"},\"sameAs\":[\"https:\\\/\\\/www.aliados17.com\",\"https:\\\/\\\/www.facebook.com\\\/Aliados17Pue\",\"https:\\\/\\\/x.com\\\/AliadosPuebla\"],\"url\":\"https:\\\/\\\/www.aliadospuebla.com\\\/?author=2\"}]}<\/script>\n<!-- \/ Yoast SEO plugin. -->","yoast_head_json":{"title":"GOBIERNO DE TEXMELUCAN SUSPENDE DE MANERA TEMPORAL EL PAGO DE PARQU\u00cdMETROS - AliadosPuebla","robots":{"index":"index","follow":"follow","max-snippet":"max-snippet:-1","max-image-preview":"max-image-preview:large","max-video-preview":"max-video-preview:-1"},"canonical":"https:\/\/www.aliadospuebla.com\/?p=50738","og_locale":"es_ES","og_type":"article","og_title":"GOBIERNO DE TEXMELUCAN SUSPENDE DE MANERA TEMPORAL EL PAGO DE PARQU\u00cdMETROS - AliadosPuebla","og_description":"Ante las medidas que establece el Decreto del Estado en relaci\u00f3n a la suspensi\u00f3n de actividades no esenciales, el Gobierno de Texmelucan informa que por Acuerdo Municipal, se suspende temporalmente el Servicio de Parqu\u00edmetros hasta nuevo aviso. Cabe destacar que los ciudadanos realizan el pago de su parqu\u00edmetro de tres maneras: en negocios que cuenten con sistema de cobro de parqu\u00edmetro, v\u00eda SMS y mediante aplicaci\u00f3n. La gran mayor\u00eda de usuarios recurre a la primera opci\u00f3n de pago en negocios, pero por el momento muchos de estos establecimientos se mantienen cerrados, por lo que con esta medida se apoya a las y los texmeluquenses que hacen uso de este servicio. El pago del Servicio de Parqu\u00edmetros se reanudar\u00e1 alineado a las disposiciones del Gobierno del&hellip;Leer m\u00e1s...","og_url":"https:\/\/www.aliadospuebla.com\/?p=50738","og_site_name":"AliadosPuebla","article_author":"https:\/\/www.facebook.com\/Aliados17Pue","article_published_time":"2021-01-15T02:19:57+00:00","article_modified_time":"2021-01-15T02:45:32+00:00","og_image":[{"width":600,"height":450,"url":"https:\/\/www.aliadospuebla.com\/web2017\/wp-content\/uploads\/2021\/01\/82-suspension-de-parquimetros.jpg","type":"image\/jpeg"}],"author":"Aliados17","twitter_card":"summary_large_image","twitter_creator":"@AliadosPuebla","twitter_misc":{"Escrito por":"Aliados17","Tiempo de lectura":"1 minuto"},"schema":{"@context":"https:\/\/schema.org","@graph":[{"@type":"Article","@id":"https:\/\/www.aliadospuebla.com\/?p=50738#article","isPartOf":{"@id":"https:\/\/www.aliadospuebla.com\/?p=50738"},"author":{"name":"Aliados17","@id":"https:\/\/www.aliadospuebla.com\/#\/schema\/person\/5da7dd09320bd4f392b710017ed5f8ad"},"headline":"GOBIERNO DE TEXMELUCAN SUSPENDE DE MANERA TEMPORAL EL PAGO DE PARQU\u00cdMETROS","datePublished":"2021-01-15T02:19:57+00:00","dateModified":"2021-01-15T02:45:32+00:00","mainEntityOfPage":{"@id":"https:\/\/www.aliadospuebla.com\/?p=50738"},"wordCount":187,"commentCount":0,"image":{"@id":"https:\/\/www.aliadospuebla.com\/?p=50738#primaryimage"},"thumbnailUrl":"https:\/\/www.aliadospuebla.com\/web2017\/wp-content\/uploads\/2021\/01\/82-suspension-de-parquimetros.jpg","keywords":["Decreto del estado","NORMA LAY\u00d3N","PARQU\u00cdMETROS","Prevencion","SAN MART\u00cdN TEXMELUCAN"],"articleSection":["Municipios"],"inLanguage":"es","potentialAction":[{"@type":"CommentAction","name":"Comment","target":["https:\/\/www.aliadospuebla.com\/?p=50738#respond"]}]},{"@type":"WebPage","@id":"https:\/\/www.aliadospuebla.com\/?p=50738","url":"https:\/\/www.aliadospuebla.com\/?p=50738","name":"GOBIERNO DE TEXMELUCAN SUSPENDE DE MANERA TEMPORAL EL PAGO DE PARQU\u00cdMETROS - AliadosPuebla","isPartOf":{"@id":"https:\/\/www.aliadospuebla.com\/#website"},"primaryImageOfPage":{"@id":"https:\/\/www.aliadospuebla.com\/?p=50738#primaryimage"},"image":{"@id":"https:\/\/www.aliadospuebla.com\/?p=50738#primaryimage"},"thumbnailUrl":"https:\/\/www.aliadospuebla.com\/web2017\/wp-content\/uploads\/2021\/01\/82-suspension-de-parquimetros.jpg","datePublished":"2021-01-15T02:19:57+00:00","dateModified":"2021-01-15T02:45:32+00:00","author":{"@id":"https:\/\/www.aliadospuebla.com\/#\/schema\/person\/5da7dd09320bd4f392b710017ed5f8ad"},"breadcrumb":{"@id":"https:\/\/www.aliadospuebla.com\/?p=50738#breadcrumb"},"inLanguage":"es","potentialAction":[{"@type":"ReadAction","target":["https:\/\/www.aliadospuebla.com\/?p=50738"]}]},{"@type":"ImageObject","inLanguage":"es","@id":"https:\/\/www.aliadospuebla.com\/?p=50738#primaryimage","url":"https:\/\/www.aliadospuebla.com\/web2017\/wp-content\/uploads\/2021\/01\/82-suspension-de-parquimetros.jpg","contentUrl":"https:\/\/www.aliadospuebla.com\/web2017\/wp-content\/uploads\/2021\/01\/82-suspension-de-parquimetros.jpg","width":600,"height":450},{"@type":"BreadcrumbList","@id":"https:\/\/www.aliadospuebla.com\/?p=50738#breadcrumb","itemListElement":[{"@type":"ListItem","position":1,"name":"Portada","item":"https:\/\/www.aliadospuebla.com\/"},{"@type":"ListItem","position":2,"name":"GOBIERNO DE TEXMELUCAN SUSPENDE DE MANERA TEMPORAL EL PAGO DE PARQU\u00cdMETROS"}]},{"@type":"WebSite","@id":"https:\/\/www.aliadospuebla.com\/#website","url":"https:\/\/www.aliadospuebla.com\/","name":"AliadosPuebla","description":"La informaci\u00f3n en tus manos","potentialAction":[{"@type":"SearchAction","target":{"@type":"EntryPoint","urlTemplate":"https:\/\/www.aliadospuebla.com\/?s={search_term_string}"},"query-input":{"@type":"PropertyValueSpecification","valueRequired":true,"valueName":"search_term_string"}}],"inLanguage":"es"},{"@type":"Person","@id":"https:\/\/www.aliadospuebla.com\/#\/schema\/person\/5da7dd09320bd4f392b710017ed5f8ad","name":"Aliados17","image":{"@type":"ImageObject","inLanguage":"es","@id":"https:\/\/www.aliadospuebla.com\/web2017\/wp-content\/uploads\/2025\/03\/cropped-para-perfil-8-anos-1-96x96.jpg","url":"https:\/\/www.aliadospuebla.com\/web2017\/wp-content\/uploads\/2025\/03\/cropped-para-perfil-8-anos-1-96x96.jpg","contentUrl":"https:\/\/www.aliadospuebla.com\/web2017\/wp-content\/uploads\/2025\/03\/cropped-para-perfil-8-anos-1-96x96.jpg","caption":"Aliados17"},"sameAs":["https:\/\/www.aliados17.com","https:\/\/www.facebook.com\/Aliados17Pue","https:\/\/x.com\/AliadosPuebla"],"url":"https:\/\/www.aliadospuebla.com\/?author=2"}]}},"views":7,"_links":{"self":[{"href":"https:\/\/www.aliadospuebla.com\/index.php?rest_route=\/wp\/v2\/posts\/50738","targetHints":{"allow":["GET"]}}],"collection":[{"href":"https:\/\/www.aliadospuebla.com\/index.php?rest_route=\/wp\/v2\/posts"}],"about":[{"href":"https:\/\/www.aliadospuebla.com\/index.php?rest_route=\/wp\/v2\/types\/post"}],"author":[{"embeddable":true,"href":"https:\/\/www.aliadospuebla.com\/index.php?rest_route=\/wp\/v2\/users\/2"}],"replies":[{"embeddable":true,"href":"https:\/\/www.aliadospuebla.com\/index.php?rest_route=%2Fwp%2Fv2%2Fcomments&post=50738"}],"version-history":[{"count":1,"href":"https:\/\/www.aliadospuebla.com\/index.php?rest_route=\/wp\/v2\/posts\/50738\/revisions"}],"predecessor-version":[{"id":50740,"href":"https:\/\/www.aliadospuebla.com\/index.php?rest_route=\/wp\/v2\/posts\/50738\/revisions\/50740"}],"wp:featuredmedia":[{"embeddable":true,"href":"https:\/\/www.aliadospuebla.com\/index.php?rest_route=\/wp\/v2\/media\/50744"}],"wp:attachment":[{"href":"https:\/\/www.aliadospuebla.com\/index.php?rest_route=%2Fwp%2Fv2%2Fmedia&parent=50738"}],"wp:term":[{"taxonomy":"category","embeddable":true,"href":"https:\/\/www.aliadospuebla.com\/index.php?rest_route=%2Fwp%2Fv2%2Fcategories&post=50738"},{"taxonomy":"post_tag","embeddable":true,"href":"https:\/\/www.aliadospuebla.com\/index.php?rest_route=%2Fwp%2Fv2%2Ftags&post=50738"}],"curies":[{"name":"wp","href":"https:\/\/api.w.org\/{rel}","templated":true}]}}