{"id":50137,"date":"2020-12-29T14:09:40","date_gmt":"2020-12-29T20:09:40","guid":{"rendered":"http:\/\/www.aliados17.com\/?p=50137"},"modified":"2020-12-29T14:09:40","modified_gmt":"2020-12-29T20:09:40","slug":"consolida-puebla-estrategias-para-prevenir-la-violencia-de-genero","status":"publish","type":"post","link":"https:\/\/www.aliadospuebla.com\/?p=50137","title":{"rendered":"Consolida Puebla estrategias para prevenir la violencia de g\u00e9nero"},"content":{"rendered":"<p style=\"font-weight: 400;\">El Gobierno del Estado promueve la aplicaci\u00f3n de pol\u00edticas p\u00fablicas que contribuyan a eliminar la violencia contra las mujeres y ni\u00f1as en la toda entidad, sin distinci\u00f3n alguna. Para dar a conocer los avances en dichas estrategias, la Secretar\u00eda de Igualdad Sustantiva (SIS) llev\u00f3 a cabo la Tercera Sesi\u00f3n Ordinaria del Sistema Estatal para Prevenir, Atender, Sancionar y Erradicar la Violencia contra las Mujeres, en compa\u00f1\u00eda del presidente ejecutivo del sistema, David M\u00e9ndez M\u00e1rquez, secretario de Gobernaci\u00f3n.<\/p>\n<p style=\"font-weight: 400;\">De manera virtual, la SIS present\u00f3 ante las y los integrantes de este sistema, el Plan Estrat\u00e9gico para Prevenir y Atender la Violencia a Mujeres, J\u00f3venes y Ni\u00f1as Ind\u00edgenas, en el que colabor\u00f3 con el Instituto Poblano de Pueblos Ind\u00edgenas para la generaci\u00f3n de pol\u00edticas p\u00fablicas, programas, proyectos y acciones en condiciones en igualdad, equidad y no discriminaci\u00f3n que abonen al reconocimiento de los derechos de las mujeres que forman parte de la poblaci\u00f3n ind\u00edgena, as\u00ed como la difusi\u00f3n de los mecanismos que ser\u00e1n ejercidos para promover su desarrollo integral.<\/p>\n<p style=\"font-weight: 400;\">Asimismo, la dependencia expuso los avances en el Programa de Apoyo a las Instancias de Mujeres en las Entidades Federativas (PAIMEF) 2020, denominado \u201cNo est\u00e1s sola\u201d, operado con el apoyo del Instituto Nacional de Desarrollo Social (INDESOL). El objetivo del programa fue lograr que m\u00e1s mujeres accedieran a su derecho a vivir libres de violencia, haciendo uso de los servicios de atenci\u00f3n psicol\u00f3gica, jur\u00eddica y en trabajo social otorgadas por la SIS.<\/p>\n<p style=\"font-weight: 400;\">De igual manera, con \u201cNo est\u00e1s sola\u201d la Secretar\u00eda promovi\u00f3 la creaci\u00f3n de redes ciudadanas que ofrecieran apoyo a mujeres ante cualquier situaci\u00f3n de riesgo e inaugur\u00f3 cinco Unidades de Atenci\u00f3n a la Mujer (UAM), en los municipios de Coyomeapan, Atlixco, Santa Clara Ocoyucan, Cuetzalan y Xicotepec, para contribuir a la prevenci\u00f3n y erradicaci\u00f3n de la violencia otorgando servicios de asesor\u00eda a mujeres.<\/p>\n<p style=\"font-weight: 400;\">Con estas acciones, la Secretar\u00eda de Igualdad Sustantiva busca que el mensaje de prevenci\u00f3n, atenci\u00f3n, sanci\u00f3n y erradicaci\u00f3n de la violencia contra las mujeres llegue a m\u00e1s espacios, para lograr que en su totalidad las poblanas sean due\u00f1as de sus cuerpos, recursos, tiempo e intelecto, y vivan en completo ejercicio de sus derechos humanos.<\/p>\n","protected":false},"excerpt":{"rendered":"<p>El Gobierno del Estado promueve la aplicaci\u00f3n de pol\u00edticas p\u00fablicas que contribuyan a eliminar la violencia contra las mujeres y ni\u00f1as en la toda entidad, sin distinci\u00f3n alguna. Para dar a conocer los avances en dichas estrategias, la Secretar\u00eda de Igualdad Sustantiva (SIS) llev\u00f3 a cabo la Tercera Sesi\u00f3n Ordinaria del Sistema Estatal para Prevenir, Atender, Sancionar y Erradicar la Violencia contra las Mujeres, en compa\u00f1\u00eda del presidente ejecutivo del sistema, David M\u00e9ndez M\u00e1rquez, secretario de Gobernaci\u00f3n. De manera virtual, la SIS present\u00f3 ante las y los integrantes de este sistema, el Plan Estrat\u00e9gico para Prevenir y Atender la Violencia a Mujeres, J\u00f3venes y Ni\u00f1as Ind\u00edgenas, en el que colabor\u00f3 con el Instituto Poblano de Pueblos Ind\u00edgenas para la generaci\u00f3n de pol\u00edticas p\u00fablicas, programas, proyectos&hellip;<\/p>\n<p class=\"excerpt-more\"><a class=\"blog-excerpt button\" href=\"https:\/\/www.aliadospuebla.com\/?p=50137\">Leer m\u00e1s&#8230;<\/a><\/p>\n","protected":false},"author":3,"featured_media":50138,"comment_status":"open","ping_status":"open","sticky":false,"template":"","format":"standard","meta":{"_monsterinsights_skip_tracking":false,"footnotes":""},"categories":[6],"tags":[171,56,8367,850,666,77,72,3002],"class_list":["post-50137","post","type-post","status-publish","format-standard","has-post-thumbnail","hentry","category-politica","tag-ayuntamiento","tag-capital","tag-marco-mena","tag-miguel-barbosa","tag-morena","tag-municipios","tag-puebla","tag-regidores"],"yoast_head":"<!-- This site is optimized with the Yoast SEO plugin v28.4 - https:\/\/yoast.com\/product\/yoast-seo-wordpress\/ -->\n<title>Consolida Puebla estrategias para prevenir la violencia de g\u00e9nero - AliadosPuebla<\/title>\n<meta name=\"robots\" content=\"index, follow, max-snippet:-1, max-image-preview:large, max-video-preview:-1\" \/>\n<link rel=\"canonical\" href=\"https:\/\/www.aliadospuebla.com\/?p=50137\" \/>\n<meta property=\"og:locale\" content=\"es_ES\" \/>\n<meta property=\"og:type\" content=\"article\" \/>\n<meta property=\"og:title\" content=\"Consolida Puebla estrategias para prevenir la violencia de g\u00e9nero - AliadosPuebla\" \/>\n<meta property=\"og:description\" content=\"El Gobierno del Estado promueve la aplicaci\u00f3n de pol\u00edticas p\u00fablicas que contribuyan a eliminar la violencia contra las mujeres y ni\u00f1as en la toda entidad, sin distinci\u00f3n alguna. Para dar a conocer los avances en dichas estrategias, la Secretar\u00eda de Igualdad Sustantiva (SIS) llev\u00f3 a cabo la Tercera Sesi\u00f3n Ordinaria del Sistema Estatal para Prevenir, Atender, Sancionar y Erradicar la Violencia contra las Mujeres, en compa\u00f1\u00eda del presidente ejecutivo del sistema, David M\u00e9ndez M\u00e1rquez, secretario de Gobernaci\u00f3n. De manera virtual, la SIS present\u00f3 ante las y los integrantes de este sistema, el Plan Estrat\u00e9gico para Prevenir y Atender la Violencia a Mujeres, J\u00f3venes y Ni\u00f1as Ind\u00edgenas, en el que colabor\u00f3 con el Instituto Poblano de Pueblos Ind\u00edgenas para la generaci\u00f3n de pol\u00edticas p\u00fablicas, programas, proyectos&hellip;Leer m\u00e1s...\" \/>\n<meta property=\"og:url\" content=\"https:\/\/www.aliadospuebla.com\/?p=50137\" \/>\n<meta property=\"og:site_name\" content=\"AliadosPuebla\" \/>\n<meta property=\"article:published_time\" content=\"2020-12-29T20:09:40+00:00\" \/>\n<meta property=\"og:image\" content=\"https:\/\/www.aliadospuebla.com\/web2017\/wp-content\/uploads\/2020\/12\/CONGRESO-3.jpg\" \/>\n\t<meta property=\"og:image:width\" content=\"600\" \/>\n\t<meta property=\"og:image:height\" content=\"450\" \/>\n\t<meta property=\"og:image:type\" content=\"image\/jpeg\" \/>\n<meta name=\"author\" content=\"Aliados Videos\" \/>\n<meta name=\"twitter:card\" content=\"summary_large_image\" \/>\n<meta name=\"twitter:label1\" content=\"Escrito por\" \/>\n\t<meta name=\"twitter:data1\" content=\"Aliados Videos\" \/>\n\t<meta name=\"twitter:label2\" content=\"Tiempo de lectura\" \/>\n\t<meta name=\"twitter:data2\" content=\"2 minutos\" \/>\n<script type=\"application\/ld+json\" class=\"yoast-schema-graph\">{\"@context\":\"https:\\\/\\\/schema.org\",\"@graph\":[{\"@type\":\"Article\",\"@id\":\"https:\\\/\\\/www.aliadospuebla.com\\\/?p=50137#article\",\"isPartOf\":{\"@id\":\"https:\\\/\\\/www.aliadospuebla.com\\\/?p=50137\"},\"author\":{\"name\":\"Aliados Videos\",\"@id\":\"https:\\\/\\\/www.aliadospuebla.com\\\/#\\\/schema\\\/person\\\/0fd017f23cc5c3f7988d5d58850eec8e\"},\"headline\":\"Consolida Puebla estrategias para prevenir la violencia de g\u00e9nero\",\"datePublished\":\"2020-12-29T20:09:40+00:00\",\"mainEntityOfPage\":{\"@id\":\"https:\\\/\\\/www.aliadospuebla.com\\\/?p=50137\"},\"wordCount\":409,\"commentCount\":0,\"image\":{\"@id\":\"https:\\\/\\\/www.aliadospuebla.com\\\/?p=50137#primaryimage\"},\"thumbnailUrl\":\"https:\\\/\\\/www.aliadospuebla.com\\\/web2017\\\/wp-content\\\/uploads\\\/2020\\\/12\\\/CONGRESO-3.jpg\",\"keywords\":[\"Ayuntamiento\",\"capital\",\"MARCO MENA\",\"MIGUEL BARBOSA\",\"MORENA\",\"Municipios\",\"Puebla\",\"REGIDORES\"],\"articleSection\":[\"Pol\u00edtica\"],\"inLanguage\":\"es\",\"potentialAction\":[{\"@type\":\"CommentAction\",\"name\":\"Comment\",\"target\":[\"https:\\\/\\\/www.aliadospuebla.com\\\/?p=50137#respond\"]}]},{\"@type\":\"WebPage\",\"@id\":\"https:\\\/\\\/www.aliadospuebla.com\\\/?p=50137\",\"url\":\"https:\\\/\\\/www.aliadospuebla.com\\\/?p=50137\",\"name\":\"Consolida Puebla estrategias para prevenir la violencia de g\u00e9nero - AliadosPuebla\",\"isPartOf\":{\"@id\":\"https:\\\/\\\/www.aliadospuebla.com\\\/#website\"},\"primaryImageOfPage\":{\"@id\":\"https:\\\/\\\/www.aliadospuebla.com\\\/?p=50137#primaryimage\"},\"image\":{\"@id\":\"https:\\\/\\\/www.aliadospuebla.com\\\/?p=50137#primaryimage\"},\"thumbnailUrl\":\"https:\\\/\\\/www.aliadospuebla.com\\\/web2017\\\/wp-content\\\/uploads\\\/2020\\\/12\\\/CONGRESO-3.jpg\",\"datePublished\":\"2020-12-29T20:09:40+00:00\",\"author\":{\"@id\":\"https:\\\/\\\/www.aliadospuebla.com\\\/#\\\/schema\\\/person\\\/0fd017f23cc5c3f7988d5d58850eec8e\"},\"breadcrumb\":{\"@id\":\"https:\\\/\\\/www.aliadospuebla.com\\\/?p=50137#breadcrumb\"},\"inLanguage\":\"es\",\"potentialAction\":[{\"@type\":\"ReadAction\",\"target\":[\"https:\\\/\\\/www.aliadospuebla.com\\\/?p=50137\"]}]},{\"@type\":\"ImageObject\",\"inLanguage\":\"es\",\"@id\":\"https:\\\/\\\/www.aliadospuebla.com\\\/?p=50137#primaryimage\",\"url\":\"https:\\\/\\\/www.aliadospuebla.com\\\/web2017\\\/wp-content\\\/uploads\\\/2020\\\/12\\\/CONGRESO-3.jpg\",\"contentUrl\":\"https:\\\/\\\/www.aliadospuebla.com\\\/web2017\\\/wp-content\\\/uploads\\\/2020\\\/12\\\/CONGRESO-3.jpg\",\"width\":600,\"height\":450},{\"@type\":\"BreadcrumbList\",\"@id\":\"https:\\\/\\\/www.aliadospuebla.com\\\/?p=50137#breadcrumb\",\"itemListElement\":[{\"@type\":\"ListItem\",\"position\":1,\"name\":\"Portada\",\"item\":\"https:\\\/\\\/www.aliadospuebla.com\\\/\"},{\"@type\":\"ListItem\",\"position\":2,\"name\":\"Consolida Puebla estrategias para prevenir la violencia de g\u00e9nero\"}]},{\"@type\":\"WebSite\",\"@id\":\"https:\\\/\\\/www.aliadospuebla.com\\\/#website\",\"url\":\"https:\\\/\\\/www.aliadospuebla.com\\\/\",\"name\":\"AliadosPuebla\",\"description\":\"La informaci\u00f3n en tus manos\",\"potentialAction\":[{\"@type\":\"SearchAction\",\"target\":{\"@type\":\"EntryPoint\",\"urlTemplate\":\"https:\\\/\\\/www.aliadospuebla.com\\\/?s={search_term_string}\"},\"query-input\":{\"@type\":\"PropertyValueSpecification\",\"valueRequired\":true,\"valueName\":\"search_term_string\"}}],\"inLanguage\":\"es\"},{\"@type\":\"Person\",\"@id\":\"https:\\\/\\\/www.aliadospuebla.com\\\/#\\\/schema\\\/person\\\/0fd017f23cc5c3f7988d5d58850eec8e\",\"name\":\"Aliados Videos\",\"image\":{\"@type\":\"ImageObject\",\"inLanguage\":\"es\",\"@id\":\"https:\\\/\\\/secure.gravatar.com\\\/avatar\\\/42b92de8b2d8339e1e824f3a73ab023a0bec0ee2e3920248085eb1f3160b4083?s=96&d=mm&r=g\",\"url\":\"https:\\\/\\\/secure.gravatar.com\\\/avatar\\\/42b92de8b2d8339e1e824f3a73ab023a0bec0ee2e3920248085eb1f3160b4083?s=96&d=mm&r=g\",\"contentUrl\":\"https:\\\/\\\/secure.gravatar.com\\\/avatar\\\/42b92de8b2d8339e1e824f3a73ab023a0bec0ee2e3920248085eb1f3160b4083?s=96&d=mm&r=g\",\"caption\":\"Aliados Videos\"},\"url\":\"https:\\\/\\\/www.aliadospuebla.com\\\/?author=3\"}]}<\/script>\n<!-- \/ Yoast SEO plugin. -->","yoast_head_json":{"title":"Consolida Puebla estrategias para prevenir la violencia de g\u00e9nero - AliadosPuebla","robots":{"index":"index","follow":"follow","max-snippet":"max-snippet:-1","max-image-preview":"max-image-preview:large","max-video-preview":"max-video-preview:-1"},"canonical":"https:\/\/www.aliadospuebla.com\/?p=50137","og_locale":"es_ES","og_type":"article","og_title":"Consolida Puebla estrategias para prevenir la violencia de g\u00e9nero - AliadosPuebla","og_description":"El Gobierno del Estado promueve la aplicaci\u00f3n de pol\u00edticas p\u00fablicas que contribuyan a eliminar la violencia contra las mujeres y ni\u00f1as en la toda entidad, sin distinci\u00f3n alguna. Para dar a conocer los avances en dichas estrategias, la Secretar\u00eda de Igualdad Sustantiva (SIS) llev\u00f3 a cabo la Tercera Sesi\u00f3n Ordinaria del Sistema Estatal para Prevenir, Atender, Sancionar y Erradicar la Violencia contra las Mujeres, en compa\u00f1\u00eda del presidente ejecutivo del sistema, David M\u00e9ndez M\u00e1rquez, secretario de Gobernaci\u00f3n. De manera virtual, la SIS present\u00f3 ante las y los integrantes de este sistema, el Plan Estrat\u00e9gico para Prevenir y Atender la Violencia a Mujeres, J\u00f3venes y Ni\u00f1as Ind\u00edgenas, en el que colabor\u00f3 con el Instituto Poblano de Pueblos Ind\u00edgenas para la generaci\u00f3n de pol\u00edticas p\u00fablicas, programas, proyectos&hellip;Leer m\u00e1s...","og_url":"https:\/\/www.aliadospuebla.com\/?p=50137","og_site_name":"AliadosPuebla","article_published_time":"2020-12-29T20:09:40+00:00","og_image":[{"width":600,"height":450,"url":"https:\/\/www.aliadospuebla.com\/web2017\/wp-content\/uploads\/2020\/12\/CONGRESO-3.jpg","type":"image\/jpeg"}],"author":"Aliados Videos","twitter_card":"summary_large_image","twitter_misc":{"Escrito por":"Aliados Videos","Tiempo de lectura":"2 minutos"},"schema":{"@context":"https:\/\/schema.org","@graph":[{"@type":"Article","@id":"https:\/\/www.aliadospuebla.com\/?p=50137#article","isPartOf":{"@id":"https:\/\/www.aliadospuebla.com\/?p=50137"},"author":{"name":"Aliados Videos","@id":"https:\/\/www.aliadospuebla.com\/#\/schema\/person\/0fd017f23cc5c3f7988d5d58850eec8e"},"headline":"Consolida Puebla estrategias para prevenir la violencia de g\u00e9nero","datePublished":"2020-12-29T20:09:40+00:00","mainEntityOfPage":{"@id":"https:\/\/www.aliadospuebla.com\/?p=50137"},"wordCount":409,"commentCount":0,"image":{"@id":"https:\/\/www.aliadospuebla.com\/?p=50137#primaryimage"},"thumbnailUrl":"https:\/\/www.aliadospuebla.com\/web2017\/wp-content\/uploads\/2020\/12\/CONGRESO-3.jpg","keywords":["Ayuntamiento","capital","MARCO MENA","MIGUEL BARBOSA","MORENA","Municipios","Puebla","REGIDORES"],"articleSection":["Pol\u00edtica"],"inLanguage":"es","potentialAction":[{"@type":"CommentAction","name":"Comment","target":["https:\/\/www.aliadospuebla.com\/?p=50137#respond"]}]},{"@type":"WebPage","@id":"https:\/\/www.aliadospuebla.com\/?p=50137","url":"https:\/\/www.aliadospuebla.com\/?p=50137","name":"Consolida Puebla estrategias para prevenir la violencia de g\u00e9nero - AliadosPuebla","isPartOf":{"@id":"https:\/\/www.aliadospuebla.com\/#website"},"primaryImageOfPage":{"@id":"https:\/\/www.aliadospuebla.com\/?p=50137#primaryimage"},"image":{"@id":"https:\/\/www.aliadospuebla.com\/?p=50137#primaryimage"},"thumbnailUrl":"https:\/\/www.aliadospuebla.com\/web2017\/wp-content\/uploads\/2020\/12\/CONGRESO-3.jpg","datePublished":"2020-12-29T20:09:40+00:00","author":{"@id":"https:\/\/www.aliadospuebla.com\/#\/schema\/person\/0fd017f23cc5c3f7988d5d58850eec8e"},"breadcrumb":{"@id":"https:\/\/www.aliadospuebla.com\/?p=50137#breadcrumb"},"inLanguage":"es","potentialAction":[{"@type":"ReadAction","target":["https:\/\/www.aliadospuebla.com\/?p=50137"]}]},{"@type":"ImageObject","inLanguage":"es","@id":"https:\/\/www.aliadospuebla.com\/?p=50137#primaryimage","url":"https:\/\/www.aliadospuebla.com\/web2017\/wp-content\/uploads\/2020\/12\/CONGRESO-3.jpg","contentUrl":"https:\/\/www.aliadospuebla.com\/web2017\/wp-content\/uploads\/2020\/12\/CONGRESO-3.jpg","width":600,"height":450},{"@type":"BreadcrumbList","@id":"https:\/\/www.aliadospuebla.com\/?p=50137#breadcrumb","itemListElement":[{"@type":"ListItem","position":1,"name":"Portada","item":"https:\/\/www.aliadospuebla.com\/"},{"@type":"ListItem","position":2,"name":"Consolida Puebla estrategias para prevenir la violencia de g\u00e9nero"}]},{"@type":"WebSite","@id":"https:\/\/www.aliadospuebla.com\/#website","url":"https:\/\/www.aliadospuebla.com\/","name":"AliadosPuebla","description":"La informaci\u00f3n en tus manos","potentialAction":[{"@type":"SearchAction","target":{"@type":"EntryPoint","urlTemplate":"https:\/\/www.aliadospuebla.com\/?s={search_term_string}"},"query-input":{"@type":"PropertyValueSpecification","valueRequired":true,"valueName":"search_term_string"}}],"inLanguage":"es"},{"@type":"Person","@id":"https:\/\/www.aliadospuebla.com\/#\/schema\/person\/0fd017f23cc5c3f7988d5d58850eec8e","name":"Aliados Videos","image":{"@type":"ImageObject","inLanguage":"es","@id":"https:\/\/secure.gravatar.com\/avatar\/42b92de8b2d8339e1e824f3a73ab023a0bec0ee2e3920248085eb1f3160b4083?s=96&d=mm&r=g","url":"https:\/\/secure.gravatar.com\/avatar\/42b92de8b2d8339e1e824f3a73ab023a0bec0ee2e3920248085eb1f3160b4083?s=96&d=mm&r=g","contentUrl":"https:\/\/secure.gravatar.com\/avatar\/42b92de8b2d8339e1e824f3a73ab023a0bec0ee2e3920248085eb1f3160b4083?s=96&d=mm&r=g","caption":"Aliados Videos"},"url":"https:\/\/www.aliadospuebla.com\/?author=3"}]}},"views":14,"_links":{"self":[{"href":"https:\/\/www.aliadospuebla.com\/index.php?rest_route=\/wp\/v2\/posts\/50137","targetHints":{"allow":["GET"]}}],"collection":[{"href":"https:\/\/www.aliadospuebla.com\/index.php?rest_route=\/wp\/v2\/posts"}],"about":[{"href":"https:\/\/www.aliadospuebla.com\/index.php?rest_route=\/wp\/v2\/types\/post"}],"author":[{"embeddable":true,"href":"https:\/\/www.aliadospuebla.com\/index.php?rest_route=\/wp\/v2\/users\/3"}],"replies":[{"embeddable":true,"href":"https:\/\/www.aliadospuebla.com\/index.php?rest_route=%2Fwp%2Fv2%2Fcomments&post=50137"}],"version-history":[{"count":1,"href":"https:\/\/www.aliadospuebla.com\/index.php?rest_route=\/wp\/v2\/posts\/50137\/revisions"}],"predecessor-version":[{"id":50139,"href":"https:\/\/www.aliadospuebla.com\/index.php?rest_route=\/wp\/v2\/posts\/50137\/revisions\/50139"}],"wp:featuredmedia":[{"embeddable":true,"href":"https:\/\/www.aliadospuebla.com\/index.php?rest_route=\/wp\/v2\/media\/50138"}],"wp:attachment":[{"href":"https:\/\/www.aliadospuebla.com\/index.php?rest_route=%2Fwp%2Fv2%2Fmedia&parent=50137"}],"wp:term":[{"taxonomy":"category","embeddable":true,"href":"https:\/\/www.aliadospuebla.com\/index.php?rest_route=%2Fwp%2Fv2%2Fcategories&post=50137"},{"taxonomy":"post_tag","embeddable":true,"href":"https:\/\/www.aliadospuebla.com\/index.php?rest_route=%2Fwp%2Fv2%2Ftags&post=50137"}],"curies":[{"name":"wp","href":"https:\/\/api.w.org\/{rel}","templated":true}]}}