{"id":50092,"date":"2020-12-28T18:20:46","date_gmt":"2020-12-29T00:20:46","guid":{"rendered":"http:\/\/www.aliados17.com\/?p=50092"},"modified":"2020-12-28T18:20:46","modified_gmt":"2020-12-29T00:20:46","slug":"el-ine-alerta-a-los-jovenes-el-10-de-febrero-ultimo-dia-para-inscribirse","status":"publish","type":"post","link":"https:\/\/www.aliadospuebla.com\/?p=50092","title":{"rendered":"EL INE ALERTA A LOS J\u00d3VENES: EL 10 DE FEBRERO,    \u00daLTIMO D\u00cdA PARA INSCRIBIRSE"},"content":{"rendered":"<p style=\"font-weight: 400;\">El Instituto Nacional Electoral (INE) alerta a las y los j\u00f3venes que tengan 18 a\u00f1os de edad o los cumplan a m\u00e1s tardar el 6 de junio del 2021, para que soliciten su inscripci\u00f3n al Padr\u00f3n Electoral, a m\u00e1s tardar el 10 de febrero, porque el plazo se termina ese d\u00eda y no habr\u00e1 pr\u00f3rroga.<\/p>\n<p style=\"font-weight: 400;\">La Junta Local Ejecutiva del INE en Puebla hace una invitaci\u00f3n a las y los j\u00f3venes que cumplan la mayor\u00eda de edad y a\u00fan no hayan solicitado su incorporaci\u00f3n al Padr\u00f3n Electoral, para que lo hagan a la brevedad posible, ya que el plazo se vence el pr\u00f3ximo 10 de febrero y no habr\u00e1 pr\u00f3rroga.<\/p>\n<p style=\"font-weight: 400;\">Al respecto, el INE se\u00f1al\u00f3 que resulta de gran importancia que las y los j\u00f3venes que van adquiriendo la categor\u00eda de ciudadanos, se incorporen al Padr\u00f3n Electoral y obtengan su primera Credencial para Votar, a fin de que sean part\u00edcipes y hagan valer su opini\u00f3n en la m\u00e1s grande elecci\u00f3n en la historia de M\u00e9xico, a realizarse el 6 de junio.<\/p>\n<p style=\"font-weight: 400;\">Para ello, deben solicitar una cita al m\u00f3dulo del INE de su preferencia, llamando a INEtel, al 800 433 2000 o en la p\u00e1gina electr\u00f3nica\u00a0<a href=\"http:\/\/ine.mx\/\" data-saferedirecturl=\"https:\/\/www.google.com\/url?q=http:\/\/ine.mx&amp;source=gmail&amp;ust=1609287472530000&amp;usg=AFQjCNF07_cBSB2RfgXOp9DANG7e6E4WYA\">ine.mx<\/a>, acudir puntuales con su acta de nacimiento, un comprobante de domicilio que no tenga m\u00e1s de tres meses y una identificaci\u00f3n con fotograf\u00eda. Finalmente, el INE reiter\u00f3 que, de no inscribirse a m\u00e1s tardar el 10 de febrero, las y los j\u00f3venes no podr\u00e1n tener su Credencial para Votar, sino hasta despu\u00e9s de las elecciones y quedar\u00e1n imposibilitados para participar en la Jornada electoral del 6 de junio.<strong>\u00a0\u00a0<\/strong><\/p>\n","protected":false},"excerpt":{"rendered":"<p>El Instituto Nacional Electoral (INE) alerta a las y los j\u00f3venes que tengan 18 a\u00f1os de edad o los cumplan a m\u00e1s tardar el 6 de junio del 2021, para que soliciten su inscripci\u00f3n al Padr\u00f3n Electoral, a m\u00e1s tardar el 10 de febrero, porque el plazo se termina ese d\u00eda y no habr\u00e1 pr\u00f3rroga. La Junta Local Ejecutiva del INE en Puebla hace una invitaci\u00f3n a las y los j\u00f3venes que cumplan la mayor\u00eda de edad y a\u00fan no hayan solicitado su incorporaci\u00f3n al Padr\u00f3n Electoral, para que lo hagan a la brevedad posible, ya que el plazo se vence el pr\u00f3ximo 10 de febrero y no habr\u00e1 pr\u00f3rroga. Al respecto, el INE se\u00f1al\u00f3 que resulta de gran importancia que las y los j\u00f3venes&hellip;<\/p>\n<p class=\"excerpt-more\"><a class=\"blog-excerpt button\" href=\"https:\/\/www.aliadospuebla.com\/?p=50092\">Leer m\u00e1s&#8230;<\/a><\/p>\n","protected":false},"author":3,"featured_media":50093,"comment_status":"open","ping_status":"open","sticky":false,"template":"","format":"standard","meta":{"_monsterinsights_skip_tracking":false,"footnotes":""},"categories":[6],"tags":[56,1008,273,8367,77,72,3002],"class_list":["post-50092","post","type-post","status-publish","format-standard","has-post-thumbnail","hentry","category-politica","tag-capital","tag-iee","tag-ine","tag-marco-mena","tag-municipios","tag-puebla","tag-regidores"],"yoast_head":"<!-- This site is optimized with the Yoast SEO plugin v28.4 - https:\/\/yoast.com\/product\/yoast-seo-wordpress\/ -->\n<title>EL INE ALERTA A LOS J\u00d3VENES: EL 10 DE FEBRERO,  \u00daLTIMO D\u00cdA PARA INSCRIBIRSE - AliadosPuebla<\/title>\n<meta name=\"robots\" content=\"index, follow, max-snippet:-1, max-image-preview:large, max-video-preview:-1\" \/>\n<link rel=\"canonical\" href=\"https:\/\/www.aliadospuebla.com\/?p=50092\" \/>\n<meta property=\"og:locale\" content=\"es_ES\" \/>\n<meta property=\"og:type\" content=\"article\" \/>\n<meta property=\"og:title\" content=\"EL INE ALERTA A LOS J\u00d3VENES: EL 10 DE FEBRERO,  \u00daLTIMO D\u00cdA PARA INSCRIBIRSE - AliadosPuebla\" \/>\n<meta property=\"og:description\" content=\"El Instituto Nacional Electoral (INE) alerta a las y los j\u00f3venes que tengan 18 a\u00f1os de edad o los cumplan a m\u00e1s tardar el 6 de junio del 2021, para que soliciten su inscripci\u00f3n al Padr\u00f3n Electoral, a m\u00e1s tardar el 10 de febrero, porque el plazo se termina ese d\u00eda y no habr\u00e1 pr\u00f3rroga. La Junta Local Ejecutiva del INE en Puebla hace una invitaci\u00f3n a las y los j\u00f3venes que cumplan la mayor\u00eda de edad y a\u00fan no hayan solicitado su incorporaci\u00f3n al Padr\u00f3n Electoral, para que lo hagan a la brevedad posible, ya que el plazo se vence el pr\u00f3ximo 10 de febrero y no habr\u00e1 pr\u00f3rroga. Al respecto, el INE se\u00f1al\u00f3 que resulta de gran importancia que las y los j\u00f3venes&hellip;Leer m\u00e1s...\" \/>\n<meta property=\"og:url\" content=\"https:\/\/www.aliadospuebla.com\/?p=50092\" \/>\n<meta property=\"og:site_name\" content=\"AliadosPuebla\" \/>\n<meta property=\"article:published_time\" content=\"2020-12-29T00:20:46+00:00\" \/>\n<meta property=\"og:image\" content=\"https:\/\/www.aliadospuebla.com\/web2017\/wp-content\/uploads\/2020\/12\/INE-1.jpg\" \/>\n\t<meta property=\"og:image:width\" content=\"600\" \/>\n\t<meta property=\"og:image:height\" content=\"450\" \/>\n\t<meta property=\"og:image:type\" content=\"image\/jpeg\" \/>\n<meta name=\"author\" content=\"Aliados Videos\" \/>\n<meta name=\"twitter:card\" content=\"summary_large_image\" \/>\n<meta name=\"twitter:label1\" content=\"Escrito por\" \/>\n\t<meta name=\"twitter:data1\" content=\"Aliados Videos\" \/>\n\t<meta name=\"twitter:label2\" content=\"Tiempo de lectura\" \/>\n\t<meta name=\"twitter:data2\" content=\"1 minuto\" \/>\n<script type=\"application\/ld+json\" class=\"yoast-schema-graph\">{\"@context\":\"https:\\\/\\\/schema.org\",\"@graph\":[{\"@type\":\"Article\",\"@id\":\"https:\\\/\\\/www.aliadospuebla.com\\\/?p=50092#article\",\"isPartOf\":{\"@id\":\"https:\\\/\\\/www.aliadospuebla.com\\\/?p=50092\"},\"author\":{\"name\":\"Aliados Videos\",\"@id\":\"https:\\\/\\\/www.aliadospuebla.com\\\/#\\\/schema\\\/person\\\/0fd017f23cc5c3f7988d5d58850eec8e\"},\"headline\":\"EL INE ALERTA A LOS J\u00d3VENES: EL 10 DE FEBRERO, \u00daLTIMO D\u00cdA PARA INSCRIBIRSE\",\"datePublished\":\"2020-12-29T00:20:46+00:00\",\"mainEntityOfPage\":{\"@id\":\"https:\\\/\\\/www.aliadospuebla.com\\\/?p=50092\"},\"wordCount\":306,\"commentCount\":0,\"image\":{\"@id\":\"https:\\\/\\\/www.aliadospuebla.com\\\/?p=50092#primaryimage\"},\"thumbnailUrl\":\"https:\\\/\\\/www.aliadospuebla.com\\\/web2017\\\/wp-content\\\/uploads\\\/2020\\\/12\\\/INE-1.jpg\",\"keywords\":[\"capital\",\"IEE\",\"INE\",\"MARCO MENA\",\"Municipios\",\"Puebla\",\"REGIDORES\"],\"articleSection\":[\"Pol\u00edtica\"],\"inLanguage\":\"es\",\"potentialAction\":[{\"@type\":\"CommentAction\",\"name\":\"Comment\",\"target\":[\"https:\\\/\\\/www.aliadospuebla.com\\\/?p=50092#respond\"]}]},{\"@type\":\"WebPage\",\"@id\":\"https:\\\/\\\/www.aliadospuebla.com\\\/?p=50092\",\"url\":\"https:\\\/\\\/www.aliadospuebla.com\\\/?p=50092\",\"name\":\"EL INE ALERTA A LOS J\u00d3VENES: EL 10 DE FEBRERO, \u00daLTIMO D\u00cdA PARA INSCRIBIRSE - AliadosPuebla\",\"isPartOf\":{\"@id\":\"https:\\\/\\\/www.aliadospuebla.com\\\/#website\"},\"primaryImageOfPage\":{\"@id\":\"https:\\\/\\\/www.aliadospuebla.com\\\/?p=50092#primaryimage\"},\"image\":{\"@id\":\"https:\\\/\\\/www.aliadospuebla.com\\\/?p=50092#primaryimage\"},\"thumbnailUrl\":\"https:\\\/\\\/www.aliadospuebla.com\\\/web2017\\\/wp-content\\\/uploads\\\/2020\\\/12\\\/INE-1.jpg\",\"datePublished\":\"2020-12-29T00:20:46+00:00\",\"author\":{\"@id\":\"https:\\\/\\\/www.aliadospuebla.com\\\/#\\\/schema\\\/person\\\/0fd017f23cc5c3f7988d5d58850eec8e\"},\"breadcrumb\":{\"@id\":\"https:\\\/\\\/www.aliadospuebla.com\\\/?p=50092#breadcrumb\"},\"inLanguage\":\"es\",\"potentialAction\":[{\"@type\":\"ReadAction\",\"target\":[\"https:\\\/\\\/www.aliadospuebla.com\\\/?p=50092\"]}]},{\"@type\":\"ImageObject\",\"inLanguage\":\"es\",\"@id\":\"https:\\\/\\\/www.aliadospuebla.com\\\/?p=50092#primaryimage\",\"url\":\"https:\\\/\\\/www.aliadospuebla.com\\\/web2017\\\/wp-content\\\/uploads\\\/2020\\\/12\\\/INE-1.jpg\",\"contentUrl\":\"https:\\\/\\\/www.aliadospuebla.com\\\/web2017\\\/wp-content\\\/uploads\\\/2020\\\/12\\\/INE-1.jpg\",\"width\":600,\"height\":450},{\"@type\":\"BreadcrumbList\",\"@id\":\"https:\\\/\\\/www.aliadospuebla.com\\\/?p=50092#breadcrumb\",\"itemListElement\":[{\"@type\":\"ListItem\",\"position\":1,\"name\":\"Portada\",\"item\":\"https:\\\/\\\/www.aliadospuebla.com\\\/\"},{\"@type\":\"ListItem\",\"position\":2,\"name\":\"EL INE ALERTA A LOS J\u00d3VENES: EL 10 DE FEBRERO, \u00daLTIMO D\u00cdA PARA INSCRIBIRSE\"}]},{\"@type\":\"WebSite\",\"@id\":\"https:\\\/\\\/www.aliadospuebla.com\\\/#website\",\"url\":\"https:\\\/\\\/www.aliadospuebla.com\\\/\",\"name\":\"AliadosPuebla\",\"description\":\"La informaci\u00f3n en tus manos\",\"potentialAction\":[{\"@type\":\"SearchAction\",\"target\":{\"@type\":\"EntryPoint\",\"urlTemplate\":\"https:\\\/\\\/www.aliadospuebla.com\\\/?s={search_term_string}\"},\"query-input\":{\"@type\":\"PropertyValueSpecification\",\"valueRequired\":true,\"valueName\":\"search_term_string\"}}],\"inLanguage\":\"es\"},{\"@type\":\"Person\",\"@id\":\"https:\\\/\\\/www.aliadospuebla.com\\\/#\\\/schema\\\/person\\\/0fd017f23cc5c3f7988d5d58850eec8e\",\"name\":\"Aliados Videos\",\"image\":{\"@type\":\"ImageObject\",\"inLanguage\":\"es\",\"@id\":\"https:\\\/\\\/secure.gravatar.com\\\/avatar\\\/42b92de8b2d8339e1e824f3a73ab023a0bec0ee2e3920248085eb1f3160b4083?s=96&d=mm&r=g\",\"url\":\"https:\\\/\\\/secure.gravatar.com\\\/avatar\\\/42b92de8b2d8339e1e824f3a73ab023a0bec0ee2e3920248085eb1f3160b4083?s=96&d=mm&r=g\",\"contentUrl\":\"https:\\\/\\\/secure.gravatar.com\\\/avatar\\\/42b92de8b2d8339e1e824f3a73ab023a0bec0ee2e3920248085eb1f3160b4083?s=96&d=mm&r=g\",\"caption\":\"Aliados Videos\"},\"url\":\"https:\\\/\\\/www.aliadospuebla.com\\\/?author=3\"}]}<\/script>\n<!-- \/ Yoast SEO plugin. -->","yoast_head_json":{"title":"EL INE ALERTA A LOS J\u00d3VENES: EL 10 DE FEBRERO,  \u00daLTIMO D\u00cdA PARA INSCRIBIRSE - AliadosPuebla","robots":{"index":"index","follow":"follow","max-snippet":"max-snippet:-1","max-image-preview":"max-image-preview:large","max-video-preview":"max-video-preview:-1"},"canonical":"https:\/\/www.aliadospuebla.com\/?p=50092","og_locale":"es_ES","og_type":"article","og_title":"EL INE ALERTA A LOS J\u00d3VENES: EL 10 DE FEBRERO,  \u00daLTIMO D\u00cdA PARA INSCRIBIRSE - AliadosPuebla","og_description":"El Instituto Nacional Electoral (INE) alerta a las y los j\u00f3venes que tengan 18 a\u00f1os de edad o los cumplan a m\u00e1s tardar el 6 de junio del 2021, para que soliciten su inscripci\u00f3n al Padr\u00f3n Electoral, a m\u00e1s tardar el 10 de febrero, porque el plazo se termina ese d\u00eda y no habr\u00e1 pr\u00f3rroga. La Junta Local Ejecutiva del INE en Puebla hace una invitaci\u00f3n a las y los j\u00f3venes que cumplan la mayor\u00eda de edad y a\u00fan no hayan solicitado su incorporaci\u00f3n al Padr\u00f3n Electoral, para que lo hagan a la brevedad posible, ya que el plazo se vence el pr\u00f3ximo 10 de febrero y no habr\u00e1 pr\u00f3rroga. Al respecto, el INE se\u00f1al\u00f3 que resulta de gran importancia que las y los j\u00f3venes&hellip;Leer m\u00e1s...","og_url":"https:\/\/www.aliadospuebla.com\/?p=50092","og_site_name":"AliadosPuebla","article_published_time":"2020-12-29T00:20:46+00:00","og_image":[{"width":600,"height":450,"url":"https:\/\/www.aliadospuebla.com\/web2017\/wp-content\/uploads\/2020\/12\/INE-1.jpg","type":"image\/jpeg"}],"author":"Aliados Videos","twitter_card":"summary_large_image","twitter_misc":{"Escrito por":"Aliados Videos","Tiempo de lectura":"1 minuto"},"schema":{"@context":"https:\/\/schema.org","@graph":[{"@type":"Article","@id":"https:\/\/www.aliadospuebla.com\/?p=50092#article","isPartOf":{"@id":"https:\/\/www.aliadospuebla.com\/?p=50092"},"author":{"name":"Aliados Videos","@id":"https:\/\/www.aliadospuebla.com\/#\/schema\/person\/0fd017f23cc5c3f7988d5d58850eec8e"},"headline":"EL INE ALERTA A LOS J\u00d3VENES: EL 10 DE FEBRERO, \u00daLTIMO D\u00cdA PARA INSCRIBIRSE","datePublished":"2020-12-29T00:20:46+00:00","mainEntityOfPage":{"@id":"https:\/\/www.aliadospuebla.com\/?p=50092"},"wordCount":306,"commentCount":0,"image":{"@id":"https:\/\/www.aliadospuebla.com\/?p=50092#primaryimage"},"thumbnailUrl":"https:\/\/www.aliadospuebla.com\/web2017\/wp-content\/uploads\/2020\/12\/INE-1.jpg","keywords":["capital","IEE","INE","MARCO MENA","Municipios","Puebla","REGIDORES"],"articleSection":["Pol\u00edtica"],"inLanguage":"es","potentialAction":[{"@type":"CommentAction","name":"Comment","target":["https:\/\/www.aliadospuebla.com\/?p=50092#respond"]}]},{"@type":"WebPage","@id":"https:\/\/www.aliadospuebla.com\/?p=50092","url":"https:\/\/www.aliadospuebla.com\/?p=50092","name":"EL INE ALERTA A LOS J\u00d3VENES: EL 10 DE FEBRERO, \u00daLTIMO D\u00cdA PARA INSCRIBIRSE - AliadosPuebla","isPartOf":{"@id":"https:\/\/www.aliadospuebla.com\/#website"},"primaryImageOfPage":{"@id":"https:\/\/www.aliadospuebla.com\/?p=50092#primaryimage"},"image":{"@id":"https:\/\/www.aliadospuebla.com\/?p=50092#primaryimage"},"thumbnailUrl":"https:\/\/www.aliadospuebla.com\/web2017\/wp-content\/uploads\/2020\/12\/INE-1.jpg","datePublished":"2020-12-29T00:20:46+00:00","author":{"@id":"https:\/\/www.aliadospuebla.com\/#\/schema\/person\/0fd017f23cc5c3f7988d5d58850eec8e"},"breadcrumb":{"@id":"https:\/\/www.aliadospuebla.com\/?p=50092#breadcrumb"},"inLanguage":"es","potentialAction":[{"@type":"ReadAction","target":["https:\/\/www.aliadospuebla.com\/?p=50092"]}]},{"@type":"ImageObject","inLanguage":"es","@id":"https:\/\/www.aliadospuebla.com\/?p=50092#primaryimage","url":"https:\/\/www.aliadospuebla.com\/web2017\/wp-content\/uploads\/2020\/12\/INE-1.jpg","contentUrl":"https:\/\/www.aliadospuebla.com\/web2017\/wp-content\/uploads\/2020\/12\/INE-1.jpg","width":600,"height":450},{"@type":"BreadcrumbList","@id":"https:\/\/www.aliadospuebla.com\/?p=50092#breadcrumb","itemListElement":[{"@type":"ListItem","position":1,"name":"Portada","item":"https:\/\/www.aliadospuebla.com\/"},{"@type":"ListItem","position":2,"name":"EL INE ALERTA A LOS J\u00d3VENES: EL 10 DE FEBRERO, \u00daLTIMO D\u00cdA PARA INSCRIBIRSE"}]},{"@type":"WebSite","@id":"https:\/\/www.aliadospuebla.com\/#website","url":"https:\/\/www.aliadospuebla.com\/","name":"AliadosPuebla","description":"La informaci\u00f3n en tus manos","potentialAction":[{"@type":"SearchAction","target":{"@type":"EntryPoint","urlTemplate":"https:\/\/www.aliadospuebla.com\/?s={search_term_string}"},"query-input":{"@type":"PropertyValueSpecification","valueRequired":true,"valueName":"search_term_string"}}],"inLanguage":"es"},{"@type":"Person","@id":"https:\/\/www.aliadospuebla.com\/#\/schema\/person\/0fd017f23cc5c3f7988d5d58850eec8e","name":"Aliados Videos","image":{"@type":"ImageObject","inLanguage":"es","@id":"https:\/\/secure.gravatar.com\/avatar\/42b92de8b2d8339e1e824f3a73ab023a0bec0ee2e3920248085eb1f3160b4083?s=96&d=mm&r=g","url":"https:\/\/secure.gravatar.com\/avatar\/42b92de8b2d8339e1e824f3a73ab023a0bec0ee2e3920248085eb1f3160b4083?s=96&d=mm&r=g","contentUrl":"https:\/\/secure.gravatar.com\/avatar\/42b92de8b2d8339e1e824f3a73ab023a0bec0ee2e3920248085eb1f3160b4083?s=96&d=mm&r=g","caption":"Aliados Videos"},"url":"https:\/\/www.aliadospuebla.com\/?author=3"}]}},"views":15,"_links":{"self":[{"href":"https:\/\/www.aliadospuebla.com\/index.php?rest_route=\/wp\/v2\/posts\/50092","targetHints":{"allow":["GET"]}}],"collection":[{"href":"https:\/\/www.aliadospuebla.com\/index.php?rest_route=\/wp\/v2\/posts"}],"about":[{"href":"https:\/\/www.aliadospuebla.com\/index.php?rest_route=\/wp\/v2\/types\/post"}],"author":[{"embeddable":true,"href":"https:\/\/www.aliadospuebla.com\/index.php?rest_route=\/wp\/v2\/users\/3"}],"replies":[{"embeddable":true,"href":"https:\/\/www.aliadospuebla.com\/index.php?rest_route=%2Fwp%2Fv2%2Fcomments&post=50092"}],"version-history":[{"count":1,"href":"https:\/\/www.aliadospuebla.com\/index.php?rest_route=\/wp\/v2\/posts\/50092\/revisions"}],"predecessor-version":[{"id":50094,"href":"https:\/\/www.aliadospuebla.com\/index.php?rest_route=\/wp\/v2\/posts\/50092\/revisions\/50094"}],"wp:featuredmedia":[{"embeddable":true,"href":"https:\/\/www.aliadospuebla.com\/index.php?rest_route=\/wp\/v2\/media\/50093"}],"wp:attachment":[{"href":"https:\/\/www.aliadospuebla.com\/index.php?rest_route=%2Fwp%2Fv2%2Fmedia&parent=50092"}],"wp:term":[{"taxonomy":"category","embeddable":true,"href":"https:\/\/www.aliadospuebla.com\/index.php?rest_route=%2Fwp%2Fv2%2Fcategories&post=50092"},{"taxonomy":"post_tag","embeddable":true,"href":"https:\/\/www.aliadospuebla.com\/index.php?rest_route=%2Fwp%2Fv2%2Ftags&post=50092"}],"curies":[{"name":"wp","href":"https:\/\/api.w.org\/{rel}","templated":true}]}}