{"id":49845,"date":"2020-12-18T18:43:55","date_gmt":"2020-12-19T00:43:55","guid":{"rendered":"http:\/\/www.aliados17.com\/?p=49845"},"modified":"2020-12-18T18:43:55","modified_gmt":"2020-12-19T00:43:55","slug":"aprueba-consejo-local-del-ine-en-puebla-creacion-e-integracion-de-comisiones-para-el-proceso-electoral-2020-2021","status":"publish","type":"post","link":"https:\/\/www.aliadospuebla.com\/?p=49845","title":{"rendered":"APRUEBA CONSEJO LOCAL DEL INE EN PUEBLA CREACI\u00d3N E INTEGRACI\u00d3N    DE COMISIONES PARA EL PROCESO ELECTORAL 2020-2021"},"content":{"rendered":"<p>Durante la Sesi\u00f3n n\u00famero 3 de tipo ordinaria,\u00a0celebrada este viernes, se aprob\u00f3 la creaci\u00f3n e integraci\u00f3n de las siguientes comisiones,\u00a0que\u00a0funcionar\u00e1n durante el\u00a0Proceso Electoral Federal\u00a02020-2021: la Comisi\u00f3n\u00a0de Capacitaci\u00f3n y Organizaci\u00f3n Electoral, la\u00a0del Registro Federal de Electores, la de Vigilancia\u00a0del Voto\u00a0y Observaci\u00f3n Electoral, la de Administraci\u00f3n y Servicio Profesional, la de\u00a0Atenci\u00f3n a Pueblos Ind\u00edgenas\u00a0y la de Igualdad de G\u00e9nero y No Discriminaci\u00f3n.<\/p>\n<p>Otros puntos abordados fueron los Informes que present\u00f3 el Consejero Presidente del Consejo Local, Marcos Rodr\u00edguez del Castillo, sobre la instalaci\u00f3n de los consejos distritales del Instituto en el estado de Puebla; sobre el procedimiento de acreditaci\u00f3n de observadores y observadoras electorales y las acciones de coordinaci\u00f3n establecidas con el Instituto Electoral del Estado, para la organizaci\u00f3n del Proceso Electoral Concurrente 2020-2021, as\u00ed como la celebraci\u00f3n de convenios con las autoridades competentes de la entidad para la obtenci\u00f3n de mamparas y bastidores de uso com\u00fan y la distribuci\u00f3n de los mismos entre los partidos pol\u00edticos para la colocaci\u00f3n y fijaci\u00f3n de propaganda electoral.<\/p>\n<p>Adem\u00e1s se presentaron informes sobre el avance de la Campa\u00f1a Anual Intensa de Actualizaci\u00f3n del Padr\u00f3n Electoral, as\u00ed como sobre la exclusi\u00f3n de registros del Padr\u00f3n Electoral por defunci\u00f3n, suspensi\u00f3n de derechos y registros duplicados en la entidad; y sobre el avance en el procedimiento de reclutamiento y selecci\u00f3n de las y los Supervisores y Capacitadoras-Asistentes Electorales en los distritos del estado.<\/p>\n<p>Por \u00faltimo se inform\u00f3 tambi\u00e9n sobre las medidas a implementar para el cumplimiento de los protocolos de atenci\u00f3n sanitaria y protecci\u00f3n a la salud aplicadas en el desarrollo de las diversas actividades del Proceso Electoral, con motivo de la pandemia resultante del COVID-19.<\/p>\n<div class=\"yj6qo\"><\/div>\n","protected":false},"excerpt":{"rendered":"<p>Durante la Sesi\u00f3n n\u00famero 3 de tipo ordinaria,\u00a0celebrada este viernes, se aprob\u00f3 la creaci\u00f3n e integraci\u00f3n de las siguientes comisiones,\u00a0que\u00a0funcionar\u00e1n durante el\u00a0Proceso Electoral Federal\u00a02020-2021: la Comisi\u00f3n\u00a0de Capacitaci\u00f3n y Organizaci\u00f3n Electoral, la\u00a0del Registro Federal de Electores, la de Vigilancia\u00a0del Voto\u00a0y Observaci\u00f3n Electoral, la de Administraci\u00f3n y Servicio Profesional, la de\u00a0Atenci\u00f3n a Pueblos Ind\u00edgenas\u00a0y la de Igualdad de G\u00e9nero y No Discriminaci\u00f3n. Otros puntos abordados fueron los Informes que present\u00f3 el Consejero Presidente del Consejo Local, Marcos Rodr\u00edguez del Castillo, sobre la instalaci\u00f3n de los consejos distritales del Instituto en el estado de Puebla; sobre el procedimiento de acreditaci\u00f3n de observadores y observadoras electorales y las acciones de coordinaci\u00f3n establecidas con el Instituto Electoral del Estado, para la organizaci\u00f3n del Proceso Electoral Concurrente 2020-2021, as\u00ed como la&hellip;<\/p>\n<p class=\"excerpt-more\"><a class=\"blog-excerpt button\" href=\"https:\/\/www.aliadospuebla.com\/?p=49845\">Leer m\u00e1s&#8230;<\/a><\/p>\n","protected":false},"author":3,"featured_media":49846,"comment_status":"open","ping_status":"open","sticky":false,"template":"","format":"standard","meta":{"_monsterinsights_skip_tracking":false,"footnotes":""},"categories":[6],"tags":[171,56,1008,273,8367,850,77,72,3002],"class_list":["post-49845","post","type-post","status-publish","format-standard","has-post-thumbnail","hentry","category-politica","tag-ayuntamiento","tag-capital","tag-iee","tag-ine","tag-marco-mena","tag-miguel-barbosa","tag-municipios","tag-puebla","tag-regidores"],"yoast_head":"<!-- This site is optimized with the Yoast SEO plugin v28.4 - https:\/\/yoast.com\/product\/yoast-seo-wordpress\/ -->\n<title>APRUEBA CONSEJO LOCAL DEL INE EN PUEBLA CREACI\u00d3N E INTEGRACI\u00d3N  DE COMISIONES PARA EL PROCESO ELECTORAL 2020-2021 - AliadosPuebla<\/title>\n<meta name=\"robots\" content=\"index, follow, max-snippet:-1, max-image-preview:large, max-video-preview:-1\" \/>\n<link rel=\"canonical\" href=\"https:\/\/www.aliadospuebla.com\/?p=49845\" \/>\n<meta property=\"og:locale\" content=\"es_ES\" \/>\n<meta property=\"og:type\" content=\"article\" \/>\n<meta property=\"og:title\" content=\"APRUEBA CONSEJO LOCAL DEL INE EN PUEBLA CREACI\u00d3N E INTEGRACI\u00d3N  DE COMISIONES PARA EL PROCESO ELECTORAL 2020-2021 - AliadosPuebla\" \/>\n<meta property=\"og:description\" content=\"Durante la Sesi\u00f3n n\u00famero 3 de tipo ordinaria,\u00a0celebrada este viernes, se aprob\u00f3 la creaci\u00f3n e integraci\u00f3n de las siguientes comisiones,\u00a0que\u00a0funcionar\u00e1n durante el\u00a0Proceso Electoral Federal\u00a02020-2021: la Comisi\u00f3n\u00a0de Capacitaci\u00f3n y Organizaci\u00f3n Electoral, la\u00a0del Registro Federal de Electores, la de Vigilancia\u00a0del Voto\u00a0y Observaci\u00f3n Electoral, la de Administraci\u00f3n y Servicio Profesional, la de\u00a0Atenci\u00f3n a Pueblos Ind\u00edgenas\u00a0y la de Igualdad de G\u00e9nero y No Discriminaci\u00f3n. Otros puntos abordados fueron los Informes que present\u00f3 el Consejero Presidente del Consejo Local, Marcos Rodr\u00edguez del Castillo, sobre la instalaci\u00f3n de los consejos distritales del Instituto en el estado de Puebla; sobre el procedimiento de acreditaci\u00f3n de observadores y observadoras electorales y las acciones de coordinaci\u00f3n establecidas con el Instituto Electoral del Estado, para la organizaci\u00f3n del Proceso Electoral Concurrente 2020-2021, as\u00ed como la&hellip;Leer m\u00e1s...\" \/>\n<meta property=\"og:url\" content=\"https:\/\/www.aliadospuebla.com\/?p=49845\" \/>\n<meta property=\"og:site_name\" content=\"AliadosPuebla\" \/>\n<meta property=\"article:published_time\" content=\"2020-12-19T00:43:55+00:00\" \/>\n<meta property=\"og:image\" content=\"https:\/\/www.aliadospuebla.com\/web2017\/wp-content\/uploads\/2020\/12\/IEE-1.jpg\" \/>\n\t<meta property=\"og:image:width\" content=\"600\" \/>\n\t<meta property=\"og:image:height\" content=\"450\" \/>\n\t<meta property=\"og:image:type\" content=\"image\/jpeg\" \/>\n<meta name=\"author\" content=\"Aliados Videos\" \/>\n<meta name=\"twitter:card\" content=\"summary_large_image\" \/>\n<meta name=\"twitter:label1\" content=\"Escrito por\" \/>\n\t<meta name=\"twitter:data1\" content=\"Aliados Videos\" \/>\n\t<meta name=\"twitter:label2\" content=\"Tiempo de lectura\" \/>\n\t<meta name=\"twitter:data2\" content=\"2 minutos\" \/>\n<script type=\"application\/ld+json\" class=\"yoast-schema-graph\">{\"@context\":\"https:\\\/\\\/schema.org\",\"@graph\":[{\"@type\":\"Article\",\"@id\":\"https:\\\/\\\/www.aliadospuebla.com\\\/?p=49845#article\",\"isPartOf\":{\"@id\":\"https:\\\/\\\/www.aliadospuebla.com\\\/?p=49845\"},\"author\":{\"name\":\"Aliados Videos\",\"@id\":\"https:\\\/\\\/www.aliadospuebla.com\\\/#\\\/schema\\\/person\\\/0fd017f23cc5c3f7988d5d58850eec8e\"},\"headline\":\"APRUEBA CONSEJO LOCAL DEL INE EN PUEBLA CREACI\u00d3N E INTEGRACI\u00d3N DE COMISIONES PARA EL PROCESO ELECTORAL 2020-2021\",\"datePublished\":\"2020-12-19T00:43:55+00:00\",\"mainEntityOfPage\":{\"@id\":\"https:\\\/\\\/www.aliadospuebla.com\\\/?p=49845\"},\"wordCount\":335,\"commentCount\":0,\"image\":{\"@id\":\"https:\\\/\\\/www.aliadospuebla.com\\\/?p=49845#primaryimage\"},\"thumbnailUrl\":\"https:\\\/\\\/www.aliadospuebla.com\\\/web2017\\\/wp-content\\\/uploads\\\/2020\\\/12\\\/IEE-1.jpg\",\"keywords\":[\"Ayuntamiento\",\"capital\",\"IEE\",\"INE\",\"MARCO MENA\",\"MIGUEL BARBOSA\",\"Municipios\",\"Puebla\",\"REGIDORES\"],\"articleSection\":[\"Pol\u00edtica\"],\"inLanguage\":\"es\",\"potentialAction\":[{\"@type\":\"CommentAction\",\"name\":\"Comment\",\"target\":[\"https:\\\/\\\/www.aliadospuebla.com\\\/?p=49845#respond\"]}]},{\"@type\":\"WebPage\",\"@id\":\"https:\\\/\\\/www.aliadospuebla.com\\\/?p=49845\",\"url\":\"https:\\\/\\\/www.aliadospuebla.com\\\/?p=49845\",\"name\":\"APRUEBA CONSEJO LOCAL DEL INE EN PUEBLA CREACI\u00d3N E INTEGRACI\u00d3N DE COMISIONES PARA EL PROCESO ELECTORAL 2020-2021 - AliadosPuebla\",\"isPartOf\":{\"@id\":\"https:\\\/\\\/www.aliadospuebla.com\\\/#website\"},\"primaryImageOfPage\":{\"@id\":\"https:\\\/\\\/www.aliadospuebla.com\\\/?p=49845#primaryimage\"},\"image\":{\"@id\":\"https:\\\/\\\/www.aliadospuebla.com\\\/?p=49845#primaryimage\"},\"thumbnailUrl\":\"https:\\\/\\\/www.aliadospuebla.com\\\/web2017\\\/wp-content\\\/uploads\\\/2020\\\/12\\\/IEE-1.jpg\",\"datePublished\":\"2020-12-19T00:43:55+00:00\",\"author\":{\"@id\":\"https:\\\/\\\/www.aliadospuebla.com\\\/#\\\/schema\\\/person\\\/0fd017f23cc5c3f7988d5d58850eec8e\"},\"breadcrumb\":{\"@id\":\"https:\\\/\\\/www.aliadospuebla.com\\\/?p=49845#breadcrumb\"},\"inLanguage\":\"es\",\"potentialAction\":[{\"@type\":\"ReadAction\",\"target\":[\"https:\\\/\\\/www.aliadospuebla.com\\\/?p=49845\"]}]},{\"@type\":\"ImageObject\",\"inLanguage\":\"es\",\"@id\":\"https:\\\/\\\/www.aliadospuebla.com\\\/?p=49845#primaryimage\",\"url\":\"https:\\\/\\\/www.aliadospuebla.com\\\/web2017\\\/wp-content\\\/uploads\\\/2020\\\/12\\\/IEE-1.jpg\",\"contentUrl\":\"https:\\\/\\\/www.aliadospuebla.com\\\/web2017\\\/wp-content\\\/uploads\\\/2020\\\/12\\\/IEE-1.jpg\",\"width\":600,\"height\":450},{\"@type\":\"BreadcrumbList\",\"@id\":\"https:\\\/\\\/www.aliadospuebla.com\\\/?p=49845#breadcrumb\",\"itemListElement\":[{\"@type\":\"ListItem\",\"position\":1,\"name\":\"Portada\",\"item\":\"https:\\\/\\\/www.aliadospuebla.com\\\/\"},{\"@type\":\"ListItem\",\"position\":2,\"name\":\"APRUEBA CONSEJO LOCAL DEL INE EN PUEBLA CREACI\u00d3N E INTEGRACI\u00d3N DE COMISIONES PARA EL PROCESO ELECTORAL 2020-2021\"}]},{\"@type\":\"WebSite\",\"@id\":\"https:\\\/\\\/www.aliadospuebla.com\\\/#website\",\"url\":\"https:\\\/\\\/www.aliadospuebla.com\\\/\",\"name\":\"AliadosPuebla\",\"description\":\"La informaci\u00f3n en tus manos\",\"potentialAction\":[{\"@type\":\"SearchAction\",\"target\":{\"@type\":\"EntryPoint\",\"urlTemplate\":\"https:\\\/\\\/www.aliadospuebla.com\\\/?s={search_term_string}\"},\"query-input\":{\"@type\":\"PropertyValueSpecification\",\"valueRequired\":true,\"valueName\":\"search_term_string\"}}],\"inLanguage\":\"es\"},{\"@type\":\"Person\",\"@id\":\"https:\\\/\\\/www.aliadospuebla.com\\\/#\\\/schema\\\/person\\\/0fd017f23cc5c3f7988d5d58850eec8e\",\"name\":\"Aliados Videos\",\"image\":{\"@type\":\"ImageObject\",\"inLanguage\":\"es\",\"@id\":\"https:\\\/\\\/secure.gravatar.com\\\/avatar\\\/42b92de8b2d8339e1e824f3a73ab023a0bec0ee2e3920248085eb1f3160b4083?s=96&d=mm&r=g\",\"url\":\"https:\\\/\\\/secure.gravatar.com\\\/avatar\\\/42b92de8b2d8339e1e824f3a73ab023a0bec0ee2e3920248085eb1f3160b4083?s=96&d=mm&r=g\",\"contentUrl\":\"https:\\\/\\\/secure.gravatar.com\\\/avatar\\\/42b92de8b2d8339e1e824f3a73ab023a0bec0ee2e3920248085eb1f3160b4083?s=96&d=mm&r=g\",\"caption\":\"Aliados Videos\"},\"url\":\"https:\\\/\\\/www.aliadospuebla.com\\\/?author=3\"}]}<\/script>\n<!-- \/ Yoast SEO plugin. -->","yoast_head_json":{"title":"APRUEBA CONSEJO LOCAL DEL INE EN PUEBLA CREACI\u00d3N E INTEGRACI\u00d3N  DE COMISIONES PARA EL PROCESO ELECTORAL 2020-2021 - AliadosPuebla","robots":{"index":"index","follow":"follow","max-snippet":"max-snippet:-1","max-image-preview":"max-image-preview:large","max-video-preview":"max-video-preview:-1"},"canonical":"https:\/\/www.aliadospuebla.com\/?p=49845","og_locale":"es_ES","og_type":"article","og_title":"APRUEBA CONSEJO LOCAL DEL INE EN PUEBLA CREACI\u00d3N E INTEGRACI\u00d3N  DE COMISIONES PARA EL PROCESO ELECTORAL 2020-2021 - AliadosPuebla","og_description":"Durante la Sesi\u00f3n n\u00famero 3 de tipo ordinaria,\u00a0celebrada este viernes, se aprob\u00f3 la creaci\u00f3n e integraci\u00f3n de las siguientes comisiones,\u00a0que\u00a0funcionar\u00e1n durante el\u00a0Proceso Electoral Federal\u00a02020-2021: la Comisi\u00f3n\u00a0de Capacitaci\u00f3n y Organizaci\u00f3n Electoral, la\u00a0del Registro Federal de Electores, la de Vigilancia\u00a0del Voto\u00a0y Observaci\u00f3n Electoral, la de Administraci\u00f3n y Servicio Profesional, la de\u00a0Atenci\u00f3n a Pueblos Ind\u00edgenas\u00a0y la de Igualdad de G\u00e9nero y No Discriminaci\u00f3n. Otros puntos abordados fueron los Informes que present\u00f3 el Consejero Presidente del Consejo Local, Marcos Rodr\u00edguez del Castillo, sobre la instalaci\u00f3n de los consejos distritales del Instituto en el estado de Puebla; sobre el procedimiento de acreditaci\u00f3n de observadores y observadoras electorales y las acciones de coordinaci\u00f3n establecidas con el Instituto Electoral del Estado, para la organizaci\u00f3n del Proceso Electoral Concurrente 2020-2021, as\u00ed como la&hellip;Leer m\u00e1s...","og_url":"https:\/\/www.aliadospuebla.com\/?p=49845","og_site_name":"AliadosPuebla","article_published_time":"2020-12-19T00:43:55+00:00","og_image":[{"width":600,"height":450,"url":"https:\/\/www.aliadospuebla.com\/web2017\/wp-content\/uploads\/2020\/12\/IEE-1.jpg","type":"image\/jpeg"}],"author":"Aliados Videos","twitter_card":"summary_large_image","twitter_misc":{"Escrito por":"Aliados Videos","Tiempo de lectura":"2 minutos"},"schema":{"@context":"https:\/\/schema.org","@graph":[{"@type":"Article","@id":"https:\/\/www.aliadospuebla.com\/?p=49845#article","isPartOf":{"@id":"https:\/\/www.aliadospuebla.com\/?p=49845"},"author":{"name":"Aliados Videos","@id":"https:\/\/www.aliadospuebla.com\/#\/schema\/person\/0fd017f23cc5c3f7988d5d58850eec8e"},"headline":"APRUEBA CONSEJO LOCAL DEL INE EN PUEBLA CREACI\u00d3N E INTEGRACI\u00d3N DE COMISIONES PARA EL PROCESO ELECTORAL 2020-2021","datePublished":"2020-12-19T00:43:55+00:00","mainEntityOfPage":{"@id":"https:\/\/www.aliadospuebla.com\/?p=49845"},"wordCount":335,"commentCount":0,"image":{"@id":"https:\/\/www.aliadospuebla.com\/?p=49845#primaryimage"},"thumbnailUrl":"https:\/\/www.aliadospuebla.com\/web2017\/wp-content\/uploads\/2020\/12\/IEE-1.jpg","keywords":["Ayuntamiento","capital","IEE","INE","MARCO MENA","MIGUEL BARBOSA","Municipios","Puebla","REGIDORES"],"articleSection":["Pol\u00edtica"],"inLanguage":"es","potentialAction":[{"@type":"CommentAction","name":"Comment","target":["https:\/\/www.aliadospuebla.com\/?p=49845#respond"]}]},{"@type":"WebPage","@id":"https:\/\/www.aliadospuebla.com\/?p=49845","url":"https:\/\/www.aliadospuebla.com\/?p=49845","name":"APRUEBA CONSEJO LOCAL DEL INE EN PUEBLA CREACI\u00d3N E INTEGRACI\u00d3N DE COMISIONES PARA EL PROCESO ELECTORAL 2020-2021 - AliadosPuebla","isPartOf":{"@id":"https:\/\/www.aliadospuebla.com\/#website"},"primaryImageOfPage":{"@id":"https:\/\/www.aliadospuebla.com\/?p=49845#primaryimage"},"image":{"@id":"https:\/\/www.aliadospuebla.com\/?p=49845#primaryimage"},"thumbnailUrl":"https:\/\/www.aliadospuebla.com\/web2017\/wp-content\/uploads\/2020\/12\/IEE-1.jpg","datePublished":"2020-12-19T00:43:55+00:00","author":{"@id":"https:\/\/www.aliadospuebla.com\/#\/schema\/person\/0fd017f23cc5c3f7988d5d58850eec8e"},"breadcrumb":{"@id":"https:\/\/www.aliadospuebla.com\/?p=49845#breadcrumb"},"inLanguage":"es","potentialAction":[{"@type":"ReadAction","target":["https:\/\/www.aliadospuebla.com\/?p=49845"]}]},{"@type":"ImageObject","inLanguage":"es","@id":"https:\/\/www.aliadospuebla.com\/?p=49845#primaryimage","url":"https:\/\/www.aliadospuebla.com\/web2017\/wp-content\/uploads\/2020\/12\/IEE-1.jpg","contentUrl":"https:\/\/www.aliadospuebla.com\/web2017\/wp-content\/uploads\/2020\/12\/IEE-1.jpg","width":600,"height":450},{"@type":"BreadcrumbList","@id":"https:\/\/www.aliadospuebla.com\/?p=49845#breadcrumb","itemListElement":[{"@type":"ListItem","position":1,"name":"Portada","item":"https:\/\/www.aliadospuebla.com\/"},{"@type":"ListItem","position":2,"name":"APRUEBA CONSEJO LOCAL DEL INE EN PUEBLA CREACI\u00d3N E INTEGRACI\u00d3N DE COMISIONES PARA EL PROCESO ELECTORAL 2020-2021"}]},{"@type":"WebSite","@id":"https:\/\/www.aliadospuebla.com\/#website","url":"https:\/\/www.aliadospuebla.com\/","name":"AliadosPuebla","description":"La informaci\u00f3n en tus manos","potentialAction":[{"@type":"SearchAction","target":{"@type":"EntryPoint","urlTemplate":"https:\/\/www.aliadospuebla.com\/?s={search_term_string}"},"query-input":{"@type":"PropertyValueSpecification","valueRequired":true,"valueName":"search_term_string"}}],"inLanguage":"es"},{"@type":"Person","@id":"https:\/\/www.aliadospuebla.com\/#\/schema\/person\/0fd017f23cc5c3f7988d5d58850eec8e","name":"Aliados Videos","image":{"@type":"ImageObject","inLanguage":"es","@id":"https:\/\/secure.gravatar.com\/avatar\/42b92de8b2d8339e1e824f3a73ab023a0bec0ee2e3920248085eb1f3160b4083?s=96&d=mm&r=g","url":"https:\/\/secure.gravatar.com\/avatar\/42b92de8b2d8339e1e824f3a73ab023a0bec0ee2e3920248085eb1f3160b4083?s=96&d=mm&r=g","contentUrl":"https:\/\/secure.gravatar.com\/avatar\/42b92de8b2d8339e1e824f3a73ab023a0bec0ee2e3920248085eb1f3160b4083?s=96&d=mm&r=g","caption":"Aliados Videos"},"url":"https:\/\/www.aliadospuebla.com\/?author=3"}]}},"views":16,"_links":{"self":[{"href":"https:\/\/www.aliadospuebla.com\/index.php?rest_route=\/wp\/v2\/posts\/49845","targetHints":{"allow":["GET"]}}],"collection":[{"href":"https:\/\/www.aliadospuebla.com\/index.php?rest_route=\/wp\/v2\/posts"}],"about":[{"href":"https:\/\/www.aliadospuebla.com\/index.php?rest_route=\/wp\/v2\/types\/post"}],"author":[{"embeddable":true,"href":"https:\/\/www.aliadospuebla.com\/index.php?rest_route=\/wp\/v2\/users\/3"}],"replies":[{"embeddable":true,"href":"https:\/\/www.aliadospuebla.com\/index.php?rest_route=%2Fwp%2Fv2%2Fcomments&post=49845"}],"version-history":[{"count":1,"href":"https:\/\/www.aliadospuebla.com\/index.php?rest_route=\/wp\/v2\/posts\/49845\/revisions"}],"predecessor-version":[{"id":49847,"href":"https:\/\/www.aliadospuebla.com\/index.php?rest_route=\/wp\/v2\/posts\/49845\/revisions\/49847"}],"wp:featuredmedia":[{"embeddable":true,"href":"https:\/\/www.aliadospuebla.com\/index.php?rest_route=\/wp\/v2\/media\/49846"}],"wp:attachment":[{"href":"https:\/\/www.aliadospuebla.com\/index.php?rest_route=%2Fwp%2Fv2%2Fmedia&parent=49845"}],"wp:term":[{"taxonomy":"category","embeddable":true,"href":"https:\/\/www.aliadospuebla.com\/index.php?rest_route=%2Fwp%2Fv2%2Fcategories&post=49845"},{"taxonomy":"post_tag","embeddable":true,"href":"https:\/\/www.aliadospuebla.com\/index.php?rest_route=%2Fwp%2Fv2%2Ftags&post=49845"}],"curies":[{"name":"wp","href":"https:\/\/api.w.org\/{rel}","templated":true}]}}