{"id":49689,"date":"2020-12-15T07:36:57","date_gmt":"2020-12-15T13:36:57","guid":{"rendered":"http:\/\/www.aliados17.com\/?p=49689"},"modified":"2020-12-15T07:36:57","modified_gmt":"2020-12-15T13:36:57","slug":"cholula-es-jorge-gomez-es-de-muy-buena-fuente","status":"publish","type":"post","link":"https:\/\/www.aliadospuebla.com\/?p=49689","title":{"rendered":"Cholula: Es Jorge G\u00f3mez: Es de Muy Buena Fuente"},"content":{"rendered":"<p>En San Pedro Cholula ya vayan felicitando a Jorge G\u00f3mez Carranco.<br \/>\nSer\u00e1 alcalde de esa milenaria ciudad a partir del 17 de octubre del 2021.<br \/>\nBueno, primero ser\u00e1 candidato del PAN.<br \/>\nLos grupos pol\u00edticos est\u00e1n unidos. No se van a pelear el poder, se lo van a repartir.<br \/>\nMORENA por su parte har\u00e1 su lucha competitiva.<br \/>\nLa integraci\u00f3n de Julio Lorenzini Rangel, es una inyecci\u00f3n de \u00e1nimo por su alto nivel competitivo, peeeeeero, la marca no le ayuda.<br \/>\nCreo que Jorge har\u00e1 un buen trabajo como alcalde.<br \/>\nPunto.<br \/>\nHe reportado.<\/p>\n<p>Acajete: Para el PAN<br \/>\nQuien ya debe ir preparando el relevo de poder hacia el Partido Acci\u00f3n Nacional (PAN), es el alcalde de Acajete, Roberto Ram\u00edrez Cervantes.<br \/>\nPresidente municipal por MORENA, nuestro personaje no ser\u00e1 el \u00fanico en perder ante un candidato panista.<br \/>\nAs\u00ed es que si conoce a Sergio Sa\u00fal Su\u00e1rez Mel\u00e9ndez, vaya arrim\u00e1ndose a su sombra, porque todo parece indicar que podr\u00eda alcanzar la candidatura en Acajete por el PAN y eso le asegura ganar.<br \/>\nSin embargo, hay opiniones de otros actores pol\u00edticos que piensan los contrario. De acuerdo con algunas versiones locales, Carolina Mart\u00ednez, Felipe S\u00e1nchez y Rogelio Alejandro Le\u00f3n Gonz\u00e1lez aspiran a la alcald\u00eda, pero por el PRI.<br \/>\nY dicen que ellos s\u00ed, que le ganan al PAN.<br \/>\nLos que est\u00e1n desahuciados son los de MORENA, aunque crean que no.<br \/>\nDavid Mel\u00e9ndez y Jos\u00e9 Cruz Herrera, quieren suceder a Roberto Ram\u00edrez. Pero para m\u00ed, que no les alcanza, pero hay que dejarlos so\u00f1ar.<br \/>\nPunto.<br \/>\nHe dicho y he escrito.<\/p>\n<p>Uruviel alcalde, Tentle diputado<br \/>\nDicen los que saben que nadie le quitar\u00e1 la candidatura del PAN a presidente municipal de Ciudad Serd\u00e1n al diputado del partido Compromiso por Puebla, pero finalmente de la coalici\u00f3n morenovallista, Uruviel Gonz\u00e1lez Vieyra.<br \/>\nEl Partido Revolucionario Institucional sigue en manos del exalcalde Carlos Navarro y el grupo marinista.<br \/>\nSobre la comunicadora Anabel Garc\u00eda Morales hay muchas versiones; dos de ellas:<br \/>\nA.- Que es la candidata de MORENA para la presidencia municipal;<br \/>\nB.- Que por ser prima de Fernando Morales tendr\u00eda el apoyo del partido Movimiento Ciudadano (MC).<br \/>\nAhora bien, la candidatura de MORENA a diputado local, es para el alcalde Carlos Tentle V\u00e1zquez y la federal para Julieta Vences, actual diputada que va por la reelecci\u00f3n.<br \/>\nHasta aqu\u00ed el corte noticioso.<br \/>\nPunto.<br \/>\nHe dicho y he escrito.<\/p>\n<p>Ni Obama<br \/>\nSe dispar\u00f3 el n\u00famero de contagios del COVID-19. Es obvio por la \u00e9poca y el clima y porque todo lo que dice el gobierno, ya no lo cree, ni Obama.<\/p>\n<p>El Verdugo<br \/>\nHace dos a\u00f1os Marta Erika Alonso Hidalgo se convirti\u00f3 en gobernadora de Puebla. Veinticuatro meses despu\u00e9s el se\u00f1or gobernador Luis Miguel Barbosa Huerta enviar\u00e1 al Congreso del Estado su segundo informe. El Verdugo dice: Que duro.<\/p>\n<p>De Buena Fuente no es la mejor columna pol\u00edtica, pero tiene a los mejores lectores.<\/p>\n<p>cmaciaspalma@yahoo.com.mx<br \/>\ncmaciaspalma0105@gmail.com<br \/>\n@cmaciaspalma<br \/>\nFB: Carlos Mac\u00edas Palma<br \/>\nLunes: 21 horas #Elecciones2021 TV (paralelo19.mx)<br \/>\nMi\u00e9rcoles: 17 horas en Carlos Mac\u00edas-Radio (radioenredes.com)<\/p>\n","protected":false},"excerpt":{"rendered":"<p>En San Pedro Cholula ya vayan felicitando a Jorge G\u00f3mez Carranco. Ser\u00e1 alcalde de esa milenaria ciudad a partir del 17 de octubre del 2021. Bueno, primero ser\u00e1 candidato del PAN. Los grupos pol\u00edticos est\u00e1n unidos. No se van a pelear el poder, se lo van a repartir. MORENA por su parte har\u00e1 su lucha competitiva. La integraci\u00f3n de Julio Lorenzini Rangel, es una inyecci\u00f3n de \u00e1nimo por su alto nivel competitivo, peeeeeero, la marca no le ayuda. Creo que Jorge har\u00e1 un buen trabajo como alcalde. Punto. He reportado. Acajete: Para el PAN Quien ya debe ir preparando el relevo de poder hacia el Partido Acci\u00f3n Nacional (PAN), es el alcalde de Acajete, Roberto Ram\u00edrez Cervantes. Presidente municipal por MORENA, nuestro personaje no ser\u00e1&hellip;<\/p>\n<p class=\"excerpt-more\"><a class=\"blog-excerpt button\" href=\"https:\/\/www.aliadospuebla.com\/?p=49689\">Leer m\u00e1s&#8230;<\/a><\/p>\n","protected":false},"author":2,"featured_media":49690,"comment_status":"open","ping_status":"open","sticky":false,"template":"","format":"standard","meta":{"_monsterinsights_skip_tracking":false,"footnotes":""},"categories":[9],"tags":[14869,14751,2762,666,4431,387,15078,5360],"class_list":["post-49689","post","type-post","status-publish","format-standard","has-post-thumbnail","hentry","category-columnas","tag-jorge-gomez-carranco","tag-luis-miguel-geronimo-barbosa-huerta","tag-martha-erika-alonso-hidalgo","tag-morena","tag-pan-puebla","tag-san-pedro-cholula","tag-sergio-saul-melendez","tag-uruviel-gonzalez-vieyra"],"yoast_head":"<!-- This site is optimized with the Yoast SEO plugin v28.3 - https:\/\/yoast.com\/product\/yoast-seo-wordpress\/ -->\n<title>Cholula: Es Jorge G\u00f3mez: Es de Muy Buena Fuente - AliadosPuebla<\/title>\n<meta name=\"robots\" content=\"index, follow, max-snippet:-1, max-image-preview:large, max-video-preview:-1\" \/>\n<link rel=\"canonical\" href=\"https:\/\/www.aliadospuebla.com\/?p=49689\" \/>\n<meta property=\"og:locale\" content=\"es_ES\" \/>\n<meta property=\"og:type\" content=\"article\" \/>\n<meta property=\"og:title\" content=\"Cholula: Es Jorge G\u00f3mez: Es de Muy Buena Fuente - AliadosPuebla\" \/>\n<meta property=\"og:description\" content=\"En San Pedro Cholula ya vayan felicitando a Jorge G\u00f3mez Carranco. Ser\u00e1 alcalde de esa milenaria ciudad a partir del 17 de octubre del 2021. Bueno, primero ser\u00e1 candidato del PAN. Los grupos pol\u00edticos est\u00e1n unidos. No se van a pelear el poder, se lo van a repartir. MORENA por su parte har\u00e1 su lucha competitiva. La integraci\u00f3n de Julio Lorenzini Rangel, es una inyecci\u00f3n de \u00e1nimo por su alto nivel competitivo, peeeeeero, la marca no le ayuda. Creo que Jorge har\u00e1 un buen trabajo como alcalde. Punto. He reportado. Acajete: Para el PAN Quien ya debe ir preparando el relevo de poder hacia el Partido Acci\u00f3n Nacional (PAN), es el alcalde de Acajete, Roberto Ram\u00edrez Cervantes. Presidente municipal por MORENA, nuestro personaje no ser\u00e1&hellip;Leer m\u00e1s...\" \/>\n<meta property=\"og:url\" content=\"https:\/\/www.aliadospuebla.com\/?p=49689\" \/>\n<meta property=\"og:site_name\" content=\"AliadosPuebla\" \/>\n<meta property=\"article:author\" content=\"https:\/\/www.facebook.com\/Aliados17Pue\" \/>\n<meta property=\"article:published_time\" content=\"2020-12-15T13:36:57+00:00\" \/>\n<meta property=\"og:image\" content=\"https:\/\/www.aliadospuebla.com\/web2017\/wp-content\/uploads\/2020\/12\/001_-Macias-Palma-8.jpg\" \/>\n\t<meta property=\"og:image:width\" content=\"600\" \/>\n\t<meta property=\"og:image:height\" content=\"450\" \/>\n\t<meta property=\"og:image:type\" content=\"image\/jpeg\" \/>\n<meta name=\"author\" content=\"Aliados17\" \/>\n<meta name=\"twitter:card\" content=\"summary_large_image\" \/>\n<meta name=\"twitter:creator\" content=\"@AliadosPuebla\" \/>\n<meta name=\"twitter:label1\" content=\"Escrito por\" \/>\n\t<meta name=\"twitter:data1\" content=\"Aliados17\" \/>\n\t<meta name=\"twitter:label2\" content=\"Tiempo de lectura\" \/>\n\t<meta name=\"twitter:data2\" content=\"3 minutos\" \/>\n<script type=\"application\/ld+json\" class=\"yoast-schema-graph\">{\"@context\":\"https:\\\/\\\/schema.org\",\"@graph\":[{\"@type\":\"Article\",\"@id\":\"https:\\\/\\\/www.aliadospuebla.com\\\/?p=49689#article\",\"isPartOf\":{\"@id\":\"https:\\\/\\\/www.aliadospuebla.com\\\/?p=49689\"},\"author\":{\"name\":\"Aliados17\",\"@id\":\"https:\\\/\\\/www.aliadospuebla.com\\\/#\\\/schema\\\/person\\\/5da7dd09320bd4f392b710017ed5f8ad\"},\"headline\":\"Cholula: Es Jorge G\u00f3mez: Es de Muy Buena Fuente\",\"datePublished\":\"2020-12-15T13:36:57+00:00\",\"mainEntityOfPage\":{\"@id\":\"https:\\\/\\\/www.aliadospuebla.com\\\/?p=49689\"},\"wordCount\":542,\"commentCount\":0,\"image\":{\"@id\":\"https:\\\/\\\/www.aliadospuebla.com\\\/?p=49689#primaryimage\"},\"thumbnailUrl\":\"https:\\\/\\\/www.aliadospuebla.com\\\/web2017\\\/wp-content\\\/uploads\\\/2020\\\/12\\\/001_-Macias-Palma-8.jpg\",\"keywords\":[\"Jorge G\u00f3mez Carranco\",\"Luis Miguel Ger\u00f3nimo Barbosa Huerta\",\"MARTHA ERIKA ALONSO HIDALGO\",\"MORENA\",\"PAN PUEBLA\",\"SAN PEDRO CHOLULA\",\"Sergio Sa\u00fal Mel\u00e9ndez\",\"URUVIEL GONZ\u00c1LEZ VIEYRA\"],\"articleSection\":[\"Columnas\"],\"inLanguage\":\"es\",\"potentialAction\":[{\"@type\":\"CommentAction\",\"name\":\"Comment\",\"target\":[\"https:\\\/\\\/www.aliadospuebla.com\\\/?p=49689#respond\"]}]},{\"@type\":\"WebPage\",\"@id\":\"https:\\\/\\\/www.aliadospuebla.com\\\/?p=49689\",\"url\":\"https:\\\/\\\/www.aliadospuebla.com\\\/?p=49689\",\"name\":\"Cholula: Es Jorge G\u00f3mez: Es de Muy Buena Fuente - AliadosPuebla\",\"isPartOf\":{\"@id\":\"https:\\\/\\\/www.aliadospuebla.com\\\/#website\"},\"primaryImageOfPage\":{\"@id\":\"https:\\\/\\\/www.aliadospuebla.com\\\/?p=49689#primaryimage\"},\"image\":{\"@id\":\"https:\\\/\\\/www.aliadospuebla.com\\\/?p=49689#primaryimage\"},\"thumbnailUrl\":\"https:\\\/\\\/www.aliadospuebla.com\\\/web2017\\\/wp-content\\\/uploads\\\/2020\\\/12\\\/001_-Macias-Palma-8.jpg\",\"datePublished\":\"2020-12-15T13:36:57+00:00\",\"author\":{\"@id\":\"https:\\\/\\\/www.aliadospuebla.com\\\/#\\\/schema\\\/person\\\/5da7dd09320bd4f392b710017ed5f8ad\"},\"breadcrumb\":{\"@id\":\"https:\\\/\\\/www.aliadospuebla.com\\\/?p=49689#breadcrumb\"},\"inLanguage\":\"es\",\"potentialAction\":[{\"@type\":\"ReadAction\",\"target\":[\"https:\\\/\\\/www.aliadospuebla.com\\\/?p=49689\"]}]},{\"@type\":\"ImageObject\",\"inLanguage\":\"es\",\"@id\":\"https:\\\/\\\/www.aliadospuebla.com\\\/?p=49689#primaryimage\",\"url\":\"https:\\\/\\\/www.aliadospuebla.com\\\/web2017\\\/wp-content\\\/uploads\\\/2020\\\/12\\\/001_-Macias-Palma-8.jpg\",\"contentUrl\":\"https:\\\/\\\/www.aliadospuebla.com\\\/web2017\\\/wp-content\\\/uploads\\\/2020\\\/12\\\/001_-Macias-Palma-8.jpg\",\"width\":600,\"height\":450},{\"@type\":\"BreadcrumbList\",\"@id\":\"https:\\\/\\\/www.aliadospuebla.com\\\/?p=49689#breadcrumb\",\"itemListElement\":[{\"@type\":\"ListItem\",\"position\":1,\"name\":\"Portada\",\"item\":\"https:\\\/\\\/www.aliadospuebla.com\\\/\"},{\"@type\":\"ListItem\",\"position\":2,\"name\":\"Cholula: Es Jorge G\u00f3mez: Es de Muy Buena Fuente\"}]},{\"@type\":\"WebSite\",\"@id\":\"https:\\\/\\\/www.aliadospuebla.com\\\/#website\",\"url\":\"https:\\\/\\\/www.aliadospuebla.com\\\/\",\"name\":\"AliadosPuebla\",\"description\":\"La informaci\u00f3n en tus manos\",\"potentialAction\":[{\"@type\":\"SearchAction\",\"target\":{\"@type\":\"EntryPoint\",\"urlTemplate\":\"https:\\\/\\\/www.aliadospuebla.com\\\/?s={search_term_string}\"},\"query-input\":{\"@type\":\"PropertyValueSpecification\",\"valueRequired\":true,\"valueName\":\"search_term_string\"}}],\"inLanguage\":\"es\"},{\"@type\":\"Person\",\"@id\":\"https:\\\/\\\/www.aliadospuebla.com\\\/#\\\/schema\\\/person\\\/5da7dd09320bd4f392b710017ed5f8ad\",\"name\":\"Aliados17\",\"image\":{\"@type\":\"ImageObject\",\"inLanguage\":\"es\",\"@id\":\"https:\\\/\\\/www.aliadospuebla.com\\\/web2017\\\/wp-content\\\/uploads\\\/2025\\\/03\\\/cropped-para-perfil-8-anos-1-96x96.jpg\",\"url\":\"https:\\\/\\\/www.aliadospuebla.com\\\/web2017\\\/wp-content\\\/uploads\\\/2025\\\/03\\\/cropped-para-perfil-8-anos-1-96x96.jpg\",\"contentUrl\":\"https:\\\/\\\/www.aliadospuebla.com\\\/web2017\\\/wp-content\\\/uploads\\\/2025\\\/03\\\/cropped-para-perfil-8-anos-1-96x96.jpg\",\"caption\":\"Aliados17\"},\"sameAs\":[\"https:\\\/\\\/www.aliados17.com\",\"https:\\\/\\\/www.facebook.com\\\/Aliados17Pue\",\"https:\\\/\\\/x.com\\\/AliadosPuebla\"],\"url\":\"https:\\\/\\\/www.aliadospuebla.com\\\/?author=2\"}]}<\/script>\n<!-- \/ Yoast SEO plugin. -->","yoast_head_json":{"title":"Cholula: Es Jorge G\u00f3mez: Es de Muy Buena Fuente - AliadosPuebla","robots":{"index":"index","follow":"follow","max-snippet":"max-snippet:-1","max-image-preview":"max-image-preview:large","max-video-preview":"max-video-preview:-1"},"canonical":"https:\/\/www.aliadospuebla.com\/?p=49689","og_locale":"es_ES","og_type":"article","og_title":"Cholula: Es Jorge G\u00f3mez: Es de Muy Buena Fuente - AliadosPuebla","og_description":"En San Pedro Cholula ya vayan felicitando a Jorge G\u00f3mez Carranco. Ser\u00e1 alcalde de esa milenaria ciudad a partir del 17 de octubre del 2021. Bueno, primero ser\u00e1 candidato del PAN. Los grupos pol\u00edticos est\u00e1n unidos. No se van a pelear el poder, se lo van a repartir. MORENA por su parte har\u00e1 su lucha competitiva. La integraci\u00f3n de Julio Lorenzini Rangel, es una inyecci\u00f3n de \u00e1nimo por su alto nivel competitivo, peeeeeero, la marca no le ayuda. Creo que Jorge har\u00e1 un buen trabajo como alcalde. Punto. He reportado. Acajete: Para el PAN Quien ya debe ir preparando el relevo de poder hacia el Partido Acci\u00f3n Nacional (PAN), es el alcalde de Acajete, Roberto Ram\u00edrez Cervantes. Presidente municipal por MORENA, nuestro personaje no ser\u00e1&hellip;Leer m\u00e1s...","og_url":"https:\/\/www.aliadospuebla.com\/?p=49689","og_site_name":"AliadosPuebla","article_author":"https:\/\/www.facebook.com\/Aliados17Pue","article_published_time":"2020-12-15T13:36:57+00:00","og_image":[{"width":600,"height":450,"url":"https:\/\/www.aliadospuebla.com\/web2017\/wp-content\/uploads\/2020\/12\/001_-Macias-Palma-8.jpg","type":"image\/jpeg"}],"author":"Aliados17","twitter_card":"summary_large_image","twitter_creator":"@AliadosPuebla","twitter_misc":{"Escrito por":"Aliados17","Tiempo de lectura":"3 minutos"},"schema":{"@context":"https:\/\/schema.org","@graph":[{"@type":"Article","@id":"https:\/\/www.aliadospuebla.com\/?p=49689#article","isPartOf":{"@id":"https:\/\/www.aliadospuebla.com\/?p=49689"},"author":{"name":"Aliados17","@id":"https:\/\/www.aliadospuebla.com\/#\/schema\/person\/5da7dd09320bd4f392b710017ed5f8ad"},"headline":"Cholula: Es Jorge G\u00f3mez: Es de Muy Buena Fuente","datePublished":"2020-12-15T13:36:57+00:00","mainEntityOfPage":{"@id":"https:\/\/www.aliadospuebla.com\/?p=49689"},"wordCount":542,"commentCount":0,"image":{"@id":"https:\/\/www.aliadospuebla.com\/?p=49689#primaryimage"},"thumbnailUrl":"https:\/\/www.aliadospuebla.com\/web2017\/wp-content\/uploads\/2020\/12\/001_-Macias-Palma-8.jpg","keywords":["Jorge G\u00f3mez Carranco","Luis Miguel Ger\u00f3nimo Barbosa Huerta","MARTHA ERIKA ALONSO HIDALGO","MORENA","PAN PUEBLA","SAN PEDRO CHOLULA","Sergio Sa\u00fal Mel\u00e9ndez","URUVIEL GONZ\u00c1LEZ VIEYRA"],"articleSection":["Columnas"],"inLanguage":"es","potentialAction":[{"@type":"CommentAction","name":"Comment","target":["https:\/\/www.aliadospuebla.com\/?p=49689#respond"]}]},{"@type":"WebPage","@id":"https:\/\/www.aliadospuebla.com\/?p=49689","url":"https:\/\/www.aliadospuebla.com\/?p=49689","name":"Cholula: Es Jorge G\u00f3mez: Es de Muy Buena Fuente - AliadosPuebla","isPartOf":{"@id":"https:\/\/www.aliadospuebla.com\/#website"},"primaryImageOfPage":{"@id":"https:\/\/www.aliadospuebla.com\/?p=49689#primaryimage"},"image":{"@id":"https:\/\/www.aliadospuebla.com\/?p=49689#primaryimage"},"thumbnailUrl":"https:\/\/www.aliadospuebla.com\/web2017\/wp-content\/uploads\/2020\/12\/001_-Macias-Palma-8.jpg","datePublished":"2020-12-15T13:36:57+00:00","author":{"@id":"https:\/\/www.aliadospuebla.com\/#\/schema\/person\/5da7dd09320bd4f392b710017ed5f8ad"},"breadcrumb":{"@id":"https:\/\/www.aliadospuebla.com\/?p=49689#breadcrumb"},"inLanguage":"es","potentialAction":[{"@type":"ReadAction","target":["https:\/\/www.aliadospuebla.com\/?p=49689"]}]},{"@type":"ImageObject","inLanguage":"es","@id":"https:\/\/www.aliadospuebla.com\/?p=49689#primaryimage","url":"https:\/\/www.aliadospuebla.com\/web2017\/wp-content\/uploads\/2020\/12\/001_-Macias-Palma-8.jpg","contentUrl":"https:\/\/www.aliadospuebla.com\/web2017\/wp-content\/uploads\/2020\/12\/001_-Macias-Palma-8.jpg","width":600,"height":450},{"@type":"BreadcrumbList","@id":"https:\/\/www.aliadospuebla.com\/?p=49689#breadcrumb","itemListElement":[{"@type":"ListItem","position":1,"name":"Portada","item":"https:\/\/www.aliadospuebla.com\/"},{"@type":"ListItem","position":2,"name":"Cholula: Es Jorge G\u00f3mez: Es de Muy Buena Fuente"}]},{"@type":"WebSite","@id":"https:\/\/www.aliadospuebla.com\/#website","url":"https:\/\/www.aliadospuebla.com\/","name":"AliadosPuebla","description":"La informaci\u00f3n en tus manos","potentialAction":[{"@type":"SearchAction","target":{"@type":"EntryPoint","urlTemplate":"https:\/\/www.aliadospuebla.com\/?s={search_term_string}"},"query-input":{"@type":"PropertyValueSpecification","valueRequired":true,"valueName":"search_term_string"}}],"inLanguage":"es"},{"@type":"Person","@id":"https:\/\/www.aliadospuebla.com\/#\/schema\/person\/5da7dd09320bd4f392b710017ed5f8ad","name":"Aliados17","image":{"@type":"ImageObject","inLanguage":"es","@id":"https:\/\/www.aliadospuebla.com\/web2017\/wp-content\/uploads\/2025\/03\/cropped-para-perfil-8-anos-1-96x96.jpg","url":"https:\/\/www.aliadospuebla.com\/web2017\/wp-content\/uploads\/2025\/03\/cropped-para-perfil-8-anos-1-96x96.jpg","contentUrl":"https:\/\/www.aliadospuebla.com\/web2017\/wp-content\/uploads\/2025\/03\/cropped-para-perfil-8-anos-1-96x96.jpg","caption":"Aliados17"},"sameAs":["https:\/\/www.aliados17.com","https:\/\/www.facebook.com\/Aliados17Pue","https:\/\/x.com\/AliadosPuebla"],"url":"https:\/\/www.aliadospuebla.com\/?author=2"}]}},"views":10,"_links":{"self":[{"href":"https:\/\/www.aliadospuebla.com\/index.php?rest_route=\/wp\/v2\/posts\/49689","targetHints":{"allow":["GET"]}}],"collection":[{"href":"https:\/\/www.aliadospuebla.com\/index.php?rest_route=\/wp\/v2\/posts"}],"about":[{"href":"https:\/\/www.aliadospuebla.com\/index.php?rest_route=\/wp\/v2\/types\/post"}],"author":[{"embeddable":true,"href":"https:\/\/www.aliadospuebla.com\/index.php?rest_route=\/wp\/v2\/users\/2"}],"replies":[{"embeddable":true,"href":"https:\/\/www.aliadospuebla.com\/index.php?rest_route=%2Fwp%2Fv2%2Fcomments&post=49689"}],"version-history":[{"count":1,"href":"https:\/\/www.aliadospuebla.com\/index.php?rest_route=\/wp\/v2\/posts\/49689\/revisions"}],"predecessor-version":[{"id":49691,"href":"https:\/\/www.aliadospuebla.com\/index.php?rest_route=\/wp\/v2\/posts\/49689\/revisions\/49691"}],"wp:featuredmedia":[{"embeddable":true,"href":"https:\/\/www.aliadospuebla.com\/index.php?rest_route=\/wp\/v2\/media\/49690"}],"wp:attachment":[{"href":"https:\/\/www.aliadospuebla.com\/index.php?rest_route=%2Fwp%2Fv2%2Fmedia&parent=49689"}],"wp:term":[{"taxonomy":"category","embeddable":true,"href":"https:\/\/www.aliadospuebla.com\/index.php?rest_route=%2Fwp%2Fv2%2Fcategories&post=49689"},{"taxonomy":"post_tag","embeddable":true,"href":"https:\/\/www.aliadospuebla.com\/index.php?rest_route=%2Fwp%2Fv2%2Ftags&post=49689"}],"curies":[{"name":"wp","href":"https:\/\/api.w.org\/{rel}","templated":true}]}}