{"id":49676,"date":"2020-12-14T22:59:59","date_gmt":"2020-12-15T04:59:59","guid":{"rendered":"http:\/\/www.aliados17.com\/?p=49676"},"modified":"2020-12-14T22:59:59","modified_gmt":"2020-12-15T04:59:59","slug":"cuautlancingo-refuerza-la-estrategia-de-seguridad-para-combatir-los-asaltos-en-unidades-del-transporte-publico","status":"publish","type":"post","link":"https:\/\/www.aliadospuebla.com\/?p=49676","title":{"rendered":"Cuautlancingo refuerza la estrategia de seguridad para combatir los asaltos en unidades del transporte p\u00fablico"},"content":{"rendered":"<p style=\"font-weight: 400;\">Con el objetivo de disminuir el \u00edndice delictivo, relacionado con robos y asaltos, la Secretar\u00eda de Seguridad P\u00fablica del Municipio de Cuautlancingo, refuerza el operativo Pasajero Seguro, con la participaci\u00f3n de los elementos, acompa\u00f1ados por agentes de la Fiscal\u00eda General del Estado de Puebla, quienes se incorporan de manera encubierta en las rutas del transporte p\u00fablico en los tramos que corresponden al municipio.<\/p>\n<p style=\"font-weight: 400;\">Por lo que se trabaja de manera coordinada para inhibir la incidencia delictiva y lograr que las personas perciban m\u00e1s seguridad, esta estrategia se realiza en las laterales de la autopista en la zona de FINSA, la inspector\u00eda de la Reserva Territorial Quetzalc\u00f3atl, as\u00ed como en los l\u00edmites territoriales con la junta auxiliar Ignacio Romero Vargas, en la zona de la Colonia Villa Ol\u00edmpica, as\u00ed como la Colonia Fuertes de Guadalupe.<\/p>\n<p style=\"font-weight: 400;\">Con el objetivo de disminuir el \u00edndice delictivo, relacionado con robos y asaltos que se han presentado en el transporte p\u00fablico, la Secretar\u00eda de Seguridad P\u00fablica del municipio de Cuautlancingo realiza de manera constante el Operativo Pasajero Seguro en el que se pide al transporte p\u00fablico, de manera aleatoria, que se detenga para realizar la supervisi\u00f3n y se realiza de manera permanente, en diferentes horarios y rutas, para evitar que los pasajeros sean v\u00edctimas de asaltos y para detectar armas o drogas.<\/p>\n<p style=\"font-weight: 400;\">Los polic\u00edas solicitan a los pasajeros, principalmente hombres, que bajen de las unidades para hacerles una revisi\u00f3n corporal y a sus mochilas o bolsas, el procedimiento de revisi\u00f3n del transporte p\u00fablico se lleva a cabo con estricto apego a los Derechos Humanos.<\/p>\n<p style=\"font-weight: 400;\">Para reportar cualquier eventualidad que vulnere su seguridad se pide a la ciudadan\u00eda llamar al 911 en caso de cualquier emergencia, al n\u00famero de Seguridad P\u00fablica de Cuautlancingo: 222.285.51.27 o pueden\u00a0denunciar whatsapeando al siguiente n\u00famero: 22.11.55.00.16.<\/p>\n","protected":false},"excerpt":{"rendered":"<p>Con el objetivo de disminuir el \u00edndice delictivo, relacionado con robos y asaltos, la Secretar\u00eda de Seguridad P\u00fablica del Municipio de Cuautlancingo, refuerza el operativo Pasajero Seguro, con la participaci\u00f3n de los elementos, acompa\u00f1ados por agentes de la Fiscal\u00eda General del Estado de Puebla, quienes se incorporan de manera encubierta en las rutas del transporte p\u00fablico en los tramos que corresponden al municipio. Por lo que se trabaja de manera coordinada para inhibir la incidencia delictiva y lograr que las personas perciban m\u00e1s seguridad, esta estrategia se realiza en las laterales de la autopista en la zona de FINSA, la inspector\u00eda de la Reserva Territorial Quetzalc\u00f3atl, as\u00ed como en los l\u00edmites territoriales con la junta auxiliar Ignacio Romero Vargas, en la zona de la Colonia&hellip;<\/p>\n<p class=\"excerpt-more\"><a class=\"blog-excerpt button\" href=\"https:\/\/www.aliadospuebla.com\/?p=49676\">Leer m\u00e1s&#8230;<\/a><\/p>\n","protected":false},"author":2,"featured_media":49677,"comment_status":"open","ping_status":"open","sticky":false,"template":"","format":"standard","meta":{"_monsterinsights_skip_tracking":false,"footnotes":""},"categories":[4],"tags":[18,1106,20,594],"class_list":["post-49676","post","type-post","status-publish","format-standard","has-post-thumbnail","hentry","category-municipios","tag-cuautlancingo","tag-pasajero-seguro","tag-seguridad","tag-transporte-publico"],"yoast_head":"<!-- This site is optimized with the Yoast SEO plugin v28.4 - https:\/\/yoast.com\/product\/yoast-seo-wordpress\/ -->\n<title>Cuautlancingo refuerza la estrategia de seguridad para combatir los asaltos en unidades del transporte p\u00fablico - AliadosPuebla<\/title>\n<meta name=\"robots\" content=\"index, follow, max-snippet:-1, max-image-preview:large, max-video-preview:-1\" \/>\n<link rel=\"canonical\" href=\"https:\/\/www.aliadospuebla.com\/?p=49676\" \/>\n<meta property=\"og:locale\" content=\"es_ES\" \/>\n<meta property=\"og:type\" content=\"article\" \/>\n<meta property=\"og:title\" content=\"Cuautlancingo refuerza la estrategia de seguridad para combatir los asaltos en unidades del transporte p\u00fablico - AliadosPuebla\" \/>\n<meta property=\"og:description\" content=\"Con el objetivo de disminuir el \u00edndice delictivo, relacionado con robos y asaltos, la Secretar\u00eda de Seguridad P\u00fablica del Municipio de Cuautlancingo, refuerza el operativo Pasajero Seguro, con la participaci\u00f3n de los elementos, acompa\u00f1ados por agentes de la Fiscal\u00eda General del Estado de Puebla, quienes se incorporan de manera encubierta en las rutas del transporte p\u00fablico en los tramos que corresponden al municipio. Por lo que se trabaja de manera coordinada para inhibir la incidencia delictiva y lograr que las personas perciban m\u00e1s seguridad, esta estrategia se realiza en las laterales de la autopista en la zona de FINSA, la inspector\u00eda de la Reserva Territorial Quetzalc\u00f3atl, as\u00ed como en los l\u00edmites territoriales con la junta auxiliar Ignacio Romero Vargas, en la zona de la Colonia&hellip;Leer m\u00e1s...\" \/>\n<meta property=\"og:url\" content=\"https:\/\/www.aliadospuebla.com\/?p=49676\" \/>\n<meta property=\"og:site_name\" content=\"AliadosPuebla\" \/>\n<meta property=\"article:author\" content=\"https:\/\/www.facebook.com\/Aliados17Pue\" \/>\n<meta property=\"article:published_time\" content=\"2020-12-15T04:59:59+00:00\" \/>\n<meta property=\"og:image\" content=\"https:\/\/www.aliadospuebla.com\/web2017\/wp-content\/uploads\/2020\/12\/103-seguridad.jpg\" \/>\n\t<meta property=\"og:image:width\" content=\"600\" \/>\n\t<meta property=\"og:image:height\" content=\"450\" \/>\n\t<meta property=\"og:image:type\" content=\"image\/jpeg\" \/>\n<meta name=\"author\" content=\"Aliados17\" \/>\n<meta name=\"twitter:card\" content=\"summary_large_image\" \/>\n<meta name=\"twitter:creator\" content=\"@AliadosPuebla\" \/>\n<meta name=\"twitter:label1\" content=\"Escrito por\" \/>\n\t<meta name=\"twitter:data1\" content=\"Aliados17\" \/>\n\t<meta name=\"twitter:label2\" content=\"Tiempo de lectura\" \/>\n\t<meta name=\"twitter:data2\" content=\"2 minutos\" \/>\n<script type=\"application\/ld+json\" class=\"yoast-schema-graph\">{\"@context\":\"https:\\\/\\\/schema.org\",\"@graph\":[{\"@type\":\"Article\",\"@id\":\"https:\\\/\\\/www.aliadospuebla.com\\\/?p=49676#article\",\"isPartOf\":{\"@id\":\"https:\\\/\\\/www.aliadospuebla.com\\\/?p=49676\"},\"author\":{\"name\":\"Aliados17\",\"@id\":\"https:\\\/\\\/www.aliadospuebla.com\\\/#\\\/schema\\\/person\\\/5da7dd09320bd4f392b710017ed5f8ad\"},\"headline\":\"Cuautlancingo refuerza la estrategia de seguridad para combatir los asaltos en unidades del transporte p\u00fablico\",\"datePublished\":\"2020-12-15T04:59:59+00:00\",\"mainEntityOfPage\":{\"@id\":\"https:\\\/\\\/www.aliadospuebla.com\\\/?p=49676\"},\"wordCount\":333,\"commentCount\":0,\"image\":{\"@id\":\"https:\\\/\\\/www.aliadospuebla.com\\\/?p=49676#primaryimage\"},\"thumbnailUrl\":\"https:\\\/\\\/www.aliadospuebla.com\\\/web2017\\\/wp-content\\\/uploads\\\/2020\\\/12\\\/103-seguridad.jpg\",\"keywords\":[\"Cuautlancingo\",\"PASAJERO SEGURO\",\"Seguridad\",\"TRANSPORTE P\u00daBLICO\"],\"articleSection\":[\"Municipios\"],\"inLanguage\":\"es\",\"potentialAction\":[{\"@type\":\"CommentAction\",\"name\":\"Comment\",\"target\":[\"https:\\\/\\\/www.aliadospuebla.com\\\/?p=49676#respond\"]}]},{\"@type\":\"WebPage\",\"@id\":\"https:\\\/\\\/www.aliadospuebla.com\\\/?p=49676\",\"url\":\"https:\\\/\\\/www.aliadospuebla.com\\\/?p=49676\",\"name\":\"Cuautlancingo refuerza la estrategia de seguridad para combatir los asaltos en unidades del transporte p\u00fablico - AliadosPuebla\",\"isPartOf\":{\"@id\":\"https:\\\/\\\/www.aliadospuebla.com\\\/#website\"},\"primaryImageOfPage\":{\"@id\":\"https:\\\/\\\/www.aliadospuebla.com\\\/?p=49676#primaryimage\"},\"image\":{\"@id\":\"https:\\\/\\\/www.aliadospuebla.com\\\/?p=49676#primaryimage\"},\"thumbnailUrl\":\"https:\\\/\\\/www.aliadospuebla.com\\\/web2017\\\/wp-content\\\/uploads\\\/2020\\\/12\\\/103-seguridad.jpg\",\"datePublished\":\"2020-12-15T04:59:59+00:00\",\"author\":{\"@id\":\"https:\\\/\\\/www.aliadospuebla.com\\\/#\\\/schema\\\/person\\\/5da7dd09320bd4f392b710017ed5f8ad\"},\"breadcrumb\":{\"@id\":\"https:\\\/\\\/www.aliadospuebla.com\\\/?p=49676#breadcrumb\"},\"inLanguage\":\"es\",\"potentialAction\":[{\"@type\":\"ReadAction\",\"target\":[\"https:\\\/\\\/www.aliadospuebla.com\\\/?p=49676\"]}]},{\"@type\":\"ImageObject\",\"inLanguage\":\"es\",\"@id\":\"https:\\\/\\\/www.aliadospuebla.com\\\/?p=49676#primaryimage\",\"url\":\"https:\\\/\\\/www.aliadospuebla.com\\\/web2017\\\/wp-content\\\/uploads\\\/2020\\\/12\\\/103-seguridad.jpg\",\"contentUrl\":\"https:\\\/\\\/www.aliadospuebla.com\\\/web2017\\\/wp-content\\\/uploads\\\/2020\\\/12\\\/103-seguridad.jpg\",\"width\":600,\"height\":450},{\"@type\":\"BreadcrumbList\",\"@id\":\"https:\\\/\\\/www.aliadospuebla.com\\\/?p=49676#breadcrumb\",\"itemListElement\":[{\"@type\":\"ListItem\",\"position\":1,\"name\":\"Portada\",\"item\":\"https:\\\/\\\/www.aliadospuebla.com\\\/\"},{\"@type\":\"ListItem\",\"position\":2,\"name\":\"Cuautlancingo refuerza la estrategia de seguridad para combatir los asaltos en unidades del transporte p\u00fablico\"}]},{\"@type\":\"WebSite\",\"@id\":\"https:\\\/\\\/www.aliadospuebla.com\\\/#website\",\"url\":\"https:\\\/\\\/www.aliadospuebla.com\\\/\",\"name\":\"AliadosPuebla\",\"description\":\"La informaci\u00f3n en tus manos\",\"potentialAction\":[{\"@type\":\"SearchAction\",\"target\":{\"@type\":\"EntryPoint\",\"urlTemplate\":\"https:\\\/\\\/www.aliadospuebla.com\\\/?s={search_term_string}\"},\"query-input\":{\"@type\":\"PropertyValueSpecification\",\"valueRequired\":true,\"valueName\":\"search_term_string\"}}],\"inLanguage\":\"es\"},{\"@type\":\"Person\",\"@id\":\"https:\\\/\\\/www.aliadospuebla.com\\\/#\\\/schema\\\/person\\\/5da7dd09320bd4f392b710017ed5f8ad\",\"name\":\"Aliados17\",\"image\":{\"@type\":\"ImageObject\",\"inLanguage\":\"es\",\"@id\":\"https:\\\/\\\/www.aliadospuebla.com\\\/web2017\\\/wp-content\\\/uploads\\\/2025\\\/03\\\/cropped-para-perfil-8-anos-1-96x96.jpg\",\"url\":\"https:\\\/\\\/www.aliadospuebla.com\\\/web2017\\\/wp-content\\\/uploads\\\/2025\\\/03\\\/cropped-para-perfil-8-anos-1-96x96.jpg\",\"contentUrl\":\"https:\\\/\\\/www.aliadospuebla.com\\\/web2017\\\/wp-content\\\/uploads\\\/2025\\\/03\\\/cropped-para-perfil-8-anos-1-96x96.jpg\",\"caption\":\"Aliados17\"},\"sameAs\":[\"https:\\\/\\\/www.aliados17.com\",\"https:\\\/\\\/www.facebook.com\\\/Aliados17Pue\",\"https:\\\/\\\/x.com\\\/AliadosPuebla\"],\"url\":\"https:\\\/\\\/www.aliadospuebla.com\\\/?author=2\"}]}<\/script>\n<!-- \/ Yoast SEO plugin. -->","yoast_head_json":{"title":"Cuautlancingo refuerza la estrategia de seguridad para combatir los asaltos en unidades del transporte p\u00fablico - AliadosPuebla","robots":{"index":"index","follow":"follow","max-snippet":"max-snippet:-1","max-image-preview":"max-image-preview:large","max-video-preview":"max-video-preview:-1"},"canonical":"https:\/\/www.aliadospuebla.com\/?p=49676","og_locale":"es_ES","og_type":"article","og_title":"Cuautlancingo refuerza la estrategia de seguridad para combatir los asaltos en unidades del transporte p\u00fablico - AliadosPuebla","og_description":"Con el objetivo de disminuir el \u00edndice delictivo, relacionado con robos y asaltos, la Secretar\u00eda de Seguridad P\u00fablica del Municipio de Cuautlancingo, refuerza el operativo Pasajero Seguro, con la participaci\u00f3n de los elementos, acompa\u00f1ados por agentes de la Fiscal\u00eda General del Estado de Puebla, quienes se incorporan de manera encubierta en las rutas del transporte p\u00fablico en los tramos que corresponden al municipio. Por lo que se trabaja de manera coordinada para inhibir la incidencia delictiva y lograr que las personas perciban m\u00e1s seguridad, esta estrategia se realiza en las laterales de la autopista en la zona de FINSA, la inspector\u00eda de la Reserva Territorial Quetzalc\u00f3atl, as\u00ed como en los l\u00edmites territoriales con la junta auxiliar Ignacio Romero Vargas, en la zona de la Colonia&hellip;Leer m\u00e1s...","og_url":"https:\/\/www.aliadospuebla.com\/?p=49676","og_site_name":"AliadosPuebla","article_author":"https:\/\/www.facebook.com\/Aliados17Pue","article_published_time":"2020-12-15T04:59:59+00:00","og_image":[{"width":600,"height":450,"url":"https:\/\/www.aliadospuebla.com\/web2017\/wp-content\/uploads\/2020\/12\/103-seguridad.jpg","type":"image\/jpeg"}],"author":"Aliados17","twitter_card":"summary_large_image","twitter_creator":"@AliadosPuebla","twitter_misc":{"Escrito por":"Aliados17","Tiempo de lectura":"2 minutos"},"schema":{"@context":"https:\/\/schema.org","@graph":[{"@type":"Article","@id":"https:\/\/www.aliadospuebla.com\/?p=49676#article","isPartOf":{"@id":"https:\/\/www.aliadospuebla.com\/?p=49676"},"author":{"name":"Aliados17","@id":"https:\/\/www.aliadospuebla.com\/#\/schema\/person\/5da7dd09320bd4f392b710017ed5f8ad"},"headline":"Cuautlancingo refuerza la estrategia de seguridad para combatir los asaltos en unidades del transporte p\u00fablico","datePublished":"2020-12-15T04:59:59+00:00","mainEntityOfPage":{"@id":"https:\/\/www.aliadospuebla.com\/?p=49676"},"wordCount":333,"commentCount":0,"image":{"@id":"https:\/\/www.aliadospuebla.com\/?p=49676#primaryimage"},"thumbnailUrl":"https:\/\/www.aliadospuebla.com\/web2017\/wp-content\/uploads\/2020\/12\/103-seguridad.jpg","keywords":["Cuautlancingo","PASAJERO SEGURO","Seguridad","TRANSPORTE P\u00daBLICO"],"articleSection":["Municipios"],"inLanguage":"es","potentialAction":[{"@type":"CommentAction","name":"Comment","target":["https:\/\/www.aliadospuebla.com\/?p=49676#respond"]}]},{"@type":"WebPage","@id":"https:\/\/www.aliadospuebla.com\/?p=49676","url":"https:\/\/www.aliadospuebla.com\/?p=49676","name":"Cuautlancingo refuerza la estrategia de seguridad para combatir los asaltos en unidades del transporte p\u00fablico - AliadosPuebla","isPartOf":{"@id":"https:\/\/www.aliadospuebla.com\/#website"},"primaryImageOfPage":{"@id":"https:\/\/www.aliadospuebla.com\/?p=49676#primaryimage"},"image":{"@id":"https:\/\/www.aliadospuebla.com\/?p=49676#primaryimage"},"thumbnailUrl":"https:\/\/www.aliadospuebla.com\/web2017\/wp-content\/uploads\/2020\/12\/103-seguridad.jpg","datePublished":"2020-12-15T04:59:59+00:00","author":{"@id":"https:\/\/www.aliadospuebla.com\/#\/schema\/person\/5da7dd09320bd4f392b710017ed5f8ad"},"breadcrumb":{"@id":"https:\/\/www.aliadospuebla.com\/?p=49676#breadcrumb"},"inLanguage":"es","potentialAction":[{"@type":"ReadAction","target":["https:\/\/www.aliadospuebla.com\/?p=49676"]}]},{"@type":"ImageObject","inLanguage":"es","@id":"https:\/\/www.aliadospuebla.com\/?p=49676#primaryimage","url":"https:\/\/www.aliadospuebla.com\/web2017\/wp-content\/uploads\/2020\/12\/103-seguridad.jpg","contentUrl":"https:\/\/www.aliadospuebla.com\/web2017\/wp-content\/uploads\/2020\/12\/103-seguridad.jpg","width":600,"height":450},{"@type":"BreadcrumbList","@id":"https:\/\/www.aliadospuebla.com\/?p=49676#breadcrumb","itemListElement":[{"@type":"ListItem","position":1,"name":"Portada","item":"https:\/\/www.aliadospuebla.com\/"},{"@type":"ListItem","position":2,"name":"Cuautlancingo refuerza la estrategia de seguridad para combatir los asaltos en unidades del transporte p\u00fablico"}]},{"@type":"WebSite","@id":"https:\/\/www.aliadospuebla.com\/#website","url":"https:\/\/www.aliadospuebla.com\/","name":"AliadosPuebla","description":"La informaci\u00f3n en tus manos","potentialAction":[{"@type":"SearchAction","target":{"@type":"EntryPoint","urlTemplate":"https:\/\/www.aliadospuebla.com\/?s={search_term_string}"},"query-input":{"@type":"PropertyValueSpecification","valueRequired":true,"valueName":"search_term_string"}}],"inLanguage":"es"},{"@type":"Person","@id":"https:\/\/www.aliadospuebla.com\/#\/schema\/person\/5da7dd09320bd4f392b710017ed5f8ad","name":"Aliados17","image":{"@type":"ImageObject","inLanguage":"es","@id":"https:\/\/www.aliadospuebla.com\/web2017\/wp-content\/uploads\/2025\/03\/cropped-para-perfil-8-anos-1-96x96.jpg","url":"https:\/\/www.aliadospuebla.com\/web2017\/wp-content\/uploads\/2025\/03\/cropped-para-perfil-8-anos-1-96x96.jpg","contentUrl":"https:\/\/www.aliadospuebla.com\/web2017\/wp-content\/uploads\/2025\/03\/cropped-para-perfil-8-anos-1-96x96.jpg","caption":"Aliados17"},"sameAs":["https:\/\/www.aliados17.com","https:\/\/www.facebook.com\/Aliados17Pue","https:\/\/x.com\/AliadosPuebla"],"url":"https:\/\/www.aliadospuebla.com\/?author=2"}]}},"views":11,"_links":{"self":[{"href":"https:\/\/www.aliadospuebla.com\/index.php?rest_route=\/wp\/v2\/posts\/49676","targetHints":{"allow":["GET"]}}],"collection":[{"href":"https:\/\/www.aliadospuebla.com\/index.php?rest_route=\/wp\/v2\/posts"}],"about":[{"href":"https:\/\/www.aliadospuebla.com\/index.php?rest_route=\/wp\/v2\/types\/post"}],"author":[{"embeddable":true,"href":"https:\/\/www.aliadospuebla.com\/index.php?rest_route=\/wp\/v2\/users\/2"}],"replies":[{"embeddable":true,"href":"https:\/\/www.aliadospuebla.com\/index.php?rest_route=%2Fwp%2Fv2%2Fcomments&post=49676"}],"version-history":[{"count":1,"href":"https:\/\/www.aliadospuebla.com\/index.php?rest_route=\/wp\/v2\/posts\/49676\/revisions"}],"predecessor-version":[{"id":49678,"href":"https:\/\/www.aliadospuebla.com\/index.php?rest_route=\/wp\/v2\/posts\/49676\/revisions\/49678"}],"wp:featuredmedia":[{"embeddable":true,"href":"https:\/\/www.aliadospuebla.com\/index.php?rest_route=\/wp\/v2\/media\/49677"}],"wp:attachment":[{"href":"https:\/\/www.aliadospuebla.com\/index.php?rest_route=%2Fwp%2Fv2%2Fmedia&parent=49676"}],"wp:term":[{"taxonomy":"category","embeddable":true,"href":"https:\/\/www.aliadospuebla.com\/index.php?rest_route=%2Fwp%2Fv2%2Fcategories&post=49676"},{"taxonomy":"post_tag","embeddable":true,"href":"https:\/\/www.aliadospuebla.com\/index.php?rest_route=%2Fwp%2Fv2%2Ftags&post=49676"}],"curies":[{"name":"wp","href":"https:\/\/api.w.org\/{rel}","templated":true}]}}