{"id":49613,"date":"2020-12-13T13:59:30","date_gmt":"2020-12-13T19:59:30","guid":{"rendered":"http:\/\/www.aliados17.com\/?p=49613"},"modified":"2020-12-13T13:59:30","modified_gmt":"2020-12-13T19:59:30","slug":"el-iee-se-pronuncia-respecto-de-las-manifestaciones-de-intencion-presentadas-por-las-y-los-ciudadanos","status":"publish","type":"post","link":"https:\/\/www.aliadospuebla.com\/?p=49613","title":{"rendered":"EL IEE SE PRONUNCIA RESPECTO DE LAS MANIFESTACIONES DE INTENCI\u00d3N PRESENTADAS POR LAS Y LOS CIUDADANOS"},"content":{"rendered":"<p style=\"font-weight: 400;\">El Consejo General del Instituto Electoral del Estado de Puebla aprob\u00f3 este d\u00eda el acuerdo, por el que se pronuncia respecto de las manifestaciones de intenci\u00f3n presentadas por parte de la ciudadan\u00eda interesada en contender bajo la figura de Candidatura Independiente para el Proceso Electoral Estatal Ordinario Concurrente 2020-2021.<\/p>\n<p style=\"font-weight: 400;\">\n<p style=\"font-weight: 400;\">Es importante recordar que este Organismo Electoral recibi\u00f3 38 manifestaciones de intenci\u00f3n por parte de las y los ciudadanos que aspiran a una Candidatura Independiente, mismas que fueron analizadas del 30 de noviembre al 06 de diciembre del a\u00f1o en curso. En fecha 07 de diciembre de 2020, se notific\u00f3 a las y los aspirantes los requerimientos a la documentaci\u00f3n faltante para continuar con el proceso, teniendo 24 horas para subsanar la informaci\u00f3n solicitada.<\/p>\n<p style=\"font-weight: 400;\">\n<p style=\"font-weight: 400;\">La Direcci\u00f3n de Prerrogativas y Partidos Pol\u00edticos de este Instituto, se dio a la tarea de realizar el an\u00e1lisis respectivo de cada uno de los avisos de intenci\u00f3n presentado; una vez subsanadas las omisiones y errores, por parte de las y los interesados, este Consejo General determin\u00f3 la calidad de aspirantes a las y los ciudadanos que presentaron su manifestaci\u00f3n de intenci\u00f3n y cubrieron los extremos normativos establecidos en el C\u00f3digo Electoral, los Lineamientos de la materia y la Convocatoria, siendo las y los siguientes:<\/p>\n<p style=\"font-weight: 400;\">\n<p style=\"font-weight: 400;\">\n<table width=\"0\">\n<tbody>\n<tr>\n<td width=\"31\"><strong>No.<\/strong><\/td>\n<td width=\"121\"><strong>CARGO<\/strong><\/td>\n<td width=\"132\"><strong>DISTRITO O MUNICIPIO<\/strong><\/td>\n<td width=\"163\"><strong>NOMBRE<\/strong><\/td>\n<td width=\"186\"><strong>PROCEDENTE<\/strong><\/td>\n<\/tr>\n<tr>\n<td width=\"31\">1<\/td>\n<td width=\"121\">AYUNTAMIENTO<\/td>\n<td width=\"132\">SAN MART\u00cdN TEXMELUCAN<\/td>\n<td width=\"163\">FILEMON RAMIREZ SANCHEZ<\/td>\n<td width=\"186\">SI<\/td>\n<\/tr>\n<tr>\n<td width=\"31\">2<\/td>\n<td width=\"121\">AYUNTAMIENTO<\/td>\n<td width=\"132\">TEZIUTL\u00c1N<\/td>\n<td width=\"163\">OSCAR SANCHEZ CANO<\/td>\n<td width=\"186\">SI<\/td>\n<\/tr>\n<tr>\n<td width=\"31\">3<\/td>\n<td width=\"121\">DIPUTACI\u00d3N<\/td>\n<td width=\"132\">PUEBLA<\/td>\n<td width=\"163\">JESUS DAVID SERRANO MORALES<\/td>\n<td width=\"186\">SI<\/td>\n<\/tr>\n<tr>\n<td width=\"31\">4<\/td>\n<td width=\"121\">AYUNTAMIENTO<\/td>\n<td width=\"132\">SAN PEDRO CHOLULA<\/td>\n<td width=\"163\">CLAUDIO ENRIQUE ROSAS CRUZ<\/td>\n<td width=\"186\">SI<\/td>\n<\/tr>\n<tr>\n<td width=\"31\">5<\/td>\n<td width=\"121\">AYUNTAMIENTO<\/td>\n<td width=\"132\">CUAUTINCHAN<\/td>\n<td width=\"163\">JOSE LUIS GONZALEZ HERNANDEZ<\/td>\n<td width=\"186\">PROCEDENTE CON LA SALVEDAD DE QUE EN 48 HORAS SUBSANEN LAS OMISIONES<\/td>\n<\/tr>\n<tr>\n<td width=\"31\">6<\/td>\n<td width=\"121\">AYUNTAMIENTO<\/td>\n<td width=\"132\">PALMAR DE BRAVO<\/td>\n<td width=\"163\">JUAN CARLOS VARILLAS LIMA<\/td>\n<td width=\"186\">SI<\/td>\n<\/tr>\n<tr>\n<td width=\"31\">7<\/td>\n<td width=\"121\">AYUNTAMIENTO<\/td>\n<td width=\"132\">CUAUTLANCINGO<\/td>\n<td width=\"163\">OMAR ALBERTO MU\u00d1OZ ALFARO<\/td>\n<td width=\"186\">SI<\/td>\n<\/tr>\n<tr>\n<td width=\"31\">8<\/td>\n<td width=\"121\">AYUNTAMIENTO<\/td>\n<td width=\"132\">PAHUATL\u00c1N<\/td>\n<td width=\"163\">EDUARDO ROMERO ROMERO<\/td>\n<td width=\"186\">SI<\/td>\n<\/tr>\n<tr>\n<td width=\"31\">9<\/td>\n<td width=\"121\">AYUNTAMIENTO<\/td>\n<td width=\"132\">SAN ANDR\u00c9S CHOLULA<\/td>\n<td width=\"163\">FELIPE SALVADOR SANDOVAL DE LA FUENTE<\/td>\n<td width=\"186\">SI<\/td>\n<\/tr>\n<tr>\n<td width=\"31\">10<\/td>\n<td width=\"121\">AYUNTAMIENTO<\/td>\n<td width=\"132\">HUEJOTZINGO<\/td>\n<td width=\"163\">GONZALO CADENA PRESNO<\/td>\n<td width=\"186\">SI<\/td>\n<\/tr>\n<tr>\n<td width=\"31\">11<\/td>\n<td width=\"121\">AYUNTAMIENTO<\/td>\n<td width=\"132\">DOMINGO ARENAS<\/td>\n<td width=\"163\">JAVIER MENESES CONTRERAS<\/td>\n<td width=\"186\">SI<\/td>\n<\/tr>\n<tr>\n<td width=\"31\">12<\/td>\n<td width=\"121\">AYUNTAMIENTO<\/td>\n<td width=\"132\">PUEBLA<\/td>\n<td width=\"163\">NORMA ROMERO CORTEZ<\/td>\n<td width=\"186\">SI<\/td>\n<\/tr>\n<tr>\n<td width=\"31\">13<\/td>\n<td width=\"121\">AYUNTAMIENTO<\/td>\n<td width=\"132\">YEHUALTEPEC<\/td>\n<td width=\"163\">FLORENCIO GALICIA HERNANDEZ<\/td>\n<td width=\"186\">PROCEDENTE CON LA SALVEDAD DE QUE EN 48 HORAS SUBSANEN LAS OMISIONES<\/td>\n<\/tr>\n<tr>\n<td width=\"31\">14<\/td>\n<td width=\"121\">AYUNTAMIENTO<\/td>\n<td width=\"132\">SAN ANDR\u00c9S CHOLULA<\/td>\n<td width=\"163\">JOSE SILVANO MACUIL CIELO<\/td>\n<td width=\"186\">PROCEDENTE CON LA SALVEDAD DE QUE EN 48 HORAS SUBSANEN LAS OMISIONES DE FORMA E INDEFINIDO CON LA LIMITANTE DE NO PODER RECABAR APOYOS CIUDADANOS EN TANTO SUBSANE<\/td>\n<\/tr>\n<tr>\n<td width=\"31\">15<\/td>\n<td width=\"121\">AYUNTAMIENTO<\/td>\n<td width=\"132\">HUAUCHINANGO<\/td>\n<td width=\"163\">BERNARDINO RIVERA AMADOR<\/td>\n<td width=\"186\">PROCEDENTE CON LA SALVEDAD DE QUE EN 48 HORAS SUBSANEN LAS OMISIONES DE FORMA E INDEFINIDO CON LA LIMITANTE DE NO PODER RECABAR APOYOS CIUDADANOS EN TANTO SUBSANE<\/td>\n<\/tr>\n<tr>\n<td width=\"31\">16<\/td>\n<td width=\"121\">AYUNTAMIENTO<\/td>\n<td width=\"132\">ATLIXCO<\/td>\n<td width=\"163\">VALENTE CONSTANTINO SEVILLA BRAVO<\/td>\n<td width=\"186\">SI<\/td>\n<\/tr>\n<tr>\n<td width=\"31\">17<\/td>\n<td width=\"121\">AYUNTAMIENTO<\/td>\n<td width=\"132\">XICOTEPEC<\/td>\n<td width=\"163\">CARLOS BARRAG\u00c1N AMADOR<\/td>\n<td width=\"186\">SI<\/td>\n<\/tr>\n<\/tbody>\n<\/table>\n","protected":false},"excerpt":{"rendered":"<p>El Consejo General del Instituto Electoral del Estado de Puebla aprob\u00f3 este d\u00eda el acuerdo, por el que se pronuncia respecto de las manifestaciones de intenci\u00f3n presentadas por parte de la ciudadan\u00eda interesada en contender bajo la figura de Candidatura Independiente para el Proceso Electoral Estatal Ordinario Concurrente 2020-2021. Es importante recordar que este Organismo Electoral recibi\u00f3 38 manifestaciones de intenci\u00f3n por parte de las y los ciudadanos que aspiran a una Candidatura Independiente, mismas que fueron analizadas del 30 de noviembre al 06 de diciembre del a\u00f1o en curso. En fecha 07 de diciembre de 2020, se notific\u00f3 a las y los aspirantes los requerimientos a la documentaci\u00f3n faltante para continuar con el proceso, teniendo 24 horas para subsanar la informaci\u00f3n solicitada. La Direcci\u00f3n&hellip;<\/p>\n<p class=\"excerpt-more\"><a class=\"blog-excerpt button\" href=\"https:\/\/www.aliadospuebla.com\/?p=49613\">Leer m\u00e1s&#8230;<\/a><\/p>\n","protected":false},"author":3,"featured_media":0,"comment_status":"open","ping_status":"open","sticky":false,"template":"","format":"standard","meta":{"_monsterinsights_skip_tracking":false,"footnotes":""},"categories":[6],"tags":[171,56,1008,273,8367,850,666,77,72,3002],"class_list":["post-49613","post","type-post","status-publish","format-standard","hentry","category-politica","tag-ayuntamiento","tag-capital","tag-iee","tag-ine","tag-marco-mena","tag-miguel-barbosa","tag-morena","tag-municipios","tag-puebla","tag-regidores"],"yoast_head":"<!-- This site is optimized with the Yoast SEO plugin v28.4 - https:\/\/yoast.com\/product\/yoast-seo-wordpress\/ -->\n<title>EL IEE SE PRONUNCIA RESPECTO DE LAS MANIFESTACIONES DE INTENCI\u00d3N PRESENTADAS POR LAS Y LOS CIUDADANOS - AliadosPuebla<\/title>\n<meta name=\"robots\" content=\"index, follow, max-snippet:-1, max-image-preview:large, max-video-preview:-1\" \/>\n<link rel=\"canonical\" href=\"https:\/\/www.aliadospuebla.com\/?p=49613\" \/>\n<meta property=\"og:locale\" content=\"es_ES\" \/>\n<meta property=\"og:type\" content=\"article\" \/>\n<meta property=\"og:title\" content=\"EL IEE SE PRONUNCIA RESPECTO DE LAS MANIFESTACIONES DE INTENCI\u00d3N PRESENTADAS POR LAS Y LOS CIUDADANOS - AliadosPuebla\" \/>\n<meta property=\"og:description\" content=\"El Consejo General del Instituto Electoral del Estado de Puebla aprob\u00f3 este d\u00eda el acuerdo, por el que se pronuncia respecto de las manifestaciones de intenci\u00f3n presentadas por parte de la ciudadan\u00eda interesada en contender bajo la figura de Candidatura Independiente para el Proceso Electoral Estatal Ordinario Concurrente 2020-2021. Es importante recordar que este Organismo Electoral recibi\u00f3 38 manifestaciones de intenci\u00f3n por parte de las y los ciudadanos que aspiran a una Candidatura Independiente, mismas que fueron analizadas del 30 de noviembre al 06 de diciembre del a\u00f1o en curso. En fecha 07 de diciembre de 2020, se notific\u00f3 a las y los aspirantes los requerimientos a la documentaci\u00f3n faltante para continuar con el proceso, teniendo 24 horas para subsanar la informaci\u00f3n solicitada. La Direcci\u00f3n&hellip;Leer m\u00e1s...\" \/>\n<meta property=\"og:url\" content=\"https:\/\/www.aliadospuebla.com\/?p=49613\" \/>\n<meta property=\"og:site_name\" content=\"AliadosPuebla\" \/>\n<meta property=\"article:published_time\" content=\"2020-12-13T19:59:30+00:00\" \/>\n<meta name=\"author\" content=\"Aliados Videos\" \/>\n<meta name=\"twitter:card\" content=\"summary_large_image\" \/>\n<meta name=\"twitter:label1\" content=\"Escrito por\" \/>\n\t<meta name=\"twitter:data1\" content=\"Aliados Videos\" \/>\n\t<meta name=\"twitter:label2\" content=\"Tiempo de lectura\" \/>\n\t<meta name=\"twitter:data2\" content=\"2 minutos\" \/>\n<script type=\"application\/ld+json\" class=\"yoast-schema-graph\">{\"@context\":\"https:\\\/\\\/schema.org\",\"@graph\":[{\"@type\":\"Article\",\"@id\":\"https:\\\/\\\/www.aliadospuebla.com\\\/?p=49613#article\",\"isPartOf\":{\"@id\":\"https:\\\/\\\/www.aliadospuebla.com\\\/?p=49613\"},\"author\":{\"name\":\"Aliados Videos\",\"@id\":\"https:\\\/\\\/www.aliadospuebla.com\\\/#\\\/schema\\\/person\\\/0fd017f23cc5c3f7988d5d58850eec8e\"},\"headline\":\"EL IEE SE PRONUNCIA RESPECTO DE LAS MANIFESTACIONES DE INTENCI\u00d3N PRESENTADAS POR LAS Y LOS CIUDADANOS\",\"datePublished\":\"2020-12-13T19:59:30+00:00\",\"mainEntityOfPage\":{\"@id\":\"https:\\\/\\\/www.aliadospuebla.com\\\/?p=49613\"},\"wordCount\":443,\"commentCount\":0,\"keywords\":[\"Ayuntamiento\",\"capital\",\"IEE\",\"INE\",\"MARCO MENA\",\"MIGUEL BARBOSA\",\"MORENA\",\"Municipios\",\"Puebla\",\"REGIDORES\"],\"articleSection\":[\"Pol\u00edtica\"],\"inLanguage\":\"es\",\"potentialAction\":[{\"@type\":\"CommentAction\",\"name\":\"Comment\",\"target\":[\"https:\\\/\\\/www.aliadospuebla.com\\\/?p=49613#respond\"]}]},{\"@type\":\"WebPage\",\"@id\":\"https:\\\/\\\/www.aliadospuebla.com\\\/?p=49613\",\"url\":\"https:\\\/\\\/www.aliadospuebla.com\\\/?p=49613\",\"name\":\"EL IEE SE PRONUNCIA RESPECTO DE LAS MANIFESTACIONES DE INTENCI\u00d3N PRESENTADAS POR LAS Y LOS CIUDADANOS - AliadosPuebla\",\"isPartOf\":{\"@id\":\"https:\\\/\\\/www.aliadospuebla.com\\\/#website\"},\"datePublished\":\"2020-12-13T19:59:30+00:00\",\"author\":{\"@id\":\"https:\\\/\\\/www.aliadospuebla.com\\\/#\\\/schema\\\/person\\\/0fd017f23cc5c3f7988d5d58850eec8e\"},\"breadcrumb\":{\"@id\":\"https:\\\/\\\/www.aliadospuebla.com\\\/?p=49613#breadcrumb\"},\"inLanguage\":\"es\",\"potentialAction\":[{\"@type\":\"ReadAction\",\"target\":[\"https:\\\/\\\/www.aliadospuebla.com\\\/?p=49613\"]}]},{\"@type\":\"BreadcrumbList\",\"@id\":\"https:\\\/\\\/www.aliadospuebla.com\\\/?p=49613#breadcrumb\",\"itemListElement\":[{\"@type\":\"ListItem\",\"position\":1,\"name\":\"Portada\",\"item\":\"https:\\\/\\\/www.aliadospuebla.com\\\/\"},{\"@type\":\"ListItem\",\"position\":2,\"name\":\"EL IEE SE PRONUNCIA RESPECTO DE LAS MANIFESTACIONES DE INTENCI\u00d3N PRESENTADAS POR LAS Y LOS CIUDADANOS\"}]},{\"@type\":\"WebSite\",\"@id\":\"https:\\\/\\\/www.aliadospuebla.com\\\/#website\",\"url\":\"https:\\\/\\\/www.aliadospuebla.com\\\/\",\"name\":\"AliadosPuebla\",\"description\":\"La informaci\u00f3n en tus manos\",\"potentialAction\":[{\"@type\":\"SearchAction\",\"target\":{\"@type\":\"EntryPoint\",\"urlTemplate\":\"https:\\\/\\\/www.aliadospuebla.com\\\/?s={search_term_string}\"},\"query-input\":{\"@type\":\"PropertyValueSpecification\",\"valueRequired\":true,\"valueName\":\"search_term_string\"}}],\"inLanguage\":\"es\"},{\"@type\":\"Person\",\"@id\":\"https:\\\/\\\/www.aliadospuebla.com\\\/#\\\/schema\\\/person\\\/0fd017f23cc5c3f7988d5d58850eec8e\",\"name\":\"Aliados Videos\",\"image\":{\"@type\":\"ImageObject\",\"inLanguage\":\"es\",\"@id\":\"https:\\\/\\\/secure.gravatar.com\\\/avatar\\\/42b92de8b2d8339e1e824f3a73ab023a0bec0ee2e3920248085eb1f3160b4083?s=96&d=mm&r=g\",\"url\":\"https:\\\/\\\/secure.gravatar.com\\\/avatar\\\/42b92de8b2d8339e1e824f3a73ab023a0bec0ee2e3920248085eb1f3160b4083?s=96&d=mm&r=g\",\"contentUrl\":\"https:\\\/\\\/secure.gravatar.com\\\/avatar\\\/42b92de8b2d8339e1e824f3a73ab023a0bec0ee2e3920248085eb1f3160b4083?s=96&d=mm&r=g\",\"caption\":\"Aliados Videos\"},\"url\":\"https:\\\/\\\/www.aliadospuebla.com\\\/?author=3\"}]}<\/script>\n<!-- \/ Yoast SEO plugin. -->","yoast_head_json":{"title":"EL IEE SE PRONUNCIA RESPECTO DE LAS MANIFESTACIONES DE INTENCI\u00d3N PRESENTADAS POR LAS Y LOS CIUDADANOS - AliadosPuebla","robots":{"index":"index","follow":"follow","max-snippet":"max-snippet:-1","max-image-preview":"max-image-preview:large","max-video-preview":"max-video-preview:-1"},"canonical":"https:\/\/www.aliadospuebla.com\/?p=49613","og_locale":"es_ES","og_type":"article","og_title":"EL IEE SE PRONUNCIA RESPECTO DE LAS MANIFESTACIONES DE INTENCI\u00d3N PRESENTADAS POR LAS Y LOS CIUDADANOS - AliadosPuebla","og_description":"El Consejo General del Instituto Electoral del Estado de Puebla aprob\u00f3 este d\u00eda el acuerdo, por el que se pronuncia respecto de las manifestaciones de intenci\u00f3n presentadas por parte de la ciudadan\u00eda interesada en contender bajo la figura de Candidatura Independiente para el Proceso Electoral Estatal Ordinario Concurrente 2020-2021. Es importante recordar que este Organismo Electoral recibi\u00f3 38 manifestaciones de intenci\u00f3n por parte de las y los ciudadanos que aspiran a una Candidatura Independiente, mismas que fueron analizadas del 30 de noviembre al 06 de diciembre del a\u00f1o en curso. En fecha 07 de diciembre de 2020, se notific\u00f3 a las y los aspirantes los requerimientos a la documentaci\u00f3n faltante para continuar con el proceso, teniendo 24 horas para subsanar la informaci\u00f3n solicitada. La Direcci\u00f3n&hellip;Leer m\u00e1s...","og_url":"https:\/\/www.aliadospuebla.com\/?p=49613","og_site_name":"AliadosPuebla","article_published_time":"2020-12-13T19:59:30+00:00","author":"Aliados Videos","twitter_card":"summary_large_image","twitter_misc":{"Escrito por":"Aliados Videos","Tiempo de lectura":"2 minutos"},"schema":{"@context":"https:\/\/schema.org","@graph":[{"@type":"Article","@id":"https:\/\/www.aliadospuebla.com\/?p=49613#article","isPartOf":{"@id":"https:\/\/www.aliadospuebla.com\/?p=49613"},"author":{"name":"Aliados Videos","@id":"https:\/\/www.aliadospuebla.com\/#\/schema\/person\/0fd017f23cc5c3f7988d5d58850eec8e"},"headline":"EL IEE SE PRONUNCIA RESPECTO DE LAS MANIFESTACIONES DE INTENCI\u00d3N PRESENTADAS POR LAS Y LOS CIUDADANOS","datePublished":"2020-12-13T19:59:30+00:00","mainEntityOfPage":{"@id":"https:\/\/www.aliadospuebla.com\/?p=49613"},"wordCount":443,"commentCount":0,"keywords":["Ayuntamiento","capital","IEE","INE","MARCO MENA","MIGUEL BARBOSA","MORENA","Municipios","Puebla","REGIDORES"],"articleSection":["Pol\u00edtica"],"inLanguage":"es","potentialAction":[{"@type":"CommentAction","name":"Comment","target":["https:\/\/www.aliadospuebla.com\/?p=49613#respond"]}]},{"@type":"WebPage","@id":"https:\/\/www.aliadospuebla.com\/?p=49613","url":"https:\/\/www.aliadospuebla.com\/?p=49613","name":"EL IEE SE PRONUNCIA RESPECTO DE LAS MANIFESTACIONES DE INTENCI\u00d3N PRESENTADAS POR LAS Y LOS CIUDADANOS - AliadosPuebla","isPartOf":{"@id":"https:\/\/www.aliadospuebla.com\/#website"},"datePublished":"2020-12-13T19:59:30+00:00","author":{"@id":"https:\/\/www.aliadospuebla.com\/#\/schema\/person\/0fd017f23cc5c3f7988d5d58850eec8e"},"breadcrumb":{"@id":"https:\/\/www.aliadospuebla.com\/?p=49613#breadcrumb"},"inLanguage":"es","potentialAction":[{"@type":"ReadAction","target":["https:\/\/www.aliadospuebla.com\/?p=49613"]}]},{"@type":"BreadcrumbList","@id":"https:\/\/www.aliadospuebla.com\/?p=49613#breadcrumb","itemListElement":[{"@type":"ListItem","position":1,"name":"Portada","item":"https:\/\/www.aliadospuebla.com\/"},{"@type":"ListItem","position":2,"name":"EL IEE SE PRONUNCIA RESPECTO DE LAS MANIFESTACIONES DE INTENCI\u00d3N PRESENTADAS POR LAS Y LOS CIUDADANOS"}]},{"@type":"WebSite","@id":"https:\/\/www.aliadospuebla.com\/#website","url":"https:\/\/www.aliadospuebla.com\/","name":"AliadosPuebla","description":"La informaci\u00f3n en tus manos","potentialAction":[{"@type":"SearchAction","target":{"@type":"EntryPoint","urlTemplate":"https:\/\/www.aliadospuebla.com\/?s={search_term_string}"},"query-input":{"@type":"PropertyValueSpecification","valueRequired":true,"valueName":"search_term_string"}}],"inLanguage":"es"},{"@type":"Person","@id":"https:\/\/www.aliadospuebla.com\/#\/schema\/person\/0fd017f23cc5c3f7988d5d58850eec8e","name":"Aliados Videos","image":{"@type":"ImageObject","inLanguage":"es","@id":"https:\/\/secure.gravatar.com\/avatar\/42b92de8b2d8339e1e824f3a73ab023a0bec0ee2e3920248085eb1f3160b4083?s=96&d=mm&r=g","url":"https:\/\/secure.gravatar.com\/avatar\/42b92de8b2d8339e1e824f3a73ab023a0bec0ee2e3920248085eb1f3160b4083?s=96&d=mm&r=g","contentUrl":"https:\/\/secure.gravatar.com\/avatar\/42b92de8b2d8339e1e824f3a73ab023a0bec0ee2e3920248085eb1f3160b4083?s=96&d=mm&r=g","caption":"Aliados Videos"},"url":"https:\/\/www.aliadospuebla.com\/?author=3"}]}},"views":12,"_links":{"self":[{"href":"https:\/\/www.aliadospuebla.com\/index.php?rest_route=\/wp\/v2\/posts\/49613","targetHints":{"allow":["GET"]}}],"collection":[{"href":"https:\/\/www.aliadospuebla.com\/index.php?rest_route=\/wp\/v2\/posts"}],"about":[{"href":"https:\/\/www.aliadospuebla.com\/index.php?rest_route=\/wp\/v2\/types\/post"}],"author":[{"embeddable":true,"href":"https:\/\/www.aliadospuebla.com\/index.php?rest_route=\/wp\/v2\/users\/3"}],"replies":[{"embeddable":true,"href":"https:\/\/www.aliadospuebla.com\/index.php?rest_route=%2Fwp%2Fv2%2Fcomments&post=49613"}],"version-history":[{"count":1,"href":"https:\/\/www.aliadospuebla.com\/index.php?rest_route=\/wp\/v2\/posts\/49613\/revisions"}],"predecessor-version":[{"id":49614,"href":"https:\/\/www.aliadospuebla.com\/index.php?rest_route=\/wp\/v2\/posts\/49613\/revisions\/49614"}],"wp:attachment":[{"href":"https:\/\/www.aliadospuebla.com\/index.php?rest_route=%2Fwp%2Fv2%2Fmedia&parent=49613"}],"wp:term":[{"taxonomy":"category","embeddable":true,"href":"https:\/\/www.aliadospuebla.com\/index.php?rest_route=%2Fwp%2Fv2%2Fcategories&post=49613"},{"taxonomy":"post_tag","embeddable":true,"href":"https:\/\/www.aliadospuebla.com\/index.php?rest_route=%2Fwp%2Fv2%2Ftags&post=49613"}],"curies":[{"name":"wp","href":"https:\/\/api.w.org\/{rel}","templated":true}]}}