{"id":49607,"date":"2020-12-13T13:52:42","date_gmt":"2020-12-13T19:52:42","guid":{"rendered":"http:\/\/www.aliados17.com\/?p=49607"},"modified":"2020-12-13T13:52:42","modified_gmt":"2020-12-13T19:52:42","slug":"ayuntamiento-de-quecholac-llevo-a-cabo-el-encendido-de-los-destellos-de-navidad-en-el-municipio-de-quecholac","status":"publish","type":"post","link":"https:\/\/www.aliadospuebla.com\/?p=49607","title":{"rendered":"Ayuntamiento de Quecholac llev\u00f3 a cabo el encendido de los Destellos de Navidad en el Municipio de Quecholac."},"content":{"rendered":"<p>Autoridades Municipales se dieron cita por la noche para llevar a cabo el inicio de los festejos Navide\u00f1os de manera virtual. Durante el evento la sorpresa de la noche fue que Santa Claus apareci\u00f3 con su trineo para ser participe en este gran evento.<\/p>\n<p>La pareja Presidencial en compa\u00f1\u00eda de pap\u00e1 Noel realizaron un conteo regresivo para dar paso al encendido del z\u00f3calo Municipal y el templo Mercedario.<\/p>\n<p>Posteriormente el Alcalde mand\u00f3 un mensaje a la ciudadan\u00eda donde exhort\u00f3 a no perder la fe, el amor y los valores en esta fecha tan importante como lo es la Navidad. Argument\u00f3 que no ha sido f\u00e1cil este a\u00f1o 2020, pero juntos con el amor y solidaridad podremos salir adelante, aprovecho el espacio para desear una feliz navidad y un pr\u00f3spero a\u00f1o nuevo a toda la ciudadan\u00eda. Tambi\u00e9n hizo p\u00fablica la invitaci\u00f3n a Santa Claus para acompa\u00f1arlo a la caravana de juguetes que se organizar\u00e1 en los primeros d\u00edas de enero, tomando en cuenta la sana distancia y los protocolos emitidos por el sector salud.<\/p>\n<p>Santa agradeci\u00f3 la invitaci\u00f3n y sin duda volver\u00e1 al Municipio de Quecholac en compa\u00f1\u00eda de sus duendes y ayudantes para participar en esta entrega de obsequios para los ni\u00f1os y ni\u00f1as Quecholences.<\/p>\n<p>Los festejos continuaron en el escenario navide\u00f1o donde el gran violinista Leonardo Ortega hizo una magn\u00edfica presentaci\u00f3n, despu\u00e9s los duendes de Santa bailaron en alusi\u00f3n de la navidad.<\/p>\n<p>Antes de concluir este gran evento Santa Claus recorri\u00f3 las principales calles del Municipio, con la finalidad de saludar a la ciudadan\u00eda y pedirles que lo reciban en los pr\u00f3ximos d\u00edas en sus hogares.<\/p>\n<p>Para concluir muchos peque\u00f1os pudieron tomarse la foto con Santa Claus y tener ese gran recuerdo de su visita.<\/p>\n<p>En Una Nueva Forma de Gobernar, trabajamos por tu Bienestar.<\/p>\n<p>#PresidenteAlejandroMartinezFuentes<br \/>\n#AyuntamientodeQuecholac<br \/>\n#Quecholac<br \/>\n#LaCasaDeTodos<br \/>\n#cultura<br \/>\n#DestellosdeNavidad<br \/>\n#SantaClaus<\/p>\n","protected":false},"excerpt":{"rendered":"<p>Autoridades Municipales se dieron cita por la noche para llevar a cabo el inicio de los festejos Navide\u00f1os de manera virtual. Durante el evento la sorpresa de la noche fue que Santa Claus apareci\u00f3 con su trineo para ser participe en este gran evento. La pareja Presidencial en compa\u00f1\u00eda de pap\u00e1 Noel realizaron un conteo regresivo para dar paso al encendido del z\u00f3calo Municipal y el templo Mercedario. Posteriormente el Alcalde mand\u00f3 un mensaje a la ciudadan\u00eda donde exhort\u00f3 a no perder la fe, el amor y los valores en esta fecha tan importante como lo es la Navidad. Argument\u00f3 que no ha sido f\u00e1cil este a\u00f1o 2020, pero juntos con el amor y solidaridad podremos salir adelante, aprovecho el espacio para desear una feliz&hellip;<\/p>\n<p class=\"excerpt-more\"><a class=\"blog-excerpt button\" href=\"https:\/\/www.aliadospuebla.com\/?p=49607\">Leer m\u00e1s&#8230;<\/a><\/p>\n","protected":false},"author":3,"featured_media":49608,"comment_status":"open","ping_status":"open","sticky":false,"template":"","format":"standard","meta":{"_monsterinsights_skip_tracking":false,"footnotes":""},"categories":[4],"tags":[171,9384,8367,850,666,77,57,3002],"class_list":["post-49607","post","type-post","status-publish","format-standard","has-post-thumbnail","hentry","category-municipios","tag-ayuntamiento","tag-jose-alejandro-martinez","tag-marco-mena","tag-miguel-barbosa","tag-morena","tag-municipios","tag-quecholac","tag-regidores"],"yoast_head":"<!-- This site is optimized with the Yoast SEO plugin v28.4 - https:\/\/yoast.com\/product\/yoast-seo-wordpress\/ -->\n<title>Ayuntamiento de Quecholac llev\u00f3 a cabo el encendido de los Destellos de Navidad en el Municipio de Quecholac. - AliadosPuebla<\/title>\n<meta name=\"robots\" content=\"index, follow, max-snippet:-1, max-image-preview:large, max-video-preview:-1\" \/>\n<link rel=\"canonical\" href=\"https:\/\/www.aliadospuebla.com\/?p=49607\" \/>\n<meta property=\"og:locale\" content=\"es_ES\" \/>\n<meta property=\"og:type\" content=\"article\" \/>\n<meta property=\"og:title\" content=\"Ayuntamiento de Quecholac llev\u00f3 a cabo el encendido de los Destellos de Navidad en el Municipio de Quecholac. - AliadosPuebla\" \/>\n<meta property=\"og:description\" content=\"Autoridades Municipales se dieron cita por la noche para llevar a cabo el inicio de los festejos Navide\u00f1os de manera virtual. Durante el evento la sorpresa de la noche fue que Santa Claus apareci\u00f3 con su trineo para ser participe en este gran evento. La pareja Presidencial en compa\u00f1\u00eda de pap\u00e1 Noel realizaron un conteo regresivo para dar paso al encendido del z\u00f3calo Municipal y el templo Mercedario. Posteriormente el Alcalde mand\u00f3 un mensaje a la ciudadan\u00eda donde exhort\u00f3 a no perder la fe, el amor y los valores en esta fecha tan importante como lo es la Navidad. Argument\u00f3 que no ha sido f\u00e1cil este a\u00f1o 2020, pero juntos con el amor y solidaridad podremos salir adelante, aprovecho el espacio para desear una feliz&hellip;Leer m\u00e1s...\" \/>\n<meta property=\"og:url\" content=\"https:\/\/www.aliadospuebla.com\/?p=49607\" \/>\n<meta property=\"og:site_name\" content=\"AliadosPuebla\" \/>\n<meta property=\"article:published_time\" content=\"2020-12-13T19:52:42+00:00\" \/>\n<meta property=\"og:image\" content=\"https:\/\/www.aliadospuebla.com\/web2017\/wp-content\/uploads\/2020\/12\/quecho.jpg\" \/>\n\t<meta property=\"og:image:width\" content=\"600\" \/>\n\t<meta property=\"og:image:height\" content=\"450\" \/>\n\t<meta property=\"og:image:type\" content=\"image\/jpeg\" \/>\n<meta name=\"author\" content=\"Aliados Videos\" \/>\n<meta name=\"twitter:card\" content=\"summary_large_image\" \/>\n<meta name=\"twitter:label1\" content=\"Escrito por\" \/>\n\t<meta name=\"twitter:data1\" content=\"Aliados Videos\" \/>\n\t<meta name=\"twitter:label2\" content=\"Tiempo de lectura\" \/>\n\t<meta name=\"twitter:data2\" content=\"2 minutos\" \/>\n<script type=\"application\/ld+json\" class=\"yoast-schema-graph\">{\"@context\":\"https:\\\/\\\/schema.org\",\"@graph\":[{\"@type\":\"Article\",\"@id\":\"https:\\\/\\\/www.aliadospuebla.com\\\/?p=49607#article\",\"isPartOf\":{\"@id\":\"https:\\\/\\\/www.aliadospuebla.com\\\/?p=49607\"},\"author\":{\"name\":\"Aliados Videos\",\"@id\":\"https:\\\/\\\/www.aliadospuebla.com\\\/#\\\/schema\\\/person\\\/0fd017f23cc5c3f7988d5d58850eec8e\"},\"headline\":\"Ayuntamiento de Quecholac llev\u00f3 a cabo el encendido de los Destellos de Navidad en el Municipio de Quecholac.\",\"datePublished\":\"2020-12-13T19:52:42+00:00\",\"mainEntityOfPage\":{\"@id\":\"https:\\\/\\\/www.aliadospuebla.com\\\/?p=49607\"},\"wordCount\":347,\"commentCount\":0,\"image\":{\"@id\":\"https:\\\/\\\/www.aliadospuebla.com\\\/?p=49607#primaryimage\"},\"thumbnailUrl\":\"https:\\\/\\\/www.aliadospuebla.com\\\/web2017\\\/wp-content\\\/uploads\\\/2020\\\/12\\\/quecho.jpg\",\"keywords\":[\"Ayuntamiento\",\"JOS\u00c9 ALEJANDRO MART\u00cdNEZ\",\"MARCO MENA\",\"MIGUEL BARBOSA\",\"MORENA\",\"Municipios\",\"Quecholac\",\"REGIDORES\"],\"articleSection\":[\"Municipios\"],\"inLanguage\":\"es\",\"potentialAction\":[{\"@type\":\"CommentAction\",\"name\":\"Comment\",\"target\":[\"https:\\\/\\\/www.aliadospuebla.com\\\/?p=49607#respond\"]}]},{\"@type\":\"WebPage\",\"@id\":\"https:\\\/\\\/www.aliadospuebla.com\\\/?p=49607\",\"url\":\"https:\\\/\\\/www.aliadospuebla.com\\\/?p=49607\",\"name\":\"Ayuntamiento de Quecholac llev\u00f3 a cabo el encendido de los Destellos de Navidad en el Municipio de Quecholac. - AliadosPuebla\",\"isPartOf\":{\"@id\":\"https:\\\/\\\/www.aliadospuebla.com\\\/#website\"},\"primaryImageOfPage\":{\"@id\":\"https:\\\/\\\/www.aliadospuebla.com\\\/?p=49607#primaryimage\"},\"image\":{\"@id\":\"https:\\\/\\\/www.aliadospuebla.com\\\/?p=49607#primaryimage\"},\"thumbnailUrl\":\"https:\\\/\\\/www.aliadospuebla.com\\\/web2017\\\/wp-content\\\/uploads\\\/2020\\\/12\\\/quecho.jpg\",\"datePublished\":\"2020-12-13T19:52:42+00:00\",\"author\":{\"@id\":\"https:\\\/\\\/www.aliadospuebla.com\\\/#\\\/schema\\\/person\\\/0fd017f23cc5c3f7988d5d58850eec8e\"},\"breadcrumb\":{\"@id\":\"https:\\\/\\\/www.aliadospuebla.com\\\/?p=49607#breadcrumb\"},\"inLanguage\":\"es\",\"potentialAction\":[{\"@type\":\"ReadAction\",\"target\":[\"https:\\\/\\\/www.aliadospuebla.com\\\/?p=49607\"]}]},{\"@type\":\"ImageObject\",\"inLanguage\":\"es\",\"@id\":\"https:\\\/\\\/www.aliadospuebla.com\\\/?p=49607#primaryimage\",\"url\":\"https:\\\/\\\/www.aliadospuebla.com\\\/web2017\\\/wp-content\\\/uploads\\\/2020\\\/12\\\/quecho.jpg\",\"contentUrl\":\"https:\\\/\\\/www.aliadospuebla.com\\\/web2017\\\/wp-content\\\/uploads\\\/2020\\\/12\\\/quecho.jpg\",\"width\":600,\"height\":450},{\"@type\":\"BreadcrumbList\",\"@id\":\"https:\\\/\\\/www.aliadospuebla.com\\\/?p=49607#breadcrumb\",\"itemListElement\":[{\"@type\":\"ListItem\",\"position\":1,\"name\":\"Portada\",\"item\":\"https:\\\/\\\/www.aliadospuebla.com\\\/\"},{\"@type\":\"ListItem\",\"position\":2,\"name\":\"Ayuntamiento de Quecholac llev\u00f3 a cabo el encendido de los Destellos de Navidad en el Municipio de Quecholac.\"}]},{\"@type\":\"WebSite\",\"@id\":\"https:\\\/\\\/www.aliadospuebla.com\\\/#website\",\"url\":\"https:\\\/\\\/www.aliadospuebla.com\\\/\",\"name\":\"AliadosPuebla\",\"description\":\"La informaci\u00f3n en tus manos\",\"potentialAction\":[{\"@type\":\"SearchAction\",\"target\":{\"@type\":\"EntryPoint\",\"urlTemplate\":\"https:\\\/\\\/www.aliadospuebla.com\\\/?s={search_term_string}\"},\"query-input\":{\"@type\":\"PropertyValueSpecification\",\"valueRequired\":true,\"valueName\":\"search_term_string\"}}],\"inLanguage\":\"es\"},{\"@type\":\"Person\",\"@id\":\"https:\\\/\\\/www.aliadospuebla.com\\\/#\\\/schema\\\/person\\\/0fd017f23cc5c3f7988d5d58850eec8e\",\"name\":\"Aliados Videos\",\"image\":{\"@type\":\"ImageObject\",\"inLanguage\":\"es\",\"@id\":\"https:\\\/\\\/secure.gravatar.com\\\/avatar\\\/42b92de8b2d8339e1e824f3a73ab023a0bec0ee2e3920248085eb1f3160b4083?s=96&d=mm&r=g\",\"url\":\"https:\\\/\\\/secure.gravatar.com\\\/avatar\\\/42b92de8b2d8339e1e824f3a73ab023a0bec0ee2e3920248085eb1f3160b4083?s=96&d=mm&r=g\",\"contentUrl\":\"https:\\\/\\\/secure.gravatar.com\\\/avatar\\\/42b92de8b2d8339e1e824f3a73ab023a0bec0ee2e3920248085eb1f3160b4083?s=96&d=mm&r=g\",\"caption\":\"Aliados Videos\"},\"url\":\"https:\\\/\\\/www.aliadospuebla.com\\\/?author=3\"}]}<\/script>\n<!-- \/ Yoast SEO plugin. -->","yoast_head_json":{"title":"Ayuntamiento de Quecholac llev\u00f3 a cabo el encendido de los Destellos de Navidad en el Municipio de Quecholac. - AliadosPuebla","robots":{"index":"index","follow":"follow","max-snippet":"max-snippet:-1","max-image-preview":"max-image-preview:large","max-video-preview":"max-video-preview:-1"},"canonical":"https:\/\/www.aliadospuebla.com\/?p=49607","og_locale":"es_ES","og_type":"article","og_title":"Ayuntamiento de Quecholac llev\u00f3 a cabo el encendido de los Destellos de Navidad en el Municipio de Quecholac. - AliadosPuebla","og_description":"Autoridades Municipales se dieron cita por la noche para llevar a cabo el inicio de los festejos Navide\u00f1os de manera virtual. Durante el evento la sorpresa de la noche fue que Santa Claus apareci\u00f3 con su trineo para ser participe en este gran evento. La pareja Presidencial en compa\u00f1\u00eda de pap\u00e1 Noel realizaron un conteo regresivo para dar paso al encendido del z\u00f3calo Municipal y el templo Mercedario. Posteriormente el Alcalde mand\u00f3 un mensaje a la ciudadan\u00eda donde exhort\u00f3 a no perder la fe, el amor y los valores en esta fecha tan importante como lo es la Navidad. Argument\u00f3 que no ha sido f\u00e1cil este a\u00f1o 2020, pero juntos con el amor y solidaridad podremos salir adelante, aprovecho el espacio para desear una feliz&hellip;Leer m\u00e1s...","og_url":"https:\/\/www.aliadospuebla.com\/?p=49607","og_site_name":"AliadosPuebla","article_published_time":"2020-12-13T19:52:42+00:00","og_image":[{"width":600,"height":450,"url":"https:\/\/www.aliadospuebla.com\/web2017\/wp-content\/uploads\/2020\/12\/quecho.jpg","type":"image\/jpeg"}],"author":"Aliados Videos","twitter_card":"summary_large_image","twitter_misc":{"Escrito por":"Aliados Videos","Tiempo de lectura":"2 minutos"},"schema":{"@context":"https:\/\/schema.org","@graph":[{"@type":"Article","@id":"https:\/\/www.aliadospuebla.com\/?p=49607#article","isPartOf":{"@id":"https:\/\/www.aliadospuebla.com\/?p=49607"},"author":{"name":"Aliados Videos","@id":"https:\/\/www.aliadospuebla.com\/#\/schema\/person\/0fd017f23cc5c3f7988d5d58850eec8e"},"headline":"Ayuntamiento de Quecholac llev\u00f3 a cabo el encendido de los Destellos de Navidad en el Municipio de Quecholac.","datePublished":"2020-12-13T19:52:42+00:00","mainEntityOfPage":{"@id":"https:\/\/www.aliadospuebla.com\/?p=49607"},"wordCount":347,"commentCount":0,"image":{"@id":"https:\/\/www.aliadospuebla.com\/?p=49607#primaryimage"},"thumbnailUrl":"https:\/\/www.aliadospuebla.com\/web2017\/wp-content\/uploads\/2020\/12\/quecho.jpg","keywords":["Ayuntamiento","JOS\u00c9 ALEJANDRO MART\u00cdNEZ","MARCO MENA","MIGUEL BARBOSA","MORENA","Municipios","Quecholac","REGIDORES"],"articleSection":["Municipios"],"inLanguage":"es","potentialAction":[{"@type":"CommentAction","name":"Comment","target":["https:\/\/www.aliadospuebla.com\/?p=49607#respond"]}]},{"@type":"WebPage","@id":"https:\/\/www.aliadospuebla.com\/?p=49607","url":"https:\/\/www.aliadospuebla.com\/?p=49607","name":"Ayuntamiento de Quecholac llev\u00f3 a cabo el encendido de los Destellos de Navidad en el Municipio de Quecholac. - AliadosPuebla","isPartOf":{"@id":"https:\/\/www.aliadospuebla.com\/#website"},"primaryImageOfPage":{"@id":"https:\/\/www.aliadospuebla.com\/?p=49607#primaryimage"},"image":{"@id":"https:\/\/www.aliadospuebla.com\/?p=49607#primaryimage"},"thumbnailUrl":"https:\/\/www.aliadospuebla.com\/web2017\/wp-content\/uploads\/2020\/12\/quecho.jpg","datePublished":"2020-12-13T19:52:42+00:00","author":{"@id":"https:\/\/www.aliadospuebla.com\/#\/schema\/person\/0fd017f23cc5c3f7988d5d58850eec8e"},"breadcrumb":{"@id":"https:\/\/www.aliadospuebla.com\/?p=49607#breadcrumb"},"inLanguage":"es","potentialAction":[{"@type":"ReadAction","target":["https:\/\/www.aliadospuebla.com\/?p=49607"]}]},{"@type":"ImageObject","inLanguage":"es","@id":"https:\/\/www.aliadospuebla.com\/?p=49607#primaryimage","url":"https:\/\/www.aliadospuebla.com\/web2017\/wp-content\/uploads\/2020\/12\/quecho.jpg","contentUrl":"https:\/\/www.aliadospuebla.com\/web2017\/wp-content\/uploads\/2020\/12\/quecho.jpg","width":600,"height":450},{"@type":"BreadcrumbList","@id":"https:\/\/www.aliadospuebla.com\/?p=49607#breadcrumb","itemListElement":[{"@type":"ListItem","position":1,"name":"Portada","item":"https:\/\/www.aliadospuebla.com\/"},{"@type":"ListItem","position":2,"name":"Ayuntamiento de Quecholac llev\u00f3 a cabo el encendido de los Destellos de Navidad en el Municipio de Quecholac."}]},{"@type":"WebSite","@id":"https:\/\/www.aliadospuebla.com\/#website","url":"https:\/\/www.aliadospuebla.com\/","name":"AliadosPuebla","description":"La informaci\u00f3n en tus manos","potentialAction":[{"@type":"SearchAction","target":{"@type":"EntryPoint","urlTemplate":"https:\/\/www.aliadospuebla.com\/?s={search_term_string}"},"query-input":{"@type":"PropertyValueSpecification","valueRequired":true,"valueName":"search_term_string"}}],"inLanguage":"es"},{"@type":"Person","@id":"https:\/\/www.aliadospuebla.com\/#\/schema\/person\/0fd017f23cc5c3f7988d5d58850eec8e","name":"Aliados Videos","image":{"@type":"ImageObject","inLanguage":"es","@id":"https:\/\/secure.gravatar.com\/avatar\/42b92de8b2d8339e1e824f3a73ab023a0bec0ee2e3920248085eb1f3160b4083?s=96&d=mm&r=g","url":"https:\/\/secure.gravatar.com\/avatar\/42b92de8b2d8339e1e824f3a73ab023a0bec0ee2e3920248085eb1f3160b4083?s=96&d=mm&r=g","contentUrl":"https:\/\/secure.gravatar.com\/avatar\/42b92de8b2d8339e1e824f3a73ab023a0bec0ee2e3920248085eb1f3160b4083?s=96&d=mm&r=g","caption":"Aliados Videos"},"url":"https:\/\/www.aliadospuebla.com\/?author=3"}]}},"views":8,"_links":{"self":[{"href":"https:\/\/www.aliadospuebla.com\/index.php?rest_route=\/wp\/v2\/posts\/49607","targetHints":{"allow":["GET"]}}],"collection":[{"href":"https:\/\/www.aliadospuebla.com\/index.php?rest_route=\/wp\/v2\/posts"}],"about":[{"href":"https:\/\/www.aliadospuebla.com\/index.php?rest_route=\/wp\/v2\/types\/post"}],"author":[{"embeddable":true,"href":"https:\/\/www.aliadospuebla.com\/index.php?rest_route=\/wp\/v2\/users\/3"}],"replies":[{"embeddable":true,"href":"https:\/\/www.aliadospuebla.com\/index.php?rest_route=%2Fwp%2Fv2%2Fcomments&post=49607"}],"version-history":[{"count":1,"href":"https:\/\/www.aliadospuebla.com\/index.php?rest_route=\/wp\/v2\/posts\/49607\/revisions"}],"predecessor-version":[{"id":49609,"href":"https:\/\/www.aliadospuebla.com\/index.php?rest_route=\/wp\/v2\/posts\/49607\/revisions\/49609"}],"wp:featuredmedia":[{"embeddable":true,"href":"https:\/\/www.aliadospuebla.com\/index.php?rest_route=\/wp\/v2\/media\/49608"}],"wp:attachment":[{"href":"https:\/\/www.aliadospuebla.com\/index.php?rest_route=%2Fwp%2Fv2%2Fmedia&parent=49607"}],"wp:term":[{"taxonomy":"category","embeddable":true,"href":"https:\/\/www.aliadospuebla.com\/index.php?rest_route=%2Fwp%2Fv2%2Fcategories&post=49607"},{"taxonomy":"post_tag","embeddable":true,"href":"https:\/\/www.aliadospuebla.com\/index.php?rest_route=%2Fwp%2Fv2%2Ftags&post=49607"}],"curies":[{"name":"wp","href":"https:\/\/api.w.org\/{rel}","templated":true}]}}