{"id":49535,"date":"2020-12-11T09:53:38","date_gmt":"2020-12-11T15:53:38","guid":{"rendered":"http:\/\/www.aliados17.com\/?p=49535"},"modified":"2020-12-11T09:53:38","modified_gmt":"2020-12-11T15:53:38","slug":"policia-de-texmelucan-recupera-camion-de-productos-y-detiene-a-los-presuntos-responsables-del-robo","status":"publish","type":"post","link":"https:\/\/www.aliadospuebla.com\/?p=49535","title":{"rendered":"POLIC\u00cdA DE TEXMELUCAN RECUPERA CAMI\u00d3N DE PRODUCTOS Y DETIENE A LOS PRESUNTOS RESPONSABLES DEL ROBO"},"content":{"rendered":"<p>A trav\u00e9s de un reporte an\u00f3nimo de un ciudadano que participa en los grupos de WhatsApp \u201cCiudadanos Activos por la Seguridad Brigadas CAS\u201d, elementos adscritos a la Secretar\u00eda de Seguridad P\u00fablica y Tr\u00e1nsito Municipal, lograron la recuperaci\u00f3n de un cami\u00f3n de productos de la empresa \u201cLa Coste\u00f1a\u201d, y la detenci\u00f3n de dos presuntos responsables del robo del veh\u00edculo.<\/p>\n<p>A trav\u00e9s de una denuncia ciudadana an\u00f3nima, se recibi\u00f3 la informaci\u00f3n que sobre la calle Juan Cris\u00f3stomo Bonilla en la colonia Los Dicios, presuntamente un sujeto a bordo de una camioneta con placas de circulaci\u00f3n del Estado de M\u00e9xico, le hab\u00eda hecho el corte de circulaci\u00f3n a una unidad de la empresa La Coste\u00f1a, y que el conductor de la unidad hab\u00eda sido bajado de la unidad.<\/p>\n<p>Al recibir el reporte, elementos de la Polic\u00eda Municipal de Texmelucan, procedieron a la b\u00fasqueda de la unidad, logrando su localizaci\u00f3n y realizaron la detenci\u00f3n del cami\u00f3n robado, que circulaba a alta velocidad y sin precauci\u00f3n.<\/p>\n<p>En este sentido, los uniformados lograron detener a Cristian N., y a Ad\u00e1n N., por el probable delito de robo de unidad por lo que fueron trasladados a las instalaciones de la Secretaria de Seguridad P\u00fablica y Tr\u00e1nsito Municipal para posteriormente ponerlos a disposici\u00f3n de las autoridades correspondientes.<\/p>\n<p>Con estas acciones y gracias a la colaboraci\u00f3n de los ciudadanos que forman parte de los grupos de WhatsApp \u201cCiudadanos Activos por la Seguridad Brigadas CAS\u201d, el Gobierno de San Mart\u00edn Texmelucan que encabeza la presidenta Norma Lay\u00f3n, mantiene su compromiso de lucha contra la delincuencia en el municipio para bienestar de todas y todos.<\/p>\n","protected":false},"excerpt":{"rendered":"<p>A trav\u00e9s de un reporte an\u00f3nimo de un ciudadano que participa en los grupos de WhatsApp \u201cCiudadanos Activos por la Seguridad Brigadas CAS\u201d, elementos adscritos a la Secretar\u00eda de Seguridad P\u00fablica y Tr\u00e1nsito Municipal, lograron la recuperaci\u00f3n de un cami\u00f3n de productos de la empresa \u201cLa Coste\u00f1a\u201d, y la detenci\u00f3n de dos presuntos responsables del robo del veh\u00edculo. A trav\u00e9s de una denuncia ciudadana an\u00f3nima, se recibi\u00f3 la informaci\u00f3n que sobre la calle Juan Cris\u00f3stomo Bonilla en la colonia Los Dicios, presuntamente un sujeto a bordo de una camioneta con placas de circulaci\u00f3n del Estado de M\u00e9xico, le hab\u00eda hecho el corte de circulaci\u00f3n a una unidad de la empresa La Coste\u00f1a, y que el conductor de la unidad hab\u00eda sido bajado de la unidad.&hellip;<\/p>\n<p class=\"excerpt-more\"><a class=\"blog-excerpt button\" href=\"https:\/\/www.aliadospuebla.com\/?p=49535\">Leer m\u00e1s&#8230;<\/a><\/p>\n","protected":false},"author":2,"featured_media":49536,"comment_status":"open","ping_status":"open","sticky":false,"template":"","format":"standard","meta":{"_monsterinsights_skip_tracking":false,"footnotes":""},"categories":[4],"tags":[10829,6950,163,710,20],"class_list":["post-49535","post","type-post","status-publish","format-standard","has-post-thumbnail","hentry","category-municipios","tag-cas","tag-norma-layon","tag-policia-municipal","tag-san-martin-texmelucan","tag-seguridad"],"yoast_head":"<!-- This site is optimized with the Yoast SEO plugin v28.4 - https:\/\/yoast.com\/product\/yoast-seo-wordpress\/ -->\n<title>POLIC\u00cdA DE TEXMELUCAN RECUPERA CAMI\u00d3N DE PRODUCTOS Y DETIENE A LOS PRESUNTOS RESPONSABLES DEL ROBO - AliadosPuebla<\/title>\n<meta name=\"robots\" content=\"index, follow, max-snippet:-1, max-image-preview:large, max-video-preview:-1\" \/>\n<link rel=\"canonical\" href=\"https:\/\/www.aliadospuebla.com\/?p=49535\" \/>\n<meta property=\"og:locale\" content=\"es_ES\" \/>\n<meta property=\"og:type\" content=\"article\" \/>\n<meta property=\"og:title\" content=\"POLIC\u00cdA DE TEXMELUCAN RECUPERA CAMI\u00d3N DE PRODUCTOS Y DETIENE A LOS PRESUNTOS RESPONSABLES DEL ROBO - AliadosPuebla\" \/>\n<meta property=\"og:description\" content=\"A trav\u00e9s de un reporte an\u00f3nimo de un ciudadano que participa en los grupos de WhatsApp \u201cCiudadanos Activos por la Seguridad Brigadas CAS\u201d, elementos adscritos a la Secretar\u00eda de Seguridad P\u00fablica y Tr\u00e1nsito Municipal, lograron la recuperaci\u00f3n de un cami\u00f3n de productos de la empresa \u201cLa Coste\u00f1a\u201d, y la detenci\u00f3n de dos presuntos responsables del robo del veh\u00edculo. A trav\u00e9s de una denuncia ciudadana an\u00f3nima, se recibi\u00f3 la informaci\u00f3n que sobre la calle Juan Cris\u00f3stomo Bonilla en la colonia Los Dicios, presuntamente un sujeto a bordo de una camioneta con placas de circulaci\u00f3n del Estado de M\u00e9xico, le hab\u00eda hecho el corte de circulaci\u00f3n a una unidad de la empresa La Coste\u00f1a, y que el conductor de la unidad hab\u00eda sido bajado de la unidad.&hellip;Leer m\u00e1s...\" \/>\n<meta property=\"og:url\" content=\"https:\/\/www.aliadospuebla.com\/?p=49535\" \/>\n<meta property=\"og:site_name\" content=\"AliadosPuebla\" \/>\n<meta property=\"article:author\" content=\"https:\/\/www.facebook.com\/Aliados17Pue\" \/>\n<meta property=\"article:published_time\" content=\"2020-12-11T15:53:38+00:00\" \/>\n<meta property=\"og:image\" content=\"https:\/\/www.aliadospuebla.com\/web2017\/wp-content\/uploads\/2020\/12\/090-detenidos.jpg\" \/>\n\t<meta property=\"og:image:width\" content=\"600\" \/>\n\t<meta property=\"og:image:height\" content=\"450\" \/>\n\t<meta property=\"og:image:type\" content=\"image\/jpeg\" \/>\n<meta name=\"author\" content=\"Aliados17\" \/>\n<meta name=\"twitter:card\" content=\"summary_large_image\" \/>\n<meta name=\"twitter:creator\" content=\"@AliadosPuebla\" \/>\n<meta name=\"twitter:label1\" content=\"Escrito por\" \/>\n\t<meta name=\"twitter:data1\" content=\"Aliados17\" \/>\n\t<meta name=\"twitter:label2\" content=\"Tiempo de lectura\" \/>\n\t<meta name=\"twitter:data2\" content=\"1 minuto\" \/>\n<script type=\"application\/ld+json\" class=\"yoast-schema-graph\">{\"@context\":\"https:\\\/\\\/schema.org\",\"@graph\":[{\"@type\":\"Article\",\"@id\":\"https:\\\/\\\/www.aliadospuebla.com\\\/?p=49535#article\",\"isPartOf\":{\"@id\":\"https:\\\/\\\/www.aliadospuebla.com\\\/?p=49535\"},\"author\":{\"name\":\"Aliados17\",\"@id\":\"https:\\\/\\\/www.aliadospuebla.com\\\/#\\\/schema\\\/person\\\/5da7dd09320bd4f392b710017ed5f8ad\"},\"headline\":\"POLIC\u00cdA DE TEXMELUCAN RECUPERA CAMI\u00d3N DE PRODUCTOS Y DETIENE A LOS PRESUNTOS RESPONSABLES DEL ROBO\",\"datePublished\":\"2020-12-11T15:53:38+00:00\",\"mainEntityOfPage\":{\"@id\":\"https:\\\/\\\/www.aliadospuebla.com\\\/?p=49535\"},\"wordCount\":314,\"commentCount\":0,\"image\":{\"@id\":\"https:\\\/\\\/www.aliadospuebla.com\\\/?p=49535#primaryimage\"},\"thumbnailUrl\":\"https:\\\/\\\/www.aliadospuebla.com\\\/web2017\\\/wp-content\\\/uploads\\\/2020\\\/12\\\/090-detenidos.jpg\",\"keywords\":[\"CAS\",\"NORMA LAY\u00d3N\",\"polic\u00eca municipal\",\"SAN MART\u00cdN TEXMELUCAN\",\"Seguridad\"],\"articleSection\":[\"Municipios\"],\"inLanguage\":\"es\",\"potentialAction\":[{\"@type\":\"CommentAction\",\"name\":\"Comment\",\"target\":[\"https:\\\/\\\/www.aliadospuebla.com\\\/?p=49535#respond\"]}]},{\"@type\":\"WebPage\",\"@id\":\"https:\\\/\\\/www.aliadospuebla.com\\\/?p=49535\",\"url\":\"https:\\\/\\\/www.aliadospuebla.com\\\/?p=49535\",\"name\":\"POLIC\u00cdA DE TEXMELUCAN RECUPERA CAMI\u00d3N DE PRODUCTOS Y DETIENE A LOS PRESUNTOS RESPONSABLES DEL ROBO - AliadosPuebla\",\"isPartOf\":{\"@id\":\"https:\\\/\\\/www.aliadospuebla.com\\\/#website\"},\"primaryImageOfPage\":{\"@id\":\"https:\\\/\\\/www.aliadospuebla.com\\\/?p=49535#primaryimage\"},\"image\":{\"@id\":\"https:\\\/\\\/www.aliadospuebla.com\\\/?p=49535#primaryimage\"},\"thumbnailUrl\":\"https:\\\/\\\/www.aliadospuebla.com\\\/web2017\\\/wp-content\\\/uploads\\\/2020\\\/12\\\/090-detenidos.jpg\",\"datePublished\":\"2020-12-11T15:53:38+00:00\",\"author\":{\"@id\":\"https:\\\/\\\/www.aliadospuebla.com\\\/#\\\/schema\\\/person\\\/5da7dd09320bd4f392b710017ed5f8ad\"},\"breadcrumb\":{\"@id\":\"https:\\\/\\\/www.aliadospuebla.com\\\/?p=49535#breadcrumb\"},\"inLanguage\":\"es\",\"potentialAction\":[{\"@type\":\"ReadAction\",\"target\":[\"https:\\\/\\\/www.aliadospuebla.com\\\/?p=49535\"]}]},{\"@type\":\"ImageObject\",\"inLanguage\":\"es\",\"@id\":\"https:\\\/\\\/www.aliadospuebla.com\\\/?p=49535#primaryimage\",\"url\":\"https:\\\/\\\/www.aliadospuebla.com\\\/web2017\\\/wp-content\\\/uploads\\\/2020\\\/12\\\/090-detenidos.jpg\",\"contentUrl\":\"https:\\\/\\\/www.aliadospuebla.com\\\/web2017\\\/wp-content\\\/uploads\\\/2020\\\/12\\\/090-detenidos.jpg\",\"width\":600,\"height\":450},{\"@type\":\"BreadcrumbList\",\"@id\":\"https:\\\/\\\/www.aliadospuebla.com\\\/?p=49535#breadcrumb\",\"itemListElement\":[{\"@type\":\"ListItem\",\"position\":1,\"name\":\"Portada\",\"item\":\"https:\\\/\\\/www.aliadospuebla.com\\\/\"},{\"@type\":\"ListItem\",\"position\":2,\"name\":\"POLIC\u00cdA DE TEXMELUCAN RECUPERA CAMI\u00d3N DE PRODUCTOS Y DETIENE A LOS PRESUNTOS RESPONSABLES DEL ROBO\"}]},{\"@type\":\"WebSite\",\"@id\":\"https:\\\/\\\/www.aliadospuebla.com\\\/#website\",\"url\":\"https:\\\/\\\/www.aliadospuebla.com\\\/\",\"name\":\"AliadosPuebla\",\"description\":\"La informaci\u00f3n en tus manos\",\"potentialAction\":[{\"@type\":\"SearchAction\",\"target\":{\"@type\":\"EntryPoint\",\"urlTemplate\":\"https:\\\/\\\/www.aliadospuebla.com\\\/?s={search_term_string}\"},\"query-input\":{\"@type\":\"PropertyValueSpecification\",\"valueRequired\":true,\"valueName\":\"search_term_string\"}}],\"inLanguage\":\"es\"},{\"@type\":\"Person\",\"@id\":\"https:\\\/\\\/www.aliadospuebla.com\\\/#\\\/schema\\\/person\\\/5da7dd09320bd4f392b710017ed5f8ad\",\"name\":\"Aliados17\",\"image\":{\"@type\":\"ImageObject\",\"inLanguage\":\"es\",\"@id\":\"https:\\\/\\\/www.aliadospuebla.com\\\/web2017\\\/wp-content\\\/uploads\\\/2025\\\/03\\\/cropped-para-perfil-8-anos-1-96x96.jpg\",\"url\":\"https:\\\/\\\/www.aliadospuebla.com\\\/web2017\\\/wp-content\\\/uploads\\\/2025\\\/03\\\/cropped-para-perfil-8-anos-1-96x96.jpg\",\"contentUrl\":\"https:\\\/\\\/www.aliadospuebla.com\\\/web2017\\\/wp-content\\\/uploads\\\/2025\\\/03\\\/cropped-para-perfil-8-anos-1-96x96.jpg\",\"caption\":\"Aliados17\"},\"sameAs\":[\"https:\\\/\\\/www.aliados17.com\",\"https:\\\/\\\/www.facebook.com\\\/Aliados17Pue\",\"https:\\\/\\\/x.com\\\/AliadosPuebla\"],\"url\":\"https:\\\/\\\/www.aliadospuebla.com\\\/?author=2\"}]}<\/script>\n<!-- \/ Yoast SEO plugin. -->","yoast_head_json":{"title":"POLIC\u00cdA DE TEXMELUCAN RECUPERA CAMI\u00d3N DE PRODUCTOS Y DETIENE A LOS PRESUNTOS RESPONSABLES DEL ROBO - AliadosPuebla","robots":{"index":"index","follow":"follow","max-snippet":"max-snippet:-1","max-image-preview":"max-image-preview:large","max-video-preview":"max-video-preview:-1"},"canonical":"https:\/\/www.aliadospuebla.com\/?p=49535","og_locale":"es_ES","og_type":"article","og_title":"POLIC\u00cdA DE TEXMELUCAN RECUPERA CAMI\u00d3N DE PRODUCTOS Y DETIENE A LOS PRESUNTOS RESPONSABLES DEL ROBO - AliadosPuebla","og_description":"A trav\u00e9s de un reporte an\u00f3nimo de un ciudadano que participa en los grupos de WhatsApp \u201cCiudadanos Activos por la Seguridad Brigadas CAS\u201d, elementos adscritos a la Secretar\u00eda de Seguridad P\u00fablica y Tr\u00e1nsito Municipal, lograron la recuperaci\u00f3n de un cami\u00f3n de productos de la empresa \u201cLa Coste\u00f1a\u201d, y la detenci\u00f3n de dos presuntos responsables del robo del veh\u00edculo. A trav\u00e9s de una denuncia ciudadana an\u00f3nima, se recibi\u00f3 la informaci\u00f3n que sobre la calle Juan Cris\u00f3stomo Bonilla en la colonia Los Dicios, presuntamente un sujeto a bordo de una camioneta con placas de circulaci\u00f3n del Estado de M\u00e9xico, le hab\u00eda hecho el corte de circulaci\u00f3n a una unidad de la empresa La Coste\u00f1a, y que el conductor de la unidad hab\u00eda sido bajado de la unidad.&hellip;Leer m\u00e1s...","og_url":"https:\/\/www.aliadospuebla.com\/?p=49535","og_site_name":"AliadosPuebla","article_author":"https:\/\/www.facebook.com\/Aliados17Pue","article_published_time":"2020-12-11T15:53:38+00:00","og_image":[{"width":600,"height":450,"url":"https:\/\/www.aliadospuebla.com\/web2017\/wp-content\/uploads\/2020\/12\/090-detenidos.jpg","type":"image\/jpeg"}],"author":"Aliados17","twitter_card":"summary_large_image","twitter_creator":"@AliadosPuebla","twitter_misc":{"Escrito por":"Aliados17","Tiempo de lectura":"1 minuto"},"schema":{"@context":"https:\/\/schema.org","@graph":[{"@type":"Article","@id":"https:\/\/www.aliadospuebla.com\/?p=49535#article","isPartOf":{"@id":"https:\/\/www.aliadospuebla.com\/?p=49535"},"author":{"name":"Aliados17","@id":"https:\/\/www.aliadospuebla.com\/#\/schema\/person\/5da7dd09320bd4f392b710017ed5f8ad"},"headline":"POLIC\u00cdA DE TEXMELUCAN RECUPERA CAMI\u00d3N DE PRODUCTOS Y DETIENE A LOS PRESUNTOS RESPONSABLES DEL ROBO","datePublished":"2020-12-11T15:53:38+00:00","mainEntityOfPage":{"@id":"https:\/\/www.aliadospuebla.com\/?p=49535"},"wordCount":314,"commentCount":0,"image":{"@id":"https:\/\/www.aliadospuebla.com\/?p=49535#primaryimage"},"thumbnailUrl":"https:\/\/www.aliadospuebla.com\/web2017\/wp-content\/uploads\/2020\/12\/090-detenidos.jpg","keywords":["CAS","NORMA LAY\u00d3N","polic\u00eca municipal","SAN MART\u00cdN TEXMELUCAN","Seguridad"],"articleSection":["Municipios"],"inLanguage":"es","potentialAction":[{"@type":"CommentAction","name":"Comment","target":["https:\/\/www.aliadospuebla.com\/?p=49535#respond"]}]},{"@type":"WebPage","@id":"https:\/\/www.aliadospuebla.com\/?p=49535","url":"https:\/\/www.aliadospuebla.com\/?p=49535","name":"POLIC\u00cdA DE TEXMELUCAN RECUPERA CAMI\u00d3N DE PRODUCTOS Y DETIENE A LOS PRESUNTOS RESPONSABLES DEL ROBO - AliadosPuebla","isPartOf":{"@id":"https:\/\/www.aliadospuebla.com\/#website"},"primaryImageOfPage":{"@id":"https:\/\/www.aliadospuebla.com\/?p=49535#primaryimage"},"image":{"@id":"https:\/\/www.aliadospuebla.com\/?p=49535#primaryimage"},"thumbnailUrl":"https:\/\/www.aliadospuebla.com\/web2017\/wp-content\/uploads\/2020\/12\/090-detenidos.jpg","datePublished":"2020-12-11T15:53:38+00:00","author":{"@id":"https:\/\/www.aliadospuebla.com\/#\/schema\/person\/5da7dd09320bd4f392b710017ed5f8ad"},"breadcrumb":{"@id":"https:\/\/www.aliadospuebla.com\/?p=49535#breadcrumb"},"inLanguage":"es","potentialAction":[{"@type":"ReadAction","target":["https:\/\/www.aliadospuebla.com\/?p=49535"]}]},{"@type":"ImageObject","inLanguage":"es","@id":"https:\/\/www.aliadospuebla.com\/?p=49535#primaryimage","url":"https:\/\/www.aliadospuebla.com\/web2017\/wp-content\/uploads\/2020\/12\/090-detenidos.jpg","contentUrl":"https:\/\/www.aliadospuebla.com\/web2017\/wp-content\/uploads\/2020\/12\/090-detenidos.jpg","width":600,"height":450},{"@type":"BreadcrumbList","@id":"https:\/\/www.aliadospuebla.com\/?p=49535#breadcrumb","itemListElement":[{"@type":"ListItem","position":1,"name":"Portada","item":"https:\/\/www.aliadospuebla.com\/"},{"@type":"ListItem","position":2,"name":"POLIC\u00cdA DE TEXMELUCAN RECUPERA CAMI\u00d3N DE PRODUCTOS Y DETIENE A LOS PRESUNTOS RESPONSABLES DEL ROBO"}]},{"@type":"WebSite","@id":"https:\/\/www.aliadospuebla.com\/#website","url":"https:\/\/www.aliadospuebla.com\/","name":"AliadosPuebla","description":"La informaci\u00f3n en tus manos","potentialAction":[{"@type":"SearchAction","target":{"@type":"EntryPoint","urlTemplate":"https:\/\/www.aliadospuebla.com\/?s={search_term_string}"},"query-input":{"@type":"PropertyValueSpecification","valueRequired":true,"valueName":"search_term_string"}}],"inLanguage":"es"},{"@type":"Person","@id":"https:\/\/www.aliadospuebla.com\/#\/schema\/person\/5da7dd09320bd4f392b710017ed5f8ad","name":"Aliados17","image":{"@type":"ImageObject","inLanguage":"es","@id":"https:\/\/www.aliadospuebla.com\/web2017\/wp-content\/uploads\/2025\/03\/cropped-para-perfil-8-anos-1-96x96.jpg","url":"https:\/\/www.aliadospuebla.com\/web2017\/wp-content\/uploads\/2025\/03\/cropped-para-perfil-8-anos-1-96x96.jpg","contentUrl":"https:\/\/www.aliadospuebla.com\/web2017\/wp-content\/uploads\/2025\/03\/cropped-para-perfil-8-anos-1-96x96.jpg","caption":"Aliados17"},"sameAs":["https:\/\/www.aliados17.com","https:\/\/www.facebook.com\/Aliados17Pue","https:\/\/x.com\/AliadosPuebla"],"url":"https:\/\/www.aliadospuebla.com\/?author=2"}]}},"views":12,"_links":{"self":[{"href":"https:\/\/www.aliadospuebla.com\/index.php?rest_route=\/wp\/v2\/posts\/49535","targetHints":{"allow":["GET"]}}],"collection":[{"href":"https:\/\/www.aliadospuebla.com\/index.php?rest_route=\/wp\/v2\/posts"}],"about":[{"href":"https:\/\/www.aliadospuebla.com\/index.php?rest_route=\/wp\/v2\/types\/post"}],"author":[{"embeddable":true,"href":"https:\/\/www.aliadospuebla.com\/index.php?rest_route=\/wp\/v2\/users\/2"}],"replies":[{"embeddable":true,"href":"https:\/\/www.aliadospuebla.com\/index.php?rest_route=%2Fwp%2Fv2%2Fcomments&post=49535"}],"version-history":[{"count":1,"href":"https:\/\/www.aliadospuebla.com\/index.php?rest_route=\/wp\/v2\/posts\/49535\/revisions"}],"predecessor-version":[{"id":49537,"href":"https:\/\/www.aliadospuebla.com\/index.php?rest_route=\/wp\/v2\/posts\/49535\/revisions\/49537"}],"wp:featuredmedia":[{"embeddable":true,"href":"https:\/\/www.aliadospuebla.com\/index.php?rest_route=\/wp\/v2\/media\/49536"}],"wp:attachment":[{"href":"https:\/\/www.aliadospuebla.com\/index.php?rest_route=%2Fwp%2Fv2%2Fmedia&parent=49535"}],"wp:term":[{"taxonomy":"category","embeddable":true,"href":"https:\/\/www.aliadospuebla.com\/index.php?rest_route=%2Fwp%2Fv2%2Fcategories&post=49535"},{"taxonomy":"post_tag","embeddable":true,"href":"https:\/\/www.aliadospuebla.com\/index.php?rest_route=%2Fwp%2Fv2%2Ftags&post=49535"}],"curies":[{"name":"wp","href":"https:\/\/api.w.org\/{rel}","templated":true}]}}