{"id":49452,"date":"2020-12-09T15:24:30","date_gmt":"2020-12-09T21:24:30","guid":{"rendered":"http:\/\/www.aliados17.com\/?p=49452"},"modified":"2020-12-09T15:24:30","modified_gmt":"2020-12-09T21:24:30","slug":"instalan-mesa-de-trabajo-dirigencias-del-pan-pri-y-prd-con-miras-a-2021","status":"publish","type":"post","link":"https:\/\/www.aliadospuebla.com\/?p=49452","title":{"rendered":"Instalan Mesa de Trabajo dirigencias del PAN, PRI y PRD con miras a 2021"},"content":{"rendered":"<div id=\":3d\" class=\"ii gt\">\n<div id=\":52\" class=\"a3s aiL \">\n<div dir=\"ltr\">\n<p><span lang=\"ES-TRAD\">Con el fin de generar consensos, sumar esfuerzos y construir un contrapeso pol\u00edtico que detenga los excesos de Morena y sus gobernantes, los dirigentes estatales del PAN, PRI y PRD, Genoveva Huerta, N\u00e9stor Camarillo y Carlos Mart\u00ednez, respectivamente, instalaron una mesa de trabajo para dialogar de manera plural y formalizar una alianza electoral de cara a los comicios de 2021.<\/span><\/p>\n<p><span lang=\"ES-TRAD\">El prop\u00f3sito, se\u00f1al\u00f3 Huerta Villegas, es encontrar coincidencias para cambiar el rumbo de Puebla y de M\u00e9xico: \u201cTenemos la firme convicci\u00f3n de trabajar por encima de intereses particulares y de nuestras ideolog\u00edas para construir un Estado constitucional basado en el respeto hacia los derechos humanos y hacia la estricta aplicaci\u00f3n de las leyes\u201d.<\/span><\/p>\n<p><span lang=\"ES-TRAD\">Reunidos en un hotel del centro hist\u00f3rico, la dirigente agreg\u00f3 que el objetivo tambi\u00e9n es construir un proyecto plural e incluyente que fomente los lazos de solidaridad y fraternidad, porque m\u00e1s all\u00e1 del inter\u00e9s partidista est\u00e1 el inter\u00e9s supremo del bienestar de todos los poblanos y mexicanos:<\/span><\/p>\n<p><span lang=\"ES-TRAD\">\u201cEsta alianza tambi\u00e9n es con los ciudadanos, con los m\u00e1s necesitados, con los abandonados por un r\u00e9gimen autoritario y catastr\u00f3fico\u201d, enfatiz\u00f3 Huerta Villegas.<\/span><\/p>\n<p><span lang=\"ES-TRAD\">Por su parte, el dirigente estatal del PRI, N\u00e9stor Camarillo, se\u00f1al\u00f3 que la alianza no tiene \u201ccartas marcadas\u201d, y que el prop\u00f3sito es conformar un gran frente que ponga en el centro a Puebla y a los poblanos.<\/span><\/p>\n<p><span lang=\"ES-TRAD\">\u00a0<\/span><span lang=\"ES-TRAD\">\u201cEl PRI siempre se ha caracterizado por ser una oposici\u00f3n inteligente, responsable y con propuestas para construir un buen estado y un buen pa\u00eds, por eso hacemos un llamado a los empresarios, a los j\u00f3venes, a las mujeres, a los campesinos y a todos los actores sociales para que se sumen a este gran esfuerzo\u201d.<\/span><\/p>\n<p><span lang=\"ES-TRAD\">Coment\u00f3 que es tiempo de dejar las diferencias ideol\u00f3gicas para promover la unidad en favor de Puebla y los poblanos, una unidad que tendr\u00e1 grandes acuerdos y que seguramente ganar\u00e1 las elecciones de 2021. \u201cPor eso analizaremos fortalezas y debilidades para ir con las mejores mujeres y hombres\u201d.<\/span><\/p>\n<p><span lang=\"ES-TRAD\">En tanto, Carlos Mart\u00ednez Amador, dirigente del PRD, refiri\u00f3 que Puebla y M\u00e9xico demandan unidad para defender las luchas de mucha gente, para defender la democracia, porque \u201cel cambio no depende de una sola persona, sino de la voluntad de todos los ciudadanos.<\/span><\/p>\n<p><span lang=\"ES-TRAD\">\u201cHoy debemos estar cohesionados para cambiar el rumbo de Puebla, para resolver los problemas que nos aquejan, como la inseguridad, el desempleo, la carencia de servicios de salud y el abandono del campo\u201d, acot\u00f3 Mart\u00ednez Amador.<\/span><\/p>\n<p><span lang=\"ES-TRAD\">Finalmente, reiter\u00f3 que los nuevos tiempos demandan unidad, exigen construcci\u00f3n de acuerdos y de ideas plurales para rescatar a Puebla y a M\u00e9xico del retroceso en el que se encuentra.\u00a0<\/span><\/p>\n<\/div>\n<div class=\"yj6qo\"><\/div>\n<div class=\"adL\"><\/div>\n<\/div>\n<\/div>\n<div id=\":1u\" class=\"hq gt\"><\/div>\n","protected":false},"excerpt":{"rendered":"<p>Con el fin de generar consensos, sumar esfuerzos y construir un contrapeso pol\u00edtico que detenga los excesos de Morena y sus gobernantes, los dirigentes estatales del PAN, PRI y PRD, Genoveva Huerta, N\u00e9stor Camarillo y Carlos Mart\u00ednez, respectivamente, instalaron una mesa de trabajo para dialogar de manera plural y formalizar una alianza electoral de cara a los comicios de 2021. El prop\u00f3sito, se\u00f1al\u00f3 Huerta Villegas, es encontrar coincidencias para cambiar el rumbo de Puebla y de M\u00e9xico: \u201cTenemos la firme convicci\u00f3n de trabajar por encima de intereses particulares y de nuestras ideolog\u00edas para construir un Estado constitucional basado en el respeto hacia los derechos humanos y hacia la estricta aplicaci\u00f3n de las leyes\u201d. Reunidos en un hotel del centro hist\u00f3rico, la dirigente agreg\u00f3 que el&hellip;<\/p>\n<p class=\"excerpt-more\"><a class=\"blog-excerpt button\" href=\"https:\/\/www.aliadospuebla.com\/?p=49452\">Leer m\u00e1s&#8230;<\/a><\/p>\n","protected":false},"author":3,"featured_media":49453,"comment_status":"open","ping_status":"open","sticky":false,"template":"","format":"standard","meta":{"_monsterinsights_skip_tracking":false,"footnotes":""},"categories":[6],"tags":[56,8367,204,77,251,1487,45,72],"class_list":["post-49452","post","type-post","status-publish","format-standard","has-post-thumbnail","hentry","category-politica","tag-capital","tag-marco-mena","tag-mesa-de-trabajo","tag-municipios","tag-pan","tag-prd","tag-pri","tag-puebla"],"yoast_head":"<!-- This site is optimized with the Yoast SEO plugin v28.4 - https:\/\/yoast.com\/product\/yoast-seo-wordpress\/ -->\n<title>Instalan Mesa de Trabajo dirigencias del PAN, PRI y PRD con miras a 2021 - AliadosPuebla<\/title>\n<meta name=\"robots\" content=\"index, follow, max-snippet:-1, max-image-preview:large, max-video-preview:-1\" \/>\n<link rel=\"canonical\" href=\"https:\/\/www.aliadospuebla.com\/?p=49452\" \/>\n<meta property=\"og:locale\" content=\"es_ES\" \/>\n<meta property=\"og:type\" content=\"article\" \/>\n<meta property=\"og:title\" content=\"Instalan Mesa de Trabajo dirigencias del PAN, PRI y PRD con miras a 2021 - AliadosPuebla\" \/>\n<meta property=\"og:description\" content=\"Con el fin de generar consensos, sumar esfuerzos y construir un contrapeso pol\u00edtico que detenga los excesos de Morena y sus gobernantes, los dirigentes estatales del PAN, PRI y PRD, Genoveva Huerta, N\u00e9stor Camarillo y Carlos Mart\u00ednez, respectivamente, instalaron una mesa de trabajo para dialogar de manera plural y formalizar una alianza electoral de cara a los comicios de 2021. El prop\u00f3sito, se\u00f1al\u00f3 Huerta Villegas, es encontrar coincidencias para cambiar el rumbo de Puebla y de M\u00e9xico: \u201cTenemos la firme convicci\u00f3n de trabajar por encima de intereses particulares y de nuestras ideolog\u00edas para construir un Estado constitucional basado en el respeto hacia los derechos humanos y hacia la estricta aplicaci\u00f3n de las leyes\u201d. Reunidos en un hotel del centro hist\u00f3rico, la dirigente agreg\u00f3 que el&hellip;Leer m\u00e1s...\" \/>\n<meta property=\"og:url\" content=\"https:\/\/www.aliadospuebla.com\/?p=49452\" \/>\n<meta property=\"og:site_name\" content=\"AliadosPuebla\" \/>\n<meta property=\"article:published_time\" content=\"2020-12-09T21:24:30+00:00\" \/>\n<meta property=\"og:image\" content=\"https:\/\/www.aliadospuebla.com\/web2017\/wp-content\/uploads\/2020\/12\/MESA-DE-TARBAJO.jpg\" \/>\n\t<meta property=\"og:image:width\" content=\"600\" \/>\n\t<meta property=\"og:image:height\" content=\"450\" \/>\n\t<meta property=\"og:image:type\" content=\"image\/jpeg\" \/>\n<meta name=\"author\" content=\"Aliados Videos\" \/>\n<meta name=\"twitter:card\" content=\"summary_large_image\" \/>\n<meta name=\"twitter:label1\" content=\"Escrito por\" \/>\n\t<meta name=\"twitter:data1\" content=\"Aliados Videos\" \/>\n\t<meta name=\"twitter:label2\" content=\"Tiempo de lectura\" \/>\n\t<meta name=\"twitter:data2\" content=\"2 minutos\" \/>\n<script type=\"application\/ld+json\" class=\"yoast-schema-graph\">{\"@context\":\"https:\\\/\\\/schema.org\",\"@graph\":[{\"@type\":\"Article\",\"@id\":\"https:\\\/\\\/www.aliadospuebla.com\\\/?p=49452#article\",\"isPartOf\":{\"@id\":\"https:\\\/\\\/www.aliadospuebla.com\\\/?p=49452\"},\"author\":{\"name\":\"Aliados Videos\",\"@id\":\"https:\\\/\\\/www.aliadospuebla.com\\\/#\\\/schema\\\/person\\\/0fd017f23cc5c3f7988d5d58850eec8e\"},\"headline\":\"Instalan Mesa de Trabajo dirigencias del PAN, PRI y PRD con miras a 2021\",\"datePublished\":\"2020-12-09T21:24:30+00:00\",\"mainEntityOfPage\":{\"@id\":\"https:\\\/\\\/www.aliadospuebla.com\\\/?p=49452\"},\"wordCount\":474,\"commentCount\":0,\"image\":{\"@id\":\"https:\\\/\\\/www.aliadospuebla.com\\\/?p=49452#primaryimage\"},\"thumbnailUrl\":\"https:\\\/\\\/www.aliadospuebla.com\\\/web2017\\\/wp-content\\\/uploads\\\/2020\\\/12\\\/MESA-DE-TARBAJO.jpg\",\"keywords\":[\"capital\",\"MARCO MENA\",\"Mesa de trabajo\",\"Municipios\",\"PAN\",\"PRD\",\"PRI\",\"Puebla\"],\"articleSection\":[\"Pol\u00edtica\"],\"inLanguage\":\"es\",\"potentialAction\":[{\"@type\":\"CommentAction\",\"name\":\"Comment\",\"target\":[\"https:\\\/\\\/www.aliadospuebla.com\\\/?p=49452#respond\"]}]},{\"@type\":\"WebPage\",\"@id\":\"https:\\\/\\\/www.aliadospuebla.com\\\/?p=49452\",\"url\":\"https:\\\/\\\/www.aliadospuebla.com\\\/?p=49452\",\"name\":\"Instalan Mesa de Trabajo dirigencias del PAN, PRI y PRD con miras a 2021 - AliadosPuebla\",\"isPartOf\":{\"@id\":\"https:\\\/\\\/www.aliadospuebla.com\\\/#website\"},\"primaryImageOfPage\":{\"@id\":\"https:\\\/\\\/www.aliadospuebla.com\\\/?p=49452#primaryimage\"},\"image\":{\"@id\":\"https:\\\/\\\/www.aliadospuebla.com\\\/?p=49452#primaryimage\"},\"thumbnailUrl\":\"https:\\\/\\\/www.aliadospuebla.com\\\/web2017\\\/wp-content\\\/uploads\\\/2020\\\/12\\\/MESA-DE-TARBAJO.jpg\",\"datePublished\":\"2020-12-09T21:24:30+00:00\",\"author\":{\"@id\":\"https:\\\/\\\/www.aliadospuebla.com\\\/#\\\/schema\\\/person\\\/0fd017f23cc5c3f7988d5d58850eec8e\"},\"breadcrumb\":{\"@id\":\"https:\\\/\\\/www.aliadospuebla.com\\\/?p=49452#breadcrumb\"},\"inLanguage\":\"es\",\"potentialAction\":[{\"@type\":\"ReadAction\",\"target\":[\"https:\\\/\\\/www.aliadospuebla.com\\\/?p=49452\"]}]},{\"@type\":\"ImageObject\",\"inLanguage\":\"es\",\"@id\":\"https:\\\/\\\/www.aliadospuebla.com\\\/?p=49452#primaryimage\",\"url\":\"https:\\\/\\\/www.aliadospuebla.com\\\/web2017\\\/wp-content\\\/uploads\\\/2020\\\/12\\\/MESA-DE-TARBAJO.jpg\",\"contentUrl\":\"https:\\\/\\\/www.aliadospuebla.com\\\/web2017\\\/wp-content\\\/uploads\\\/2020\\\/12\\\/MESA-DE-TARBAJO.jpg\",\"width\":600,\"height\":450},{\"@type\":\"BreadcrumbList\",\"@id\":\"https:\\\/\\\/www.aliadospuebla.com\\\/?p=49452#breadcrumb\",\"itemListElement\":[{\"@type\":\"ListItem\",\"position\":1,\"name\":\"Portada\",\"item\":\"https:\\\/\\\/www.aliadospuebla.com\\\/\"},{\"@type\":\"ListItem\",\"position\":2,\"name\":\"Instalan Mesa de Trabajo dirigencias del PAN, PRI y PRD con miras a 2021\"}]},{\"@type\":\"WebSite\",\"@id\":\"https:\\\/\\\/www.aliadospuebla.com\\\/#website\",\"url\":\"https:\\\/\\\/www.aliadospuebla.com\\\/\",\"name\":\"AliadosPuebla\",\"description\":\"La informaci\u00f3n en tus manos\",\"potentialAction\":[{\"@type\":\"SearchAction\",\"target\":{\"@type\":\"EntryPoint\",\"urlTemplate\":\"https:\\\/\\\/www.aliadospuebla.com\\\/?s={search_term_string}\"},\"query-input\":{\"@type\":\"PropertyValueSpecification\",\"valueRequired\":true,\"valueName\":\"search_term_string\"}}],\"inLanguage\":\"es\"},{\"@type\":\"Person\",\"@id\":\"https:\\\/\\\/www.aliadospuebla.com\\\/#\\\/schema\\\/person\\\/0fd017f23cc5c3f7988d5d58850eec8e\",\"name\":\"Aliados Videos\",\"image\":{\"@type\":\"ImageObject\",\"inLanguage\":\"es\",\"@id\":\"https:\\\/\\\/secure.gravatar.com\\\/avatar\\\/42b92de8b2d8339e1e824f3a73ab023a0bec0ee2e3920248085eb1f3160b4083?s=96&d=mm&r=g\",\"url\":\"https:\\\/\\\/secure.gravatar.com\\\/avatar\\\/42b92de8b2d8339e1e824f3a73ab023a0bec0ee2e3920248085eb1f3160b4083?s=96&d=mm&r=g\",\"contentUrl\":\"https:\\\/\\\/secure.gravatar.com\\\/avatar\\\/42b92de8b2d8339e1e824f3a73ab023a0bec0ee2e3920248085eb1f3160b4083?s=96&d=mm&r=g\",\"caption\":\"Aliados Videos\"},\"url\":\"https:\\\/\\\/www.aliadospuebla.com\\\/?author=3\"}]}<\/script>\n<!-- \/ Yoast SEO plugin. -->","yoast_head_json":{"title":"Instalan Mesa de Trabajo dirigencias del PAN, PRI y PRD con miras a 2021 - AliadosPuebla","robots":{"index":"index","follow":"follow","max-snippet":"max-snippet:-1","max-image-preview":"max-image-preview:large","max-video-preview":"max-video-preview:-1"},"canonical":"https:\/\/www.aliadospuebla.com\/?p=49452","og_locale":"es_ES","og_type":"article","og_title":"Instalan Mesa de Trabajo dirigencias del PAN, PRI y PRD con miras a 2021 - AliadosPuebla","og_description":"Con el fin de generar consensos, sumar esfuerzos y construir un contrapeso pol\u00edtico que detenga los excesos de Morena y sus gobernantes, los dirigentes estatales del PAN, PRI y PRD, Genoveva Huerta, N\u00e9stor Camarillo y Carlos Mart\u00ednez, respectivamente, instalaron una mesa de trabajo para dialogar de manera plural y formalizar una alianza electoral de cara a los comicios de 2021. El prop\u00f3sito, se\u00f1al\u00f3 Huerta Villegas, es encontrar coincidencias para cambiar el rumbo de Puebla y de M\u00e9xico: \u201cTenemos la firme convicci\u00f3n de trabajar por encima de intereses particulares y de nuestras ideolog\u00edas para construir un Estado constitucional basado en el respeto hacia los derechos humanos y hacia la estricta aplicaci\u00f3n de las leyes\u201d. Reunidos en un hotel del centro hist\u00f3rico, la dirigente agreg\u00f3 que el&hellip;Leer m\u00e1s...","og_url":"https:\/\/www.aliadospuebla.com\/?p=49452","og_site_name":"AliadosPuebla","article_published_time":"2020-12-09T21:24:30+00:00","og_image":[{"width":600,"height":450,"url":"https:\/\/www.aliadospuebla.com\/web2017\/wp-content\/uploads\/2020\/12\/MESA-DE-TARBAJO.jpg","type":"image\/jpeg"}],"author":"Aliados Videos","twitter_card":"summary_large_image","twitter_misc":{"Escrito por":"Aliados Videos","Tiempo de lectura":"2 minutos"},"schema":{"@context":"https:\/\/schema.org","@graph":[{"@type":"Article","@id":"https:\/\/www.aliadospuebla.com\/?p=49452#article","isPartOf":{"@id":"https:\/\/www.aliadospuebla.com\/?p=49452"},"author":{"name":"Aliados Videos","@id":"https:\/\/www.aliadospuebla.com\/#\/schema\/person\/0fd017f23cc5c3f7988d5d58850eec8e"},"headline":"Instalan Mesa de Trabajo dirigencias del PAN, PRI y PRD con miras a 2021","datePublished":"2020-12-09T21:24:30+00:00","mainEntityOfPage":{"@id":"https:\/\/www.aliadospuebla.com\/?p=49452"},"wordCount":474,"commentCount":0,"image":{"@id":"https:\/\/www.aliadospuebla.com\/?p=49452#primaryimage"},"thumbnailUrl":"https:\/\/www.aliadospuebla.com\/web2017\/wp-content\/uploads\/2020\/12\/MESA-DE-TARBAJO.jpg","keywords":["capital","MARCO MENA","Mesa de trabajo","Municipios","PAN","PRD","PRI","Puebla"],"articleSection":["Pol\u00edtica"],"inLanguage":"es","potentialAction":[{"@type":"CommentAction","name":"Comment","target":["https:\/\/www.aliadospuebla.com\/?p=49452#respond"]}]},{"@type":"WebPage","@id":"https:\/\/www.aliadospuebla.com\/?p=49452","url":"https:\/\/www.aliadospuebla.com\/?p=49452","name":"Instalan Mesa de Trabajo dirigencias del PAN, PRI y PRD con miras a 2021 - AliadosPuebla","isPartOf":{"@id":"https:\/\/www.aliadospuebla.com\/#website"},"primaryImageOfPage":{"@id":"https:\/\/www.aliadospuebla.com\/?p=49452#primaryimage"},"image":{"@id":"https:\/\/www.aliadospuebla.com\/?p=49452#primaryimage"},"thumbnailUrl":"https:\/\/www.aliadospuebla.com\/web2017\/wp-content\/uploads\/2020\/12\/MESA-DE-TARBAJO.jpg","datePublished":"2020-12-09T21:24:30+00:00","author":{"@id":"https:\/\/www.aliadospuebla.com\/#\/schema\/person\/0fd017f23cc5c3f7988d5d58850eec8e"},"breadcrumb":{"@id":"https:\/\/www.aliadospuebla.com\/?p=49452#breadcrumb"},"inLanguage":"es","potentialAction":[{"@type":"ReadAction","target":["https:\/\/www.aliadospuebla.com\/?p=49452"]}]},{"@type":"ImageObject","inLanguage":"es","@id":"https:\/\/www.aliadospuebla.com\/?p=49452#primaryimage","url":"https:\/\/www.aliadospuebla.com\/web2017\/wp-content\/uploads\/2020\/12\/MESA-DE-TARBAJO.jpg","contentUrl":"https:\/\/www.aliadospuebla.com\/web2017\/wp-content\/uploads\/2020\/12\/MESA-DE-TARBAJO.jpg","width":600,"height":450},{"@type":"BreadcrumbList","@id":"https:\/\/www.aliadospuebla.com\/?p=49452#breadcrumb","itemListElement":[{"@type":"ListItem","position":1,"name":"Portada","item":"https:\/\/www.aliadospuebla.com\/"},{"@type":"ListItem","position":2,"name":"Instalan Mesa de Trabajo dirigencias del PAN, PRI y PRD con miras a 2021"}]},{"@type":"WebSite","@id":"https:\/\/www.aliadospuebla.com\/#website","url":"https:\/\/www.aliadospuebla.com\/","name":"AliadosPuebla","description":"La informaci\u00f3n en tus manos","potentialAction":[{"@type":"SearchAction","target":{"@type":"EntryPoint","urlTemplate":"https:\/\/www.aliadospuebla.com\/?s={search_term_string}"},"query-input":{"@type":"PropertyValueSpecification","valueRequired":true,"valueName":"search_term_string"}}],"inLanguage":"es"},{"@type":"Person","@id":"https:\/\/www.aliadospuebla.com\/#\/schema\/person\/0fd017f23cc5c3f7988d5d58850eec8e","name":"Aliados Videos","image":{"@type":"ImageObject","inLanguage":"es","@id":"https:\/\/secure.gravatar.com\/avatar\/42b92de8b2d8339e1e824f3a73ab023a0bec0ee2e3920248085eb1f3160b4083?s=96&d=mm&r=g","url":"https:\/\/secure.gravatar.com\/avatar\/42b92de8b2d8339e1e824f3a73ab023a0bec0ee2e3920248085eb1f3160b4083?s=96&d=mm&r=g","contentUrl":"https:\/\/secure.gravatar.com\/avatar\/42b92de8b2d8339e1e824f3a73ab023a0bec0ee2e3920248085eb1f3160b4083?s=96&d=mm&r=g","caption":"Aliados Videos"},"url":"https:\/\/www.aliadospuebla.com\/?author=3"}]}},"views":13,"_links":{"self":[{"href":"https:\/\/www.aliadospuebla.com\/index.php?rest_route=\/wp\/v2\/posts\/49452","targetHints":{"allow":["GET"]}}],"collection":[{"href":"https:\/\/www.aliadospuebla.com\/index.php?rest_route=\/wp\/v2\/posts"}],"about":[{"href":"https:\/\/www.aliadospuebla.com\/index.php?rest_route=\/wp\/v2\/types\/post"}],"author":[{"embeddable":true,"href":"https:\/\/www.aliadospuebla.com\/index.php?rest_route=\/wp\/v2\/users\/3"}],"replies":[{"embeddable":true,"href":"https:\/\/www.aliadospuebla.com\/index.php?rest_route=%2Fwp%2Fv2%2Fcomments&post=49452"}],"version-history":[{"count":1,"href":"https:\/\/www.aliadospuebla.com\/index.php?rest_route=\/wp\/v2\/posts\/49452\/revisions"}],"predecessor-version":[{"id":49454,"href":"https:\/\/www.aliadospuebla.com\/index.php?rest_route=\/wp\/v2\/posts\/49452\/revisions\/49454"}],"wp:featuredmedia":[{"embeddable":true,"href":"https:\/\/www.aliadospuebla.com\/index.php?rest_route=\/wp\/v2\/media\/49453"}],"wp:attachment":[{"href":"https:\/\/www.aliadospuebla.com\/index.php?rest_route=%2Fwp%2Fv2%2Fmedia&parent=49452"}],"wp:term":[{"taxonomy":"category","embeddable":true,"href":"https:\/\/www.aliadospuebla.com\/index.php?rest_route=%2Fwp%2Fv2%2Fcategories&post=49452"},{"taxonomy":"post_tag","embeddable":true,"href":"https:\/\/www.aliadospuebla.com\/index.php?rest_route=%2Fwp%2Fv2%2Ftags&post=49452"}],"curies":[{"name":"wp","href":"https:\/\/api.w.org\/{rel}","templated":true}]}}