{"id":49382,"date":"2020-12-07T20:24:26","date_gmt":"2020-12-08T02:24:26","guid":{"rendered":"http:\/\/www.aliados17.com\/?p=49382"},"modified":"2020-12-07T20:24:26","modified_gmt":"2020-12-08T02:24:26","slug":"jonathan-collantes-el-perfil-ideal-para-la-diputacion-federal-por-ciudad-serdan-en-la-coalicion-pri-pan-prd","status":"publish","type":"post","link":"https:\/\/www.aliadospuebla.com\/?p=49382","title":{"rendered":"JONATHAN COLLANTES  EL PERFIL  IDEAL PARA LA DIPUTACI\u00d3N FEDERAL POR CIUDAD SERD\u00c1N EN LA COALICI\u00d3N  PRI, PAN, PRD"},"content":{"rendered":"<p>Es un factor que une a las tres fuerzas pol\u00edticas que van en alianza: PRI, PAN y PRD<br \/>\nRedacci\u00f3n<\/p>\n<p>El Diputado Local, Jonathan Collantes, actualmente Secretario de Vinculaci\u00f3n con el Sector Empresarial dentro del Comit\u00e9 Directivo Estatal del PRI, es el mejor perfil para encabezar la candidatura a la diputaci\u00f3n federal del distrito 8 con cabecera en Ciudad Serd\u00e1n.<br \/>\nEs un factor de uni\u00f3n entre las tres fuerzas pol\u00edticas coaligadas: PRI, PAN y PRD, conoce perfectamente el distrito, ya que fue edil de Tlachichuca, en su momento reforz\u00f3 con su estructura al PAN y cuenta con una carrera pol\u00edtica de m\u00e1s de 20 a\u00f1os.<br \/>\nCabe se\u00f1alar que en esta alianza al PRI le toca definir el candidato por el distrito 8 que corresponde a Ciudad Serd\u00e1n, donde el \u00fanico perfil que cohesiona y que puede hacer frente al candidato posible de Morena es Jonathan Collantes.<br \/>\nComo Legislador Local es uno de los 4 diputados con mayor productividad en el Congreso del Estado por el n\u00famero de Iniciativas de reforma a leyes que ha presentado, as\u00ed como exhortos y puntos de acuerdo.<br \/>\nEs un Congresista con pleno conocimiento de las comisiones en las que participa como lo son; Movilidad y Transporte, de la cual es presidente as\u00ed como en Desarrollo Urbano, Educaci\u00f3n, Vivienda y Asuntos Municipales.<\/p>\n","protected":false},"excerpt":{"rendered":"<p>Es un factor que une a las tres fuerzas pol\u00edticas que van en alianza: PRI, PAN y PRD Redacci\u00f3n El Diputado Local, Jonathan Collantes, actualmente Secretario de Vinculaci\u00f3n con el Sector Empresarial dentro del Comit\u00e9 Directivo Estatal del PRI, es el mejor perfil para encabezar la candidatura a la diputaci\u00f3n federal del distrito 8 con cabecera en Ciudad Serd\u00e1n. Es un factor de uni\u00f3n entre las tres fuerzas pol\u00edticas coaligadas: PRI, PAN y PRD, conoce perfectamente el distrito, ya que fue edil de Tlachichuca, en su momento reforz\u00f3 con su estructura al PAN y cuenta con una carrera pol\u00edtica de m\u00e1s de 20 a\u00f1os. Cabe se\u00f1alar que en esta alianza al PRI le toca definir el candidato por el distrito 8 que corresponde a Ciudad&hellip;<\/p>\n<p class=\"excerpt-more\"><a class=\"blog-excerpt button\" href=\"https:\/\/www.aliadospuebla.com\/?p=49382\">Leer m\u00e1s&#8230;<\/a><\/p>\n","protected":false},"author":2,"featured_media":49383,"comment_status":"open","ping_status":"open","sticky":false,"template":"","format":"standard","meta":{"_monsterinsights_skip_tracking":false,"footnotes":""},"categories":[6],"tags":[3643,3833,8373,8306,251,1487,45],"class_list":["post-49382","post","type-post","status-publish","format-standard","has-post-thumbnail","hentry","category-politica","tag-ciudad-serdan","tag-diputacion-federal","tag-jonathan-collantes-cabanas","tag-mejor-perfil","tag-pan","tag-prd","tag-pri"],"yoast_head":"<!-- This site is optimized with the Yoast SEO plugin v28.4 - https:\/\/yoast.com\/product\/yoast-seo-wordpress\/ -->\n<title>JONATHAN COLLANTES EL PERFIL IDEAL PARA LA DIPUTACI\u00d3N FEDERAL POR CIUDAD SERD\u00c1N EN LA COALICI\u00d3N PRI, PAN, PRD - AliadosPuebla<\/title>\n<meta name=\"robots\" content=\"index, follow, max-snippet:-1, max-image-preview:large, max-video-preview:-1\" \/>\n<link rel=\"canonical\" href=\"https:\/\/www.aliadospuebla.com\/?p=49382\" \/>\n<meta property=\"og:locale\" content=\"es_ES\" \/>\n<meta property=\"og:type\" content=\"article\" \/>\n<meta property=\"og:title\" content=\"JONATHAN COLLANTES EL PERFIL IDEAL PARA LA DIPUTACI\u00d3N FEDERAL POR CIUDAD SERD\u00c1N EN LA COALICI\u00d3N PRI, PAN, PRD - AliadosPuebla\" \/>\n<meta property=\"og:description\" content=\"Es un factor que une a las tres fuerzas pol\u00edticas que van en alianza: PRI, PAN y PRD Redacci\u00f3n El Diputado Local, Jonathan Collantes, actualmente Secretario de Vinculaci\u00f3n con el Sector Empresarial dentro del Comit\u00e9 Directivo Estatal del PRI, es el mejor perfil para encabezar la candidatura a la diputaci\u00f3n federal del distrito 8 con cabecera en Ciudad Serd\u00e1n. Es un factor de uni\u00f3n entre las tres fuerzas pol\u00edticas coaligadas: PRI, PAN y PRD, conoce perfectamente el distrito, ya que fue edil de Tlachichuca, en su momento reforz\u00f3 con su estructura al PAN y cuenta con una carrera pol\u00edtica de m\u00e1s de 20 a\u00f1os. Cabe se\u00f1alar que en esta alianza al PRI le toca definir el candidato por el distrito 8 que corresponde a Ciudad&hellip;Leer m\u00e1s...\" \/>\n<meta property=\"og:url\" content=\"https:\/\/www.aliadospuebla.com\/?p=49382\" \/>\n<meta property=\"og:site_name\" content=\"AliadosPuebla\" \/>\n<meta property=\"article:author\" content=\"https:\/\/www.facebook.com\/Aliados17Pue\" \/>\n<meta property=\"article:published_time\" content=\"2020-12-08T02:24:26+00:00\" \/>\n<meta property=\"og:image\" content=\"https:\/\/www.aliadospuebla.com\/web2017\/wp-content\/uploads\/2020\/12\/075-Jonathan-Collantes.jpg\" \/>\n\t<meta property=\"og:image:width\" content=\"600\" \/>\n\t<meta property=\"og:image:height\" content=\"450\" \/>\n\t<meta property=\"og:image:type\" content=\"image\/jpeg\" \/>\n<meta name=\"author\" content=\"Aliados17\" \/>\n<meta name=\"twitter:card\" content=\"summary_large_image\" \/>\n<meta name=\"twitter:creator\" content=\"@AliadosPuebla\" \/>\n<meta name=\"twitter:label1\" content=\"Escrito por\" \/>\n\t<meta name=\"twitter:data1\" content=\"Aliados17\" \/>\n\t<meta name=\"twitter:label2\" content=\"Tiempo de lectura\" \/>\n\t<meta name=\"twitter:data2\" content=\"1 minuto\" \/>\n<script type=\"application\/ld+json\" class=\"yoast-schema-graph\">{\"@context\":\"https:\\\/\\\/schema.org\",\"@graph\":[{\"@type\":\"Article\",\"@id\":\"https:\\\/\\\/www.aliadospuebla.com\\\/?p=49382#article\",\"isPartOf\":{\"@id\":\"https:\\\/\\\/www.aliadospuebla.com\\\/?p=49382\"},\"author\":{\"name\":\"Aliados17\",\"@id\":\"https:\\\/\\\/www.aliadospuebla.com\\\/#\\\/schema\\\/person\\\/5da7dd09320bd4f392b710017ed5f8ad\"},\"headline\":\"JONATHAN COLLANTES EL PERFIL IDEAL PARA LA DIPUTACI\u00d3N FEDERAL POR CIUDAD SERD\u00c1N EN LA COALICI\u00d3N PRI, PAN, PRD\",\"datePublished\":\"2020-12-08T02:24:26+00:00\",\"mainEntityOfPage\":{\"@id\":\"https:\\\/\\\/www.aliadospuebla.com\\\/?p=49382\"},\"wordCount\":246,\"commentCount\":0,\"image\":{\"@id\":\"https:\\\/\\\/www.aliadospuebla.com\\\/?p=49382#primaryimage\"},\"thumbnailUrl\":\"https:\\\/\\\/www.aliadospuebla.com\\\/web2017\\\/wp-content\\\/uploads\\\/2020\\\/12\\\/075-Jonathan-Collantes.jpg\",\"keywords\":[\"CIUDAD SERD\u00c1N\",\"DIPUTACI\u00d3N FEDERAL\",\"Jonathan Collantes Caba\u00f1as\",\"mejor perfil\",\"PAN\",\"PRD\",\"PRI\"],\"articleSection\":[\"Pol\u00edtica\"],\"inLanguage\":\"es\",\"potentialAction\":[{\"@type\":\"CommentAction\",\"name\":\"Comment\",\"target\":[\"https:\\\/\\\/www.aliadospuebla.com\\\/?p=49382#respond\"]}]},{\"@type\":\"WebPage\",\"@id\":\"https:\\\/\\\/www.aliadospuebla.com\\\/?p=49382\",\"url\":\"https:\\\/\\\/www.aliadospuebla.com\\\/?p=49382\",\"name\":\"JONATHAN COLLANTES EL PERFIL IDEAL PARA LA DIPUTACI\u00d3N FEDERAL POR CIUDAD SERD\u00c1N EN LA COALICI\u00d3N PRI, PAN, PRD - AliadosPuebla\",\"isPartOf\":{\"@id\":\"https:\\\/\\\/www.aliadospuebla.com\\\/#website\"},\"primaryImageOfPage\":{\"@id\":\"https:\\\/\\\/www.aliadospuebla.com\\\/?p=49382#primaryimage\"},\"image\":{\"@id\":\"https:\\\/\\\/www.aliadospuebla.com\\\/?p=49382#primaryimage\"},\"thumbnailUrl\":\"https:\\\/\\\/www.aliadospuebla.com\\\/web2017\\\/wp-content\\\/uploads\\\/2020\\\/12\\\/075-Jonathan-Collantes.jpg\",\"datePublished\":\"2020-12-08T02:24:26+00:00\",\"author\":{\"@id\":\"https:\\\/\\\/www.aliadospuebla.com\\\/#\\\/schema\\\/person\\\/5da7dd09320bd4f392b710017ed5f8ad\"},\"breadcrumb\":{\"@id\":\"https:\\\/\\\/www.aliadospuebla.com\\\/?p=49382#breadcrumb\"},\"inLanguage\":\"es\",\"potentialAction\":[{\"@type\":\"ReadAction\",\"target\":[\"https:\\\/\\\/www.aliadospuebla.com\\\/?p=49382\"]}]},{\"@type\":\"ImageObject\",\"inLanguage\":\"es\",\"@id\":\"https:\\\/\\\/www.aliadospuebla.com\\\/?p=49382#primaryimage\",\"url\":\"https:\\\/\\\/www.aliadospuebla.com\\\/web2017\\\/wp-content\\\/uploads\\\/2020\\\/12\\\/075-Jonathan-Collantes.jpg\",\"contentUrl\":\"https:\\\/\\\/www.aliadospuebla.com\\\/web2017\\\/wp-content\\\/uploads\\\/2020\\\/12\\\/075-Jonathan-Collantes.jpg\",\"width\":600,\"height\":450},{\"@type\":\"BreadcrumbList\",\"@id\":\"https:\\\/\\\/www.aliadospuebla.com\\\/?p=49382#breadcrumb\",\"itemListElement\":[{\"@type\":\"ListItem\",\"position\":1,\"name\":\"Portada\",\"item\":\"https:\\\/\\\/www.aliadospuebla.com\\\/\"},{\"@type\":\"ListItem\",\"position\":2,\"name\":\"JONATHAN COLLANTES EL PERFIL IDEAL PARA LA DIPUTACI\u00d3N FEDERAL POR CIUDAD SERD\u00c1N EN LA COALICI\u00d3N PRI, PAN, PRD\"}]},{\"@type\":\"WebSite\",\"@id\":\"https:\\\/\\\/www.aliadospuebla.com\\\/#website\",\"url\":\"https:\\\/\\\/www.aliadospuebla.com\\\/\",\"name\":\"AliadosPuebla\",\"description\":\"La informaci\u00f3n en tus manos\",\"potentialAction\":[{\"@type\":\"SearchAction\",\"target\":{\"@type\":\"EntryPoint\",\"urlTemplate\":\"https:\\\/\\\/www.aliadospuebla.com\\\/?s={search_term_string}\"},\"query-input\":{\"@type\":\"PropertyValueSpecification\",\"valueRequired\":true,\"valueName\":\"search_term_string\"}}],\"inLanguage\":\"es\"},{\"@type\":\"Person\",\"@id\":\"https:\\\/\\\/www.aliadospuebla.com\\\/#\\\/schema\\\/person\\\/5da7dd09320bd4f392b710017ed5f8ad\",\"name\":\"Aliados17\",\"image\":{\"@type\":\"ImageObject\",\"inLanguage\":\"es\",\"@id\":\"https:\\\/\\\/www.aliadospuebla.com\\\/web2017\\\/wp-content\\\/uploads\\\/2025\\\/03\\\/cropped-para-perfil-8-anos-1-96x96.jpg\",\"url\":\"https:\\\/\\\/www.aliadospuebla.com\\\/web2017\\\/wp-content\\\/uploads\\\/2025\\\/03\\\/cropped-para-perfil-8-anos-1-96x96.jpg\",\"contentUrl\":\"https:\\\/\\\/www.aliadospuebla.com\\\/web2017\\\/wp-content\\\/uploads\\\/2025\\\/03\\\/cropped-para-perfil-8-anos-1-96x96.jpg\",\"caption\":\"Aliados17\"},\"sameAs\":[\"https:\\\/\\\/www.aliados17.com\",\"https:\\\/\\\/www.facebook.com\\\/Aliados17Pue\",\"https:\\\/\\\/x.com\\\/AliadosPuebla\"],\"url\":\"https:\\\/\\\/www.aliadospuebla.com\\\/?author=2\"}]}<\/script>\n<!-- \/ Yoast SEO plugin. -->","yoast_head_json":{"title":"JONATHAN COLLANTES EL PERFIL IDEAL PARA LA DIPUTACI\u00d3N FEDERAL POR CIUDAD SERD\u00c1N EN LA COALICI\u00d3N PRI, PAN, PRD - AliadosPuebla","robots":{"index":"index","follow":"follow","max-snippet":"max-snippet:-1","max-image-preview":"max-image-preview:large","max-video-preview":"max-video-preview:-1"},"canonical":"https:\/\/www.aliadospuebla.com\/?p=49382","og_locale":"es_ES","og_type":"article","og_title":"JONATHAN COLLANTES EL PERFIL IDEAL PARA LA DIPUTACI\u00d3N FEDERAL POR CIUDAD SERD\u00c1N EN LA COALICI\u00d3N PRI, PAN, PRD - AliadosPuebla","og_description":"Es un factor que une a las tres fuerzas pol\u00edticas que van en alianza: PRI, PAN y PRD Redacci\u00f3n El Diputado Local, Jonathan Collantes, actualmente Secretario de Vinculaci\u00f3n con el Sector Empresarial dentro del Comit\u00e9 Directivo Estatal del PRI, es el mejor perfil para encabezar la candidatura a la diputaci\u00f3n federal del distrito 8 con cabecera en Ciudad Serd\u00e1n. Es un factor de uni\u00f3n entre las tres fuerzas pol\u00edticas coaligadas: PRI, PAN y PRD, conoce perfectamente el distrito, ya que fue edil de Tlachichuca, en su momento reforz\u00f3 con su estructura al PAN y cuenta con una carrera pol\u00edtica de m\u00e1s de 20 a\u00f1os. Cabe se\u00f1alar que en esta alianza al PRI le toca definir el candidato por el distrito 8 que corresponde a Ciudad&hellip;Leer m\u00e1s...","og_url":"https:\/\/www.aliadospuebla.com\/?p=49382","og_site_name":"AliadosPuebla","article_author":"https:\/\/www.facebook.com\/Aliados17Pue","article_published_time":"2020-12-08T02:24:26+00:00","og_image":[{"width":600,"height":450,"url":"https:\/\/www.aliadospuebla.com\/web2017\/wp-content\/uploads\/2020\/12\/075-Jonathan-Collantes.jpg","type":"image\/jpeg"}],"author":"Aliados17","twitter_card":"summary_large_image","twitter_creator":"@AliadosPuebla","twitter_misc":{"Escrito por":"Aliados17","Tiempo de lectura":"1 minuto"},"schema":{"@context":"https:\/\/schema.org","@graph":[{"@type":"Article","@id":"https:\/\/www.aliadospuebla.com\/?p=49382#article","isPartOf":{"@id":"https:\/\/www.aliadospuebla.com\/?p=49382"},"author":{"name":"Aliados17","@id":"https:\/\/www.aliadospuebla.com\/#\/schema\/person\/5da7dd09320bd4f392b710017ed5f8ad"},"headline":"JONATHAN COLLANTES EL PERFIL IDEAL PARA LA DIPUTACI\u00d3N FEDERAL POR CIUDAD SERD\u00c1N EN LA COALICI\u00d3N PRI, PAN, PRD","datePublished":"2020-12-08T02:24:26+00:00","mainEntityOfPage":{"@id":"https:\/\/www.aliadospuebla.com\/?p=49382"},"wordCount":246,"commentCount":0,"image":{"@id":"https:\/\/www.aliadospuebla.com\/?p=49382#primaryimage"},"thumbnailUrl":"https:\/\/www.aliadospuebla.com\/web2017\/wp-content\/uploads\/2020\/12\/075-Jonathan-Collantes.jpg","keywords":["CIUDAD SERD\u00c1N","DIPUTACI\u00d3N FEDERAL","Jonathan Collantes Caba\u00f1as","mejor perfil","PAN","PRD","PRI"],"articleSection":["Pol\u00edtica"],"inLanguage":"es","potentialAction":[{"@type":"CommentAction","name":"Comment","target":["https:\/\/www.aliadospuebla.com\/?p=49382#respond"]}]},{"@type":"WebPage","@id":"https:\/\/www.aliadospuebla.com\/?p=49382","url":"https:\/\/www.aliadospuebla.com\/?p=49382","name":"JONATHAN COLLANTES EL PERFIL IDEAL PARA LA DIPUTACI\u00d3N FEDERAL POR CIUDAD SERD\u00c1N EN LA COALICI\u00d3N PRI, PAN, PRD - AliadosPuebla","isPartOf":{"@id":"https:\/\/www.aliadospuebla.com\/#website"},"primaryImageOfPage":{"@id":"https:\/\/www.aliadospuebla.com\/?p=49382#primaryimage"},"image":{"@id":"https:\/\/www.aliadospuebla.com\/?p=49382#primaryimage"},"thumbnailUrl":"https:\/\/www.aliadospuebla.com\/web2017\/wp-content\/uploads\/2020\/12\/075-Jonathan-Collantes.jpg","datePublished":"2020-12-08T02:24:26+00:00","author":{"@id":"https:\/\/www.aliadospuebla.com\/#\/schema\/person\/5da7dd09320bd4f392b710017ed5f8ad"},"breadcrumb":{"@id":"https:\/\/www.aliadospuebla.com\/?p=49382#breadcrumb"},"inLanguage":"es","potentialAction":[{"@type":"ReadAction","target":["https:\/\/www.aliadospuebla.com\/?p=49382"]}]},{"@type":"ImageObject","inLanguage":"es","@id":"https:\/\/www.aliadospuebla.com\/?p=49382#primaryimage","url":"https:\/\/www.aliadospuebla.com\/web2017\/wp-content\/uploads\/2020\/12\/075-Jonathan-Collantes.jpg","contentUrl":"https:\/\/www.aliadospuebla.com\/web2017\/wp-content\/uploads\/2020\/12\/075-Jonathan-Collantes.jpg","width":600,"height":450},{"@type":"BreadcrumbList","@id":"https:\/\/www.aliadospuebla.com\/?p=49382#breadcrumb","itemListElement":[{"@type":"ListItem","position":1,"name":"Portada","item":"https:\/\/www.aliadospuebla.com\/"},{"@type":"ListItem","position":2,"name":"JONATHAN COLLANTES EL PERFIL IDEAL PARA LA DIPUTACI\u00d3N FEDERAL POR CIUDAD SERD\u00c1N EN LA COALICI\u00d3N PRI, PAN, PRD"}]},{"@type":"WebSite","@id":"https:\/\/www.aliadospuebla.com\/#website","url":"https:\/\/www.aliadospuebla.com\/","name":"AliadosPuebla","description":"La informaci\u00f3n en tus manos","potentialAction":[{"@type":"SearchAction","target":{"@type":"EntryPoint","urlTemplate":"https:\/\/www.aliadospuebla.com\/?s={search_term_string}"},"query-input":{"@type":"PropertyValueSpecification","valueRequired":true,"valueName":"search_term_string"}}],"inLanguage":"es"},{"@type":"Person","@id":"https:\/\/www.aliadospuebla.com\/#\/schema\/person\/5da7dd09320bd4f392b710017ed5f8ad","name":"Aliados17","image":{"@type":"ImageObject","inLanguage":"es","@id":"https:\/\/www.aliadospuebla.com\/web2017\/wp-content\/uploads\/2025\/03\/cropped-para-perfil-8-anos-1-96x96.jpg","url":"https:\/\/www.aliadospuebla.com\/web2017\/wp-content\/uploads\/2025\/03\/cropped-para-perfil-8-anos-1-96x96.jpg","contentUrl":"https:\/\/www.aliadospuebla.com\/web2017\/wp-content\/uploads\/2025\/03\/cropped-para-perfil-8-anos-1-96x96.jpg","caption":"Aliados17"},"sameAs":["https:\/\/www.aliados17.com","https:\/\/www.facebook.com\/Aliados17Pue","https:\/\/x.com\/AliadosPuebla"],"url":"https:\/\/www.aliadospuebla.com\/?author=2"}]}},"views":17,"_links":{"self":[{"href":"https:\/\/www.aliadospuebla.com\/index.php?rest_route=\/wp\/v2\/posts\/49382","targetHints":{"allow":["GET"]}}],"collection":[{"href":"https:\/\/www.aliadospuebla.com\/index.php?rest_route=\/wp\/v2\/posts"}],"about":[{"href":"https:\/\/www.aliadospuebla.com\/index.php?rest_route=\/wp\/v2\/types\/post"}],"author":[{"embeddable":true,"href":"https:\/\/www.aliadospuebla.com\/index.php?rest_route=\/wp\/v2\/users\/2"}],"replies":[{"embeddable":true,"href":"https:\/\/www.aliadospuebla.com\/index.php?rest_route=%2Fwp%2Fv2%2Fcomments&post=49382"}],"version-history":[{"count":1,"href":"https:\/\/www.aliadospuebla.com\/index.php?rest_route=\/wp\/v2\/posts\/49382\/revisions"}],"predecessor-version":[{"id":49384,"href":"https:\/\/www.aliadospuebla.com\/index.php?rest_route=\/wp\/v2\/posts\/49382\/revisions\/49384"}],"wp:featuredmedia":[{"embeddable":true,"href":"https:\/\/www.aliadospuebla.com\/index.php?rest_route=\/wp\/v2\/media\/49383"}],"wp:attachment":[{"href":"https:\/\/www.aliadospuebla.com\/index.php?rest_route=%2Fwp%2Fv2%2Fmedia&parent=49382"}],"wp:term":[{"taxonomy":"category","embeddable":true,"href":"https:\/\/www.aliadospuebla.com\/index.php?rest_route=%2Fwp%2Fv2%2Fcategories&post=49382"},{"taxonomy":"post_tag","embeddable":true,"href":"https:\/\/www.aliadospuebla.com\/index.php?rest_route=%2Fwp%2Fv2%2Ftags&post=49382"}],"curies":[{"name":"wp","href":"https:\/\/api.w.org\/{rel}","templated":true}]}}