{"id":49208,"date":"2020-12-02T15:15:38","date_gmt":"2020-12-02T21:15:38","guid":{"rendered":"http:\/\/www.aliados17.com\/?p=49208"},"modified":"2020-12-02T15:15:38","modified_gmt":"2020-12-02T21:15:38","slug":"cierra-plazo-sin-recibir-manifestaciones-de-intencion-de-candidaturas-independientes-en-el-ine-puebla","status":"publish","type":"post","link":"https:\/\/www.aliadospuebla.com\/?p=49208","title":{"rendered":"CIERRA PLAZO SIN RECIBIR MANIFESTACIONES DE INTENCI\u00d3N DE CANDIDATURAS INDEPENDIENTES EN EL INE PUEBLA"},"content":{"rendered":"<p>Marcos Rodr\u00edguez del Castillo, Vocal Ejecutivo de la Junta Local Ejecutiva en Puebla del Instituto Nacional Electoral (INE) en el Estado de Puebla, inform\u00f3 que no se recibi\u00f3 ninguna manifestaci\u00f3n de intenci\u00f3n de ciudadanos\/as interesados en postularse a una candidatura independiente para contender por una Diputaci\u00f3n Federal por el principio de mayor\u00eda relativa.<u><\/u>\u00a0<u><\/u><\/p>\n<p>En el marco del Proceso Electoral Federal 2020 \u2013 2021, la convocatoria se\u00f1ala que del 30 de octubre al 1 de diciembre de 2020, las y los interesados deb\u00edan acudir ante la Vocal\u00eda Ejecutiva de la Junta Distrital correspondiente a manifestar su intenci\u00f3n de postularse a una candidatura independiente, sin embargo al vencer el plazo establecido ninguna de las Juntas Distritales Ejecutivas de la entidad recibi\u00f3 solicitud alguna, lo que significa que no habr\u00e1 campa\u00f1as independientes para diputaciones federales en el Estado de Puebla.<u><\/u>\u00a0<u><\/u><\/p>\n<p>Por otra parte, tambi\u00e9n este 1 de diciembre venci\u00f3 el plazo para registrarse para participar como Supervisor\/a Electoral o Capacitador\/a-Asistente Electoral en el Proceso Electoral 2020-2021, para el cual se recibieron un total de 20,749 solicitudes.<u><\/u>\u00a0<u><\/u><\/p>\n<p>Atendiendo a los protocolos de sanidad correspondientes ante la pandemia por COVID-19, se privilegi\u00f3 la inscripci\u00f3n en l\u00ednea, que alcanz\u00f3 un total de 20,151 registros, es decir el 97.12 por ciento de las y los aspirantes hicieron su tr\u00e1mite a trav\u00e9s de la p\u00e1gina del Instituto.<u><\/u>\u00a0<u><\/u><\/p>\n<p>S\u00f3lo 598 aspirantes, equivalentes al 2.88 por ciento, acudieron de forma presencial a la Junta Distrital Ejecutiva correspondiente a realizar su registro, donde se les atendi\u00f3 con las medidas pertinentes: sana distancia, uso de gel y cubrebocas y una desinfecci\u00f3n constante de las \u00e1reas.<u><\/u>\u00a0<u><\/u><\/p>\n<p>El total de solicitudes recibidas ser\u00e1n revisadas y las que hayan cumplido con los requisitos tendr\u00e1n derecho para presentar el examen los pr\u00f3ximos 12 y 13 de diciembre, mientras que los resultados finales ser\u00e1n publicados en los estrados de las Juntas Distritales; para el caso de SE ser\u00e1 el 15 de enero de 2021 y para CAE el 20 de enero de 2021. En el estado de Puebla se contratar\u00e1n en total 336 Supervisores Electorales y 1992 CAES, quienes supervisar\u00e1n las 7948 casillas que se prev\u00e9 instalar el pr\u00f3ximo 6 de junio.\u00a0<u><\/u>\u00a0<u><\/u><\/p>\n<div class=\"yj6qo\"><\/div>\n","protected":false},"excerpt":{"rendered":"<p>Marcos Rodr\u00edguez del Castillo, Vocal Ejecutivo de la Junta Local Ejecutiva en Puebla del Instituto Nacional Electoral (INE) en el Estado de Puebla, inform\u00f3 que no se recibi\u00f3 ninguna manifestaci\u00f3n de intenci\u00f3n de ciudadanos\/as interesados en postularse a una candidatura independiente para contender por una Diputaci\u00f3n Federal por el principio de mayor\u00eda relativa.\u00a0 En el marco del Proceso Electoral Federal 2020 \u2013 2021, la convocatoria se\u00f1ala que del 30 de octubre al 1 de diciembre de 2020, las y los interesados deb\u00edan acudir ante la Vocal\u00eda Ejecutiva de la Junta Distrital correspondiente a manifestar su intenci\u00f3n de postularse a una candidatura independiente, sin embargo al vencer el plazo establecido ninguna de las Juntas Distritales Ejecutivas de la entidad recibi\u00f3 solicitud alguna, lo que significa que&hellip;<\/p>\n<p class=\"excerpt-more\"><a class=\"blog-excerpt button\" href=\"https:\/\/www.aliadospuebla.com\/?p=49208\">Leer m\u00e1s&#8230;<\/a><\/p>\n","protected":false},"author":3,"featured_media":0,"comment_status":"open","ping_status":"open","sticky":false,"template":"","format":"standard","meta":{"_monsterinsights_skip_tracking":false,"footnotes":""},"categories":[6],"tags":[171,56,8367,850,666,77,72,3002],"class_list":["post-49208","post","type-post","status-publish","format-standard","hentry","category-politica","tag-ayuntamiento","tag-capital","tag-marco-mena","tag-miguel-barbosa","tag-morena","tag-municipios","tag-puebla","tag-regidores"],"yoast_head":"<!-- This site is optimized with the Yoast SEO plugin v28.4 - https:\/\/yoast.com\/product\/yoast-seo-wordpress\/ -->\n<title>CIERRA PLAZO SIN RECIBIR MANIFESTACIONES DE INTENCI\u00d3N DE CANDIDATURAS INDEPENDIENTES EN EL INE PUEBLA - AliadosPuebla<\/title>\n<meta name=\"robots\" content=\"index, follow, max-snippet:-1, max-image-preview:large, max-video-preview:-1\" \/>\n<link rel=\"canonical\" href=\"https:\/\/www.aliadospuebla.com\/?p=49208\" \/>\n<meta property=\"og:locale\" content=\"es_ES\" \/>\n<meta property=\"og:type\" content=\"article\" \/>\n<meta property=\"og:title\" content=\"CIERRA PLAZO SIN RECIBIR MANIFESTACIONES DE INTENCI\u00d3N DE CANDIDATURAS INDEPENDIENTES EN EL INE PUEBLA - AliadosPuebla\" \/>\n<meta property=\"og:description\" content=\"Marcos Rodr\u00edguez del Castillo, Vocal Ejecutivo de la Junta Local Ejecutiva en Puebla del Instituto Nacional Electoral (INE) en el Estado de Puebla, inform\u00f3 que no se recibi\u00f3 ninguna manifestaci\u00f3n de intenci\u00f3n de ciudadanos\/as interesados en postularse a una candidatura independiente para contender por una Diputaci\u00f3n Federal por el principio de mayor\u00eda relativa.\u00a0 En el marco del Proceso Electoral Federal 2020 \u2013 2021, la convocatoria se\u00f1ala que del 30 de octubre al 1 de diciembre de 2020, las y los interesados deb\u00edan acudir ante la Vocal\u00eda Ejecutiva de la Junta Distrital correspondiente a manifestar su intenci\u00f3n de postularse a una candidatura independiente, sin embargo al vencer el plazo establecido ninguna de las Juntas Distritales Ejecutivas de la entidad recibi\u00f3 solicitud alguna, lo que significa que&hellip;Leer m\u00e1s...\" \/>\n<meta property=\"og:url\" content=\"https:\/\/www.aliadospuebla.com\/?p=49208\" \/>\n<meta property=\"og:site_name\" content=\"AliadosPuebla\" \/>\n<meta property=\"article:published_time\" content=\"2020-12-02T21:15:38+00:00\" \/>\n<meta name=\"author\" content=\"Aliados Videos\" \/>\n<meta name=\"twitter:card\" content=\"summary_large_image\" \/>\n<meta name=\"twitter:label1\" content=\"Escrito por\" \/>\n\t<meta name=\"twitter:data1\" content=\"Aliados Videos\" \/>\n\t<meta name=\"twitter:label2\" content=\"Tiempo de lectura\" \/>\n\t<meta name=\"twitter:data2\" content=\"2 minutos\" \/>\n<script type=\"application\/ld+json\" class=\"yoast-schema-graph\">{\"@context\":\"https:\\\/\\\/schema.org\",\"@graph\":[{\"@type\":\"Article\",\"@id\":\"https:\\\/\\\/www.aliadospuebla.com\\\/?p=49208#article\",\"isPartOf\":{\"@id\":\"https:\\\/\\\/www.aliadospuebla.com\\\/?p=49208\"},\"author\":{\"name\":\"Aliados Videos\",\"@id\":\"https:\\\/\\\/www.aliadospuebla.com\\\/#\\\/schema\\\/person\\\/0fd017f23cc5c3f7988d5d58850eec8e\"},\"headline\":\"CIERRA PLAZO SIN RECIBIR MANIFESTACIONES DE INTENCI\u00d3N DE CANDIDATURAS INDEPENDIENTES EN EL INE PUEBLA\",\"datePublished\":\"2020-12-02T21:15:38+00:00\",\"mainEntityOfPage\":{\"@id\":\"https:\\\/\\\/www.aliadospuebla.com\\\/?p=49208\"},\"wordCount\":376,\"commentCount\":0,\"keywords\":[\"Ayuntamiento\",\"capital\",\"MARCO MENA\",\"MIGUEL BARBOSA\",\"MORENA\",\"Municipios\",\"Puebla\",\"REGIDORES\"],\"articleSection\":[\"Pol\u00edtica\"],\"inLanguage\":\"es\",\"potentialAction\":[{\"@type\":\"CommentAction\",\"name\":\"Comment\",\"target\":[\"https:\\\/\\\/www.aliadospuebla.com\\\/?p=49208#respond\"]}]},{\"@type\":\"WebPage\",\"@id\":\"https:\\\/\\\/www.aliadospuebla.com\\\/?p=49208\",\"url\":\"https:\\\/\\\/www.aliadospuebla.com\\\/?p=49208\",\"name\":\"CIERRA PLAZO SIN RECIBIR MANIFESTACIONES DE INTENCI\u00d3N DE CANDIDATURAS INDEPENDIENTES EN EL INE PUEBLA - AliadosPuebla\",\"isPartOf\":{\"@id\":\"https:\\\/\\\/www.aliadospuebla.com\\\/#website\"},\"datePublished\":\"2020-12-02T21:15:38+00:00\",\"author\":{\"@id\":\"https:\\\/\\\/www.aliadospuebla.com\\\/#\\\/schema\\\/person\\\/0fd017f23cc5c3f7988d5d58850eec8e\"},\"breadcrumb\":{\"@id\":\"https:\\\/\\\/www.aliadospuebla.com\\\/?p=49208#breadcrumb\"},\"inLanguage\":\"es\",\"potentialAction\":[{\"@type\":\"ReadAction\",\"target\":[\"https:\\\/\\\/www.aliadospuebla.com\\\/?p=49208\"]}]},{\"@type\":\"BreadcrumbList\",\"@id\":\"https:\\\/\\\/www.aliadospuebla.com\\\/?p=49208#breadcrumb\",\"itemListElement\":[{\"@type\":\"ListItem\",\"position\":1,\"name\":\"Portada\",\"item\":\"https:\\\/\\\/www.aliadospuebla.com\\\/\"},{\"@type\":\"ListItem\",\"position\":2,\"name\":\"CIERRA PLAZO SIN RECIBIR MANIFESTACIONES DE INTENCI\u00d3N DE CANDIDATURAS INDEPENDIENTES EN EL INE PUEBLA\"}]},{\"@type\":\"WebSite\",\"@id\":\"https:\\\/\\\/www.aliadospuebla.com\\\/#website\",\"url\":\"https:\\\/\\\/www.aliadospuebla.com\\\/\",\"name\":\"AliadosPuebla\",\"description\":\"La informaci\u00f3n en tus manos\",\"potentialAction\":[{\"@type\":\"SearchAction\",\"target\":{\"@type\":\"EntryPoint\",\"urlTemplate\":\"https:\\\/\\\/www.aliadospuebla.com\\\/?s={search_term_string}\"},\"query-input\":{\"@type\":\"PropertyValueSpecification\",\"valueRequired\":true,\"valueName\":\"search_term_string\"}}],\"inLanguage\":\"es\"},{\"@type\":\"Person\",\"@id\":\"https:\\\/\\\/www.aliadospuebla.com\\\/#\\\/schema\\\/person\\\/0fd017f23cc5c3f7988d5d58850eec8e\",\"name\":\"Aliados Videos\",\"image\":{\"@type\":\"ImageObject\",\"inLanguage\":\"es\",\"@id\":\"https:\\\/\\\/secure.gravatar.com\\\/avatar\\\/42b92de8b2d8339e1e824f3a73ab023a0bec0ee2e3920248085eb1f3160b4083?s=96&d=mm&r=g\",\"url\":\"https:\\\/\\\/secure.gravatar.com\\\/avatar\\\/42b92de8b2d8339e1e824f3a73ab023a0bec0ee2e3920248085eb1f3160b4083?s=96&d=mm&r=g\",\"contentUrl\":\"https:\\\/\\\/secure.gravatar.com\\\/avatar\\\/42b92de8b2d8339e1e824f3a73ab023a0bec0ee2e3920248085eb1f3160b4083?s=96&d=mm&r=g\",\"caption\":\"Aliados Videos\"},\"url\":\"https:\\\/\\\/www.aliadospuebla.com\\\/?author=3\"}]}<\/script>\n<!-- \/ Yoast SEO plugin. -->","yoast_head_json":{"title":"CIERRA PLAZO SIN RECIBIR MANIFESTACIONES DE INTENCI\u00d3N DE CANDIDATURAS INDEPENDIENTES EN EL INE PUEBLA - AliadosPuebla","robots":{"index":"index","follow":"follow","max-snippet":"max-snippet:-1","max-image-preview":"max-image-preview:large","max-video-preview":"max-video-preview:-1"},"canonical":"https:\/\/www.aliadospuebla.com\/?p=49208","og_locale":"es_ES","og_type":"article","og_title":"CIERRA PLAZO SIN RECIBIR MANIFESTACIONES DE INTENCI\u00d3N DE CANDIDATURAS INDEPENDIENTES EN EL INE PUEBLA - AliadosPuebla","og_description":"Marcos Rodr\u00edguez del Castillo, Vocal Ejecutivo de la Junta Local Ejecutiva en Puebla del Instituto Nacional Electoral (INE) en el Estado de Puebla, inform\u00f3 que no se recibi\u00f3 ninguna manifestaci\u00f3n de intenci\u00f3n de ciudadanos\/as interesados en postularse a una candidatura independiente para contender por una Diputaci\u00f3n Federal por el principio de mayor\u00eda relativa.\u00a0 En el marco del Proceso Electoral Federal 2020 \u2013 2021, la convocatoria se\u00f1ala que del 30 de octubre al 1 de diciembre de 2020, las y los interesados deb\u00edan acudir ante la Vocal\u00eda Ejecutiva de la Junta Distrital correspondiente a manifestar su intenci\u00f3n de postularse a una candidatura independiente, sin embargo al vencer el plazo establecido ninguna de las Juntas Distritales Ejecutivas de la entidad recibi\u00f3 solicitud alguna, lo que significa que&hellip;Leer m\u00e1s...","og_url":"https:\/\/www.aliadospuebla.com\/?p=49208","og_site_name":"AliadosPuebla","article_published_time":"2020-12-02T21:15:38+00:00","author":"Aliados Videos","twitter_card":"summary_large_image","twitter_misc":{"Escrito por":"Aliados Videos","Tiempo de lectura":"2 minutos"},"schema":{"@context":"https:\/\/schema.org","@graph":[{"@type":"Article","@id":"https:\/\/www.aliadospuebla.com\/?p=49208#article","isPartOf":{"@id":"https:\/\/www.aliadospuebla.com\/?p=49208"},"author":{"name":"Aliados Videos","@id":"https:\/\/www.aliadospuebla.com\/#\/schema\/person\/0fd017f23cc5c3f7988d5d58850eec8e"},"headline":"CIERRA PLAZO SIN RECIBIR MANIFESTACIONES DE INTENCI\u00d3N DE CANDIDATURAS INDEPENDIENTES EN EL INE PUEBLA","datePublished":"2020-12-02T21:15:38+00:00","mainEntityOfPage":{"@id":"https:\/\/www.aliadospuebla.com\/?p=49208"},"wordCount":376,"commentCount":0,"keywords":["Ayuntamiento","capital","MARCO MENA","MIGUEL BARBOSA","MORENA","Municipios","Puebla","REGIDORES"],"articleSection":["Pol\u00edtica"],"inLanguage":"es","potentialAction":[{"@type":"CommentAction","name":"Comment","target":["https:\/\/www.aliadospuebla.com\/?p=49208#respond"]}]},{"@type":"WebPage","@id":"https:\/\/www.aliadospuebla.com\/?p=49208","url":"https:\/\/www.aliadospuebla.com\/?p=49208","name":"CIERRA PLAZO SIN RECIBIR MANIFESTACIONES DE INTENCI\u00d3N DE CANDIDATURAS INDEPENDIENTES EN EL INE PUEBLA - AliadosPuebla","isPartOf":{"@id":"https:\/\/www.aliadospuebla.com\/#website"},"datePublished":"2020-12-02T21:15:38+00:00","author":{"@id":"https:\/\/www.aliadospuebla.com\/#\/schema\/person\/0fd017f23cc5c3f7988d5d58850eec8e"},"breadcrumb":{"@id":"https:\/\/www.aliadospuebla.com\/?p=49208#breadcrumb"},"inLanguage":"es","potentialAction":[{"@type":"ReadAction","target":["https:\/\/www.aliadospuebla.com\/?p=49208"]}]},{"@type":"BreadcrumbList","@id":"https:\/\/www.aliadospuebla.com\/?p=49208#breadcrumb","itemListElement":[{"@type":"ListItem","position":1,"name":"Portada","item":"https:\/\/www.aliadospuebla.com\/"},{"@type":"ListItem","position":2,"name":"CIERRA PLAZO SIN RECIBIR MANIFESTACIONES DE INTENCI\u00d3N DE CANDIDATURAS INDEPENDIENTES EN EL INE PUEBLA"}]},{"@type":"WebSite","@id":"https:\/\/www.aliadospuebla.com\/#website","url":"https:\/\/www.aliadospuebla.com\/","name":"AliadosPuebla","description":"La informaci\u00f3n en tus manos","potentialAction":[{"@type":"SearchAction","target":{"@type":"EntryPoint","urlTemplate":"https:\/\/www.aliadospuebla.com\/?s={search_term_string}"},"query-input":{"@type":"PropertyValueSpecification","valueRequired":true,"valueName":"search_term_string"}}],"inLanguage":"es"},{"@type":"Person","@id":"https:\/\/www.aliadospuebla.com\/#\/schema\/person\/0fd017f23cc5c3f7988d5d58850eec8e","name":"Aliados Videos","image":{"@type":"ImageObject","inLanguage":"es","@id":"https:\/\/secure.gravatar.com\/avatar\/42b92de8b2d8339e1e824f3a73ab023a0bec0ee2e3920248085eb1f3160b4083?s=96&d=mm&r=g","url":"https:\/\/secure.gravatar.com\/avatar\/42b92de8b2d8339e1e824f3a73ab023a0bec0ee2e3920248085eb1f3160b4083?s=96&d=mm&r=g","contentUrl":"https:\/\/secure.gravatar.com\/avatar\/42b92de8b2d8339e1e824f3a73ab023a0bec0ee2e3920248085eb1f3160b4083?s=96&d=mm&r=g","caption":"Aliados Videos"},"url":"https:\/\/www.aliadospuebla.com\/?author=3"}]}},"views":6,"_links":{"self":[{"href":"https:\/\/www.aliadospuebla.com\/index.php?rest_route=\/wp\/v2\/posts\/49208","targetHints":{"allow":["GET"]}}],"collection":[{"href":"https:\/\/www.aliadospuebla.com\/index.php?rest_route=\/wp\/v2\/posts"}],"about":[{"href":"https:\/\/www.aliadospuebla.com\/index.php?rest_route=\/wp\/v2\/types\/post"}],"author":[{"embeddable":true,"href":"https:\/\/www.aliadospuebla.com\/index.php?rest_route=\/wp\/v2\/users\/3"}],"replies":[{"embeddable":true,"href":"https:\/\/www.aliadospuebla.com\/index.php?rest_route=%2Fwp%2Fv2%2Fcomments&post=49208"}],"version-history":[{"count":1,"href":"https:\/\/www.aliadospuebla.com\/index.php?rest_route=\/wp\/v2\/posts\/49208\/revisions"}],"predecessor-version":[{"id":49209,"href":"https:\/\/www.aliadospuebla.com\/index.php?rest_route=\/wp\/v2\/posts\/49208\/revisions\/49209"}],"wp:attachment":[{"href":"https:\/\/www.aliadospuebla.com\/index.php?rest_route=%2Fwp%2Fv2%2Fmedia&parent=49208"}],"wp:term":[{"taxonomy":"category","embeddable":true,"href":"https:\/\/www.aliadospuebla.com\/index.php?rest_route=%2Fwp%2Fv2%2Fcategories&post=49208"},{"taxonomy":"post_tag","embeddable":true,"href":"https:\/\/www.aliadospuebla.com\/index.php?rest_route=%2Fwp%2Fv2%2Ftags&post=49208"}],"curies":[{"name":"wp","href":"https:\/\/api.w.org\/{rel}","templated":true}]}}