{"id":49125,"date":"2020-12-01T01:46:23","date_gmt":"2020-12-01T07:46:23","guid":{"rendered":"http:\/\/www.aliados17.com\/?p=49125"},"modified":"2020-12-01T01:46:34","modified_gmt":"2020-12-01T07:46:34","slug":"en-sesion-del-consejo-general-el-iee-aprueba-la-convocatoria-para-integrar-los-consejos-municipales","status":"publish","type":"post","link":"https:\/\/www.aliadospuebla.com\/?p=49125","title":{"rendered":"EN SESI\u00d3N DEL CONSEJO GENERAL, EL IEE APRUEBA LA CONVOCATORIA PARA INTEGRAR LOS CONSEJOS MUNICIPALES"},"content":{"rendered":"<p style=\"font-weight: 400;\">El Instituto Electoral del Estado de Puebla aprob\u00f3 en Sesi\u00f3n Ordinaria la convocatoria p\u00fablica para la integraci\u00f3n de los Consejos Municipales, as\u00ed como el m\u00e9todo de selecci\u00f3n que se emplear\u00e1 para designar a los perfiles id\u00f3neos que ocupar\u00e1n los cargos de Consejeras o Consejeros Electorales y Secretarias o Secretarios de los doscientos diecisiete Consejos Municipales Electorales que integran el Estado de Puebla.<\/p>\n<p style=\"font-weight: 400;\">La convocatoria aprobada este d\u00eda, se\u00f1ala entre otras cosas, acreditar los requisitos, la documentaci\u00f3n a entregar, los plazos, horarios para el registro, etapas del proceso de selecci\u00f3n y designaci\u00f3n. La ciudadan\u00eda podr\u00e1 ingresar a la p\u00e1gina web institucional\u00a0\u00a0<a href=\"https:\/\/www.ieepuebla.org.mx\/\" data-saferedirecturl=\"https:\/\/www.google.com\/url?q=https:\/\/www.ieepuebla.org.mx\/&amp;source=gmail&amp;ust=1606893691434000&amp;usg=AFQjCNFjI5d091WMJ9pFJXFDEZXbP0KPHg\">https:\/\/www.ieepuebla.org.mx\/<\/a>, para conocer dicha convocatoria.<\/p>\n<p style=\"font-weight: 400;\">En otro punto del orden del d\u00eda, se aprob\u00f3 ordenar a la Direcci\u00f3n de Organizaci\u00f3n Electoral para proponer la metodolog\u00eda y elaborar los bloques de competitividad electoral, en t\u00e9rminos del art\u00edculo 215 bis del C\u00f3digo de Instituciones y Procesos Electorales del Estado de Puebla, para el Proceso Electoral Estatal Ordinario Concurrente 2020-2021.<\/p>\n<p style=\"font-weight: 400;\">Los bloques de competitividad electoral son la metodolog\u00eda a trav\u00e9s de la cual el Instituto determina la votaci\u00f3n alta, media y baja obtenida por cada partido pol\u00edtico en los distritos electorales y municipios del Estado, correspondiente al Proceso Electoral inmediato anterior, y que sirve como base para la determinaci\u00f3n de las candidaturas bajo el principio de paridad de g\u00e9nero, evitando la postulaci\u00f3n desproporcional de un mismo g\u00e9nero.<\/p>\n<p style=\"font-weight: 400;\">En otro tema del orden del d\u00eda de la Sesi\u00f3n Ordinaria, el Consejero Presidente Miguel \u00c1ngel Garc\u00eda Onofre, rindi\u00f3 el informe correspondiente a las actividades de la destrucci\u00f3n de la documentaci\u00f3n utilizada y sobrante del Proceso Plebiscitario 2019.<\/p>\n<p style=\"font-weight: 400;\">El pasado 12 de octubre del a\u00f1o en curso, en presencia de Oficial\u00eda Electoral y Contralor\u00eda Interna, se llev\u00f3 a cabo esta actividad en las instalaciones que ocupaba la bodega plebiscitaria de este Instituto, donde se realiz\u00f3 el vaciado de los paquetes electorales en bolsas de pl\u00e1stico, siendo un total de 20 bolsas, que fueron trasladadas a la empresa Ecofibras Ponderosa, para proceder a su destrucci\u00f3n a trav\u00e9s de procedimientos ecol\u00f3gicos.<\/p>\n<p style=\"font-weight: 400;\">Finalmente, el Consejo General del IEE aprob\u00f3 los dict\u00e1menes correspondientes a la revisi\u00f3n de los informes mensuales de origen, monto y aplicaci\u00f3n del financiamiento privado para las actividades relacionadas con la obtenci\u00f3n de registro como Partido Pol\u00edtico Local, de las organizaciones ciudadanas \u201cUne Conciencia Ciudadana A.C.\u201d y \u201cMovimiento Luchando por Puebla A.C.\u201d.<\/p>\n","protected":false},"excerpt":{"rendered":"<p>El Instituto Electoral del Estado de Puebla aprob\u00f3 en Sesi\u00f3n Ordinaria la convocatoria p\u00fablica para la integraci\u00f3n de los Consejos Municipales, as\u00ed como el m\u00e9todo de selecci\u00f3n que se emplear\u00e1 para designar a los perfiles id\u00f3neos que ocupar\u00e1n los cargos de Consejeras o Consejeros Electorales y Secretarias o Secretarios de los doscientos diecisiete Consejos Municipales Electorales que integran el Estado de Puebla. La convocatoria aprobada este d\u00eda, se\u00f1ala entre otras cosas, acreditar los requisitos, la documentaci\u00f3n a entregar, los plazos, horarios para el registro, etapas del proceso de selecci\u00f3n y designaci\u00f3n. La ciudadan\u00eda podr\u00e1 ingresar a la p\u00e1gina web institucional\u00a0\u00a0https:\/\/www.ieepuebla.org.mx\/, para conocer dicha convocatoria. En otro punto del orden del d\u00eda, se aprob\u00f3 ordenar a la Direcci\u00f3n de Organizaci\u00f3n Electoral para proponer la metodolog\u00eda y&hellip;<\/p>\n<p class=\"excerpt-more\"><a class=\"blog-excerpt button\" href=\"https:\/\/www.aliadospuebla.com\/?p=49125\">Leer m\u00e1s&#8230;<\/a><\/p>\n","protected":false},"author":3,"featured_media":0,"comment_status":"open","ping_status":"open","sticky":false,"template":"","format":"standard","meta":{"_monsterinsights_skip_tracking":false,"footnotes":""},"categories":[6],"tags":[56,8367,77,72,12014],"class_list":["post-49125","post","type-post","status-publish","format-standard","hentry","category-politica","tag-capital","tag-marco-mena","tag-municipios","tag-puebla","tag-regidore"],"yoast_head":"<!-- This site is optimized with the Yoast SEO plugin v28.4 - https:\/\/yoast.com\/product\/yoast-seo-wordpress\/ -->\n<title>EN SESI\u00d3N DEL CONSEJO GENERAL, EL IEE APRUEBA LA CONVOCATORIA PARA INTEGRAR LOS CONSEJOS MUNICIPALES - AliadosPuebla<\/title>\n<meta name=\"robots\" content=\"index, follow, max-snippet:-1, max-image-preview:large, max-video-preview:-1\" \/>\n<link rel=\"canonical\" href=\"https:\/\/www.aliadospuebla.com\/?p=49125\" \/>\n<meta property=\"og:locale\" content=\"es_ES\" \/>\n<meta property=\"og:type\" content=\"article\" \/>\n<meta property=\"og:title\" content=\"EN SESI\u00d3N DEL CONSEJO GENERAL, EL IEE APRUEBA LA CONVOCATORIA PARA INTEGRAR LOS CONSEJOS MUNICIPALES - AliadosPuebla\" \/>\n<meta property=\"og:description\" content=\"El Instituto Electoral del Estado de Puebla aprob\u00f3 en Sesi\u00f3n Ordinaria la convocatoria p\u00fablica para la integraci\u00f3n de los Consejos Municipales, as\u00ed como el m\u00e9todo de selecci\u00f3n que se emplear\u00e1 para designar a los perfiles id\u00f3neos que ocupar\u00e1n los cargos de Consejeras o Consejeros Electorales y Secretarias o Secretarios de los doscientos diecisiete Consejos Municipales Electorales que integran el Estado de Puebla. La convocatoria aprobada este d\u00eda, se\u00f1ala entre otras cosas, acreditar los requisitos, la documentaci\u00f3n a entregar, los plazos, horarios para el registro, etapas del proceso de selecci\u00f3n y designaci\u00f3n. La ciudadan\u00eda podr\u00e1 ingresar a la p\u00e1gina web institucional\u00a0\u00a0https:\/\/www.ieepuebla.org.mx\/, para conocer dicha convocatoria. En otro punto del orden del d\u00eda, se aprob\u00f3 ordenar a la Direcci\u00f3n de Organizaci\u00f3n Electoral para proponer la metodolog\u00eda y&hellip;Leer m\u00e1s...\" \/>\n<meta property=\"og:url\" content=\"https:\/\/www.aliadospuebla.com\/?p=49125\" \/>\n<meta property=\"og:site_name\" content=\"AliadosPuebla\" \/>\n<meta property=\"article:published_time\" content=\"2020-12-01T07:46:23+00:00\" \/>\n<meta property=\"article:modified_time\" content=\"2020-12-01T07:46:34+00:00\" \/>\n<meta name=\"author\" content=\"Aliados Videos\" \/>\n<meta name=\"twitter:card\" content=\"summary_large_image\" \/>\n<meta name=\"twitter:label1\" content=\"Escrito por\" \/>\n\t<meta name=\"twitter:data1\" content=\"Aliados Videos\" \/>\n\t<meta name=\"twitter:label2\" content=\"Tiempo de lectura\" \/>\n\t<meta name=\"twitter:data2\" content=\"2 minutos\" \/>\n<script type=\"application\/ld+json\" class=\"yoast-schema-graph\">{\"@context\":\"https:\\\/\\\/schema.org\",\"@graph\":[{\"@type\":\"Article\",\"@id\":\"https:\\\/\\\/www.aliadospuebla.com\\\/?p=49125#article\",\"isPartOf\":{\"@id\":\"https:\\\/\\\/www.aliadospuebla.com\\\/?p=49125\"},\"author\":{\"name\":\"Aliados Videos\",\"@id\":\"https:\\\/\\\/www.aliadospuebla.com\\\/#\\\/schema\\\/person\\\/0fd017f23cc5c3f7988d5d58850eec8e\"},\"headline\":\"EN SESI\u00d3N DEL CONSEJO GENERAL, EL IEE APRUEBA LA CONVOCATORIA PARA INTEGRAR LOS CONSEJOS MUNICIPALES\",\"datePublished\":\"2020-12-01T07:46:23+00:00\",\"dateModified\":\"2020-12-01T07:46:34+00:00\",\"mainEntityOfPage\":{\"@id\":\"https:\\\/\\\/www.aliadospuebla.com\\\/?p=49125\"},\"wordCount\":449,\"commentCount\":0,\"keywords\":[\"capital\",\"MARCO MENA\",\"Municipios\",\"Puebla\",\"REGIDORE\"],\"articleSection\":[\"Pol\u00edtica\"],\"inLanguage\":\"es\",\"potentialAction\":[{\"@type\":\"CommentAction\",\"name\":\"Comment\",\"target\":[\"https:\\\/\\\/www.aliadospuebla.com\\\/?p=49125#respond\"]}]},{\"@type\":\"WebPage\",\"@id\":\"https:\\\/\\\/www.aliadospuebla.com\\\/?p=49125\",\"url\":\"https:\\\/\\\/www.aliadospuebla.com\\\/?p=49125\",\"name\":\"EN SESI\u00d3N DEL CONSEJO GENERAL, EL IEE APRUEBA LA CONVOCATORIA PARA INTEGRAR LOS CONSEJOS MUNICIPALES - AliadosPuebla\",\"isPartOf\":{\"@id\":\"https:\\\/\\\/www.aliadospuebla.com\\\/#website\"},\"datePublished\":\"2020-12-01T07:46:23+00:00\",\"dateModified\":\"2020-12-01T07:46:34+00:00\",\"author\":{\"@id\":\"https:\\\/\\\/www.aliadospuebla.com\\\/#\\\/schema\\\/person\\\/0fd017f23cc5c3f7988d5d58850eec8e\"},\"breadcrumb\":{\"@id\":\"https:\\\/\\\/www.aliadospuebla.com\\\/?p=49125#breadcrumb\"},\"inLanguage\":\"es\",\"potentialAction\":[{\"@type\":\"ReadAction\",\"target\":[\"https:\\\/\\\/www.aliadospuebla.com\\\/?p=49125\"]}]},{\"@type\":\"BreadcrumbList\",\"@id\":\"https:\\\/\\\/www.aliadospuebla.com\\\/?p=49125#breadcrumb\",\"itemListElement\":[{\"@type\":\"ListItem\",\"position\":1,\"name\":\"Portada\",\"item\":\"https:\\\/\\\/www.aliadospuebla.com\\\/\"},{\"@type\":\"ListItem\",\"position\":2,\"name\":\"EN SESI\u00d3N DEL CONSEJO GENERAL, EL IEE APRUEBA LA CONVOCATORIA PARA INTEGRAR LOS CONSEJOS MUNICIPALES\"}]},{\"@type\":\"WebSite\",\"@id\":\"https:\\\/\\\/www.aliadospuebla.com\\\/#website\",\"url\":\"https:\\\/\\\/www.aliadospuebla.com\\\/\",\"name\":\"AliadosPuebla\",\"description\":\"La informaci\u00f3n en tus manos\",\"potentialAction\":[{\"@type\":\"SearchAction\",\"target\":{\"@type\":\"EntryPoint\",\"urlTemplate\":\"https:\\\/\\\/www.aliadospuebla.com\\\/?s={search_term_string}\"},\"query-input\":{\"@type\":\"PropertyValueSpecification\",\"valueRequired\":true,\"valueName\":\"search_term_string\"}}],\"inLanguage\":\"es\"},{\"@type\":\"Person\",\"@id\":\"https:\\\/\\\/www.aliadospuebla.com\\\/#\\\/schema\\\/person\\\/0fd017f23cc5c3f7988d5d58850eec8e\",\"name\":\"Aliados Videos\",\"image\":{\"@type\":\"ImageObject\",\"inLanguage\":\"es\",\"@id\":\"https:\\\/\\\/secure.gravatar.com\\\/avatar\\\/42b92de8b2d8339e1e824f3a73ab023a0bec0ee2e3920248085eb1f3160b4083?s=96&d=mm&r=g\",\"url\":\"https:\\\/\\\/secure.gravatar.com\\\/avatar\\\/42b92de8b2d8339e1e824f3a73ab023a0bec0ee2e3920248085eb1f3160b4083?s=96&d=mm&r=g\",\"contentUrl\":\"https:\\\/\\\/secure.gravatar.com\\\/avatar\\\/42b92de8b2d8339e1e824f3a73ab023a0bec0ee2e3920248085eb1f3160b4083?s=96&d=mm&r=g\",\"caption\":\"Aliados Videos\"},\"url\":\"https:\\\/\\\/www.aliadospuebla.com\\\/?author=3\"}]}<\/script>\n<!-- \/ Yoast SEO plugin. -->","yoast_head_json":{"title":"EN SESI\u00d3N DEL CONSEJO GENERAL, EL IEE APRUEBA LA CONVOCATORIA PARA INTEGRAR LOS CONSEJOS MUNICIPALES - AliadosPuebla","robots":{"index":"index","follow":"follow","max-snippet":"max-snippet:-1","max-image-preview":"max-image-preview:large","max-video-preview":"max-video-preview:-1"},"canonical":"https:\/\/www.aliadospuebla.com\/?p=49125","og_locale":"es_ES","og_type":"article","og_title":"EN SESI\u00d3N DEL CONSEJO GENERAL, EL IEE APRUEBA LA CONVOCATORIA PARA INTEGRAR LOS CONSEJOS MUNICIPALES - AliadosPuebla","og_description":"El Instituto Electoral del Estado de Puebla aprob\u00f3 en Sesi\u00f3n Ordinaria la convocatoria p\u00fablica para la integraci\u00f3n de los Consejos Municipales, as\u00ed como el m\u00e9todo de selecci\u00f3n que se emplear\u00e1 para designar a los perfiles id\u00f3neos que ocupar\u00e1n los cargos de Consejeras o Consejeros Electorales y Secretarias o Secretarios de los doscientos diecisiete Consejos Municipales Electorales que integran el Estado de Puebla. La convocatoria aprobada este d\u00eda, se\u00f1ala entre otras cosas, acreditar los requisitos, la documentaci\u00f3n a entregar, los plazos, horarios para el registro, etapas del proceso de selecci\u00f3n y designaci\u00f3n. La ciudadan\u00eda podr\u00e1 ingresar a la p\u00e1gina web institucional\u00a0\u00a0https:\/\/www.ieepuebla.org.mx\/, para conocer dicha convocatoria. En otro punto del orden del d\u00eda, se aprob\u00f3 ordenar a la Direcci\u00f3n de Organizaci\u00f3n Electoral para proponer la metodolog\u00eda y&hellip;Leer m\u00e1s...","og_url":"https:\/\/www.aliadospuebla.com\/?p=49125","og_site_name":"AliadosPuebla","article_published_time":"2020-12-01T07:46:23+00:00","article_modified_time":"2020-12-01T07:46:34+00:00","author":"Aliados Videos","twitter_card":"summary_large_image","twitter_misc":{"Escrito por":"Aliados Videos","Tiempo de lectura":"2 minutos"},"schema":{"@context":"https:\/\/schema.org","@graph":[{"@type":"Article","@id":"https:\/\/www.aliadospuebla.com\/?p=49125#article","isPartOf":{"@id":"https:\/\/www.aliadospuebla.com\/?p=49125"},"author":{"name":"Aliados Videos","@id":"https:\/\/www.aliadospuebla.com\/#\/schema\/person\/0fd017f23cc5c3f7988d5d58850eec8e"},"headline":"EN SESI\u00d3N DEL CONSEJO GENERAL, EL IEE APRUEBA LA CONVOCATORIA PARA INTEGRAR LOS CONSEJOS MUNICIPALES","datePublished":"2020-12-01T07:46:23+00:00","dateModified":"2020-12-01T07:46:34+00:00","mainEntityOfPage":{"@id":"https:\/\/www.aliadospuebla.com\/?p=49125"},"wordCount":449,"commentCount":0,"keywords":["capital","MARCO MENA","Municipios","Puebla","REGIDORE"],"articleSection":["Pol\u00edtica"],"inLanguage":"es","potentialAction":[{"@type":"CommentAction","name":"Comment","target":["https:\/\/www.aliadospuebla.com\/?p=49125#respond"]}]},{"@type":"WebPage","@id":"https:\/\/www.aliadospuebla.com\/?p=49125","url":"https:\/\/www.aliadospuebla.com\/?p=49125","name":"EN SESI\u00d3N DEL CONSEJO GENERAL, EL IEE APRUEBA LA CONVOCATORIA PARA INTEGRAR LOS CONSEJOS MUNICIPALES - AliadosPuebla","isPartOf":{"@id":"https:\/\/www.aliadospuebla.com\/#website"},"datePublished":"2020-12-01T07:46:23+00:00","dateModified":"2020-12-01T07:46:34+00:00","author":{"@id":"https:\/\/www.aliadospuebla.com\/#\/schema\/person\/0fd017f23cc5c3f7988d5d58850eec8e"},"breadcrumb":{"@id":"https:\/\/www.aliadospuebla.com\/?p=49125#breadcrumb"},"inLanguage":"es","potentialAction":[{"@type":"ReadAction","target":["https:\/\/www.aliadospuebla.com\/?p=49125"]}]},{"@type":"BreadcrumbList","@id":"https:\/\/www.aliadospuebla.com\/?p=49125#breadcrumb","itemListElement":[{"@type":"ListItem","position":1,"name":"Portada","item":"https:\/\/www.aliadospuebla.com\/"},{"@type":"ListItem","position":2,"name":"EN SESI\u00d3N DEL CONSEJO GENERAL, EL IEE APRUEBA LA CONVOCATORIA PARA INTEGRAR LOS CONSEJOS MUNICIPALES"}]},{"@type":"WebSite","@id":"https:\/\/www.aliadospuebla.com\/#website","url":"https:\/\/www.aliadospuebla.com\/","name":"AliadosPuebla","description":"La informaci\u00f3n en tus manos","potentialAction":[{"@type":"SearchAction","target":{"@type":"EntryPoint","urlTemplate":"https:\/\/www.aliadospuebla.com\/?s={search_term_string}"},"query-input":{"@type":"PropertyValueSpecification","valueRequired":true,"valueName":"search_term_string"}}],"inLanguage":"es"},{"@type":"Person","@id":"https:\/\/www.aliadospuebla.com\/#\/schema\/person\/0fd017f23cc5c3f7988d5d58850eec8e","name":"Aliados Videos","image":{"@type":"ImageObject","inLanguage":"es","@id":"https:\/\/secure.gravatar.com\/avatar\/42b92de8b2d8339e1e824f3a73ab023a0bec0ee2e3920248085eb1f3160b4083?s=96&d=mm&r=g","url":"https:\/\/secure.gravatar.com\/avatar\/42b92de8b2d8339e1e824f3a73ab023a0bec0ee2e3920248085eb1f3160b4083?s=96&d=mm&r=g","contentUrl":"https:\/\/secure.gravatar.com\/avatar\/42b92de8b2d8339e1e824f3a73ab023a0bec0ee2e3920248085eb1f3160b4083?s=96&d=mm&r=g","caption":"Aliados Videos"},"url":"https:\/\/www.aliadospuebla.com\/?author=3"}]}},"views":8,"_links":{"self":[{"href":"https:\/\/www.aliadospuebla.com\/index.php?rest_route=\/wp\/v2\/posts\/49125","targetHints":{"allow":["GET"]}}],"collection":[{"href":"https:\/\/www.aliadospuebla.com\/index.php?rest_route=\/wp\/v2\/posts"}],"about":[{"href":"https:\/\/www.aliadospuebla.com\/index.php?rest_route=\/wp\/v2\/types\/post"}],"author":[{"embeddable":true,"href":"https:\/\/www.aliadospuebla.com\/index.php?rest_route=\/wp\/v2\/users\/3"}],"replies":[{"embeddable":true,"href":"https:\/\/www.aliadospuebla.com\/index.php?rest_route=%2Fwp%2Fv2%2Fcomments&post=49125"}],"version-history":[{"count":2,"href":"https:\/\/www.aliadospuebla.com\/index.php?rest_route=\/wp\/v2\/posts\/49125\/revisions"}],"predecessor-version":[{"id":49127,"href":"https:\/\/www.aliadospuebla.com\/index.php?rest_route=\/wp\/v2\/posts\/49125\/revisions\/49127"}],"wp:attachment":[{"href":"https:\/\/www.aliadospuebla.com\/index.php?rest_route=%2Fwp%2Fv2%2Fmedia&parent=49125"}],"wp:term":[{"taxonomy":"category","embeddable":true,"href":"https:\/\/www.aliadospuebla.com\/index.php?rest_route=%2Fwp%2Fv2%2Fcategories&post=49125"},{"taxonomy":"post_tag","embeddable":true,"href":"https:\/\/www.aliadospuebla.com\/index.php?rest_route=%2Fwp%2Fv2%2Ftags&post=49125"}],"curies":[{"name":"wp","href":"https:\/\/api.w.org\/{rel}","templated":true}]}}